{"id":5435,"date":"2016-12-09T09:34:05","date_gmt":"2016-12-09T07:34:05","guid":{"rendered":"https:\/\/www.verlag-doppelpunkt.at\/bilderserien\/\/?p=5435"},"modified":"2018-03-31T18:39:07","modified_gmt":"2018-03-31T16:39:07","slug":"perchten-in-der-ebenauer-ploetz","status":"publish","type":"post","link":"https:\/\/www.verlag-doppelpunkt.at\/bilderserien\/perchten-in-der-ebenauer-ploetz\/","title":{"rendered":"Perchten in der Ebenauer Pl\u00f6tz"},"content":{"rendered":"<p>Der Perchtenlauf in Ebenau in der Pl\u00f6tz ist besonders mystisch und lockt allj\u00e4hrlich hunderte Besucher an. Veranstaltet wird dieses Spektakel von den Kramperln der Pl\u00f6tzpass.<\/p>\n<p><a href=\"http:\/\/moser.zenfolio.com\/\">Bilder: Albert Moser<\/a><\/p>\n<p><strong><!-- default-view.php -->\n<div\n\tclass=\"ngg-galleryoverview default-view \n\t\t\"\n\tid=\"ngg-gallery-c828d735da08f355eefdbfe6809a3867-1\">\n\n\t\t<!-- Thumbnails -->\n\t\t\t\t<div id=\"ngg-image-0\" class=\"ngg-gallery-thumbnail-box \n\t\t\t\t\t\t\t\t\t\t\t\" \n\t\t\t>\n\t\t\t\t\t\t<div class=\"ngg-gallery-thumbnail\">\n\t\t\t<a href=\"https:\/\/www.verlag-doppelpunkt.at\/bilderserien\/wp-content\/gallery\/perchtenlauf-in-ebenau\/perchtenlauf-ebenau-1.jpg\"\n\t\t\t\ttitle=\"Perchtenlauf der Pl\u00f6tzpass beim Pl\u00f6tzlauf in Ebenau am 07.12.2016  Foto und Copyright: Moser Albert, Fotograf, 5201 Seekirchen, Weinbergstiege 1, Tel.: 0043-676-7550526 mailto:albert.moser@sbg.at  www.moser.zenfolio.com\"\n\t\t\t\tdata-src=\"https:\/\/www.verlag-doppelpunkt.at\/bilderserien\/wp-content\/gallery\/perchtenlauf-in-ebenau\/perchtenlauf-ebenau-1.jpg\"\n\t\t\t\tdata-thumbnail=\"https:\/\/www.verlag-doppelpunkt.at\/bilderserien\/wp-content\/gallery\/perchtenlauf-in-ebenau\/thumbs\/thumbs_perchtenlauf-ebenau-1.jpg\"\n\t\t\t\tdata-image-id=\"16729\"\n\t\t\t\tdata-title=\"Perchtenlauf der Pl\u00c3\u00b6tzpass beim Pl\u00c3\u00b6tzlauf in Ebenau am 07.12.2016  \nFoto und Copyright: Moser Albert, Fotograf, 5201 Seekirchen, Weinbergstiege 1, Tel.: 0043-676-7550526 mailto:albert.moser@sbg.at  www.moser.zenfolio.com\"\n\t\t\t\tdata-description=\"Perchtenlauf der Pl\u00f6tzpass beim Pl\u00f6tzlauf in Ebenau am 07.12.2016  Foto und Copyright: Moser Albert, Fotograf, 5201 Seekirchen, Weinbergstiege 1, Tel.: 0043-676-7550526 mailto:albert.moser@sbg.at  www.moser.zenfolio.com\"\n\t\t\t\tdata-image-slug=\"perchtenlauf-ebenau-1\"\n\t\t\t\tclass=\"shutterset_c828d735da08f355eefdbfe6809a3867\">\n\t\t\t\t<img\n\t\t\t\t\ttitle=\"Perchtenlauf der Pl\u00c3\u00b6tzpass beim Pl\u00c3\u00b6tzlauf in Ebenau am 07.12.2016  \nFoto und Copyright: Moser Albert, Fotograf, 5201 Seekirchen, Weinbergstiege 1, Tel.: 0043-676-7550526 mailto:albert.moser@sbg.at  www.moser.zenfolio.com\"\n\t\t\t\t\talt=\"Perchtenlauf der Pl\u00c3\u00b6tzpass beim Pl\u00c3\u00b6tzlauf in Ebenau am 07.12.2016  \nFoto und Copyright: Moser Albert, Fotograf, 5201 Seekirchen, Weinbergstiege 1, Tel.: 0043-676-7550526 mailto:albert.moser@sbg.at  www.moser.zenfolio.com\"\n\t\t\t\t\tsrc=\"https:\/\/www.verlag-doppelpunkt.at\/bilderserien\/wp-content\/gallery\/perchtenlauf-in-ebenau\/thumbs\/thumbs_perchtenlauf-ebenau-1.jpg\"\n\t\t\t\t\twidth=\"100\"\n\t\t\t\t\theight=\"66\"\n\t\t\t\t\tstyle=\"max-width:100%;\"\n\t\t\t\t\/>\n\t\t\t<\/a>\n\t\t<\/div>\n\t\t\t\t\t\t\t<\/div> \n\t\t\t\n\t\t\t\t<div id=\"ngg-image-1\" class=\"ngg-gallery-thumbnail-box \n\t\t\t\t\t\t\t\t\t\t\t\" \n\t\t\t>\n\t\t\t\t\t\t<div class=\"ngg-gallery-thumbnail\">\n\t\t\t<a href=\"https:\/\/www.verlag-doppelpunkt.at\/bilderserien\/wp-content\/gallery\/perchtenlauf-in-ebenau\/perchtenlauf-ebenau-10.jpg\"\n\t\t\t\ttitle=\"Perchtenlauf der Pl\u00f6tzpass beim Pl\u00f6tzlauf in Ebenau am 07.12.2016  Foto und Copyright: Moser Albert, Fotograf, 5201 Seekirchen, Weinbergstiege 1, Tel.: 0043-676-7550526 mailto:albert.moser@sbg.at  www.moser.zenfolio.com\"\n\t\t\t\tdata-src=\"https:\/\/www.verlag-doppelpunkt.at\/bilderserien\/wp-content\/gallery\/perchtenlauf-in-ebenau\/perchtenlauf-ebenau-10.jpg\"\n\t\t\t\tdata-thumbnail=\"https:\/\/www.verlag-doppelpunkt.at\/bilderserien\/wp-content\/gallery\/perchtenlauf-in-ebenau\/thumbs\/thumbs_perchtenlauf-ebenau-10.jpg\"\n\t\t\t\tdata-image-id=\"16730\"\n\t\t\t\tdata-title=\"Perchtenlauf der Pl\u00c3\u00b6tzpass beim Pl\u00c3\u00b6tzlauf in Ebenau am 07.12.2016  \nFoto und Copyright: Moser Albert, Fotograf, 5201 Seekirchen, Weinbergstiege 1, Tel.: 0043-676-7550526 mailto:albert.moser@sbg.at  www.moser.zenfolio.com\"\n\t\t\t\tdata-description=\"Perchtenlauf der Pl\u00f6tzpass beim Pl\u00f6tzlauf in Ebenau am 07.12.2016  Foto und Copyright: Moser Albert, Fotograf, 5201 Seekirchen, Weinbergstiege 1, Tel.: 0043-676-7550526 mailto:albert.moser@sbg.at  www.moser.zenfolio.com\"\n\t\t\t\tdata-image-slug=\"perchtenlauf-ebenau-10\"\n\t\t\t\tclass=\"shutterset_c828d735da08f355eefdbfe6809a3867\">\n\t\t\t\t<img\n\t\t\t\t\ttitle=\"Perchtenlauf der Pl\u00c3\u00b6tzpass beim Pl\u00c3\u00b6tzlauf in Ebenau am 07.12.2016  \nFoto und Copyright: Moser Albert, Fotograf, 5201 Seekirchen, Weinbergstiege 1, Tel.: 0043-676-7550526 mailto:albert.moser@sbg.at  www.moser.zenfolio.com\"\n\t\t\t\t\talt=\"Perchtenlauf der Pl\u00c3\u00b6tzpass beim Pl\u00c3\u00b6tzlauf in Ebenau am 07.12.2016  \nFoto und Copyright: Moser Albert, Fotograf, 5201 Seekirchen, Weinbergstiege 1, Tel.: 0043-676-7550526 mailto:albert.moser@sbg.at  www.moser.zenfolio.com\"\n\t\t\t\t\tsrc=\"https:\/\/www.verlag-doppelpunkt.at\/bilderserien\/wp-content\/gallery\/perchtenlauf-in-ebenau\/thumbs\/thumbs_perchtenlauf-ebenau-10.jpg\"\n\t\t\t\t\twidth=\"100\"\n\t\t\t\t\theight=\"66\"\n\t\t\t\t\tstyle=\"max-width:100%;\"\n\t\t\t\t\/>\n\t\t\t<\/a>\n\t\t<\/div>\n\t\t\t\t\t\t\t<\/div> \n\t\t\t\n\t\t\t\t<div id=\"ngg-image-2\" class=\"ngg-gallery-thumbnail-box \n\t\t\t\t\t\t\t\t\t\t\t\" \n\t\t\t>\n\t\t\t\t\t\t<div class=\"ngg-gallery-thumbnail\">\n\t\t\t<a href=\"https:\/\/www.verlag-doppelpunkt.at\/bilderserien\/wp-content\/gallery\/perchtenlauf-in-ebenau\/perchtenlauf-ebenau-11.jpg\"\n\t\t\t\ttitle=\"Perchtenlauf der Pl\u00f6tzpass beim Pl\u00f6tzlauf in Ebenau am 07.12.2016  Foto und Copyright: Moser Albert, Fotograf, 5201 Seekirchen, Weinbergstiege 1, Tel.: 0043-676-7550526 mailto:albert.moser@sbg.at  www.moser.zenfolio.com\"\n\t\t\t\tdata-src=\"https:\/\/www.verlag-doppelpunkt.at\/bilderserien\/wp-content\/gallery\/perchtenlauf-in-ebenau\/perchtenlauf-ebenau-11.jpg\"\n\t\t\t\tdata-thumbnail=\"https:\/\/www.verlag-doppelpunkt.at\/bilderserien\/wp-content\/gallery\/perchtenlauf-in-ebenau\/thumbs\/thumbs_perchtenlauf-ebenau-11.jpg\"\n\t\t\t\tdata-image-id=\"16731\"\n\t\t\t\tdata-title=\"Perchtenlauf der Pl\u00c3\u00b6tzpass beim Pl\u00c3\u00b6tzlauf in Ebenau am 07.12.2016  \nFoto und Copyright: Moser Albert, Fotograf, 5201 Seekirchen, Weinbergstiege 1, Tel.: 0043-676-7550526 mailto:albert.moser@sbg.at  www.moser.zenfolio.com\"\n\t\t\t\tdata-description=\"Perchtenlauf der Pl\u00f6tzpass beim Pl\u00f6tzlauf in Ebenau am 07.12.2016  Foto und Copyright: Moser Albert, Fotograf, 5201 Seekirchen, Weinbergstiege 1, Tel.: 0043-676-7550526 mailto:albert.moser@sbg.at  www.moser.zenfolio.com\"\n\t\t\t\tdata-image-slug=\"perchtenlauf-ebenau-11\"\n\t\t\t\tclass=\"shutterset_c828d735da08f355eefdbfe6809a3867\">\n\t\t\t\t<img\n\t\t\t\t\ttitle=\"Perchtenlauf der Pl\u00c3\u00b6tzpass beim Pl\u00c3\u00b6tzlauf in Ebenau am 07.12.2016  \nFoto und Copyright: Moser Albert, Fotograf, 5201 Seekirchen, Weinbergstiege 1, Tel.: 0043-676-7550526 mailto:albert.moser@sbg.at  www.moser.zenfolio.com\"\n\t\t\t\t\talt=\"Perchtenlauf der Pl\u00c3\u00b6tzpass beim Pl\u00c3\u00b6tzlauf in Ebenau am 07.12.2016  \nFoto und Copyright: Moser Albert, Fotograf, 5201 Seekirchen, Weinbergstiege 1, Tel.: 0043-676-7550526 mailto:albert.moser@sbg.at  www.moser.zenfolio.com\"\n\t\t\t\t\tsrc=\"https:\/\/www.verlag-doppelpunkt.at\/bilderserien\/wp-content\/gallery\/perchtenlauf-in-ebenau\/thumbs\/thumbs_perchtenlauf-ebenau-11.jpg\"\n\t\t\t\t\twidth=\"100\"\n\t\t\t\t\theight=\"66\"\n\t\t\t\t\tstyle=\"max-width:100%;\"\n\t\t\t\t\/>\n\t\t\t<\/a>\n\t\t<\/div>\n\t\t\t\t\t\t\t<\/div> \n\t\t\t\n\t\t\t\t<div id=\"ngg-image-3\" class=\"ngg-gallery-thumbnail-box \n\t\t\t\t\t\t\t\t\t\t\t\" \n\t\t\t>\n\t\t\t\t\t\t<div class=\"ngg-gallery-thumbnail\">\n\t\t\t<a href=\"https:\/\/www.verlag-doppelpunkt.at\/bilderserien\/wp-content\/gallery\/perchtenlauf-in-ebenau\/perchtenlauf-ebenau-12.jpg\"\n\t\t\t\ttitle=\"Perchtenlauf der Pl\u00f6tzpass beim Pl\u00f6tzlauf in Ebenau am 07.12.2016  Foto und Copyright: Moser Albert, Fotograf, 5201 Seekirchen, Weinbergstiege 1, Tel.: 0043-676-7550526 mailto:albert.moser@sbg.at  www.moser.zenfolio.com\"\n\t\t\t\tdata-src=\"https:\/\/www.verlag-doppelpunkt.at\/bilderserien\/wp-content\/gallery\/perchtenlauf-in-ebenau\/perchtenlauf-ebenau-12.jpg\"\n\t\t\t\tdata-thumbnail=\"https:\/\/www.verlag-doppelpunkt.at\/bilderserien\/wp-content\/gallery\/perchtenlauf-in-ebenau\/thumbs\/thumbs_perchtenlauf-ebenau-12.jpg\"\n\t\t\t\tdata-image-id=\"16732\"\n\t\t\t\tdata-title=\"Perchtenlauf der Pl\u00c3\u00b6tzpass beim Pl\u00c3\u00b6tzlauf in Ebenau am 07.12.2016  \nFoto und Copyright: Moser Albert, Fotograf, 5201 Seekirchen, Weinbergstiege 1, Tel.: 0043-676-7550526 mailto:albert.moser@sbg.at  www.moser.zenfolio.com\"\n\t\t\t\tdata-description=\"Perchtenlauf der Pl\u00f6tzpass beim Pl\u00f6tzlauf in Ebenau am 07.12.2016  Foto und Copyright: Moser Albert, Fotograf, 5201 Seekirchen, Weinbergstiege 1, Tel.: 0043-676-7550526 mailto:albert.moser@sbg.at  www.moser.zenfolio.com\"\n\t\t\t\tdata-image-slug=\"perchtenlauf-ebenau-12\"\n\t\t\t\tclass=\"shutterset_c828d735da08f355eefdbfe6809a3867\">\n\t\t\t\t<img\n\t\t\t\t\ttitle=\"Perchtenlauf der Pl\u00c3\u00b6tzpass beim Pl\u00c3\u00b6tzlauf in Ebenau am 07.12.2016  \nFoto und Copyright: Moser Albert, Fotograf, 5201 Seekirchen, Weinbergstiege 1, Tel.: 0043-676-7550526 mailto:albert.moser@sbg.at  www.moser.zenfolio.com\"\n\t\t\t\t\talt=\"Perchtenlauf der Pl\u00c3\u00b6tzpass beim Pl\u00c3\u00b6tzlauf in Ebenau am 07.12.2016  \nFoto und Copyright: Moser Albert, Fotograf, 5201 Seekirchen, Weinbergstiege 1, Tel.: 0043-676-7550526 mailto:albert.moser@sbg.at  www.moser.zenfolio.com\"\n\t\t\t\t\tsrc=\"https:\/\/www.verlag-doppelpunkt.at\/bilderserien\/wp-content\/gallery\/perchtenlauf-in-ebenau\/thumbs\/thumbs_perchtenlauf-ebenau-12.jpg\"\n\t\t\t\t\twidth=\"100\"\n\t\t\t\t\theight=\"66\"\n\t\t\t\t\tstyle=\"max-width:100%;\"\n\t\t\t\t\/>\n\t\t\t<\/a>\n\t\t<\/div>\n\t\t\t\t\t\t\t<\/div> \n\t\t\t\n\t\t\t\t<div id=\"ngg-image-4\" class=\"ngg-gallery-thumbnail-box \n\t\t\t\t\t\t\t\t\t\t\t\" \n\t\t\t>\n\t\t\t\t\t\t<div class=\"ngg-gallery-thumbnail\">\n\t\t\t<a href=\"https:\/\/www.verlag-doppelpunkt.at\/bilderserien\/wp-content\/gallery\/perchtenlauf-in-ebenau\/perchtenlauf-ebenau-13.jpg\"\n\t\t\t\ttitle=\"Perchtenlauf der Pl\u00f6tzpass beim Pl\u00f6tzlauf in Ebenau am 07.12.2016  Foto und Copyright: Moser Albert, Fotograf, 5201 Seekirchen, Weinbergstiege 1, Tel.: 0043-676-7550526 mailto:albert.moser@sbg.at  www.moser.zenfolio.com\"\n\t\t\t\tdata-src=\"https:\/\/www.verlag-doppelpunkt.at\/bilderserien\/wp-content\/gallery\/perchtenlauf-in-ebenau\/perchtenlauf-ebenau-13.jpg\"\n\t\t\t\tdata-thumbnail=\"https:\/\/www.verlag-doppelpunkt.at\/bilderserien\/wp-content\/gallery\/perchtenlauf-in-ebenau\/thumbs\/thumbs_perchtenlauf-ebenau-13.jpg\"\n\t\t\t\tdata-image-id=\"16733\"\n\t\t\t\tdata-title=\"Perchtenlauf der Pl\u00c3\u00b6tzpass beim Pl\u00c3\u00b6tzlauf in Ebenau am 07.12.2016  \nFoto und Copyright: Moser Albert, Fotograf, 5201 Seekirchen, Weinbergstiege 1, Tel.: 0043-676-7550526 mailto:albert.moser@sbg.at  www.moser.zenfolio.com\"\n\t\t\t\tdata-description=\"Perchtenlauf der Pl\u00f6tzpass beim Pl\u00f6tzlauf in Ebenau am 07.12.2016  Foto und Copyright: Moser Albert, Fotograf, 5201 Seekirchen, Weinbergstiege 1, Tel.: 0043-676-7550526 mailto:albert.moser@sbg.at  www.moser.zenfolio.com\"\n\t\t\t\tdata-image-slug=\"perchtenlauf-ebenau-13\"\n\t\t\t\tclass=\"shutterset_c828d735da08f355eefdbfe6809a3867\">\n\t\t\t\t<img\n\t\t\t\t\ttitle=\"Perchtenlauf der Pl\u00c3\u00b6tzpass beim Pl\u00c3\u00b6tzlauf in Ebenau am 07.12.2016  \nFoto und Copyright: Moser Albert, Fotograf, 5201 Seekirchen, Weinbergstiege 1, Tel.: 0043-676-7550526 mailto:albert.moser@sbg.at  www.moser.zenfolio.com\"\n\t\t\t\t\talt=\"Perchtenlauf der Pl\u00c3\u00b6tzpass beim Pl\u00c3\u00b6tzlauf in Ebenau am 07.12.2016  \nFoto und Copyright: Moser Albert, Fotograf, 5201 Seekirchen, Weinbergstiege 1, Tel.: 0043-676-7550526 mailto:albert.moser@sbg.at  www.moser.zenfolio.com\"\n\t\t\t\t\tsrc=\"https:\/\/www.verlag-doppelpunkt.at\/bilderserien\/wp-content\/gallery\/perchtenlauf-in-ebenau\/thumbs\/thumbs_perchtenlauf-ebenau-13.jpg\"\n\t\t\t\t\twidth=\"100\"\n\t\t\t\t\theight=\"66\"\n\t\t\t\t\tstyle=\"max-width:100%;\"\n\t\t\t\t\/>\n\t\t\t<\/a>\n\t\t<\/div>\n\t\t\t\t\t\t\t<\/div> \n\t\t\t\n\t\t\t\t<div id=\"ngg-image-5\" class=\"ngg-gallery-thumbnail-box \n\t\t\t\t\t\t\t\t\t\t\t\" \n\t\t\t>\n\t\t\t\t\t\t<div class=\"ngg-gallery-thumbnail\">\n\t\t\t<a href=\"https:\/\/www.verlag-doppelpunkt.at\/bilderserien\/wp-content\/gallery\/perchtenlauf-in-ebenau\/perchtenlauf-ebenau-14.jpg\"\n\t\t\t\ttitle=\"Perchtenlauf der Pl\u00f6tzpass beim Pl\u00f6tzlauf in Ebenau am 07.12.2016  Foto und Copyright: Moser Albert, Fotograf, 5201 Seekirchen, Weinbergstiege 1, Tel.: 0043-676-7550526 mailto:albert.moser@sbg.at  www.moser.zenfolio.com\"\n\t\t\t\tdata-src=\"https:\/\/www.verlag-doppelpunkt.at\/bilderserien\/wp-content\/gallery\/perchtenlauf-in-ebenau\/perchtenlauf-ebenau-14.jpg\"\n\t\t\t\tdata-thumbnail=\"https:\/\/www.verlag-doppelpunkt.at\/bilderserien\/wp-content\/gallery\/perchtenlauf-in-ebenau\/thumbs\/thumbs_perchtenlauf-ebenau-14.jpg\"\n\t\t\t\tdata-image-id=\"16734\"\n\t\t\t\tdata-title=\"Perchtenlauf der Pl\u00c3\u00b6tzpass beim Pl\u00c3\u00b6tzlauf in Ebenau am 07.12.2016  \nFoto und Copyright: Moser Albert, Fotograf, 5201 Seekirchen, Weinbergstiege 1, Tel.: 0043-676-7550526 mailto:albert.moser@sbg.at  www.moser.zenfolio.com\"\n\t\t\t\tdata-description=\"Perchtenlauf der Pl\u00f6tzpass beim Pl\u00f6tzlauf in Ebenau am 07.12.2016  Foto und Copyright: Moser Albert, Fotograf, 5201 Seekirchen, Weinbergstiege 1, Tel.: 0043-676-7550526 mailto:albert.moser@sbg.at  www.moser.zenfolio.com\"\n\t\t\t\tdata-image-slug=\"perchtenlauf-ebenau-14\"\n\t\t\t\tclass=\"shutterset_c828d735da08f355eefdbfe6809a3867\">\n\t\t\t\t<img\n\t\t\t\t\ttitle=\"Perchtenlauf der Pl\u00c3\u00b6tzpass beim Pl\u00c3\u00b6tzlauf in Ebenau am 07.12.2016  \nFoto und Copyright: Moser Albert, Fotograf, 5201 Seekirchen, Weinbergstiege 1, Tel.: 0043-676-7550526 mailto:albert.moser@sbg.at  www.moser.zenfolio.com\"\n\t\t\t\t\talt=\"Perchtenlauf der Pl\u00c3\u00b6tzpass beim Pl\u00c3\u00b6tzlauf in Ebenau am 07.12.2016  \nFoto und Copyright: Moser Albert, Fotograf, 5201 Seekirchen, Weinbergstiege 1, Tel.: 0043-676-7550526 mailto:albert.moser@sbg.at  www.moser.zenfolio.com\"\n\t\t\t\t\tsrc=\"https:\/\/www.verlag-doppelpunkt.at\/bilderserien\/wp-content\/gallery\/perchtenlauf-in-ebenau\/thumbs\/thumbs_perchtenlauf-ebenau-14.jpg\"\n\t\t\t\t\twidth=\"100\"\n\t\t\t\t\theight=\"66\"\n\t\t\t\t\tstyle=\"max-width:100%;\"\n\t\t\t\t\/>\n\t\t\t<\/a>\n\t\t<\/div>\n\t\t\t\t\t\t\t<\/div> \n\t\t\t\n\t\t\t\t<div id=\"ngg-image-6\" class=\"ngg-gallery-thumbnail-box \n\t\t\t\t\t\t\t\t\t\t\t\" \n\t\t\t>\n\t\t\t\t\t\t<div class=\"ngg-gallery-thumbnail\">\n\t\t\t<a href=\"https:\/\/www.verlag-doppelpunkt.at\/bilderserien\/wp-content\/gallery\/perchtenlauf-in-ebenau\/perchtenlauf-ebenau-15.jpg\"\n\t\t\t\ttitle=\"Perchtenlauf der Pl\u00f6tzpass beim Pl\u00f6tzlauf in Ebenau am 07.12.2016  Foto und Copyright: Moser Albert, Fotograf, 5201 Seekirchen, Weinbergstiege 1, Tel.: 0043-676-7550526 mailto:albert.moser@sbg.at  www.moser.zenfolio.com\"\n\t\t\t\tdata-src=\"https:\/\/www.verlag-doppelpunkt.at\/bilderserien\/wp-content\/gallery\/perchtenlauf-in-ebenau\/perchtenlauf-ebenau-15.jpg\"\n\t\t\t\tdata-thumbnail=\"https:\/\/www.verlag-doppelpunkt.at\/bilderserien\/wp-content\/gallery\/perchtenlauf-in-ebenau\/thumbs\/thumbs_perchtenlauf-ebenau-15.jpg\"\n\t\t\t\tdata-image-id=\"16735\"\n\t\t\t\tdata-title=\"Perchtenlauf der Pl\u00c3\u00b6tzpass beim Pl\u00c3\u00b6tzlauf in Ebenau am 07.12.2016  \nFoto und Copyright: Moser Albert, Fotograf, 5201 Seekirchen, Weinbergstiege 1, Tel.: 0043-676-7550526 mailto:albert.moser@sbg.at  www.moser.zenfolio.com\"\n\t\t\t\tdata-description=\"Perchtenlauf der Pl\u00f6tzpass beim Pl\u00f6tzlauf in Ebenau am 07.12.2016  Foto und Copyright: Moser Albert, Fotograf, 5201 Seekirchen, Weinbergstiege 1, Tel.: 0043-676-7550526 mailto:albert.moser@sbg.at  www.moser.zenfolio.com\"\n\t\t\t\tdata-image-slug=\"perchtenlauf-ebenau-15\"\n\t\t\t\tclass=\"shutterset_c828d735da08f355eefdbfe6809a3867\">\n\t\t\t\t<img\n\t\t\t\t\ttitle=\"Perchtenlauf der Pl\u00c3\u00b6tzpass beim Pl\u00c3\u00b6tzlauf in Ebenau am 07.12.2016  \nFoto und Copyright: Moser Albert, Fotograf, 5201 Seekirchen, Weinbergstiege 1, Tel.: 0043-676-7550526 mailto:albert.moser@sbg.at  www.moser.zenfolio.com\"\n\t\t\t\t\talt=\"Perchtenlauf der Pl\u00c3\u00b6tzpass beim Pl\u00c3\u00b6tzlauf in Ebenau am 07.12.2016  \nFoto und Copyright: Moser Albert, Fotograf, 5201 Seekirchen, Weinbergstiege 1, Tel.: 0043-676-7550526 mailto:albert.moser@sbg.at  www.moser.zenfolio.com\"\n\t\t\t\t\tsrc=\"https:\/\/www.verlag-doppelpunkt.at\/bilderserien\/wp-content\/gallery\/perchtenlauf-in-ebenau\/thumbs\/thumbs_perchtenlauf-ebenau-15.jpg\"\n\t\t\t\t\twidth=\"100\"\n\t\t\t\t\theight=\"66\"\n\t\t\t\t\tstyle=\"max-width:100%;\"\n\t\t\t\t\/>\n\t\t\t<\/a>\n\t\t<\/div>\n\t\t\t\t\t\t\t<\/div> \n\t\t\t\n\t\t\t\t<div id=\"ngg-image-7\" class=\"ngg-gallery-thumbnail-box \n\t\t\t\t\t\t\t\t\t\t\t\" \n\t\t\t>\n\t\t\t\t\t\t<div class=\"ngg-gallery-thumbnail\">\n\t\t\t<a href=\"https:\/\/www.verlag-doppelpunkt.at\/bilderserien\/wp-content\/gallery\/perchtenlauf-in-ebenau\/perchtenlauf-ebenau-16.jpg\"\n\t\t\t\ttitle=\"Perchtenlauf der Pl\u00f6tzpass beim Pl\u00f6tzlauf in Ebenau am 07.12.2016  Foto und Copyright: Moser Albert, Fotograf, 5201 Seekirchen, Weinbergstiege 1, Tel.: 0043-676-7550526 mailto:albert.moser@sbg.at  www.moser.zenfolio.com\"\n\t\t\t\tdata-src=\"https:\/\/www.verlag-doppelpunkt.at\/bilderserien\/wp-content\/gallery\/perchtenlauf-in-ebenau\/perchtenlauf-ebenau-16.jpg\"\n\t\t\t\tdata-thumbnail=\"https:\/\/www.verlag-doppelpunkt.at\/bilderserien\/wp-content\/gallery\/perchtenlauf-in-ebenau\/thumbs\/thumbs_perchtenlauf-ebenau-16.jpg\"\n\t\t\t\tdata-image-id=\"16736\"\n\t\t\t\tdata-title=\"Perchtenlauf der Pl\u00c3\u00b6tzpass beim Pl\u00c3\u00b6tzlauf in Ebenau am 07.12.2016  \nFoto und Copyright: Moser Albert, Fotograf, 5201 Seekirchen, Weinbergstiege 1, Tel.: 0043-676-7550526 mailto:albert.moser@sbg.at  www.moser.zenfolio.com\"\n\t\t\t\tdata-description=\"Perchtenlauf der Pl\u00f6tzpass beim Pl\u00f6tzlauf in Ebenau am 07.12.2016  Foto und Copyright: Moser Albert, Fotograf, 5201 Seekirchen, Weinbergstiege 1, Tel.: 0043-676-7550526 mailto:albert.moser@sbg.at  www.moser.zenfolio.com\"\n\t\t\t\tdata-image-slug=\"perchtenlauf-ebenau-16\"\n\t\t\t\tclass=\"shutterset_c828d735da08f355eefdbfe6809a3867\">\n\t\t\t\t<img\n\t\t\t\t\ttitle=\"Perchtenlauf der Pl\u00c3\u00b6tzpass beim Pl\u00c3\u00b6tzlauf in Ebenau am 07.12.2016  \nFoto und Copyright: Moser Albert, Fotograf, 5201 Seekirchen, Weinbergstiege 1, Tel.: 0043-676-7550526 mailto:albert.moser@sbg.at  www.moser.zenfolio.com\"\n\t\t\t\t\talt=\"Perchtenlauf der Pl\u00c3\u00b6tzpass beim Pl\u00c3\u00b6tzlauf in Ebenau am 07.12.2016  \nFoto und Copyright: Moser Albert, Fotograf, 5201 Seekirchen, Weinbergstiege 1, Tel.: 0043-676-7550526 mailto:albert.moser@sbg.at  www.moser.zenfolio.com\"\n\t\t\t\t\tsrc=\"https:\/\/www.verlag-doppelpunkt.at\/bilderserien\/wp-content\/gallery\/perchtenlauf-in-ebenau\/thumbs\/thumbs_perchtenlauf-ebenau-16.jpg\"\n\t\t\t\t\twidth=\"100\"\n\t\t\t\t\theight=\"66\"\n\t\t\t\t\tstyle=\"max-width:100%;\"\n\t\t\t\t\/>\n\t\t\t<\/a>\n\t\t<\/div>\n\t\t\t\t\t\t\t<\/div> \n\t\t\t\n\t\t\t\t<div id=\"ngg-image-8\" class=\"ngg-gallery-thumbnail-box \n\t\t\t\t\t\t\t\t\t\t\t\" \n\t\t\t>\n\t\t\t\t\t\t<div class=\"ngg-gallery-thumbnail\">\n\t\t\t<a href=\"https:\/\/www.verlag-doppelpunkt.at\/bilderserien\/wp-content\/gallery\/perchtenlauf-in-ebenau\/perchtenlauf-ebenau-17.jpg\"\n\t\t\t\ttitle=\"Perchtenlauf der Pl\u00f6tzpass beim Pl\u00f6tzlauf in Ebenau am 07.12.2016  Foto und Copyright: Moser Albert, Fotograf, 5201 Seekirchen, Weinbergstiege 1, Tel.: 0043-676-7550526 mailto:albert.moser@sbg.at  www.moser.zenfolio.com\"\n\t\t\t\tdata-src=\"https:\/\/www.verlag-doppelpunkt.at\/bilderserien\/wp-content\/gallery\/perchtenlauf-in-ebenau\/perchtenlauf-ebenau-17.jpg\"\n\t\t\t\tdata-thumbnail=\"https:\/\/www.verlag-doppelpunkt.at\/bilderserien\/wp-content\/gallery\/perchtenlauf-in-ebenau\/thumbs\/thumbs_perchtenlauf-ebenau-17.jpg\"\n\t\t\t\tdata-image-id=\"16737\"\n\t\t\t\tdata-title=\"Perchtenlauf der Pl\u00c3\u00b6tzpass beim Pl\u00c3\u00b6tzlauf in Ebenau am 07.12.2016  \nFoto und Copyright: Moser Albert, Fotograf, 5201 Seekirchen, Weinbergstiege 1, Tel.: 0043-676-7550526 mailto:albert.moser@sbg.at  www.moser.zenfolio.com\"\n\t\t\t\tdata-description=\"Perchtenlauf der Pl\u00f6tzpass beim Pl\u00f6tzlauf in Ebenau am 07.12.2016  Foto und Copyright: Moser Albert, Fotograf, 5201 Seekirchen, Weinbergstiege 1, Tel.: 0043-676-7550526 mailto:albert.moser@sbg.at  www.moser.zenfolio.com\"\n\t\t\t\tdata-image-slug=\"perchtenlauf-ebenau-17\"\n\t\t\t\tclass=\"shutterset_c828d735da08f355eefdbfe6809a3867\">\n\t\t\t\t<img\n\t\t\t\t\ttitle=\"Perchtenlauf der Pl\u00c3\u00b6tzpass beim Pl\u00c3\u00b6tzlauf in Ebenau am 07.12.2016  \nFoto und Copyright: Moser Albert, Fotograf, 5201 Seekirchen, Weinbergstiege 1, Tel.: 0043-676-7550526 mailto:albert.moser@sbg.at  www.moser.zenfolio.com\"\n\t\t\t\t\talt=\"Perchtenlauf der Pl\u00c3\u00b6tzpass beim Pl\u00c3\u00b6tzlauf in Ebenau am 07.12.2016  \nFoto und Copyright: Moser Albert, Fotograf, 5201 Seekirchen, Weinbergstiege 1, Tel.: 0043-676-7550526 mailto:albert.moser@sbg.at  www.moser.zenfolio.com\"\n\t\t\t\t\tsrc=\"https:\/\/www.verlag-doppelpunkt.at\/bilderserien\/wp-content\/gallery\/perchtenlauf-in-ebenau\/thumbs\/thumbs_perchtenlauf-ebenau-17.jpg\"\n\t\t\t\t\twidth=\"100\"\n\t\t\t\t\theight=\"66\"\n\t\t\t\t\tstyle=\"max-width:100%;\"\n\t\t\t\t\/>\n\t\t\t<\/a>\n\t\t<\/div>\n\t\t\t\t\t\t\t<\/div> \n\t\t\t\n\t\t\t\t<div id=\"ngg-image-9\" class=\"ngg-gallery-thumbnail-box \n\t\t\t\t\t\t\t\t\t\t\t\" \n\t\t\t>\n\t\t\t\t\t\t<div class=\"ngg-gallery-thumbnail\">\n\t\t\t<a href=\"https:\/\/www.verlag-doppelpunkt.at\/bilderserien\/wp-content\/gallery\/perchtenlauf-in-ebenau\/perchtenlauf-ebenau-18.jpg\"\n\t\t\t\ttitle=\"Perchtenlauf der Pl\u00f6tzpass beim Pl\u00f6tzlauf in Ebenau am 07.12.2016  Foto und Copyright: Moser Albert, Fotograf, 5201 Seekirchen, Weinbergstiege 1, Tel.: 0043-676-7550526 mailto:albert.moser@sbg.at  www.moser.zenfolio.com\"\n\t\t\t\tdata-src=\"https:\/\/www.verlag-doppelpunkt.at\/bilderserien\/wp-content\/gallery\/perchtenlauf-in-ebenau\/perchtenlauf-ebenau-18.jpg\"\n\t\t\t\tdata-thumbnail=\"https:\/\/www.verlag-doppelpunkt.at\/bilderserien\/wp-content\/gallery\/perchtenlauf-in-ebenau\/thumbs\/thumbs_perchtenlauf-ebenau-18.jpg\"\n\t\t\t\tdata-image-id=\"16738\"\n\t\t\t\tdata-title=\"Perchtenlauf der Pl\u00c3\u00b6tzpass beim Pl\u00c3\u00b6tzlauf in Ebenau am 07.12.2016  \nFoto und Copyright: Moser Albert, Fotograf, 5201 Seekirchen, Weinbergstiege 1, Tel.: 0043-676-7550526 mailto:albert.moser@sbg.at  www.moser.zenfolio.com\"\n\t\t\t\tdata-description=\"Perchtenlauf der Pl\u00f6tzpass beim Pl\u00f6tzlauf in Ebenau am 07.12.2016  Foto und Copyright: Moser Albert, Fotograf, 5201 Seekirchen, Weinbergstiege 1, Tel.: 0043-676-7550526 mailto:albert.moser@sbg.at  www.moser.zenfolio.com\"\n\t\t\t\tdata-image-slug=\"perchtenlauf-ebenau-18\"\n\t\t\t\tclass=\"shutterset_c828d735da08f355eefdbfe6809a3867\">\n\t\t\t\t<img\n\t\t\t\t\ttitle=\"Perchtenlauf der Pl\u00c3\u00b6tzpass beim Pl\u00c3\u00b6tzlauf in Ebenau am 07.12.2016  \nFoto und Copyright: Moser Albert, Fotograf, 5201 Seekirchen, Weinbergstiege 1, Tel.: 0043-676-7550526 mailto:albert.moser@sbg.at  www.moser.zenfolio.com\"\n\t\t\t\t\talt=\"Perchtenlauf der Pl\u00c3\u00b6tzpass beim Pl\u00c3\u00b6tzlauf in Ebenau am 07.12.2016  \nFoto und Copyright: Moser Albert, Fotograf, 5201 Seekirchen, Weinbergstiege 1, Tel.: 0043-676-7550526 mailto:albert.moser@sbg.at  www.moser.zenfolio.com\"\n\t\t\t\t\tsrc=\"https:\/\/www.verlag-doppelpunkt.at\/bilderserien\/wp-content\/gallery\/perchtenlauf-in-ebenau\/thumbs\/thumbs_perchtenlauf-ebenau-18.jpg\"\n\t\t\t\t\twidth=\"100\"\n\t\t\t\t\theight=\"66\"\n\t\t\t\t\tstyle=\"max-width:100%;\"\n\t\t\t\t\/>\n\t\t\t<\/a>\n\t\t<\/div>\n\t\t\t\t\t\t\t<\/div> \n\t\t\t\n\t\t\t\t<div id=\"ngg-image-10\" class=\"ngg-gallery-thumbnail-box \n\t\t\t\t\t\t\t\t\t\t\t\" \n\t\t\t>\n\t\t\t\t\t\t<div class=\"ngg-gallery-thumbnail\">\n\t\t\t<a href=\"https:\/\/www.verlag-doppelpunkt.at\/bilderserien\/wp-content\/gallery\/perchtenlauf-in-ebenau\/perchtenlauf-ebenau-19.jpg\"\n\t\t\t\ttitle=\"Perchtenlauf der Pl\u00f6tzpass beim Pl\u00f6tzlauf in Ebenau am 07.12.2016  Foto und Copyright: Moser Albert, Fotograf, 5201 Seekirchen, Weinbergstiege 1, Tel.: 0043-676-7550526 mailto:albert.moser@sbg.at  www.moser.zenfolio.com\"\n\t\t\t\tdata-src=\"https:\/\/www.verlag-doppelpunkt.at\/bilderserien\/wp-content\/gallery\/perchtenlauf-in-ebenau\/perchtenlauf-ebenau-19.jpg\"\n\t\t\t\tdata-thumbnail=\"https:\/\/www.verlag-doppelpunkt.at\/bilderserien\/wp-content\/gallery\/perchtenlauf-in-ebenau\/thumbs\/thumbs_perchtenlauf-ebenau-19.jpg\"\n\t\t\t\tdata-image-id=\"16739\"\n\t\t\t\tdata-title=\"Perchtenlauf der Pl\u00c3\u00b6tzpass beim Pl\u00c3\u00b6tzlauf in Ebenau am 07.12.2016  \nFoto und Copyright: Moser Albert, Fotograf, 5201 Seekirchen, Weinbergstiege 1, Tel.: 0043-676-7550526 mailto:albert.moser@sbg.at  www.moser.zenfolio.com\"\n\t\t\t\tdata-description=\"Perchtenlauf der Pl\u00f6tzpass beim Pl\u00f6tzlauf in Ebenau am 07.12.2016  Foto und Copyright: Moser Albert, Fotograf, 5201 Seekirchen, Weinbergstiege 1, Tel.: 0043-676-7550526 mailto:albert.moser@sbg.at  www.moser.zenfolio.com\"\n\t\t\t\tdata-image-slug=\"perchtenlauf-ebenau-19\"\n\t\t\t\tclass=\"shutterset_c828d735da08f355eefdbfe6809a3867\">\n\t\t\t\t<img\n\t\t\t\t\ttitle=\"Perchtenlauf der Pl\u00c3\u00b6tzpass beim Pl\u00c3\u00b6tzlauf in Ebenau am 07.12.2016  \nFoto und Copyright: Moser Albert, Fotograf, 5201 Seekirchen, Weinbergstiege 1, Tel.: 0043-676-7550526 mailto:albert.moser@sbg.at  www.moser.zenfolio.com\"\n\t\t\t\t\talt=\"Perchtenlauf der Pl\u00c3\u00b6tzpass beim Pl\u00c3\u00b6tzlauf in Ebenau am 07.12.2016  \nFoto und Copyright: Moser Albert, Fotograf, 5201 Seekirchen, Weinbergstiege 1, Tel.: 0043-676-7550526 mailto:albert.moser@sbg.at  www.moser.zenfolio.com\"\n\t\t\t\t\tsrc=\"https:\/\/www.verlag-doppelpunkt.at\/bilderserien\/wp-content\/gallery\/perchtenlauf-in-ebenau\/thumbs\/thumbs_perchtenlauf-ebenau-19.jpg\"\n\t\t\t\t\twidth=\"100\"\n\t\t\t\t\theight=\"66\"\n\t\t\t\t\tstyle=\"max-width:100%;\"\n\t\t\t\t\/>\n\t\t\t<\/a>\n\t\t<\/div>\n\t\t\t\t\t\t\t<\/div> \n\t\t\t\n\t\t\t\t<div id=\"ngg-image-11\" class=\"ngg-gallery-thumbnail-box \n\t\t\t\t\t\t\t\t\t\t\t\" \n\t\t\t>\n\t\t\t\t\t\t<div class=\"ngg-gallery-thumbnail\">\n\t\t\t<a href=\"https:\/\/www.verlag-doppelpunkt.at\/bilderserien\/wp-content\/gallery\/perchtenlauf-in-ebenau\/perchtenlauf-ebenau-2.jpg\"\n\t\t\t\ttitle=\"Perchtenlauf der Pl\u00f6tzpass beim Pl\u00f6tzlauf in Ebenau am 07.12.2016  Foto und Copyright: Moser Albert, Fotograf, 5201 Seekirchen, Weinbergstiege 1, Tel.: 0043-676-7550526 mailto:albert.moser@sbg.at  www.moser.zenfolio.com\"\n\t\t\t\tdata-src=\"https:\/\/www.verlag-doppelpunkt.at\/bilderserien\/wp-content\/gallery\/perchtenlauf-in-ebenau\/perchtenlauf-ebenau-2.jpg\"\n\t\t\t\tdata-thumbnail=\"https:\/\/www.verlag-doppelpunkt.at\/bilderserien\/wp-content\/gallery\/perchtenlauf-in-ebenau\/thumbs\/thumbs_perchtenlauf-ebenau-2.jpg\"\n\t\t\t\tdata-image-id=\"16740\"\n\t\t\t\tdata-title=\"Perchtenlauf der Pl\u00c3\u00b6tzpass beim Pl\u00c3\u00b6tzlauf in Ebenau am 07.12.2016  \nFoto und Copyright: Moser Albert, Fotograf, 5201 Seekirchen, Weinbergstiege 1, Tel.: 0043-676-7550526 mailto:albert.moser@sbg.at  www.moser.zenfolio.com\"\n\t\t\t\tdata-description=\"Perchtenlauf der Pl\u00f6tzpass beim Pl\u00f6tzlauf in Ebenau am 07.12.2016  Foto und Copyright: Moser Albert, Fotograf, 5201 Seekirchen, Weinbergstiege 1, Tel.: 0043-676-7550526 mailto:albert.moser@sbg.at  www.moser.zenfolio.com\"\n\t\t\t\tdata-image-slug=\"perchtenlauf-ebenau-2\"\n\t\t\t\tclass=\"shutterset_c828d735da08f355eefdbfe6809a3867\">\n\t\t\t\t<img\n\t\t\t\t\ttitle=\"Perchtenlauf der Pl\u00c3\u00b6tzpass beim Pl\u00c3\u00b6tzlauf in Ebenau am 07.12.2016  \nFoto und Copyright: Moser Albert, Fotograf, 5201 Seekirchen, Weinbergstiege 1, Tel.: 0043-676-7550526 mailto:albert.moser@sbg.at  www.moser.zenfolio.com\"\n\t\t\t\t\talt=\"Perchtenlauf der Pl\u00c3\u00b6tzpass beim Pl\u00c3\u00b6tzlauf in Ebenau am 07.12.2016  \nFoto und Copyright: Moser Albert, Fotograf, 5201 Seekirchen, Weinbergstiege 1, Tel.: 0043-676-7550526 mailto:albert.moser@sbg.at  www.moser.zenfolio.com\"\n\t\t\t\t\tsrc=\"https:\/\/www.verlag-doppelpunkt.at\/bilderserien\/wp-content\/gallery\/perchtenlauf-in-ebenau\/thumbs\/thumbs_perchtenlauf-ebenau-2.jpg\"\n\t\t\t\t\twidth=\"100\"\n\t\t\t\t\theight=\"66\"\n\t\t\t\t\tstyle=\"max-width:100%;\"\n\t\t\t\t\/>\n\t\t\t<\/a>\n\t\t<\/div>\n\t\t\t\t\t\t\t<\/div> \n\t\t\t\n\t\t\t\t<div id=\"ngg-image-12\" class=\"ngg-gallery-thumbnail-box \n\t\t\t\t\t\t\t\t\t\t\t\" \n\t\t\t>\n\t\t\t\t\t\t<div class=\"ngg-gallery-thumbnail\">\n\t\t\t<a href=\"https:\/\/www.verlag-doppelpunkt.at\/bilderserien\/wp-content\/gallery\/perchtenlauf-in-ebenau\/perchtenlauf-ebenau-20.jpg\"\n\t\t\t\ttitle=\"Perchtenlauf der Pl\u00f6tzpass beim Pl\u00f6tzlauf in Ebenau am 07.12.2016  Foto und Copyright: Moser Albert, Fotograf, 5201 Seekirchen, Weinbergstiege 1, Tel.: 0043-676-7550526 mailto:albert.moser@sbg.at  www.moser.zenfolio.com\"\n\t\t\t\tdata-src=\"https:\/\/www.verlag-doppelpunkt.at\/bilderserien\/wp-content\/gallery\/perchtenlauf-in-ebenau\/perchtenlauf-ebenau-20.jpg\"\n\t\t\t\tdata-thumbnail=\"https:\/\/www.verlag-doppelpunkt.at\/bilderserien\/wp-content\/gallery\/perchtenlauf-in-ebenau\/thumbs\/thumbs_perchtenlauf-ebenau-20.jpg\"\n\t\t\t\tdata-image-id=\"16741\"\n\t\t\t\tdata-title=\"Perchtenlauf der Pl\u00c3\u00b6tzpass beim Pl\u00c3\u00b6tzlauf in Ebenau am 07.12.2016  \nFoto und Copyright: Moser Albert, Fotograf, 5201 Seekirchen, Weinbergstiege 1, Tel.: 0043-676-7550526 mailto:albert.moser@sbg.at  www.moser.zenfolio.com\"\n\t\t\t\tdata-description=\"Perchtenlauf der Pl\u00f6tzpass beim Pl\u00f6tzlauf in Ebenau am 07.12.2016  Foto und Copyright: Moser Albert, Fotograf, 5201 Seekirchen, Weinbergstiege 1, Tel.: 0043-676-7550526 mailto:albert.moser@sbg.at  www.moser.zenfolio.com\"\n\t\t\t\tdata-image-slug=\"perchtenlauf-ebenau-20\"\n\t\t\t\tclass=\"shutterset_c828d735da08f355eefdbfe6809a3867\">\n\t\t\t\t<img\n\t\t\t\t\ttitle=\"Perchtenlauf der Pl\u00c3\u00b6tzpass beim Pl\u00c3\u00b6tzlauf in Ebenau am 07.12.2016  \nFoto und Copyright: Moser Albert, Fotograf, 5201 Seekirchen, Weinbergstiege 1, Tel.: 0043-676-7550526 mailto:albert.moser@sbg.at  www.moser.zenfolio.com\"\n\t\t\t\t\talt=\"Perchtenlauf der Pl\u00c3\u00b6tzpass beim Pl\u00c3\u00b6tzlauf in Ebenau am 07.12.2016  \nFoto und Copyright: Moser Albert, Fotograf, 5201 Seekirchen, Weinbergstiege 1, Tel.: 0043-676-7550526 mailto:albert.moser@sbg.at  www.moser.zenfolio.com\"\n\t\t\t\t\tsrc=\"https:\/\/www.verlag-doppelpunkt.at\/bilderserien\/wp-content\/gallery\/perchtenlauf-in-ebenau\/thumbs\/thumbs_perchtenlauf-ebenau-20.jpg\"\n\t\t\t\t\twidth=\"100\"\n\t\t\t\t\theight=\"66\"\n\t\t\t\t\tstyle=\"max-width:100%;\"\n\t\t\t\t\/>\n\t\t\t<\/a>\n\t\t<\/div>\n\t\t\t\t\t\t\t<\/div> \n\t\t\t\n\t\t\t\t<div id=\"ngg-image-13\" class=\"ngg-gallery-thumbnail-box \n\t\t\t\t\t\t\t\t\t\t\t\" \n\t\t\t>\n\t\t\t\t\t\t<div class=\"ngg-gallery-thumbnail\">\n\t\t\t<a href=\"https:\/\/www.verlag-doppelpunkt.at\/bilderserien\/wp-content\/gallery\/perchtenlauf-in-ebenau\/perchtenlauf-ebenau-21.jpg\"\n\t\t\t\ttitle=\"Perchtenlauf der Pl\u00f6tzpass beim Pl\u00f6tzlauf in Ebenau am 07.12.2016  Foto und Copyright: Moser Albert, Fotograf, 5201 Seekirchen, Weinbergstiege 1, Tel.: 0043-676-7550526 mailto:albert.moser@sbg.at  www.moser.zenfolio.com\"\n\t\t\t\tdata-src=\"https:\/\/www.verlag-doppelpunkt.at\/bilderserien\/wp-content\/gallery\/perchtenlauf-in-ebenau\/perchtenlauf-ebenau-21.jpg\"\n\t\t\t\tdata-thumbnail=\"https:\/\/www.verlag-doppelpunkt.at\/bilderserien\/wp-content\/gallery\/perchtenlauf-in-ebenau\/thumbs\/thumbs_perchtenlauf-ebenau-21.jpg\"\n\t\t\t\tdata-image-id=\"16742\"\n\t\t\t\tdata-title=\"Perchtenlauf der Pl\u00c3\u00b6tzpass beim Pl\u00c3\u00b6tzlauf in Ebenau am 07.12.2016  \nFoto und Copyright: Moser Albert, Fotograf, 5201 Seekirchen, Weinbergstiege 1, Tel.: 0043-676-7550526 mailto:albert.moser@sbg.at  www.moser.zenfolio.com\"\n\t\t\t\tdata-description=\"Perchtenlauf der Pl\u00f6tzpass beim Pl\u00f6tzlauf in Ebenau am 07.12.2016  Foto und Copyright: Moser Albert, Fotograf, 5201 Seekirchen, Weinbergstiege 1, Tel.: 0043-676-7550526 mailto:albert.moser@sbg.at  www.moser.zenfolio.com\"\n\t\t\t\tdata-image-slug=\"perchtenlauf-ebenau-21\"\n\t\t\t\tclass=\"shutterset_c828d735da08f355eefdbfe6809a3867\">\n\t\t\t\t<img\n\t\t\t\t\ttitle=\"Perchtenlauf der Pl\u00c3\u00b6tzpass beim Pl\u00c3\u00b6tzlauf in Ebenau am 07.12.2016  \nFoto und Copyright: Moser Albert, Fotograf, 5201 Seekirchen, Weinbergstiege 1, Tel.: 0043-676-7550526 mailto:albert.moser@sbg.at  www.moser.zenfolio.com\"\n\t\t\t\t\talt=\"Perchtenlauf der Pl\u00c3\u00b6tzpass beim Pl\u00c3\u00b6tzlauf in Ebenau am 07.12.2016  \nFoto und Copyright: Moser Albert, Fotograf, 5201 Seekirchen, Weinbergstiege 1, Tel.: 0043-676-7550526 mailto:albert.moser@sbg.at  www.moser.zenfolio.com\"\n\t\t\t\t\tsrc=\"https:\/\/www.verlag-doppelpunkt.at\/bilderserien\/wp-content\/gallery\/perchtenlauf-in-ebenau\/thumbs\/thumbs_perchtenlauf-ebenau-21.jpg\"\n\t\t\t\t\twidth=\"100\"\n\t\t\t\t\theight=\"66\"\n\t\t\t\t\tstyle=\"max-width:100%;\"\n\t\t\t\t\/>\n\t\t\t<\/a>\n\t\t<\/div>\n\t\t\t\t\t\t\t<\/div> \n\t\t\t\n\t\t\t\t<div id=\"ngg-image-14\" class=\"ngg-gallery-thumbnail-box \n\t\t\t\t\t\t\t\t\t\t\t\" \n\t\t\t>\n\t\t\t\t\t\t<div class=\"ngg-gallery-thumbnail\">\n\t\t\t<a href=\"https:\/\/www.verlag-doppelpunkt.at\/bilderserien\/wp-content\/gallery\/perchtenlauf-in-ebenau\/perchtenlauf-ebenau-22.jpg\"\n\t\t\t\ttitle=\"Perchtenlauf der Pl\u00f6tzpass beim Pl\u00f6tzlauf in Ebenau am 07.12.2016  Foto und Copyright: Moser Albert, Fotograf, 5201 Seekirchen, Weinbergstiege 1, Tel.: 0043-676-7550526 mailto:albert.moser@sbg.at  www.moser.zenfolio.com\"\n\t\t\t\tdata-src=\"https:\/\/www.verlag-doppelpunkt.at\/bilderserien\/wp-content\/gallery\/perchtenlauf-in-ebenau\/perchtenlauf-ebenau-22.jpg\"\n\t\t\t\tdata-thumbnail=\"https:\/\/www.verlag-doppelpunkt.at\/bilderserien\/wp-content\/gallery\/perchtenlauf-in-ebenau\/thumbs\/thumbs_perchtenlauf-ebenau-22.jpg\"\n\t\t\t\tdata-image-id=\"16743\"\n\t\t\t\tdata-title=\"Perchtenlauf der Pl\u00c3\u00b6tzpass beim Pl\u00c3\u00b6tzlauf in Ebenau am 07.12.2016  \nFoto und Copyright: Moser Albert, Fotograf, 5201 Seekirchen, Weinbergstiege 1, Tel.: 0043-676-7550526 mailto:albert.moser@sbg.at  www.moser.zenfolio.com\"\n\t\t\t\tdata-description=\"Perchtenlauf der Pl\u00f6tzpass beim Pl\u00f6tzlauf in Ebenau am 07.12.2016  Foto und Copyright: Moser Albert, Fotograf, 5201 Seekirchen, Weinbergstiege 1, Tel.: 0043-676-7550526 mailto:albert.moser@sbg.at  www.moser.zenfolio.com\"\n\t\t\t\tdata-image-slug=\"perchtenlauf-ebenau-22\"\n\t\t\t\tclass=\"shutterset_c828d735da08f355eefdbfe6809a3867\">\n\t\t\t\t<img\n\t\t\t\t\ttitle=\"Perchtenlauf der Pl\u00c3\u00b6tzpass beim Pl\u00c3\u00b6tzlauf in Ebenau am 07.12.2016  \nFoto und Copyright: Moser Albert, Fotograf, 5201 Seekirchen, Weinbergstiege 1, Tel.: 0043-676-7550526 mailto:albert.moser@sbg.at  www.moser.zenfolio.com\"\n\t\t\t\t\talt=\"Perchtenlauf der Pl\u00c3\u00b6tzpass beim Pl\u00c3\u00b6tzlauf in Ebenau am 07.12.2016  \nFoto und Copyright: Moser Albert, Fotograf, 5201 Seekirchen, Weinbergstiege 1, Tel.: 0043-676-7550526 mailto:albert.moser@sbg.at  www.moser.zenfolio.com\"\n\t\t\t\t\tsrc=\"https:\/\/www.verlag-doppelpunkt.at\/bilderserien\/wp-content\/gallery\/perchtenlauf-in-ebenau\/thumbs\/thumbs_perchtenlauf-ebenau-22.jpg\"\n\t\t\t\t\twidth=\"100\"\n\t\t\t\t\theight=\"66\"\n\t\t\t\t\tstyle=\"max-width:100%;\"\n\t\t\t\t\/>\n\t\t\t<\/a>\n\t\t<\/div>\n\t\t\t\t\t\t\t<\/div> \n\t\t\t\n\t\t\t\t<div id=\"ngg-image-15\" class=\"ngg-gallery-thumbnail-box \n\t\t\t\t\t\t\t\t\t\t\t\" \n\t\t\t>\n\t\t\t\t\t\t<div class=\"ngg-gallery-thumbnail\">\n\t\t\t<a href=\"https:\/\/www.verlag-doppelpunkt.at\/bilderserien\/wp-content\/gallery\/perchtenlauf-in-ebenau\/perchtenlauf-ebenau-23.jpg\"\n\t\t\t\ttitle=\"Perchtenlauf der Pl\u00f6tzpass beim Pl\u00f6tzlauf in Ebenau am 07.12.2016  Foto und Copyright: Moser Albert, Fotograf, 5201 Seekirchen, Weinbergstiege 1, Tel.: 0043-676-7550526 mailto:albert.moser@sbg.at  www.moser.zenfolio.com\"\n\t\t\t\tdata-src=\"https:\/\/www.verlag-doppelpunkt.at\/bilderserien\/wp-content\/gallery\/perchtenlauf-in-ebenau\/perchtenlauf-ebenau-23.jpg\"\n\t\t\t\tdata-thumbnail=\"https:\/\/www.verlag-doppelpunkt.at\/bilderserien\/wp-content\/gallery\/perchtenlauf-in-ebenau\/thumbs\/thumbs_perchtenlauf-ebenau-23.jpg\"\n\t\t\t\tdata-image-id=\"16744\"\n\t\t\t\tdata-title=\"Perchtenlauf der Pl\u00c3\u00b6tzpass beim Pl\u00c3\u00b6tzlauf in Ebenau am 07.12.2016  \nFoto und Copyright: Moser Albert, Fotograf, 5201 Seekirchen, Weinbergstiege 1, Tel.: 0043-676-7550526 mailto:albert.moser@sbg.at  www.moser.zenfolio.com\"\n\t\t\t\tdata-description=\"Perchtenlauf der Pl\u00f6tzpass beim Pl\u00f6tzlauf in Ebenau am 07.12.2016  Foto und Copyright: Moser Albert, Fotograf, 5201 Seekirchen, Weinbergstiege 1, Tel.: 0043-676-7550526 mailto:albert.moser@sbg.at  www.moser.zenfolio.com\"\n\t\t\t\tdata-image-slug=\"perchtenlauf-ebenau-23\"\n\t\t\t\tclass=\"shutterset_c828d735da08f355eefdbfe6809a3867\">\n\t\t\t\t<img\n\t\t\t\t\ttitle=\"Perchtenlauf der Pl\u00c3\u00b6tzpass beim Pl\u00c3\u00b6tzlauf in Ebenau am 07.12.2016  \nFoto und Copyright: Moser Albert, Fotograf, 5201 Seekirchen, Weinbergstiege 1, Tel.: 0043-676-7550526 mailto:albert.moser@sbg.at  www.moser.zenfolio.com\"\n\t\t\t\t\talt=\"Perchtenlauf der Pl\u00c3\u00b6tzpass beim Pl\u00c3\u00b6tzlauf in Ebenau am 07.12.2016  \nFoto und Copyright: Moser Albert, Fotograf, 5201 Seekirchen, Weinbergstiege 1, Tel.: 0043-676-7550526 mailto:albert.moser@sbg.at  www.moser.zenfolio.com\"\n\t\t\t\t\tsrc=\"https:\/\/www.verlag-doppelpunkt.at\/bilderserien\/wp-content\/gallery\/perchtenlauf-in-ebenau\/thumbs\/thumbs_perchtenlauf-ebenau-23.jpg\"\n\t\t\t\t\twidth=\"100\"\n\t\t\t\t\theight=\"66\"\n\t\t\t\t\tstyle=\"max-width:100%;\"\n\t\t\t\t\/>\n\t\t\t<\/a>\n\t\t<\/div>\n\t\t\t\t\t\t\t<\/div> \n\t\t\t\n\t\t\t\t<div id=\"ngg-image-16\" class=\"ngg-gallery-thumbnail-box \n\t\t\t\t\t\t\t\t\t\t\t\" \n\t\t\t>\n\t\t\t\t\t\t<div class=\"ngg-gallery-thumbnail\">\n\t\t\t<a href=\"https:\/\/www.verlag-doppelpunkt.at\/bilderserien\/wp-content\/gallery\/perchtenlauf-in-ebenau\/perchtenlauf-ebenau-24.jpg\"\n\t\t\t\ttitle=\"Perchtenlauf der Pl\u00f6tzpass beim Pl\u00f6tzlauf in Ebenau am 07.12.2016  Foto und Copyright: Moser Albert, Fotograf, 5201 Seekirchen, Weinbergstiege 1, Tel.: 0043-676-7550526 mailto:albert.moser@sbg.at  www.moser.zenfolio.com\"\n\t\t\t\tdata-src=\"https:\/\/www.verlag-doppelpunkt.at\/bilderserien\/wp-content\/gallery\/perchtenlauf-in-ebenau\/perchtenlauf-ebenau-24.jpg\"\n\t\t\t\tdata-thumbnail=\"https:\/\/www.verlag-doppelpunkt.at\/bilderserien\/wp-content\/gallery\/perchtenlauf-in-ebenau\/thumbs\/thumbs_perchtenlauf-ebenau-24.jpg\"\n\t\t\t\tdata-image-id=\"16745\"\n\t\t\t\tdata-title=\"Perchtenlauf der Pl\u00c3\u00b6tzpass beim Pl\u00c3\u00b6tzlauf in Ebenau am 07.12.2016  \nFoto und Copyright: Moser Albert, Fotograf, 5201 Seekirchen, Weinbergstiege 1, Tel.: 0043-676-7550526 mailto:albert.moser@sbg.at  www.moser.zenfolio.com\"\n\t\t\t\tdata-description=\"Perchtenlauf der Pl\u00f6tzpass beim Pl\u00f6tzlauf in Ebenau am 07.12.2016  Foto und Copyright: Moser Albert, Fotograf, 5201 Seekirchen, Weinbergstiege 1, Tel.: 0043-676-7550526 mailto:albert.moser@sbg.at  www.moser.zenfolio.com\"\n\t\t\t\tdata-image-slug=\"perchtenlauf-ebenau-24\"\n\t\t\t\tclass=\"shutterset_c828d735da08f355eefdbfe6809a3867\">\n\t\t\t\t<img\n\t\t\t\t\ttitle=\"Perchtenlauf der Pl\u00c3\u00b6tzpass beim Pl\u00c3\u00b6tzlauf in Ebenau am 07.12.2016  \nFoto und Copyright: Moser Albert, Fotograf, 5201 Seekirchen, Weinbergstiege 1, Tel.: 0043-676-7550526 mailto:albert.moser@sbg.at  www.moser.zenfolio.com\"\n\t\t\t\t\talt=\"Perchtenlauf der Pl\u00c3\u00b6tzpass beim Pl\u00c3\u00b6tzlauf in Ebenau am 07.12.2016  \nFoto und Copyright: Moser Albert, Fotograf, 5201 Seekirchen, Weinbergstiege 1, Tel.: 0043-676-7550526 mailto:albert.moser@sbg.at  www.moser.zenfolio.com\"\n\t\t\t\t\tsrc=\"https:\/\/www.verlag-doppelpunkt.at\/bilderserien\/wp-content\/gallery\/perchtenlauf-in-ebenau\/thumbs\/thumbs_perchtenlauf-ebenau-24.jpg\"\n\t\t\t\t\twidth=\"100\"\n\t\t\t\t\theight=\"66\"\n\t\t\t\t\tstyle=\"max-width:100%;\"\n\t\t\t\t\/>\n\t\t\t<\/a>\n\t\t<\/div>\n\t\t\t\t\t\t\t<\/div> \n\t\t\t\n\t\t\t\t<div id=\"ngg-image-17\" class=\"ngg-gallery-thumbnail-box \n\t\t\t\t\t\t\t\t\t\t\t\" \n\t\t\t>\n\t\t\t\t\t\t<div class=\"ngg-gallery-thumbnail\">\n\t\t\t<a href=\"https:\/\/www.verlag-doppelpunkt.at\/bilderserien\/wp-content\/gallery\/perchtenlauf-in-ebenau\/perchtenlauf-ebenau-25.jpg\"\n\t\t\t\ttitle=\"Perchtenlauf der Pl\u00f6tzpass beim Pl\u00f6tzlauf in Ebenau am 07.12.2016  Foto und Copyright: Moser Albert, Fotograf, 5201 Seekirchen, Weinbergstiege 1, Tel.: 0043-676-7550526 mailto:albert.moser@sbg.at  www.moser.zenfolio.com\"\n\t\t\t\tdata-src=\"https:\/\/www.verlag-doppelpunkt.at\/bilderserien\/wp-content\/gallery\/perchtenlauf-in-ebenau\/perchtenlauf-ebenau-25.jpg\"\n\t\t\t\tdata-thumbnail=\"https:\/\/www.verlag-doppelpunkt.at\/bilderserien\/wp-content\/gallery\/perchtenlauf-in-ebenau\/thumbs\/thumbs_perchtenlauf-ebenau-25.jpg\"\n\t\t\t\tdata-image-id=\"16746\"\n\t\t\t\tdata-title=\"Perchtenlauf der Pl\u00c3\u00b6tzpass beim Pl\u00c3\u00b6tzlauf in Ebenau am 07.12.2016  \nFoto und Copyright: Moser Albert, Fotograf, 5201 Seekirchen, Weinbergstiege 1, Tel.: 0043-676-7550526 mailto:albert.moser@sbg.at  www.moser.zenfolio.com\"\n\t\t\t\tdata-description=\"Perchtenlauf der Pl\u00f6tzpass beim Pl\u00f6tzlauf in Ebenau am 07.12.2016  Foto und Copyright: Moser Albert, Fotograf, 5201 Seekirchen, Weinbergstiege 1, Tel.: 0043-676-7550526 mailto:albert.moser@sbg.at  www.moser.zenfolio.com\"\n\t\t\t\tdata-image-slug=\"perchtenlauf-ebenau-25\"\n\t\t\t\tclass=\"shutterset_c828d735da08f355eefdbfe6809a3867\">\n\t\t\t\t<img\n\t\t\t\t\ttitle=\"Perchtenlauf der Pl\u00c3\u00b6tzpass beim Pl\u00c3\u00b6tzlauf in Ebenau am 07.12.2016  \nFoto und Copyright: Moser Albert, Fotograf, 5201 Seekirchen, Weinbergstiege 1, Tel.: 0043-676-7550526 mailto:albert.moser@sbg.at  www.moser.zenfolio.com\"\n\t\t\t\t\talt=\"Perchtenlauf der Pl\u00c3\u00b6tzpass beim Pl\u00c3\u00b6tzlauf in Ebenau am 07.12.2016  \nFoto und Copyright: Moser Albert, Fotograf, 5201 Seekirchen, Weinbergstiege 1, Tel.: 0043-676-7550526 mailto:albert.moser@sbg.at  www.moser.zenfolio.com\"\n\t\t\t\t\tsrc=\"https:\/\/www.verlag-doppelpunkt.at\/bilderserien\/wp-content\/gallery\/perchtenlauf-in-ebenau\/thumbs\/thumbs_perchtenlauf-ebenau-25.jpg\"\n\t\t\t\t\twidth=\"100\"\n\t\t\t\t\theight=\"66\"\n\t\t\t\t\tstyle=\"max-width:100%;\"\n\t\t\t\t\/>\n\t\t\t<\/a>\n\t\t<\/div>\n\t\t\t\t\t\t\t<\/div> \n\t\t\t\n\t\t\t\t<div id=\"ngg-image-18\" class=\"ngg-gallery-thumbnail-box \n\t\t\t\t\t\t\t\t\t\t\t\" \n\t\t\t>\n\t\t\t\t\t\t<div class=\"ngg-gallery-thumbnail\">\n\t\t\t<a href=\"https:\/\/www.verlag-doppelpunkt.at\/bilderserien\/wp-content\/gallery\/perchtenlauf-in-ebenau\/perchtenlauf-ebenau-26.jpg\"\n\t\t\t\ttitle=\"Perchtenlauf der Pl\u00f6tzpass beim Pl\u00f6tzlauf in Ebenau am 07.12.2016  Foto und Copyright: Moser Albert, Fotograf, 5201 Seekirchen, Weinbergstiege 1, Tel.: 0043-676-7550526 mailto:albert.moser@sbg.at  www.moser.zenfolio.com\"\n\t\t\t\tdata-src=\"https:\/\/www.verlag-doppelpunkt.at\/bilderserien\/wp-content\/gallery\/perchtenlauf-in-ebenau\/perchtenlauf-ebenau-26.jpg\"\n\t\t\t\tdata-thumbnail=\"https:\/\/www.verlag-doppelpunkt.at\/bilderserien\/wp-content\/gallery\/perchtenlauf-in-ebenau\/thumbs\/thumbs_perchtenlauf-ebenau-26.jpg\"\n\t\t\t\tdata-image-id=\"16747\"\n\t\t\t\tdata-title=\"Perchtenlauf der Pl\u00c3\u00b6tzpass beim Pl\u00c3\u00b6tzlauf in Ebenau am 07.12.2016  \nFoto und Copyright: Moser Albert, Fotograf, 5201 Seekirchen, Weinbergstiege 1, Tel.: 0043-676-7550526 mailto:albert.moser@sbg.at  www.moser.zenfolio.com\"\n\t\t\t\tdata-description=\"Perchtenlauf der Pl\u00f6tzpass beim Pl\u00f6tzlauf in Ebenau am 07.12.2016  Foto und Copyright: Moser Albert, Fotograf, 5201 Seekirchen, Weinbergstiege 1, Tel.: 0043-676-7550526 mailto:albert.moser@sbg.at  www.moser.zenfolio.com\"\n\t\t\t\tdata-image-slug=\"perchtenlauf-ebenau-26\"\n\t\t\t\tclass=\"shutterset_c828d735da08f355eefdbfe6809a3867\">\n\t\t\t\t<img\n\t\t\t\t\ttitle=\"Perchtenlauf der Pl\u00c3\u00b6tzpass beim Pl\u00c3\u00b6tzlauf in Ebenau am 07.12.2016  \nFoto und Copyright: Moser Albert, Fotograf, 5201 Seekirchen, Weinbergstiege 1, Tel.: 0043-676-7550526 mailto:albert.moser@sbg.at  www.moser.zenfolio.com\"\n\t\t\t\t\talt=\"Perchtenlauf der Pl\u00c3\u00b6tzpass beim Pl\u00c3\u00b6tzlauf in Ebenau am 07.12.2016  \nFoto und Copyright: Moser Albert, Fotograf, 5201 Seekirchen, Weinbergstiege 1, Tel.: 0043-676-7550526 mailto:albert.moser@sbg.at  www.moser.zenfolio.com\"\n\t\t\t\t\tsrc=\"https:\/\/www.verlag-doppelpunkt.at\/bilderserien\/wp-content\/gallery\/perchtenlauf-in-ebenau\/thumbs\/thumbs_perchtenlauf-ebenau-26.jpg\"\n\t\t\t\t\twidth=\"100\"\n\t\t\t\t\theight=\"66\"\n\t\t\t\t\tstyle=\"max-width:100%;\"\n\t\t\t\t\/>\n\t\t\t<\/a>\n\t\t<\/div>\n\t\t\t\t\t\t\t<\/div> \n\t\t\t\n\t\t\t\t<div id=\"ngg-image-19\" class=\"ngg-gallery-thumbnail-box \n\t\t\t\t\t\t\t\t\t\t\t\" \n\t\t\t>\n\t\t\t\t\t\t<div class=\"ngg-gallery-thumbnail\">\n\t\t\t<a href=\"https:\/\/www.verlag-doppelpunkt.at\/bilderserien\/wp-content\/gallery\/perchtenlauf-in-ebenau\/perchtenlauf-ebenau-27.jpg\"\n\t\t\t\ttitle=\"Perchtenlauf der Pl\u00f6tzpass beim Pl\u00f6tzlauf in Ebenau am 07.12.2016  Foto und Copyright: Moser Albert, Fotograf, 5201 Seekirchen, Weinbergstiege 1, Tel.: 0043-676-7550526 mailto:albert.moser@sbg.at  www.moser.zenfolio.com\"\n\t\t\t\tdata-src=\"https:\/\/www.verlag-doppelpunkt.at\/bilderserien\/wp-content\/gallery\/perchtenlauf-in-ebenau\/perchtenlauf-ebenau-27.jpg\"\n\t\t\t\tdata-thumbnail=\"https:\/\/www.verlag-doppelpunkt.at\/bilderserien\/wp-content\/gallery\/perchtenlauf-in-ebenau\/thumbs\/thumbs_perchtenlauf-ebenau-27.jpg\"\n\t\t\t\tdata-image-id=\"16748\"\n\t\t\t\tdata-title=\"Perchtenlauf der Pl\u00c3\u00b6tzpass beim Pl\u00c3\u00b6tzlauf in Ebenau am 07.12.2016  \nFoto und Copyright: Moser Albert, Fotograf, 5201 Seekirchen, Weinbergstiege 1, Tel.: 0043-676-7550526 mailto:albert.moser@sbg.at  www.moser.zenfolio.com\"\n\t\t\t\tdata-description=\"Perchtenlauf der Pl\u00f6tzpass beim Pl\u00f6tzlauf in Ebenau am 07.12.2016  Foto und Copyright: Moser Albert, Fotograf, 5201 Seekirchen, Weinbergstiege 1, Tel.: 0043-676-7550526 mailto:albert.moser@sbg.at  www.moser.zenfolio.com\"\n\t\t\t\tdata-image-slug=\"perchtenlauf-ebenau-27\"\n\t\t\t\tclass=\"shutterset_c828d735da08f355eefdbfe6809a3867\">\n\t\t\t\t<img\n\t\t\t\t\ttitle=\"Perchtenlauf der Pl\u00c3\u00b6tzpass beim Pl\u00c3\u00b6tzlauf in Ebenau am 07.12.2016  \nFoto und Copyright: Moser Albert, Fotograf, 5201 Seekirchen, Weinbergstiege 1, Tel.: 0043-676-7550526 mailto:albert.moser@sbg.at  www.moser.zenfolio.com\"\n\t\t\t\t\talt=\"Perchtenlauf der Pl\u00c3\u00b6tzpass beim Pl\u00c3\u00b6tzlauf in Ebenau am 07.12.2016  \nFoto und Copyright: Moser Albert, Fotograf, 5201 Seekirchen, Weinbergstiege 1, Tel.: 0043-676-7550526 mailto:albert.moser@sbg.at  www.moser.zenfolio.com\"\n\t\t\t\t\tsrc=\"https:\/\/www.verlag-doppelpunkt.at\/bilderserien\/wp-content\/gallery\/perchtenlauf-in-ebenau\/thumbs\/thumbs_perchtenlauf-ebenau-27.jpg\"\n\t\t\t\t\twidth=\"100\"\n\t\t\t\t\theight=\"66\"\n\t\t\t\t\tstyle=\"max-width:100%;\"\n\t\t\t\t\/>\n\t\t\t<\/a>\n\t\t<\/div>\n\t\t\t\t\t\t\t<\/div> \n\t\t\t\n\t\t\t\t<div id=\"ngg-image-20\" class=\"ngg-gallery-thumbnail-box \n\t\t\t\t\t\t\t\t\t\t\t\" \n\t\t\tstyle=\"display: none;\">\n\t\t\t\t\t\t<div class=\"ngg-gallery-thumbnail\">\n\t\t\t<a href=\"https:\/\/www.verlag-doppelpunkt.at\/bilderserien\/wp-content\/gallery\/perchtenlauf-in-ebenau\/perchtenlauf-ebenau-28.jpg\"\n\t\t\t\ttitle=\"Perchtenlauf der Pl\u00f6tzpass beim Pl\u00f6tzlauf in Ebenau am 07.12.2016  Foto und Copyright: Moser Albert, Fotograf, 5201 Seekirchen, Weinbergstiege 1, Tel.: 0043-676-7550526 mailto:albert.moser@sbg.at  www.moser.zenfolio.com\"\n\t\t\t\tdata-src=\"https:\/\/www.verlag-doppelpunkt.at\/bilderserien\/wp-content\/gallery\/perchtenlauf-in-ebenau\/perchtenlauf-ebenau-28.jpg\"\n\t\t\t\tdata-thumbnail=\"https:\/\/www.verlag-doppelpunkt.at\/bilderserien\/wp-content\/gallery\/perchtenlauf-in-ebenau\/thumbs\/thumbs_perchtenlauf-ebenau-28.jpg\"\n\t\t\t\tdata-image-id=\"16749\"\n\t\t\t\tdata-title=\"Perchtenlauf der Pl\u00c3\u00b6tzpass beim Pl\u00c3\u00b6tzlauf in Ebenau am 07.12.2016  \nFoto und Copyright: Moser Albert, Fotograf, 5201 Seekirchen, Weinbergstiege 1, Tel.: 0043-676-7550526 mailto:albert.moser@sbg.at  www.moser.zenfolio.com\"\n\t\t\t\tdata-description=\"Perchtenlauf der Pl\u00f6tzpass beim Pl\u00f6tzlauf in Ebenau am 07.12.2016  Foto und Copyright: Moser Albert, Fotograf, 5201 Seekirchen, Weinbergstiege 1, Tel.: 0043-676-7550526 mailto:albert.moser@sbg.at  www.moser.zenfolio.com\"\n\t\t\t\tdata-image-slug=\"perchtenlauf-ebenau-28\"\n\t\t\t\tclass=\"shutterset_c828d735da08f355eefdbfe6809a3867\">\n\t\t\t\t<img\n\t\t\t\t\ttitle=\"Perchtenlauf der Pl\u00c3\u00b6tzpass beim Pl\u00c3\u00b6tzlauf in Ebenau am 07.12.2016  \nFoto und Copyright: Moser Albert, Fotograf, 5201 Seekirchen, Weinbergstiege 1, Tel.: 0043-676-7550526 mailto:albert.moser@sbg.at  www.moser.zenfolio.com\"\n\t\t\t\t\talt=\"Perchtenlauf der Pl\u00c3\u00b6tzpass beim Pl\u00c3\u00b6tzlauf in Ebenau am 07.12.2016  \nFoto und Copyright: Moser Albert, Fotograf, 5201 Seekirchen, Weinbergstiege 1, Tel.: 0043-676-7550526 mailto:albert.moser@sbg.at  www.moser.zenfolio.com\"\n\t\t\t\t\tsrc=\"https:\/\/www.verlag-doppelpunkt.at\/bilderserien\/wp-content\/gallery\/perchtenlauf-in-ebenau\/thumbs\/thumbs_perchtenlauf-ebenau-28.jpg\"\n\t\t\t\t\twidth=\"100\"\n\t\t\t\t\theight=\"66\"\n\t\t\t\t\tstyle=\"max-width:100%;\"\n\t\t\t\t\/>\n\t\t\t<\/a>\n\t\t<\/div>\n\t\t\t\t\t\t\t<\/div> \n\t\t\t\n\t\t\t\t<div id=\"ngg-image-21\" class=\"ngg-gallery-thumbnail-box \n\t\t\t\t\t\t\t\t\t\t\t\" \n\t\t\tstyle=\"display: none;\">\n\t\t\t\t\t\t<div class=\"ngg-gallery-thumbnail\">\n\t\t\t<a href=\"https:\/\/www.verlag-doppelpunkt.at\/bilderserien\/wp-content\/gallery\/perchtenlauf-in-ebenau\/perchtenlauf-ebenau-29.jpg\"\n\t\t\t\ttitle=\"Perchtenlauf der Pl\u00f6tzpass beim Pl\u00f6tzlauf in Ebenau am 07.12.2016  Foto und Copyright: Moser Albert, Fotograf, 5201 Seekirchen, Weinbergstiege 1, Tel.: 0043-676-7550526 mailto:albert.moser@sbg.at  www.moser.zenfolio.com\"\n\t\t\t\tdata-src=\"https:\/\/www.verlag-doppelpunkt.at\/bilderserien\/wp-content\/gallery\/perchtenlauf-in-ebenau\/perchtenlauf-ebenau-29.jpg\"\n\t\t\t\tdata-thumbnail=\"https:\/\/www.verlag-doppelpunkt.at\/bilderserien\/wp-content\/gallery\/perchtenlauf-in-ebenau\/thumbs\/thumbs_perchtenlauf-ebenau-29.jpg\"\n\t\t\t\tdata-image-id=\"16750\"\n\t\t\t\tdata-title=\"Perchtenlauf der Pl\u00c3\u00b6tzpass beim Pl\u00c3\u00b6tzlauf in Ebenau am 07.12.2016  \nFoto und Copyright: Moser Albert, Fotograf, 5201 Seekirchen, Weinbergstiege 1, Tel.: 0043-676-7550526 mailto:albert.moser@sbg.at  www.moser.zenfolio.com\"\n\t\t\t\tdata-description=\"Perchtenlauf der Pl\u00f6tzpass beim Pl\u00f6tzlauf in Ebenau am 07.12.2016  Foto und Copyright: Moser Albert, Fotograf, 5201 Seekirchen, Weinbergstiege 1, Tel.: 0043-676-7550526 mailto:albert.moser@sbg.at  www.moser.zenfolio.com\"\n\t\t\t\tdata-image-slug=\"perchtenlauf-ebenau-29\"\n\t\t\t\tclass=\"shutterset_c828d735da08f355eefdbfe6809a3867\">\n\t\t\t\t<img\n\t\t\t\t\ttitle=\"Perchtenlauf der Pl\u00c3\u00b6tzpass beim Pl\u00c3\u00b6tzlauf in Ebenau am 07.12.2016  \nFoto und Copyright: Moser Albert, Fotograf, 5201 Seekirchen, Weinbergstiege 1, Tel.: 0043-676-7550526 mailto:albert.moser@sbg.at  www.moser.zenfolio.com\"\n\t\t\t\t\talt=\"Perchtenlauf der Pl\u00c3\u00b6tzpass beim Pl\u00c3\u00b6tzlauf in Ebenau am 07.12.2016  \nFoto und Copyright: Moser Albert, Fotograf, 5201 Seekirchen, Weinbergstiege 1, Tel.: 0043-676-7550526 mailto:albert.moser@sbg.at  www.moser.zenfolio.com\"\n\t\t\t\t\tsrc=\"https:\/\/www.verlag-doppelpunkt.at\/bilderserien\/wp-content\/gallery\/perchtenlauf-in-ebenau\/thumbs\/thumbs_perchtenlauf-ebenau-29.jpg\"\n\t\t\t\t\twidth=\"100\"\n\t\t\t\t\theight=\"66\"\n\t\t\t\t\tstyle=\"max-width:100%;\"\n\t\t\t\t\/>\n\t\t\t<\/a>\n\t\t<\/div>\n\t\t\t\t\t\t\t<\/div> \n\t\t\t\n\t\t\t\t<div id=\"ngg-image-22\" class=\"ngg-gallery-thumbnail-box \n\t\t\t\t\t\t\t\t\t\t\t\" \n\t\t\tstyle=\"display: none;\">\n\t\t\t\t\t\t<div class=\"ngg-gallery-thumbnail\">\n\t\t\t<a href=\"https:\/\/www.verlag-doppelpunkt.at\/bilderserien\/wp-content\/gallery\/perchtenlauf-in-ebenau\/perchtenlauf-ebenau-3.jpg\"\n\t\t\t\ttitle=\"Perchtenlauf der Pl\u00f6tzpass beim Pl\u00f6tzlauf in Ebenau am 07.12.2016  Foto und Copyright: Moser Albert, Fotograf, 5201 Seekirchen, Weinbergstiege 1, Tel.: 0043-676-7550526 mailto:albert.moser@sbg.at  www.moser.zenfolio.com\"\n\t\t\t\tdata-src=\"https:\/\/www.verlag-doppelpunkt.at\/bilderserien\/wp-content\/gallery\/perchtenlauf-in-ebenau\/perchtenlauf-ebenau-3.jpg\"\n\t\t\t\tdata-thumbnail=\"https:\/\/www.verlag-doppelpunkt.at\/bilderserien\/wp-content\/gallery\/perchtenlauf-in-ebenau\/thumbs\/thumbs_perchtenlauf-ebenau-3.jpg\"\n\t\t\t\tdata-image-id=\"16751\"\n\t\t\t\tdata-title=\"Perchtenlauf der Pl\u00c3\u00b6tzpass beim Pl\u00c3\u00b6tzlauf in Ebenau am 07.12.2016  \nFoto und Copyright: Moser Albert, Fotograf, 5201 Seekirchen, Weinbergstiege 1, Tel.: 0043-676-7550526 mailto:albert.moser@sbg.at  www.moser.zenfolio.com\"\n\t\t\t\tdata-description=\"Perchtenlauf der Pl\u00f6tzpass beim Pl\u00f6tzlauf in Ebenau am 07.12.2016  Foto und Copyright: Moser Albert, Fotograf, 5201 Seekirchen, Weinbergstiege 1, Tel.: 0043-676-7550526 mailto:albert.moser@sbg.at  www.moser.zenfolio.com\"\n\t\t\t\tdata-image-slug=\"perchtenlauf-ebenau-3\"\n\t\t\t\tclass=\"shutterset_c828d735da08f355eefdbfe6809a3867\">\n\t\t\t\t<img\n\t\t\t\t\ttitle=\"Perchtenlauf der Pl\u00c3\u00b6tzpass beim Pl\u00c3\u00b6tzlauf in Ebenau am 07.12.2016  \nFoto und Copyright: Moser Albert, Fotograf, 5201 Seekirchen, Weinbergstiege 1, Tel.: 0043-676-7550526 mailto:albert.moser@sbg.at  www.moser.zenfolio.com\"\n\t\t\t\t\talt=\"Perchtenlauf der Pl\u00c3\u00b6tzpass beim Pl\u00c3\u00b6tzlauf in Ebenau am 07.12.2016  \nFoto und Copyright: Moser Albert, Fotograf, 5201 Seekirchen, Weinbergstiege 1, Tel.: 0043-676-7550526 mailto:albert.moser@sbg.at  www.moser.zenfolio.com\"\n\t\t\t\t\tsrc=\"https:\/\/www.verlag-doppelpunkt.at\/bilderserien\/wp-content\/gallery\/perchtenlauf-in-ebenau\/thumbs\/thumbs_perchtenlauf-ebenau-3.jpg\"\n\t\t\t\t\twidth=\"100\"\n\t\t\t\t\theight=\"66\"\n\t\t\t\t\tstyle=\"max-width:100%;\"\n\t\t\t\t\/>\n\t\t\t<\/a>\n\t\t<\/div>\n\t\t\t\t\t\t\t<\/div> \n\t\t\t\n\t\t\t\t<div id=\"ngg-image-23\" class=\"ngg-gallery-thumbnail-box \n\t\t\t\t\t\t\t\t\t\t\t\" \n\t\t\tstyle=\"display: none;\">\n\t\t\t\t\t\t<div class=\"ngg-gallery-thumbnail\">\n\t\t\t<a href=\"https:\/\/www.verlag-doppelpunkt.at\/bilderserien\/wp-content\/gallery\/perchtenlauf-in-ebenau\/perchtenlauf-ebenau-30.jpg\"\n\t\t\t\ttitle=\"Perchtenlauf der Pl\u00f6tzpass beim Pl\u00f6tzlauf in Ebenau am 07.12.2016  Foto und Copyright: Moser Albert, Fotograf, 5201 Seekirchen, Weinbergstiege 1, Tel.: 0043-676-7550526 mailto:albert.moser@sbg.at  www.moser.zenfolio.com\"\n\t\t\t\tdata-src=\"https:\/\/www.verlag-doppelpunkt.at\/bilderserien\/wp-content\/gallery\/perchtenlauf-in-ebenau\/perchtenlauf-ebenau-30.jpg\"\n\t\t\t\tdata-thumbnail=\"https:\/\/www.verlag-doppelpunkt.at\/bilderserien\/wp-content\/gallery\/perchtenlauf-in-ebenau\/thumbs\/thumbs_perchtenlauf-ebenau-30.jpg\"\n\t\t\t\tdata-image-id=\"16752\"\n\t\t\t\tdata-title=\"Perchtenlauf der Pl\u00c3\u00b6tzpass beim Pl\u00c3\u00b6tzlauf in Ebenau am 07.12.2016  \nFoto und Copyright: Moser Albert, Fotograf, 5201 Seekirchen, Weinbergstiege 1, Tel.: 0043-676-7550526 mailto:albert.moser@sbg.at  www.moser.zenfolio.com\"\n\t\t\t\tdata-description=\"Perchtenlauf der Pl\u00f6tzpass beim Pl\u00f6tzlauf in Ebenau am 07.12.2016  Foto und Copyright: Moser Albert, Fotograf, 5201 Seekirchen, Weinbergstiege 1, Tel.: 0043-676-7550526 mailto:albert.moser@sbg.at  www.moser.zenfolio.com\"\n\t\t\t\tdata-image-slug=\"perchtenlauf-ebenau-30\"\n\t\t\t\tclass=\"shutterset_c828d735da08f355eefdbfe6809a3867\">\n\t\t\t\t<img\n\t\t\t\t\ttitle=\"Perchtenlauf der Pl\u00c3\u00b6tzpass beim Pl\u00c3\u00b6tzlauf in Ebenau am 07.12.2016  \nFoto und Copyright: Moser Albert, Fotograf, 5201 Seekirchen, Weinbergstiege 1, Tel.: 0043-676-7550526 mailto:albert.moser@sbg.at  www.moser.zenfolio.com\"\n\t\t\t\t\talt=\"Perchtenlauf der Pl\u00c3\u00b6tzpass beim Pl\u00c3\u00b6tzlauf in Ebenau am 07.12.2016  \nFoto und Copyright: Moser Albert, Fotograf, 5201 Seekirchen, Weinbergstiege 1, Tel.: 0043-676-7550526 mailto:albert.moser@sbg.at  www.moser.zenfolio.com\"\n\t\t\t\t\tsrc=\"https:\/\/www.verlag-doppelpunkt.at\/bilderserien\/wp-content\/gallery\/perchtenlauf-in-ebenau\/thumbs\/thumbs_perchtenlauf-ebenau-30.jpg\"\n\t\t\t\t\twidth=\"100\"\n\t\t\t\t\theight=\"66\"\n\t\t\t\t\tstyle=\"max-width:100%;\"\n\t\t\t\t\/>\n\t\t\t<\/a>\n\t\t<\/div>\n\t\t\t\t\t\t\t<\/div> \n\t\t\t\n\t\t\t\t<div id=\"ngg-image-24\" class=\"ngg-gallery-thumbnail-box \n\t\t\t\t\t\t\t\t\t\t\t\" \n\t\t\tstyle=\"display: none;\">\n\t\t\t\t\t\t<div class=\"ngg-gallery-thumbnail\">\n\t\t\t<a href=\"https:\/\/www.verlag-doppelpunkt.at\/bilderserien\/wp-content\/gallery\/perchtenlauf-in-ebenau\/perchtenlauf-ebenau-31.jpg\"\n\t\t\t\ttitle=\"Perchtenlauf der Pl\u00f6tzpass beim Pl\u00f6tzlauf in Ebenau am 07.12.2016  Foto und Copyright: Moser Albert, Fotograf, 5201 Seekirchen, Weinbergstiege 1, Tel.: 0043-676-7550526 mailto:albert.moser@sbg.at  www.moser.zenfolio.com\"\n\t\t\t\tdata-src=\"https:\/\/www.verlag-doppelpunkt.at\/bilderserien\/wp-content\/gallery\/perchtenlauf-in-ebenau\/perchtenlauf-ebenau-31.jpg\"\n\t\t\t\tdata-thumbnail=\"https:\/\/www.verlag-doppelpunkt.at\/bilderserien\/wp-content\/gallery\/perchtenlauf-in-ebenau\/thumbs\/thumbs_perchtenlauf-ebenau-31.jpg\"\n\t\t\t\tdata-image-id=\"16753\"\n\t\t\t\tdata-title=\"Perchtenlauf der Pl\u00c3\u00b6tzpass beim Pl\u00c3\u00b6tzlauf in Ebenau am 07.12.2016  \nFoto und Copyright: Moser Albert, Fotograf, 5201 Seekirchen, Weinbergstiege 1, Tel.: 0043-676-7550526 mailto:albert.moser@sbg.at  www.moser.zenfolio.com\"\n\t\t\t\tdata-description=\"Perchtenlauf der Pl\u00f6tzpass beim Pl\u00f6tzlauf in Ebenau am 07.12.2016  Foto und Copyright: Moser Albert, Fotograf, 5201 Seekirchen, Weinbergstiege 1, Tel.: 0043-676-7550526 mailto:albert.moser@sbg.at  www.moser.zenfolio.com\"\n\t\t\t\tdata-image-slug=\"perchtenlauf-ebenau-31\"\n\t\t\t\tclass=\"shutterset_c828d735da08f355eefdbfe6809a3867\">\n\t\t\t\t<img\n\t\t\t\t\ttitle=\"Perchtenlauf der Pl\u00c3\u00b6tzpass beim Pl\u00c3\u00b6tzlauf in Ebenau am 07.12.2016  \nFoto und Copyright: Moser Albert, Fotograf, 5201 Seekirchen, Weinbergstiege 1, Tel.: 0043-676-7550526 mailto:albert.moser@sbg.at  www.moser.zenfolio.com\"\n\t\t\t\t\talt=\"Perchtenlauf der Pl\u00c3\u00b6tzpass beim Pl\u00c3\u00b6tzlauf in Ebenau am 07.12.2016  \nFoto und Copyright: Moser Albert, Fotograf, 5201 Seekirchen, Weinbergstiege 1, Tel.: 0043-676-7550526 mailto:albert.moser@sbg.at  www.moser.zenfolio.com\"\n\t\t\t\t\tsrc=\"https:\/\/www.verlag-doppelpunkt.at\/bilderserien\/wp-content\/gallery\/perchtenlauf-in-ebenau\/thumbs\/thumbs_perchtenlauf-ebenau-31.jpg\"\n\t\t\t\t\twidth=\"100\"\n\t\t\t\t\theight=\"66\"\n\t\t\t\t\tstyle=\"max-width:100%;\"\n\t\t\t\t\/>\n\t\t\t<\/a>\n\t\t<\/div>\n\t\t\t\t\t\t\t<\/div> \n\t\t\t\n\t\t\t\t<div id=\"ngg-image-25\" class=\"ngg-gallery-thumbnail-box \n\t\t\t\t\t\t\t\t\t\t\t\" \n\t\t\tstyle=\"display: none;\">\n\t\t\t\t\t\t<div class=\"ngg-gallery-thumbnail\">\n\t\t\t<a href=\"https:\/\/www.verlag-doppelpunkt.at\/bilderserien\/wp-content\/gallery\/perchtenlauf-in-ebenau\/perchtenlauf-ebenau-32.jpg\"\n\t\t\t\ttitle=\"Perchtenlauf der Pl\u00f6tzpass beim Pl\u00f6tzlauf in Ebenau am 07.12.2016  Foto und Copyright: Moser Albert, Fotograf, 5201 Seekirchen, Weinbergstiege 1, Tel.: 0043-676-7550526 mailto:albert.moser@sbg.at  www.moser.zenfolio.com\"\n\t\t\t\tdata-src=\"https:\/\/www.verlag-doppelpunkt.at\/bilderserien\/wp-content\/gallery\/perchtenlauf-in-ebenau\/perchtenlauf-ebenau-32.jpg\"\n\t\t\t\tdata-thumbnail=\"https:\/\/www.verlag-doppelpunkt.at\/bilderserien\/wp-content\/gallery\/perchtenlauf-in-ebenau\/thumbs\/thumbs_perchtenlauf-ebenau-32.jpg\"\n\t\t\t\tdata-image-id=\"16754\"\n\t\t\t\tdata-title=\"Perchtenlauf der Pl\u00c3\u00b6tzpass beim Pl\u00c3\u00b6tzlauf in Ebenau am 07.12.2016  \nFoto und Copyright: Moser Albert, Fotograf, 5201 Seekirchen, Weinbergstiege 1, Tel.: 0043-676-7550526 mailto:albert.moser@sbg.at  www.moser.zenfolio.com\"\n\t\t\t\tdata-description=\"Perchtenlauf der Pl\u00f6tzpass beim Pl\u00f6tzlauf in Ebenau am 07.12.2016  Foto und Copyright: Moser Albert, Fotograf, 5201 Seekirchen, Weinbergstiege 1, Tel.: 0043-676-7550526 mailto:albert.moser@sbg.at  www.moser.zenfolio.com\"\n\t\t\t\tdata-image-slug=\"perchtenlauf-ebenau-32\"\n\t\t\t\tclass=\"shutterset_c828d735da08f355eefdbfe6809a3867\">\n\t\t\t\t<img\n\t\t\t\t\ttitle=\"Perchtenlauf der Pl\u00c3\u00b6tzpass beim Pl\u00c3\u00b6tzlauf in Ebenau am 07.12.2016  \nFoto und Copyright: Moser Albert, Fotograf, 5201 Seekirchen, Weinbergstiege 1, Tel.: 0043-676-7550526 mailto:albert.moser@sbg.at  www.moser.zenfolio.com\"\n\t\t\t\t\talt=\"Perchtenlauf der Pl\u00c3\u00b6tzpass beim Pl\u00c3\u00b6tzlauf in Ebenau am 07.12.2016  \nFoto und Copyright: Moser Albert, Fotograf, 5201 Seekirchen, Weinbergstiege 1, Tel.: 0043-676-7550526 mailto:albert.moser@sbg.at  www.moser.zenfolio.com\"\n\t\t\t\t\tsrc=\"https:\/\/www.verlag-doppelpunkt.at\/bilderserien\/wp-content\/gallery\/perchtenlauf-in-ebenau\/thumbs\/thumbs_perchtenlauf-ebenau-32.jpg\"\n\t\t\t\t\twidth=\"100\"\n\t\t\t\t\theight=\"66\"\n\t\t\t\t\tstyle=\"max-width:100%;\"\n\t\t\t\t\/>\n\t\t\t<\/a>\n\t\t<\/div>\n\t\t\t\t\t\t\t<\/div> \n\t\t\t\n\t\t\t\t<div id=\"ngg-image-26\" class=\"ngg-gallery-thumbnail-box \n\t\t\t\t\t\t\t\t\t\t\t\" \n\t\t\tstyle=\"display: none;\">\n\t\t\t\t\t\t<div class=\"ngg-gallery-thumbnail\">\n\t\t\t<a href=\"https:\/\/www.verlag-doppelpunkt.at\/bilderserien\/wp-content\/gallery\/perchtenlauf-in-ebenau\/perchtenlauf-ebenau-33.jpg\"\n\t\t\t\ttitle=\"Perchtenlauf der Pl\u00f6tzpass beim Pl\u00f6tzlauf in Ebenau am 07.12.2016  Foto und Copyright: Moser Albert, Fotograf, 5201 Seekirchen, Weinbergstiege 1, Tel.: 0043-676-7550526 mailto:albert.moser@sbg.at  www.moser.zenfolio.com\"\n\t\t\t\tdata-src=\"https:\/\/www.verlag-doppelpunkt.at\/bilderserien\/wp-content\/gallery\/perchtenlauf-in-ebenau\/perchtenlauf-ebenau-33.jpg\"\n\t\t\t\tdata-thumbnail=\"https:\/\/www.verlag-doppelpunkt.at\/bilderserien\/wp-content\/gallery\/perchtenlauf-in-ebenau\/thumbs\/thumbs_perchtenlauf-ebenau-33.jpg\"\n\t\t\t\tdata-image-id=\"16755\"\n\t\t\t\tdata-title=\"Perchtenlauf der Pl\u00c3\u00b6tzpass beim Pl\u00c3\u00b6tzlauf in Ebenau am 07.12.2016  \nFoto und Copyright: Moser Albert, Fotograf, 5201 Seekirchen, Weinbergstiege 1, Tel.: 0043-676-7550526 mailto:albert.moser@sbg.at  www.moser.zenfolio.com\"\n\t\t\t\tdata-description=\"Perchtenlauf der Pl\u00f6tzpass beim Pl\u00f6tzlauf in Ebenau am 07.12.2016  Foto und Copyright: Moser Albert, Fotograf, 5201 Seekirchen, Weinbergstiege 1, Tel.: 0043-676-7550526 mailto:albert.moser@sbg.at  www.moser.zenfolio.com\"\n\t\t\t\tdata-image-slug=\"perchtenlauf-ebenau-33\"\n\t\t\t\tclass=\"shutterset_c828d735da08f355eefdbfe6809a3867\">\n\t\t\t\t<img\n\t\t\t\t\ttitle=\"Perchtenlauf der Pl\u00c3\u00b6tzpass beim Pl\u00c3\u00b6tzlauf in Ebenau am 07.12.2016  \nFoto und Copyright: Moser Albert, Fotograf, 5201 Seekirchen, Weinbergstiege 1, Tel.: 0043-676-7550526 mailto:albert.moser@sbg.at  www.moser.zenfolio.com\"\n\t\t\t\t\talt=\"Perchtenlauf der Pl\u00c3\u00b6tzpass beim Pl\u00c3\u00b6tzlauf in Ebenau am 07.12.2016  \nFoto und Copyright: Moser Albert, Fotograf, 5201 Seekirchen, Weinbergstiege 1, Tel.: 0043-676-7550526 mailto:albert.moser@sbg.at  www.moser.zenfolio.com\"\n\t\t\t\t\tsrc=\"https:\/\/www.verlag-doppelpunkt.at\/bilderserien\/wp-content\/gallery\/perchtenlauf-in-ebenau\/thumbs\/thumbs_perchtenlauf-ebenau-33.jpg\"\n\t\t\t\t\twidth=\"100\"\n\t\t\t\t\theight=\"66\"\n\t\t\t\t\tstyle=\"max-width:100%;\"\n\t\t\t\t\/>\n\t\t\t<\/a>\n\t\t<\/div>\n\t\t\t\t\t\t\t<\/div> \n\t\t\t\n\t\t\t\t<div id=\"ngg-image-27\" class=\"ngg-gallery-thumbnail-box \n\t\t\t\t\t\t\t\t\t\t\t\" \n\t\t\tstyle=\"display: none;\">\n\t\t\t\t\t\t<div class=\"ngg-gallery-thumbnail\">\n\t\t\t<a href=\"https:\/\/www.verlag-doppelpunkt.at\/bilderserien\/wp-content\/gallery\/perchtenlauf-in-ebenau\/perchtenlauf-ebenau-34.jpg\"\n\t\t\t\ttitle=\"Perchtenlauf der Pl\u00f6tzpass beim Pl\u00f6tzlauf in Ebenau am 07.12.2016  Foto und Copyright: Moser Albert, Fotograf, 5201 Seekirchen, Weinbergstiege 1, Tel.: 0043-676-7550526 mailto:albert.moser@sbg.at  www.moser.zenfolio.com\"\n\t\t\t\tdata-src=\"https:\/\/www.verlag-doppelpunkt.at\/bilderserien\/wp-content\/gallery\/perchtenlauf-in-ebenau\/perchtenlauf-ebenau-34.jpg\"\n\t\t\t\tdata-thumbnail=\"https:\/\/www.verlag-doppelpunkt.at\/bilderserien\/wp-content\/gallery\/perchtenlauf-in-ebenau\/thumbs\/thumbs_perchtenlauf-ebenau-34.jpg\"\n\t\t\t\tdata-image-id=\"16756\"\n\t\t\t\tdata-title=\"Perchtenlauf der Pl\u00c3\u00b6tzpass beim Pl\u00c3\u00b6tzlauf in Ebenau am 07.12.2016  \nFoto und Copyright: Moser Albert, Fotograf, 5201 Seekirchen, Weinbergstiege 1, Tel.: 0043-676-7550526 mailto:albert.moser@sbg.at  www.moser.zenfolio.com\"\n\t\t\t\tdata-description=\"Perchtenlauf der Pl\u00f6tzpass beim Pl\u00f6tzlauf in Ebenau am 07.12.2016  Foto und Copyright: Moser Albert, Fotograf, 5201 Seekirchen, Weinbergstiege 1, Tel.: 0043-676-7550526 mailto:albert.moser@sbg.at  www.moser.zenfolio.com\"\n\t\t\t\tdata-image-slug=\"perchtenlauf-ebenau-34\"\n\t\t\t\tclass=\"shutterset_c828d735da08f355eefdbfe6809a3867\">\n\t\t\t\t<img\n\t\t\t\t\ttitle=\"Perchtenlauf der Pl\u00c3\u00b6tzpass beim Pl\u00c3\u00b6tzlauf in Ebenau am 07.12.2016  \nFoto und Copyright: Moser Albert, Fotograf, 5201 Seekirchen, Weinbergstiege 1, Tel.: 0043-676-7550526 mailto:albert.moser@sbg.at  www.moser.zenfolio.com\"\n\t\t\t\t\talt=\"Perchtenlauf der Pl\u00c3\u00b6tzpass beim Pl\u00c3\u00b6tzlauf in Ebenau am 07.12.2016  \nFoto und Copyright: Moser Albert, Fotograf, 5201 Seekirchen, Weinbergstiege 1, Tel.: 0043-676-7550526 mailto:albert.moser@sbg.at  www.moser.zenfolio.com\"\n\t\t\t\t\tsrc=\"https:\/\/www.verlag-doppelpunkt.at\/bilderserien\/wp-content\/gallery\/perchtenlauf-in-ebenau\/thumbs\/thumbs_perchtenlauf-ebenau-34.jpg\"\n\t\t\t\t\twidth=\"100\"\n\t\t\t\t\theight=\"66\"\n\t\t\t\t\tstyle=\"max-width:100%;\"\n\t\t\t\t\/>\n\t\t\t<\/a>\n\t\t<\/div>\n\t\t\t\t\t\t\t<\/div> \n\t\t\t\n\t\t\t\t<div id=\"ngg-image-28\" class=\"ngg-gallery-thumbnail-box \n\t\t\t\t\t\t\t\t\t\t\t\" \n\t\t\tstyle=\"display: none;\">\n\t\t\t\t\t\t<div class=\"ngg-gallery-thumbnail\">\n\t\t\t<a href=\"https:\/\/www.verlag-doppelpunkt.at\/bilderserien\/wp-content\/gallery\/perchtenlauf-in-ebenau\/perchtenlauf-ebenau-35.jpg\"\n\t\t\t\ttitle=\"Perchtenlauf der Pl\u00f6tzpass beim Pl\u00f6tzlauf in Ebenau am 07.12.2016  Foto und Copyright: Moser Albert, Fotograf, 5201 Seekirchen, Weinbergstiege 1, Tel.: 0043-676-7550526 mailto:albert.moser@sbg.at  www.moser.zenfolio.com\"\n\t\t\t\tdata-src=\"https:\/\/www.verlag-doppelpunkt.at\/bilderserien\/wp-content\/gallery\/perchtenlauf-in-ebenau\/perchtenlauf-ebenau-35.jpg\"\n\t\t\t\tdata-thumbnail=\"https:\/\/www.verlag-doppelpunkt.at\/bilderserien\/wp-content\/gallery\/perchtenlauf-in-ebenau\/thumbs\/thumbs_perchtenlauf-ebenau-35.jpg\"\n\t\t\t\tdata-image-id=\"16757\"\n\t\t\t\tdata-title=\"Perchtenlauf der Pl\u00c3\u00b6tzpass beim Pl\u00c3\u00b6tzlauf in Ebenau am 07.12.2016  \nFoto und Copyright: Moser Albert, Fotograf, 5201 Seekirchen, Weinbergstiege 1, Tel.: 0043-676-7550526 mailto:albert.moser@sbg.at  www.moser.zenfolio.com\"\n\t\t\t\tdata-description=\"Perchtenlauf der Pl\u00f6tzpass beim Pl\u00f6tzlauf in Ebenau am 07.12.2016  Foto und Copyright: Moser Albert, Fotograf, 5201 Seekirchen, Weinbergstiege 1, Tel.: 0043-676-7550526 mailto:albert.moser@sbg.at  www.moser.zenfolio.com\"\n\t\t\t\tdata-image-slug=\"perchtenlauf-ebenau-35\"\n\t\t\t\tclass=\"shutterset_c828d735da08f355eefdbfe6809a3867\">\n\t\t\t\t<img\n\t\t\t\t\ttitle=\"Perchtenlauf der Pl\u00c3\u00b6tzpass beim Pl\u00c3\u00b6tzlauf in Ebenau am 07.12.2016  \nFoto und Copyright: Moser Albert, Fotograf, 5201 Seekirchen, Weinbergstiege 1, Tel.: 0043-676-7550526 mailto:albert.moser@sbg.at  www.moser.zenfolio.com\"\n\t\t\t\t\talt=\"Perchtenlauf der Pl\u00c3\u00b6tzpass beim Pl\u00c3\u00b6tzlauf in Ebenau am 07.12.2016  \nFoto und Copyright: Moser Albert, Fotograf, 5201 Seekirchen, Weinbergstiege 1, Tel.: 0043-676-7550526 mailto:albert.moser@sbg.at  www.moser.zenfolio.com\"\n\t\t\t\t\tsrc=\"https:\/\/www.verlag-doppelpunkt.at\/bilderserien\/wp-content\/gallery\/perchtenlauf-in-ebenau\/thumbs\/thumbs_perchtenlauf-ebenau-35.jpg\"\n\t\t\t\t\twidth=\"100\"\n\t\t\t\t\theight=\"66\"\n\t\t\t\t\tstyle=\"max-width:100%;\"\n\t\t\t\t\/>\n\t\t\t<\/a>\n\t\t<\/div>\n\t\t\t\t\t\t\t<\/div> \n\t\t\t\n\t\t\t\t<div id=\"ngg-image-29\" class=\"ngg-gallery-thumbnail-box \n\t\t\t\t\t\t\t\t\t\t\t\" \n\t\t\tstyle=\"display: none;\">\n\t\t\t\t\t\t<div class=\"ngg-gallery-thumbnail\">\n\t\t\t<a href=\"https:\/\/www.verlag-doppelpunkt.at\/bilderserien\/wp-content\/gallery\/perchtenlauf-in-ebenau\/perchtenlauf-ebenau-36.jpg\"\n\t\t\t\ttitle=\"Perchtenlauf der Pl\u00f6tzpass beim Pl\u00f6tzlauf in Ebenau am 07.12.2016  Foto und Copyright: Moser Albert, Fotograf, 5201 Seekirchen, Weinbergstiege 1, Tel.: 0043-676-7550526 mailto:albert.moser@sbg.at  www.moser.zenfolio.com\"\n\t\t\t\tdata-src=\"https:\/\/www.verlag-doppelpunkt.at\/bilderserien\/wp-content\/gallery\/perchtenlauf-in-ebenau\/perchtenlauf-ebenau-36.jpg\"\n\t\t\t\tdata-thumbnail=\"https:\/\/www.verlag-doppelpunkt.at\/bilderserien\/wp-content\/gallery\/perchtenlauf-in-ebenau\/thumbs\/thumbs_perchtenlauf-ebenau-36.jpg\"\n\t\t\t\tdata-image-id=\"16758\"\n\t\t\t\tdata-title=\"Perchtenlauf der Pl\u00c3\u00b6tzpass beim Pl\u00c3\u00b6tzlauf in Ebenau am 07.12.2016  \nFoto und Copyright: Moser Albert, Fotograf, 5201 Seekirchen, Weinbergstiege 1, Tel.: 0043-676-7550526 mailto:albert.moser@sbg.at  www.moser.zenfolio.com\"\n\t\t\t\tdata-description=\"Perchtenlauf der Pl\u00f6tzpass beim Pl\u00f6tzlauf in Ebenau am 07.12.2016  Foto und Copyright: Moser Albert, Fotograf, 5201 Seekirchen, Weinbergstiege 1, Tel.: 0043-676-7550526 mailto:albert.moser@sbg.at  www.moser.zenfolio.com\"\n\t\t\t\tdata-image-slug=\"perchtenlauf-ebenau-36\"\n\t\t\t\tclass=\"shutterset_c828d735da08f355eefdbfe6809a3867\">\n\t\t\t\t<img\n\t\t\t\t\ttitle=\"Perchtenlauf der Pl\u00c3\u00b6tzpass beim Pl\u00c3\u00b6tzlauf in Ebenau am 07.12.2016  \nFoto und Copyright: Moser Albert, Fotograf, 5201 Seekirchen, Weinbergstiege 1, Tel.: 0043-676-7550526 mailto:albert.moser@sbg.at  www.moser.zenfolio.com\"\n\t\t\t\t\talt=\"Perchtenlauf der Pl\u00c3\u00b6tzpass beim Pl\u00c3\u00b6tzlauf in Ebenau am 07.12.2016  \nFoto und Copyright: Moser Albert, Fotograf, 5201 Seekirchen, Weinbergstiege 1, Tel.: 0043-676-7550526 mailto:albert.moser@sbg.at  www.moser.zenfolio.com\"\n\t\t\t\t\tsrc=\"https:\/\/www.verlag-doppelpunkt.at\/bilderserien\/wp-content\/gallery\/perchtenlauf-in-ebenau\/thumbs\/thumbs_perchtenlauf-ebenau-36.jpg\"\n\t\t\t\t\twidth=\"100\"\n\t\t\t\t\theight=\"66\"\n\t\t\t\t\tstyle=\"max-width:100%;\"\n\t\t\t\t\/>\n\t\t\t<\/a>\n\t\t<\/div>\n\t\t\t\t\t\t\t<\/div> \n\t\t\t\n\t\t\t\t<div id=\"ngg-image-30\" class=\"ngg-gallery-thumbnail-box \n\t\t\t\t\t\t\t\t\t\t\t\" \n\t\t\tstyle=\"display: none;\">\n\t\t\t\t\t\t<div class=\"ngg-gallery-thumbnail\">\n\t\t\t<a href=\"https:\/\/www.verlag-doppelpunkt.at\/bilderserien\/wp-content\/gallery\/perchtenlauf-in-ebenau\/perchtenlauf-ebenau-37.jpg\"\n\t\t\t\ttitle=\"Perchtenlauf der Pl\u00f6tzpass beim Pl\u00f6tzlauf in Ebenau am 07.12.2016  Foto und Copyright: Moser Albert, Fotograf, 5201 Seekirchen, Weinbergstiege 1, Tel.: 0043-676-7550526 mailto:albert.moser@sbg.at  www.moser.zenfolio.com\"\n\t\t\t\tdata-src=\"https:\/\/www.verlag-doppelpunkt.at\/bilderserien\/wp-content\/gallery\/perchtenlauf-in-ebenau\/perchtenlauf-ebenau-37.jpg\"\n\t\t\t\tdata-thumbnail=\"https:\/\/www.verlag-doppelpunkt.at\/bilderserien\/wp-content\/gallery\/perchtenlauf-in-ebenau\/thumbs\/thumbs_perchtenlauf-ebenau-37.jpg\"\n\t\t\t\tdata-image-id=\"16759\"\n\t\t\t\tdata-title=\"Perchtenlauf der Pl\u00c3\u00b6tzpass beim Pl\u00c3\u00b6tzlauf in Ebenau am 07.12.2016  \nFoto und Copyright: Moser Albert, Fotograf, 5201 Seekirchen, Weinbergstiege 1, Tel.: 0043-676-7550526 mailto:albert.moser@sbg.at  www.moser.zenfolio.com\"\n\t\t\t\tdata-description=\"Perchtenlauf der Pl\u00f6tzpass beim Pl\u00f6tzlauf in Ebenau am 07.12.2016  Foto und Copyright: Moser Albert, Fotograf, 5201 Seekirchen, Weinbergstiege 1, Tel.: 0043-676-7550526 mailto:albert.moser@sbg.at  www.moser.zenfolio.com\"\n\t\t\t\tdata-image-slug=\"perchtenlauf-ebenau-37\"\n\t\t\t\tclass=\"shutterset_c828d735da08f355eefdbfe6809a3867\">\n\t\t\t\t<img\n\t\t\t\t\ttitle=\"Perchtenlauf der Pl\u00c3\u00b6tzpass beim Pl\u00c3\u00b6tzlauf in Ebenau am 07.12.2016  \nFoto und Copyright: Moser Albert, Fotograf, 5201 Seekirchen, Weinbergstiege 1, Tel.: 0043-676-7550526 mailto:albert.moser@sbg.at  www.moser.zenfolio.com\"\n\t\t\t\t\talt=\"Perchtenlauf der Pl\u00c3\u00b6tzpass beim Pl\u00c3\u00b6tzlauf in Ebenau am 07.12.2016  \nFoto und Copyright: Moser Albert, Fotograf, 5201 Seekirchen, Weinbergstiege 1, Tel.: 0043-676-7550526 mailto:albert.moser@sbg.at  www.moser.zenfolio.com\"\n\t\t\t\t\tsrc=\"https:\/\/www.verlag-doppelpunkt.at\/bilderserien\/wp-content\/gallery\/perchtenlauf-in-ebenau\/thumbs\/thumbs_perchtenlauf-ebenau-37.jpg\"\n\t\t\t\t\twidth=\"100\"\n\t\t\t\t\theight=\"66\"\n\t\t\t\t\tstyle=\"max-width:100%;\"\n\t\t\t\t\/>\n\t\t\t<\/a>\n\t\t<\/div>\n\t\t\t\t\t\t\t<\/div> \n\t\t\t\n\t\t\t\t<div id=\"ngg-image-31\" class=\"ngg-gallery-thumbnail-box \n\t\t\t\t\t\t\t\t\t\t\t\" \n\t\t\tstyle=\"display: none;\">\n\t\t\t\t\t\t<div class=\"ngg-gallery-thumbnail\">\n\t\t\t<a href=\"https:\/\/www.verlag-doppelpunkt.at\/bilderserien\/wp-content\/gallery\/perchtenlauf-in-ebenau\/perchtenlauf-ebenau-38.jpg\"\n\t\t\t\ttitle=\"Perchtenlauf der Pl\u00f6tzpass beim Pl\u00f6tzlauf in Ebenau am 07.12.2016  Foto und Copyright: Moser Albert, Fotograf, 5201 Seekirchen, Weinbergstiege 1, Tel.: 0043-676-7550526 mailto:albert.moser@sbg.at  www.moser.zenfolio.com\"\n\t\t\t\tdata-src=\"https:\/\/www.verlag-doppelpunkt.at\/bilderserien\/wp-content\/gallery\/perchtenlauf-in-ebenau\/perchtenlauf-ebenau-38.jpg\"\n\t\t\t\tdata-thumbnail=\"https:\/\/www.verlag-doppelpunkt.at\/bilderserien\/wp-content\/gallery\/perchtenlauf-in-ebenau\/thumbs\/thumbs_perchtenlauf-ebenau-38.jpg\"\n\t\t\t\tdata-image-id=\"16760\"\n\t\t\t\tdata-title=\"Perchtenlauf der Pl\u00c3\u00b6tzpass beim Pl\u00c3\u00b6tzlauf in Ebenau am 07.12.2016  \nFoto und Copyright: Moser Albert, Fotograf, 5201 Seekirchen, Weinbergstiege 1, Tel.: 0043-676-7550526 mailto:albert.moser@sbg.at  www.moser.zenfolio.com\"\n\t\t\t\tdata-description=\"Perchtenlauf der Pl\u00f6tzpass beim Pl\u00f6tzlauf in Ebenau am 07.12.2016  Foto und Copyright: Moser Albert, Fotograf, 5201 Seekirchen, Weinbergstiege 1, Tel.: 0043-676-7550526 mailto:albert.moser@sbg.at  www.moser.zenfolio.com\"\n\t\t\t\tdata-image-slug=\"perchtenlauf-ebenau-38\"\n\t\t\t\tclass=\"shutterset_c828d735da08f355eefdbfe6809a3867\">\n\t\t\t\t<img\n\t\t\t\t\ttitle=\"Perchtenlauf der Pl\u00c3\u00b6tzpass beim Pl\u00c3\u00b6tzlauf in Ebenau am 07.12.2016  \nFoto und Copyright: Moser Albert, Fotograf, 5201 Seekirchen, Weinbergstiege 1, Tel.: 0043-676-7550526 mailto:albert.moser@sbg.at  www.moser.zenfolio.com\"\n\t\t\t\t\talt=\"Perchtenlauf der Pl\u00c3\u00b6tzpass beim Pl\u00c3\u00b6tzlauf in Ebenau am 07.12.2016  \nFoto und Copyright: Moser Albert, Fotograf, 5201 Seekirchen, Weinbergstiege 1, Tel.: 0043-676-7550526 mailto:albert.moser@sbg.at  www.moser.zenfolio.com\"\n\t\t\t\t\tsrc=\"https:\/\/www.verlag-doppelpunkt.at\/bilderserien\/wp-content\/gallery\/perchtenlauf-in-ebenau\/thumbs\/thumbs_perchtenlauf-ebenau-38.jpg\"\n\t\t\t\t\twidth=\"100\"\n\t\t\t\t\theight=\"66\"\n\t\t\t\t\tstyle=\"max-width:100%;\"\n\t\t\t\t\/>\n\t\t\t<\/a>\n\t\t<\/div>\n\t\t\t\t\t\t\t<\/div> \n\t\t\t\n\t\t\t\t<div id=\"ngg-image-32\" class=\"ngg-gallery-thumbnail-box \n\t\t\t\t\t\t\t\t\t\t\t\" \n\t\t\tstyle=\"display: none;\">\n\t\t\t\t\t\t<div class=\"ngg-gallery-thumbnail\">\n\t\t\t<a href=\"https:\/\/www.verlag-doppelpunkt.at\/bilderserien\/wp-content\/gallery\/perchtenlauf-in-ebenau\/perchtenlauf-ebenau-39.jpg\"\n\t\t\t\ttitle=\"Perchtenlauf der Pl\u00f6tzpass beim Pl\u00f6tzlauf in Ebenau am 07.12.2016  Foto und Copyright: Moser Albert, Fotograf, 5201 Seekirchen, Weinbergstiege 1, Tel.: 0043-676-7550526 mailto:albert.moser@sbg.at  www.moser.zenfolio.com\"\n\t\t\t\tdata-src=\"https:\/\/www.verlag-doppelpunkt.at\/bilderserien\/wp-content\/gallery\/perchtenlauf-in-ebenau\/perchtenlauf-ebenau-39.jpg\"\n\t\t\t\tdata-thumbnail=\"https:\/\/www.verlag-doppelpunkt.at\/bilderserien\/wp-content\/gallery\/perchtenlauf-in-ebenau\/thumbs\/thumbs_perchtenlauf-ebenau-39.jpg\"\n\t\t\t\tdata-image-id=\"16761\"\n\t\t\t\tdata-title=\"Perchtenlauf der Pl\u00c3\u00b6tzpass beim Pl\u00c3\u00b6tzlauf in Ebenau am 07.12.2016  \nFoto und Copyright: Moser Albert, Fotograf, 5201 Seekirchen, Weinbergstiege 1, Tel.: 0043-676-7550526 mailto:albert.moser@sbg.at  www.moser.zenfolio.com\"\n\t\t\t\tdata-description=\"Perchtenlauf der Pl\u00f6tzpass beim Pl\u00f6tzlauf in Ebenau am 07.12.2016  Foto und Copyright: Moser Albert, Fotograf, 5201 Seekirchen, Weinbergstiege 1, Tel.: 0043-676-7550526 mailto:albert.moser@sbg.at  www.moser.zenfolio.com\"\n\t\t\t\tdata-image-slug=\"perchtenlauf-ebenau-39\"\n\t\t\t\tclass=\"shutterset_c828d735da08f355eefdbfe6809a3867\">\n\t\t\t\t<img\n\t\t\t\t\ttitle=\"Perchtenlauf der Pl\u00c3\u00b6tzpass beim Pl\u00c3\u00b6tzlauf in Ebenau am 07.12.2016  \nFoto und Copyright: Moser Albert, Fotograf, 5201 Seekirchen, Weinbergstiege 1, Tel.: 0043-676-7550526 mailto:albert.moser@sbg.at  www.moser.zenfolio.com\"\n\t\t\t\t\talt=\"Perchtenlauf der Pl\u00c3\u00b6tzpass beim Pl\u00c3\u00b6tzlauf in Ebenau am 07.12.2016  \nFoto und Copyright: Moser Albert, Fotograf, 5201 Seekirchen, Weinbergstiege 1, Tel.: 0043-676-7550526 mailto:albert.moser@sbg.at  www.moser.zenfolio.com\"\n\t\t\t\t\tsrc=\"https:\/\/www.verlag-doppelpunkt.at\/bilderserien\/wp-content\/gallery\/perchtenlauf-in-ebenau\/thumbs\/thumbs_perchtenlauf-ebenau-39.jpg\"\n\t\t\t\t\twidth=\"100\"\n\t\t\t\t\theight=\"66\"\n\t\t\t\t\tstyle=\"max-width:100%;\"\n\t\t\t\t\/>\n\t\t\t<\/a>\n\t\t<\/div>\n\t\t\t\t\t\t\t<\/div> \n\t\t\t\n\t\t\t\t<div id=\"ngg-image-33\" class=\"ngg-gallery-thumbnail-box \n\t\t\t\t\t\t\t\t\t\t\t\" \n\t\t\tstyle=\"display: none;\">\n\t\t\t\t\t\t<div class=\"ngg-gallery-thumbnail\">\n\t\t\t<a href=\"https:\/\/www.verlag-doppelpunkt.at\/bilderserien\/wp-content\/gallery\/perchtenlauf-in-ebenau\/perchtenlauf-ebenau-4.jpg\"\n\t\t\t\ttitle=\"Perchtenlauf der Pl\u00f6tzpass beim Pl\u00f6tzlauf in Ebenau am 07.12.2016  Foto und Copyright: Moser Albert, Fotograf, 5201 Seekirchen, Weinbergstiege 1, Tel.: 0043-676-7550526 mailto:albert.moser@sbg.at  www.moser.zenfolio.com\"\n\t\t\t\tdata-src=\"https:\/\/www.verlag-doppelpunkt.at\/bilderserien\/wp-content\/gallery\/perchtenlauf-in-ebenau\/perchtenlauf-ebenau-4.jpg\"\n\t\t\t\tdata-thumbnail=\"https:\/\/www.verlag-doppelpunkt.at\/bilderserien\/wp-content\/gallery\/perchtenlauf-in-ebenau\/thumbs\/thumbs_perchtenlauf-ebenau-4.jpg\"\n\t\t\t\tdata-image-id=\"16762\"\n\t\t\t\tdata-title=\"Perchtenlauf der Pl\u00c3\u00b6tzpass beim Pl\u00c3\u00b6tzlauf in Ebenau am 07.12.2016  \nFoto und Copyright: Moser Albert, Fotograf, 5201 Seekirchen, Weinbergstiege 1, Tel.: 0043-676-7550526 mailto:albert.moser@sbg.at  www.moser.zenfolio.com\"\n\t\t\t\tdata-description=\"Perchtenlauf der Pl\u00f6tzpass beim Pl\u00f6tzlauf in Ebenau am 07.12.2016  Foto und Copyright: Moser Albert, Fotograf, 5201 Seekirchen, Weinbergstiege 1, Tel.: 0043-676-7550526 mailto:albert.moser@sbg.at  www.moser.zenfolio.com\"\n\t\t\t\tdata-image-slug=\"perchtenlauf-ebenau-4\"\n\t\t\t\tclass=\"shutterset_c828d735da08f355eefdbfe6809a3867\">\n\t\t\t\t<img\n\t\t\t\t\ttitle=\"Perchtenlauf der Pl\u00c3\u00b6tzpass beim Pl\u00c3\u00b6tzlauf in Ebenau am 07.12.2016  \nFoto und Copyright: Moser Albert, Fotograf, 5201 Seekirchen, Weinbergstiege 1, Tel.: 0043-676-7550526 mailto:albert.moser@sbg.at  www.moser.zenfolio.com\"\n\t\t\t\t\talt=\"Perchtenlauf der Pl\u00c3\u00b6tzpass beim Pl\u00c3\u00b6tzlauf in Ebenau am 07.12.2016  \nFoto und Copyright: Moser Albert, Fotograf, 5201 Seekirchen, Weinbergstiege 1, Tel.: 0043-676-7550526 mailto:albert.moser@sbg.at  www.moser.zenfolio.com\"\n\t\t\t\t\tsrc=\"https:\/\/www.verlag-doppelpunkt.at\/bilderserien\/wp-content\/gallery\/perchtenlauf-in-ebenau\/thumbs\/thumbs_perchtenlauf-ebenau-4.jpg\"\n\t\t\t\t\twidth=\"100\"\n\t\t\t\t\theight=\"66\"\n\t\t\t\t\tstyle=\"max-width:100%;\"\n\t\t\t\t\/>\n\t\t\t<\/a>\n\t\t<\/div>\n\t\t\t\t\t\t\t<\/div> \n\t\t\t\n\t\t\t\t<div id=\"ngg-image-34\" class=\"ngg-gallery-thumbnail-box \n\t\t\t\t\t\t\t\t\t\t\t\" \n\t\t\tstyle=\"display: none;\">\n\t\t\t\t\t\t<div class=\"ngg-gallery-thumbnail\">\n\t\t\t<a href=\"https:\/\/www.verlag-doppelpunkt.at\/bilderserien\/wp-content\/gallery\/perchtenlauf-in-ebenau\/perchtenlauf-ebenau-40.jpg\"\n\t\t\t\ttitle=\"Perchtenlauf der Pl\u00f6tzpass beim Pl\u00f6tzlauf in Ebenau am 07.12.2016  Foto und Copyright: Moser Albert, Fotograf, 5201 Seekirchen, Weinbergstiege 1, Tel.: 0043-676-7550526 mailto:albert.moser@sbg.at  www.moser.zenfolio.com\"\n\t\t\t\tdata-src=\"https:\/\/www.verlag-doppelpunkt.at\/bilderserien\/wp-content\/gallery\/perchtenlauf-in-ebenau\/perchtenlauf-ebenau-40.jpg\"\n\t\t\t\tdata-thumbnail=\"https:\/\/www.verlag-doppelpunkt.at\/bilderserien\/wp-content\/gallery\/perchtenlauf-in-ebenau\/thumbs\/thumbs_perchtenlauf-ebenau-40.jpg\"\n\t\t\t\tdata-image-id=\"16763\"\n\t\t\t\tdata-title=\"Perchtenlauf der Pl\u00c3\u00b6tzpass beim Pl\u00c3\u00b6tzlauf in Ebenau am 07.12.2016  \nFoto und Copyright: Moser Albert, Fotograf, 5201 Seekirchen, Weinbergstiege 1, Tel.: 0043-676-7550526 mailto:albert.moser@sbg.at  www.moser.zenfolio.com\"\n\t\t\t\tdata-description=\"Perchtenlauf der Pl\u00f6tzpass beim Pl\u00f6tzlauf in Ebenau am 07.12.2016  Foto und Copyright: Moser Albert, Fotograf, 5201 Seekirchen, Weinbergstiege 1, Tel.: 0043-676-7550526 mailto:albert.moser@sbg.at  www.moser.zenfolio.com\"\n\t\t\t\tdata-image-slug=\"perchtenlauf-ebenau-40\"\n\t\t\t\tclass=\"shutterset_c828d735da08f355eefdbfe6809a3867\">\n\t\t\t\t<img\n\t\t\t\t\ttitle=\"Perchtenlauf der Pl\u00c3\u00b6tzpass beim Pl\u00c3\u00b6tzlauf in Ebenau am 07.12.2016  \nFoto und Copyright: Moser Albert, Fotograf, 5201 Seekirchen, Weinbergstiege 1, Tel.: 0043-676-7550526 mailto:albert.moser@sbg.at  www.moser.zenfolio.com\"\n\t\t\t\t\talt=\"Perchtenlauf der Pl\u00c3\u00b6tzpass beim Pl\u00c3\u00b6tzlauf in Ebenau am 07.12.2016  \nFoto und Copyright: Moser Albert, Fotograf, 5201 Seekirchen, Weinbergstiege 1, Tel.: 0043-676-7550526 mailto:albert.moser@sbg.at  www.moser.zenfolio.com\"\n\t\t\t\t\tsrc=\"https:\/\/www.verlag-doppelpunkt.at\/bilderserien\/wp-content\/gallery\/perchtenlauf-in-ebenau\/thumbs\/thumbs_perchtenlauf-ebenau-40.jpg\"\n\t\t\t\t\twidth=\"100\"\n\t\t\t\t\theight=\"66\"\n\t\t\t\t\tstyle=\"max-width:100%;\"\n\t\t\t\t\/>\n\t\t\t<\/a>\n\t\t<\/div>\n\t\t\t\t\t\t\t<\/div> \n\t\t\t\n\t\t\t\t<div id=\"ngg-image-35\" class=\"ngg-gallery-thumbnail-box \n\t\t\t\t\t\t\t\t\t\t\t\" \n\t\t\tstyle=\"display: none;\">\n\t\t\t\t\t\t<div class=\"ngg-gallery-thumbnail\">\n\t\t\t<a href=\"https:\/\/www.verlag-doppelpunkt.at\/bilderserien\/wp-content\/gallery\/perchtenlauf-in-ebenau\/perchtenlauf-ebenau-5.jpg\"\n\t\t\t\ttitle=\"Perchtenlauf der Pl\u00f6tzpass beim Pl\u00f6tzlauf in Ebenau am 07.12.2016  Foto und Copyright: Moser Albert, Fotograf, 5201 Seekirchen, Weinbergstiege 1, Tel.: 0043-676-7550526 mailto:albert.moser@sbg.at  www.moser.zenfolio.com\"\n\t\t\t\tdata-src=\"https:\/\/www.verlag-doppelpunkt.at\/bilderserien\/wp-content\/gallery\/perchtenlauf-in-ebenau\/perchtenlauf-ebenau-5.jpg\"\n\t\t\t\tdata-thumbnail=\"https:\/\/www.verlag-doppelpunkt.at\/bilderserien\/wp-content\/gallery\/perchtenlauf-in-ebenau\/thumbs\/thumbs_perchtenlauf-ebenau-5.jpg\"\n\t\t\t\tdata-image-id=\"16764\"\n\t\t\t\tdata-title=\"Perchtenlauf der Pl\u00c3\u00b6tzpass beim Pl\u00c3\u00b6tzlauf in Ebenau am 07.12.2016  \nFoto und Copyright: Moser Albert, Fotograf, 5201 Seekirchen, Weinbergstiege 1, Tel.: 0043-676-7550526 mailto:albert.moser@sbg.at  www.moser.zenfolio.com\"\n\t\t\t\tdata-description=\"Perchtenlauf der Pl\u00f6tzpass beim Pl\u00f6tzlauf in Ebenau am 07.12.2016  Foto und Copyright: Moser Albert, Fotograf, 5201 Seekirchen, Weinbergstiege 1, Tel.: 0043-676-7550526 mailto:albert.moser@sbg.at  www.moser.zenfolio.com\"\n\t\t\t\tdata-image-slug=\"perchtenlauf-ebenau-5\"\n\t\t\t\tclass=\"shutterset_c828d735da08f355eefdbfe6809a3867\">\n\t\t\t\t<img\n\t\t\t\t\ttitle=\"Perchtenlauf der Pl\u00c3\u00b6tzpass beim Pl\u00c3\u00b6tzlauf in Ebenau am 07.12.2016  \nFoto und Copyright: Moser Albert, Fotograf, 5201 Seekirchen, Weinbergstiege 1, Tel.: 0043-676-7550526 mailto:albert.moser@sbg.at  www.moser.zenfolio.com\"\n\t\t\t\t\talt=\"Perchtenlauf der Pl\u00c3\u00b6tzpass beim Pl\u00c3\u00b6tzlauf in Ebenau am 07.12.2016  \nFoto und Copyright: Moser Albert, Fotograf, 5201 Seekirchen, Weinbergstiege 1, Tel.: 0043-676-7550526 mailto:albert.moser@sbg.at  www.moser.zenfolio.com\"\n\t\t\t\t\tsrc=\"https:\/\/www.verlag-doppelpunkt.at\/bilderserien\/wp-content\/gallery\/perchtenlauf-in-ebenau\/thumbs\/thumbs_perchtenlauf-ebenau-5.jpg\"\n\t\t\t\t\twidth=\"100\"\n\t\t\t\t\theight=\"66\"\n\t\t\t\t\tstyle=\"max-width:100%;\"\n\t\t\t\t\/>\n\t\t\t<\/a>\n\t\t<\/div>\n\t\t\t\t\t\t\t<\/div> \n\t\t\t\n\t\t\t\t<div id=\"ngg-image-36\" class=\"ngg-gallery-thumbnail-box \n\t\t\t\t\t\t\t\t\t\t\t\" \n\t\t\tstyle=\"display: none;\">\n\t\t\t\t\t\t<div class=\"ngg-gallery-thumbnail\">\n\t\t\t<a href=\"https:\/\/www.verlag-doppelpunkt.at\/bilderserien\/wp-content\/gallery\/perchtenlauf-in-ebenau\/perchtenlauf-ebenau-6.jpg\"\n\t\t\t\ttitle=\"Perchtenlauf der Pl\u00f6tzpass beim Pl\u00f6tzlauf in Ebenau am 07.12.2016  Foto und Copyright: Moser Albert, Fotograf, 5201 Seekirchen, Weinbergstiege 1, Tel.: 0043-676-7550526 mailto:albert.moser@sbg.at  www.moser.zenfolio.com\"\n\t\t\t\tdata-src=\"https:\/\/www.verlag-doppelpunkt.at\/bilderserien\/wp-content\/gallery\/perchtenlauf-in-ebenau\/perchtenlauf-ebenau-6.jpg\"\n\t\t\t\tdata-thumbnail=\"https:\/\/www.verlag-doppelpunkt.at\/bilderserien\/wp-content\/gallery\/perchtenlauf-in-ebenau\/thumbs\/thumbs_perchtenlauf-ebenau-6.jpg\"\n\t\t\t\tdata-image-id=\"16765\"\n\t\t\t\tdata-title=\"Perchtenlauf der Pl\u00c3\u00b6tzpass beim Pl\u00c3\u00b6tzlauf in Ebenau am 07.12.2016  \nFoto und Copyright: Moser Albert, Fotograf, 5201 Seekirchen, Weinbergstiege 1, Tel.: 0043-676-7550526 mailto:albert.moser@sbg.at  www.moser.zenfolio.com\"\n\t\t\t\tdata-description=\"Perchtenlauf der Pl\u00f6tzpass beim Pl\u00f6tzlauf in Ebenau am 07.12.2016  Foto und Copyright: Moser Albert, Fotograf, 5201 Seekirchen, Weinbergstiege 1, Tel.: 0043-676-7550526 mailto:albert.moser@sbg.at  www.moser.zenfolio.com\"\n\t\t\t\tdata-image-slug=\"perchtenlauf-ebenau-6\"\n\t\t\t\tclass=\"shutterset_c828d735da08f355eefdbfe6809a3867\">\n\t\t\t\t<img\n\t\t\t\t\ttitle=\"Perchtenlauf der Pl\u00c3\u00b6tzpass beim Pl\u00c3\u00b6tzlauf in Ebenau am 07.12.2016  \nFoto und Copyright: Moser Albert, Fotograf, 5201 Seekirchen, Weinbergstiege 1, Tel.: 0043-676-7550526 mailto:albert.moser@sbg.at  www.moser.zenfolio.com\"\n\t\t\t\t\talt=\"Perchtenlauf der Pl\u00c3\u00b6tzpass beim Pl\u00c3\u00b6tzlauf in Ebenau am 07.12.2016  \nFoto und Copyright: Moser Albert, Fotograf, 5201 Seekirchen, Weinbergstiege 1, Tel.: 0043-676-7550526 mailto:albert.moser@sbg.at  www.moser.zenfolio.com\"\n\t\t\t\t\tsrc=\"https:\/\/www.verlag-doppelpunkt.at\/bilderserien\/wp-content\/gallery\/perchtenlauf-in-ebenau\/thumbs\/thumbs_perchtenlauf-ebenau-6.jpg\"\n\t\t\t\t\twidth=\"100\"\n\t\t\t\t\theight=\"66\"\n\t\t\t\t\tstyle=\"max-width:100%;\"\n\t\t\t\t\/>\n\t\t\t<\/a>\n\t\t<\/div>\n\t\t\t\t\t\t\t<\/div> \n\t\t\t\n\t\t\t\t<div id=\"ngg-image-37\" class=\"ngg-gallery-thumbnail-box \n\t\t\t\t\t\t\t\t\t\t\t\" \n\t\t\tstyle=\"display: none;\">\n\t\t\t\t\t\t<div class=\"ngg-gallery-thumbnail\">\n\t\t\t<a href=\"https:\/\/www.verlag-doppelpunkt.at\/bilderserien\/wp-content\/gallery\/perchtenlauf-in-ebenau\/perchtenlauf-ebenau-7.jpg\"\n\t\t\t\ttitle=\"Perchtenlauf der Pl\u00f6tzpass beim Pl\u00f6tzlauf in Ebenau am 07.12.2016  Foto und Copyright: Moser Albert, Fotograf, 5201 Seekirchen, Weinbergstiege 1, Tel.: 0043-676-7550526 mailto:albert.moser@sbg.at  www.moser.zenfolio.com\"\n\t\t\t\tdata-src=\"https:\/\/www.verlag-doppelpunkt.at\/bilderserien\/wp-content\/gallery\/perchtenlauf-in-ebenau\/perchtenlauf-ebenau-7.jpg\"\n\t\t\t\tdata-thumbnail=\"https:\/\/www.verlag-doppelpunkt.at\/bilderserien\/wp-content\/gallery\/perchtenlauf-in-ebenau\/thumbs\/thumbs_perchtenlauf-ebenau-7.jpg\"\n\t\t\t\tdata-image-id=\"16766\"\n\t\t\t\tdata-title=\"Perchtenlauf der Pl\u00c3\u00b6tzpass beim Pl\u00c3\u00b6tzlauf in Ebenau am 07.12.2016  \nFoto und Copyright: Moser Albert, Fotograf, 5201 Seekirchen, Weinbergstiege 1, Tel.: 0043-676-7550526 mailto:albert.moser@sbg.at  www.moser.zenfolio.com\"\n\t\t\t\tdata-description=\"Perchtenlauf der Pl\u00f6tzpass beim Pl\u00f6tzlauf in Ebenau am 07.12.2016  Foto und Copyright: Moser Albert, Fotograf, 5201 Seekirchen, Weinbergstiege 1, Tel.: 0043-676-7550526 mailto:albert.moser@sbg.at  www.moser.zenfolio.com\"\n\t\t\t\tdata-image-slug=\"perchtenlauf-ebenau-7\"\n\t\t\t\tclass=\"shutterset_c828d735da08f355eefdbfe6809a3867\">\n\t\t\t\t<img\n\t\t\t\t\ttitle=\"Perchtenlauf der Pl\u00c3\u00b6tzpass beim Pl\u00c3\u00b6tzlauf in Ebenau am 07.12.2016  \nFoto und Copyright: Moser Albert, Fotograf, 5201 Seekirchen, Weinbergstiege 1, Tel.: 0043-676-7550526 mailto:albert.moser@sbg.at  www.moser.zenfolio.com\"\n\t\t\t\t\talt=\"Perchtenlauf der Pl\u00c3\u00b6tzpass beim Pl\u00c3\u00b6tzlauf in Ebenau am 07.12.2016  \nFoto und Copyright: Moser Albert, Fotograf, 5201 Seekirchen, Weinbergstiege 1, Tel.: 0043-676-7550526 mailto:albert.moser@sbg.at  www.moser.zenfolio.com\"\n\t\t\t\t\tsrc=\"https:\/\/www.verlag-doppelpunkt.at\/bilderserien\/wp-content\/gallery\/perchtenlauf-in-ebenau\/thumbs\/thumbs_perchtenlauf-ebenau-7.jpg\"\n\t\t\t\t\twidth=\"100\"\n\t\t\t\t\theight=\"66\"\n\t\t\t\t\tstyle=\"max-width:100%;\"\n\t\t\t\t\/>\n\t\t\t<\/a>\n\t\t<\/div>\n\t\t\t\t\t\t\t<\/div> \n\t\t\t\n\t\t\t\t<div id=\"ngg-image-38\" class=\"ngg-gallery-thumbnail-box \n\t\t\t\t\t\t\t\t\t\t\t\" \n\t\t\tstyle=\"display: none;\">\n\t\t\t\t\t\t<div class=\"ngg-gallery-thumbnail\">\n\t\t\t<a href=\"https:\/\/www.verlag-doppelpunkt.at\/bilderserien\/wp-content\/gallery\/perchtenlauf-in-ebenau\/perchtenlauf-ebenau-8.jpg\"\n\t\t\t\ttitle=\"Perchtenlauf der Pl\u00f6tzpass beim Pl\u00f6tzlauf in Ebenau am 07.12.2016  Foto und Copyright: Moser Albert, Fotograf, 5201 Seekirchen, Weinbergstiege 1, Tel.: 0043-676-7550526 mailto:albert.moser@sbg.at  www.moser.zenfolio.com\"\n\t\t\t\tdata-src=\"https:\/\/www.verlag-doppelpunkt.at\/bilderserien\/wp-content\/gallery\/perchtenlauf-in-ebenau\/perchtenlauf-ebenau-8.jpg\"\n\t\t\t\tdata-thumbnail=\"https:\/\/www.verlag-doppelpunkt.at\/bilderserien\/wp-content\/gallery\/perchtenlauf-in-ebenau\/thumbs\/thumbs_perchtenlauf-ebenau-8.jpg\"\n\t\t\t\tdata-image-id=\"16767\"\n\t\t\t\tdata-title=\"Perchtenlauf der Pl\u00c3\u00b6tzpass beim Pl\u00c3\u00b6tzlauf in Ebenau am 07.12.2016  \nFoto und Copyright: Moser Albert, Fotograf, 5201 Seekirchen, Weinbergstiege 1, Tel.: 0043-676-7550526 mailto:albert.moser@sbg.at  www.moser.zenfolio.com\"\n\t\t\t\tdata-description=\"Perchtenlauf der Pl\u00f6tzpass beim Pl\u00f6tzlauf in Ebenau am 07.12.2016  Foto und Copyright: Moser Albert, Fotograf, 5201 Seekirchen, Weinbergstiege 1, Tel.: 0043-676-7550526 mailto:albert.moser@sbg.at  www.moser.zenfolio.com\"\n\t\t\t\tdata-image-slug=\"perchtenlauf-ebenau-8\"\n\t\t\t\tclass=\"shutterset_c828d735da08f355eefdbfe6809a3867\">\n\t\t\t\t<img\n\t\t\t\t\ttitle=\"Perchtenlauf der Pl\u00c3\u00b6tzpass beim Pl\u00c3\u00b6tzlauf in Ebenau am 07.12.2016  \nFoto und Copyright: Moser Albert, Fotograf, 5201 Seekirchen, Weinbergstiege 1, Tel.: 0043-676-7550526 mailto:albert.moser@sbg.at  www.moser.zenfolio.com\"\n\t\t\t\t\talt=\"Perchtenlauf der Pl\u00c3\u00b6tzpass beim Pl\u00c3\u00b6tzlauf in Ebenau am 07.12.2016  \nFoto und Copyright: Moser Albert, Fotograf, 5201 Seekirchen, Weinbergstiege 1, Tel.: 0043-676-7550526 mailto:albert.moser@sbg.at  www.moser.zenfolio.com\"\n\t\t\t\t\tsrc=\"https:\/\/www.verlag-doppelpunkt.at\/bilderserien\/wp-content\/gallery\/perchtenlauf-in-ebenau\/thumbs\/thumbs_perchtenlauf-ebenau-8.jpg\"\n\t\t\t\t\twidth=\"100\"\n\t\t\t\t\theight=\"66\"\n\t\t\t\t\tstyle=\"max-width:100%;\"\n\t\t\t\t\/>\n\t\t\t<\/a>\n\t\t<\/div>\n\t\t\t\t\t\t\t<\/div> \n\t\t\t\n\t\t\t\t<div id=\"ngg-image-39\" class=\"ngg-gallery-thumbnail-box \n\t\t\t\t\t\t\t\t\t\t\t\" \n\t\t\tstyle=\"display: none;\">\n\t\t\t\t\t\t<div class=\"ngg-gallery-thumbnail\">\n\t\t\t<a href=\"https:\/\/www.verlag-doppelpunkt.at\/bilderserien\/wp-content\/gallery\/perchtenlauf-in-ebenau\/perchtenlauf-ebenau-9.jpg\"\n\t\t\t\ttitle=\"Perchtenlauf der Pl\u00f6tzpass beim Pl\u00f6tzlauf in Ebenau am 07.12.2016  Foto und Copyright: Moser Albert, Fotograf, 5201 Seekirchen, Weinbergstiege 1, Tel.: 0043-676-7550526 mailto:albert.moser@sbg.at  www.moser.zenfolio.com\"\n\t\t\t\tdata-src=\"https:\/\/www.verlag-doppelpunkt.at\/bilderserien\/wp-content\/gallery\/perchtenlauf-in-ebenau\/perchtenlauf-ebenau-9.jpg\"\n\t\t\t\tdata-thumbnail=\"https:\/\/www.verlag-doppelpunkt.at\/bilderserien\/wp-content\/gallery\/perchtenlauf-in-ebenau\/thumbs\/thumbs_perchtenlauf-ebenau-9.jpg\"\n\t\t\t\tdata-image-id=\"16768\"\n\t\t\t\tdata-title=\"Perchtenlauf der Pl\u00c3\u00b6tzpass beim Pl\u00c3\u00b6tzlauf in Ebenau am 07.12.2016  \nFoto und Copyright: Moser Albert, Fotograf, 5201 Seekirchen, Weinbergstiege 1, Tel.: 0043-676-7550526 mailto:albert.moser@sbg.at  www.moser.zenfolio.com\"\n\t\t\t\tdata-description=\"Perchtenlauf der Pl\u00f6tzpass beim Pl\u00f6tzlauf in Ebenau am 07.12.2016  Foto und Copyright: Moser Albert, Fotograf, 5201 Seekirchen, Weinbergstiege 1, Tel.: 0043-676-7550526 mailto:albert.moser@sbg.at  www.moser.zenfolio.com\"\n\t\t\t\tdata-image-slug=\"perchtenlauf-ebenau-9\"\n\t\t\t\tclass=\"shutterset_c828d735da08f355eefdbfe6809a3867\">\n\t\t\t\t<img\n\t\t\t\t\ttitle=\"Perchtenlauf der Pl\u00c3\u00b6tzpass beim Pl\u00c3\u00b6tzlauf in Ebenau am 07.12.2016  \nFoto und Copyright: Moser Albert, Fotograf, 5201 Seekirchen, Weinbergstiege 1, Tel.: 0043-676-7550526 mailto:albert.moser@sbg.at  www.moser.zenfolio.com\"\n\t\t\t\t\talt=\"Perchtenlauf der Pl\u00c3\u00b6tzpass beim Pl\u00c3\u00b6tzlauf in Ebenau am 07.12.2016  \nFoto und Copyright: Moser Albert, Fotograf, 5201 Seekirchen, Weinbergstiege 1, Tel.: 0043-676-7550526 mailto:albert.moser@sbg.at  www.moser.zenfolio.com\"\n\t\t\t\t\tsrc=\"https:\/\/www.verlag-doppelpunkt.at\/bilderserien\/wp-content\/gallery\/perchtenlauf-in-ebenau\/thumbs\/thumbs_perchtenlauf-ebenau-9.jpg\"\n\t\t\t\t\twidth=\"100\"\n\t\t\t\t\theight=\"66\"\n\t\t\t\t\tstyle=\"max-width:100%;\"\n\t\t\t\t\/>\n\t\t\t<\/a>\n\t\t<\/div>\n\t\t\t\t\t\t\t<\/div> \n\t\t\t\n\t\n\t<br style=\"clear: both\" \/>\n\n\t\n\t\t<!-- Pagination -->\n\t\t<div class='ngg-navigation'><span class='current'>1<\/span>\n<a class='page-numbers' data-pageid='2' href='https:\/\/www.verlag-doppelpunkt.at\/bilderserien\/perchten-in-der-ebenauer-ploetz\/nggallery\/page\/2'>2<\/a>\n<a class='prev' href='https:\/\/www.verlag-doppelpunkt.at\/bilderserien\/perchten-in-der-ebenauer-ploetz\/nggallery\/page\/2' data-pageid=2>&#9658;<\/a><\/div>\t<\/div>\n<\/strong><\/p>\n","protected":false},"excerpt":{"rendered":"<p>Der Perchtenlauf in Ebenau in der Pl\u00f6tz ist besonders mystisch und lockt allj\u00e4hrlich hunderte Besucher an. Veranstaltet wird dieses Spektakel von den Kramperln der Pl\u00f6tzpass. Bilder: Albert Moser<\/p>\n","protected":false},"author":3,"featured_media":5870,"comment_status":"closed","ping_status":"open","sticky":false,"template":"","format":"standard","meta":{"ngg_post_thumbnail":0,"footnotes":""},"categories":[332],"tags":[],"_links":{"self":[{"href":"https:\/\/www.verlag-doppelpunkt.at\/bilderserien\/wp-json\/wp\/v2\/posts\/5435"}],"collection":[{"href":"https:\/\/www.verlag-doppelpunkt.at\/bilderserien\/wp-json\/wp\/v2\/posts"}],"about":[{"href":"https:\/\/www.verlag-doppelpunkt.at\/bilderserien\/wp-json\/wp\/v2\/types\/post"}],"author":[{"embeddable":true,"href":"https:\/\/www.verlag-doppelpunkt.at\/bilderserien\/wp-json\/wp\/v2\/users\/3"}],"replies":[{"embeddable":true,"href":"https:\/\/www.verlag-doppelpunkt.at\/bilderserien\/wp-json\/wp\/v2\/comments?post=5435"}],"version-history":[{"count":3,"href":"https:\/\/www.verlag-doppelpunkt.at\/bilderserien\/wp-json\/wp\/v2\/posts\/5435\/revisions"}],"predecessor-version":[{"id":5438,"href":"https:\/\/www.verlag-doppelpunkt.at\/bilderserien\/wp-json\/wp\/v2\/posts\/5435\/revisions\/5438"}],"wp:featuredmedia":[{"embeddable":true,"href":"https:\/\/www.verlag-doppelpunkt.at\/bilderserien\/wp-json\/wp\/v2\/media\/5870"}],"wp:attachment":[{"href":"https:\/\/www.verlag-doppelpunkt.at\/bilderserien\/wp-json\/wp\/v2\/media?parent=5435"}],"wp:term":[{"taxonomy":"category","embeddable":true,"href":"https:\/\/www.verlag-doppelpunkt.at\/bilderserien\/wp-json\/wp\/v2\/categories?post=5435"},{"taxonomy":"post_tag","embeddable":true,"href":"https:\/\/www.verlag-doppelpunkt.at\/bilderserien\/wp-json\/wp\/v2\/tags?post=5435"}],"curies":[{"name":"wp","href":"https:\/\/api.w.org\/{rel}","templated":true}]}}