{"id":5450,"date":"2017-04-24T14:01:56","date_gmt":"2017-04-24T12:01:56","guid":{"rendered":"https:\/\/www.verlag-doppelpunkt.at\/bilderserien\/\/?p=5450"},"modified":"2018-03-31T18:41:02","modified_gmt":"2018-03-31T16:41:02","slug":"ein-muenchner-im-himmel-und-in-der-hoelle","status":"publish","type":"post","link":"https:\/\/www.verlag-doppelpunkt.at\/bilderserien\/ein-muenchner-im-himmel-und-in-der-hoelle\/","title":{"rendered":"Ein M\u00fcnchner im Himmel und in der H\u00f6lle"},"content":{"rendered":"<p>Wie es dem M\u00fcnchen im Himmel ergeht, wissen wir ja. Er will nicht halleluja singen, er will sein Bier trinken anstatt himmlischem Manna, mit dem \u201eboanigen Engel\u201c will er schon gar nichts zu tun haben und wenn es ums Frohlocken geht, dann stellt es ihm auch noch die Nackenhaaare auf. Wie aber ergeht es dem M\u00fcnchner in der H\u00f6lle? Das zeigt uns die Theatergruppe Hof noch am 25., 27., 28. und 29. April.<\/p>\n<p><a href=\"http:\/\/moser.zenfolio.com\/\">Bilder: Albert Moser<\/a><\/p>\n<!-- default-view.php -->\n<div\n\tclass=\"ngg-galleryoverview default-view \n\t\t\"\n\tid=\"ngg-gallery-2b4b6f1ea09554b95a64f5eb3e72ed4e-1\">\n\n\t\t<!-- Thumbnails -->\n\t\t\t\t<div id=\"ngg-image-0\" class=\"ngg-gallery-thumbnail-box \n\t\t\t\t\t\t\t\t\t\t\t\" \n\t\t\t>\n\t\t\t\t\t\t<div class=\"ngg-gallery-thumbnail\">\n\t\t\t<a href=\"https:\/\/www.verlag-doppelpunkt.at\/bilderserien\/wp-content\/gallery\/theater-hof\/ein-muenchner-im-himmel-und-in-der-hoelle-1.jpg\"\n\t\t\t\ttitle=\"&quot;Ein M\u00fcnchner im Himmel und in der H\u00f6lle&quot;, ein bayrisches Volksst\u00fcck von Alfons Schweigert, aufgef\u00fchrt von den Hofer Theaterspielern im K.U.L.T in Hof bei Salzburg, Regie: Gerard Es. Foto von der Generalprobe am 20.04.2017  Foto und Copyright: Moser Albert, Fotograf, 5201 Seekirchen, Weinbergstiege 1, Tel.: 0043-676-7550526 mailto:albert.moser@sbg.at  www.moser.zenfolio.com\"\n\t\t\t\tdata-src=\"https:\/\/www.verlag-doppelpunkt.at\/bilderserien\/wp-content\/gallery\/theater-hof\/ein-muenchner-im-himmel-und-in-der-hoelle-1.jpg\"\n\t\t\t\tdata-thumbnail=\"https:\/\/www.verlag-doppelpunkt.at\/bilderserien\/wp-content\/gallery\/theater-hof\/thumbs\/thumbs_ein-muenchner-im-himmel-und-in-der-hoelle-1.jpg\"\n\t\t\t\tdata-image-id=\"16920\"\n\t\t\t\tdata-title=\"&quot;Ein M\u00c3\u00bcnchner im Himmel und in der H\u00c3\u00b6lle&quot;, ein bayrisches Volksst\u00c3\u00bcck von Alfons Schweigert, aufgef\u00c3\u00bchrt von den Hofer Theaterspielern im K.U.L.T in Hof bei Salzburg, Regie: Gerard Es. Foto von der Generalprobe am 20.04.2017  \nFoto und Copyright: Moser Albert, Fotograf, 5201 Seekirchen, Weinbergstiege 1, Tel.: 0043-676-7550526 mailto:albert.moser@sbg.at  www.moser.zenfolio.com\"\n\t\t\t\tdata-description=\"&quot;Ein M\u00fcnchner im Himmel und in der H\u00f6lle&quot;, ein bayrisches Volksst\u00fcck von Alfons Schweigert, aufgef\u00fchrt von den Hofer Theaterspielern im K.U.L.T in Hof bei Salzburg, Regie: Gerard Es. Foto von der Generalprobe am 20.04.2017  Foto und Copyright: Moser Albert, Fotograf, 5201 Seekirchen, Weinbergstiege 1, Tel.: 0043-676-7550526 mailto:albert.moser@sbg.at  www.moser.zenfolio.com\"\n\t\t\t\tdata-image-slug=\"ein-muenchner-im-himmel-und-in-der-hoelle-1\"\n\t\t\t\tclass=\"shutterset_2b4b6f1ea09554b95a64f5eb3e72ed4e\">\n\t\t\t\t<img\n\t\t\t\t\ttitle=\"&quot;Ein M\u00c3\u00bcnchner im Himmel und in der H\u00c3\u00b6lle&quot;, ein bayrisches Volksst\u00c3\u00bcck von Alfons Schweigert, aufgef\u00c3\u00bchrt von den Hofer Theaterspielern im K.U.L.T in Hof bei Salzburg, Regie: Gerard Es. Foto von der Generalprobe am 20.04.2017  \nFoto und Copyright: Moser Albert, Fotograf, 5201 Seekirchen, Weinbergstiege 1, Tel.: 0043-676-7550526 mailto:albert.moser@sbg.at  www.moser.zenfolio.com\"\n\t\t\t\t\talt=\"&quot;Ein M\u00c3\u00bcnchner im Himmel und in der H\u00c3\u00b6lle&quot;, ein bayrisches Volksst\u00c3\u00bcck von Alfons Schweigert, aufgef\u00c3\u00bchrt von den Hofer Theaterspielern im K.U.L.T in Hof bei Salzburg, Regie: Gerard Es. Foto von der Generalprobe am 20.04.2017  \nFoto und Copyright: Moser Albert, Fotograf, 5201 Seekirchen, Weinbergstiege 1, Tel.: 0043-676-7550526 mailto:albert.moser@sbg.at  www.moser.zenfolio.com\"\n\t\t\t\t\tsrc=\"https:\/\/www.verlag-doppelpunkt.at\/bilderserien\/wp-content\/gallery\/theater-hof\/thumbs\/thumbs_ein-muenchner-im-himmel-und-in-der-hoelle-1.jpg\"\n\t\t\t\t\twidth=\"100\"\n\t\t\t\t\theight=\"66\"\n\t\t\t\t\tstyle=\"max-width:100%;\"\n\t\t\t\t\/>\n\t\t\t<\/a>\n\t\t<\/div>\n\t\t\t\t\t\t\t<\/div> \n\t\t\t\n\t\t\t\t<div id=\"ngg-image-1\" class=\"ngg-gallery-thumbnail-box \n\t\t\t\t\t\t\t\t\t\t\t\" \n\t\t\t>\n\t\t\t\t\t\t<div class=\"ngg-gallery-thumbnail\">\n\t\t\t<a href=\"https:\/\/www.verlag-doppelpunkt.at\/bilderserien\/wp-content\/gallery\/theater-hof\/ein-muenchner-im-himmel-und-in-der-hoelle-10.jpg\"\n\t\t\t\ttitle=\"&quot;Ein M\u00fcnchner im Himmel und in der H\u00f6lle&quot;, ein bayrisches Volksst\u00fcck von Alfons Schweigert, aufgef\u00fchrt von den Hofer Theaterspielern im K.U.L.T in Hof bei Salzburg, Regie: Gerard Es. Foto von der Generalprobe am 20.04.2017  Foto und Copyright: Moser Albert, Fotograf, 5201 Seekirchen, Weinbergstiege 1, Tel.: 0043-676-7550526 mailto:albert.moser@sbg.at  www.moser.zenfolio.com\"\n\t\t\t\tdata-src=\"https:\/\/www.verlag-doppelpunkt.at\/bilderserien\/wp-content\/gallery\/theater-hof\/ein-muenchner-im-himmel-und-in-der-hoelle-10.jpg\"\n\t\t\t\tdata-thumbnail=\"https:\/\/www.verlag-doppelpunkt.at\/bilderserien\/wp-content\/gallery\/theater-hof\/thumbs\/thumbs_ein-muenchner-im-himmel-und-in-der-hoelle-10.jpg\"\n\t\t\t\tdata-image-id=\"16921\"\n\t\t\t\tdata-title=\"&quot;Ein M\u00c3\u00bcnchner im Himmel und in der H\u00c3\u00b6lle&quot;, ein bayrisches Volksst\u00c3\u00bcck von Alfons Schweigert, aufgef\u00c3\u00bchrt von den Hofer Theaterspielern im K.U.L.T in Hof bei Salzburg, Regie: Gerard Es. Foto von der Generalprobe am 20.04.2017  \nFoto und Copyright: Moser Albert, Fotograf, 5201 Seekirchen, Weinbergstiege 1, Tel.: 0043-676-7550526 mailto:albert.moser@sbg.at  www.moser.zenfolio.com\"\n\t\t\t\tdata-description=\"&quot;Ein M\u00fcnchner im Himmel und in der H\u00f6lle&quot;, ein bayrisches Volksst\u00fcck von Alfons Schweigert, aufgef\u00fchrt von den Hofer Theaterspielern im K.U.L.T in Hof bei Salzburg, Regie: Gerard Es. Foto von der Generalprobe am 20.04.2017  Foto und Copyright: Moser Albert, Fotograf, 5201 Seekirchen, Weinbergstiege 1, Tel.: 0043-676-7550526 mailto:albert.moser@sbg.at  www.moser.zenfolio.com\"\n\t\t\t\tdata-image-slug=\"ein-muenchner-im-himmel-und-in-der-hoelle-10\"\n\t\t\t\tclass=\"shutterset_2b4b6f1ea09554b95a64f5eb3e72ed4e\">\n\t\t\t\t<img\n\t\t\t\t\ttitle=\"&quot;Ein M\u00c3\u00bcnchner im Himmel und in der H\u00c3\u00b6lle&quot;, ein bayrisches Volksst\u00c3\u00bcck von Alfons Schweigert, aufgef\u00c3\u00bchrt von den Hofer Theaterspielern im K.U.L.T in Hof bei Salzburg, Regie: Gerard Es. Foto von der Generalprobe am 20.04.2017  \nFoto und Copyright: Moser Albert, Fotograf, 5201 Seekirchen, Weinbergstiege 1, Tel.: 0043-676-7550526 mailto:albert.moser@sbg.at  www.moser.zenfolio.com\"\n\t\t\t\t\talt=\"&quot;Ein M\u00c3\u00bcnchner im Himmel und in der H\u00c3\u00b6lle&quot;, ein bayrisches Volksst\u00c3\u00bcck von Alfons Schweigert, aufgef\u00c3\u00bchrt von den Hofer Theaterspielern im K.U.L.T in Hof bei Salzburg, Regie: Gerard Es. Foto von der Generalprobe am 20.04.2017  \nFoto und Copyright: Moser Albert, Fotograf, 5201 Seekirchen, Weinbergstiege 1, Tel.: 0043-676-7550526 mailto:albert.moser@sbg.at  www.moser.zenfolio.com\"\n\t\t\t\t\tsrc=\"https:\/\/www.verlag-doppelpunkt.at\/bilderserien\/wp-content\/gallery\/theater-hof\/thumbs\/thumbs_ein-muenchner-im-himmel-und-in-der-hoelle-10.jpg\"\n\t\t\t\t\twidth=\"100\"\n\t\t\t\t\theight=\"66\"\n\t\t\t\t\tstyle=\"max-width:100%;\"\n\t\t\t\t\/>\n\t\t\t<\/a>\n\t\t<\/div>\n\t\t\t\t\t\t\t<\/div> \n\t\t\t\n\t\t\t\t<div id=\"ngg-image-2\" class=\"ngg-gallery-thumbnail-box \n\t\t\t\t\t\t\t\t\t\t\t\" \n\t\t\t>\n\t\t\t\t\t\t<div class=\"ngg-gallery-thumbnail\">\n\t\t\t<a href=\"https:\/\/www.verlag-doppelpunkt.at\/bilderserien\/wp-content\/gallery\/theater-hof\/ein-muenchner-im-himmel-und-in-der-hoelle-11.jpg\"\n\t\t\t\ttitle=\"&quot;Ein M\u00fcnchner im Himmel und in der H\u00f6lle&quot;, ein bayrisches Volksst\u00fcck von Alfons Schweigert, aufgef\u00fchrt von den Hofer Theaterspielern im K.U.L.T in Hof bei Salzburg, Regie: Gerard Es. Foto von der Generalprobe am 20.04.2017  Foto und Copyright: Moser Albert, Fotograf, 5201 Seekirchen, Weinbergstiege 1, Tel.: 0043-676-7550526 mailto:albert.moser@sbg.at  www.moser.zenfolio.com\"\n\t\t\t\tdata-src=\"https:\/\/www.verlag-doppelpunkt.at\/bilderserien\/wp-content\/gallery\/theater-hof\/ein-muenchner-im-himmel-und-in-der-hoelle-11.jpg\"\n\t\t\t\tdata-thumbnail=\"https:\/\/www.verlag-doppelpunkt.at\/bilderserien\/wp-content\/gallery\/theater-hof\/thumbs\/thumbs_ein-muenchner-im-himmel-und-in-der-hoelle-11.jpg\"\n\t\t\t\tdata-image-id=\"16922\"\n\t\t\t\tdata-title=\"&quot;Ein M\u00c3\u00bcnchner im Himmel und in der H\u00c3\u00b6lle&quot;, ein bayrisches Volksst\u00c3\u00bcck von Alfons Schweigert, aufgef\u00c3\u00bchrt von den Hofer Theaterspielern im K.U.L.T in Hof bei Salzburg, Regie: Gerard Es. Foto von der Generalprobe am 20.04.2017  \nFoto und Copyright: Moser Albert, Fotograf, 5201 Seekirchen, Weinbergstiege 1, Tel.: 0043-676-7550526 mailto:albert.moser@sbg.at  www.moser.zenfolio.com\"\n\t\t\t\tdata-description=\"&quot;Ein M\u00fcnchner im Himmel und in der H\u00f6lle&quot;, ein bayrisches Volksst\u00fcck von Alfons Schweigert, aufgef\u00fchrt von den Hofer Theaterspielern im K.U.L.T in Hof bei Salzburg, Regie: Gerard Es. Foto von der Generalprobe am 20.04.2017  Foto und Copyright: Moser Albert, Fotograf, 5201 Seekirchen, Weinbergstiege 1, Tel.: 0043-676-7550526 mailto:albert.moser@sbg.at  www.moser.zenfolio.com\"\n\t\t\t\tdata-image-slug=\"ein-muenchner-im-himmel-und-in-der-hoelle-11\"\n\t\t\t\tclass=\"shutterset_2b4b6f1ea09554b95a64f5eb3e72ed4e\">\n\t\t\t\t<img\n\t\t\t\t\ttitle=\"&quot;Ein M\u00c3\u00bcnchner im Himmel und in der H\u00c3\u00b6lle&quot;, ein bayrisches Volksst\u00c3\u00bcck von Alfons Schweigert, aufgef\u00c3\u00bchrt von den Hofer Theaterspielern im K.U.L.T in Hof bei Salzburg, Regie: Gerard Es. Foto von der Generalprobe am 20.04.2017  \nFoto und Copyright: Moser Albert, Fotograf, 5201 Seekirchen, Weinbergstiege 1, Tel.: 0043-676-7550526 mailto:albert.moser@sbg.at  www.moser.zenfolio.com\"\n\t\t\t\t\talt=\"&quot;Ein M\u00c3\u00bcnchner im Himmel und in der H\u00c3\u00b6lle&quot;, ein bayrisches Volksst\u00c3\u00bcck von Alfons Schweigert, aufgef\u00c3\u00bchrt von den Hofer Theaterspielern im K.U.L.T in Hof bei Salzburg, Regie: Gerard Es. Foto von der Generalprobe am 20.04.2017  \nFoto und Copyright: Moser Albert, Fotograf, 5201 Seekirchen, Weinbergstiege 1, Tel.: 0043-676-7550526 mailto:albert.moser@sbg.at  www.moser.zenfolio.com\"\n\t\t\t\t\tsrc=\"https:\/\/www.verlag-doppelpunkt.at\/bilderserien\/wp-content\/gallery\/theater-hof\/thumbs\/thumbs_ein-muenchner-im-himmel-und-in-der-hoelle-11.jpg\"\n\t\t\t\t\twidth=\"100\"\n\t\t\t\t\theight=\"66\"\n\t\t\t\t\tstyle=\"max-width:100%;\"\n\t\t\t\t\/>\n\t\t\t<\/a>\n\t\t<\/div>\n\t\t\t\t\t\t\t<\/div> \n\t\t\t\n\t\t\t\t<div id=\"ngg-image-3\" class=\"ngg-gallery-thumbnail-box \n\t\t\t\t\t\t\t\t\t\t\t\" \n\t\t\t>\n\t\t\t\t\t\t<div class=\"ngg-gallery-thumbnail\">\n\t\t\t<a href=\"https:\/\/www.verlag-doppelpunkt.at\/bilderserien\/wp-content\/gallery\/theater-hof\/ein-muenchner-im-himmel-und-in-der-hoelle-12.jpg\"\n\t\t\t\ttitle=\"&quot;Ein M\u00fcnchner im Himmel und in der H\u00f6lle&quot;, ein bayrisches Volksst\u00fcck von Alfons Schweigert, aufgef\u00fchrt von den Hofer Theaterspielern im K.U.L.T in Hof bei Salzburg, Regie: Gerard Es. Foto von der Generalprobe am 20.04.2017  Foto und Copyright: Moser Albert, Fotograf, 5201 Seekirchen, Weinbergstiege 1, Tel.: 0043-676-7550526 mailto:albert.moser@sbg.at  www.moser.zenfolio.com\"\n\t\t\t\tdata-src=\"https:\/\/www.verlag-doppelpunkt.at\/bilderserien\/wp-content\/gallery\/theater-hof\/ein-muenchner-im-himmel-und-in-der-hoelle-12.jpg\"\n\t\t\t\tdata-thumbnail=\"https:\/\/www.verlag-doppelpunkt.at\/bilderserien\/wp-content\/gallery\/theater-hof\/thumbs\/thumbs_ein-muenchner-im-himmel-und-in-der-hoelle-12.jpg\"\n\t\t\t\tdata-image-id=\"16923\"\n\t\t\t\tdata-title=\"&quot;Ein M\u00c3\u00bcnchner im Himmel und in der H\u00c3\u00b6lle&quot;, ein bayrisches Volksst\u00c3\u00bcck von Alfons Schweigert, aufgef\u00c3\u00bchrt von den Hofer Theaterspielern im K.U.L.T in Hof bei Salzburg, Regie: Gerard Es. Foto von der Generalprobe am 20.04.2017  \nFoto und Copyright: Moser Albert, Fotograf, 5201 Seekirchen, Weinbergstiege 1, Tel.: 0043-676-7550526 mailto:albert.moser@sbg.at  www.moser.zenfolio.com\"\n\t\t\t\tdata-description=\"&quot;Ein M\u00fcnchner im Himmel und in der H\u00f6lle&quot;, ein bayrisches Volksst\u00fcck von Alfons Schweigert, aufgef\u00fchrt von den Hofer Theaterspielern im K.U.L.T in Hof bei Salzburg, Regie: Gerard Es. Foto von der Generalprobe am 20.04.2017  Foto und Copyright: Moser Albert, Fotograf, 5201 Seekirchen, Weinbergstiege 1, Tel.: 0043-676-7550526 mailto:albert.moser@sbg.at  www.moser.zenfolio.com\"\n\t\t\t\tdata-image-slug=\"ein-muenchner-im-himmel-und-in-der-hoelle-12\"\n\t\t\t\tclass=\"shutterset_2b4b6f1ea09554b95a64f5eb3e72ed4e\">\n\t\t\t\t<img\n\t\t\t\t\ttitle=\"&quot;Ein M\u00c3\u00bcnchner im Himmel und in der H\u00c3\u00b6lle&quot;, ein bayrisches Volksst\u00c3\u00bcck von Alfons Schweigert, aufgef\u00c3\u00bchrt von den Hofer Theaterspielern im K.U.L.T in Hof bei Salzburg, Regie: Gerard Es. Foto von der Generalprobe am 20.04.2017  \nFoto und Copyright: Moser Albert, Fotograf, 5201 Seekirchen, Weinbergstiege 1, Tel.: 0043-676-7550526 mailto:albert.moser@sbg.at  www.moser.zenfolio.com\"\n\t\t\t\t\talt=\"&quot;Ein M\u00c3\u00bcnchner im Himmel und in der H\u00c3\u00b6lle&quot;, ein bayrisches Volksst\u00c3\u00bcck von Alfons Schweigert, aufgef\u00c3\u00bchrt von den Hofer Theaterspielern im K.U.L.T in Hof bei Salzburg, Regie: Gerard Es. Foto von der Generalprobe am 20.04.2017  \nFoto und Copyright: Moser Albert, Fotograf, 5201 Seekirchen, Weinbergstiege 1, Tel.: 0043-676-7550526 mailto:albert.moser@sbg.at  www.moser.zenfolio.com\"\n\t\t\t\t\tsrc=\"https:\/\/www.verlag-doppelpunkt.at\/bilderserien\/wp-content\/gallery\/theater-hof\/thumbs\/thumbs_ein-muenchner-im-himmel-und-in-der-hoelle-12.jpg\"\n\t\t\t\t\twidth=\"100\"\n\t\t\t\t\theight=\"66\"\n\t\t\t\t\tstyle=\"max-width:100%;\"\n\t\t\t\t\/>\n\t\t\t<\/a>\n\t\t<\/div>\n\t\t\t\t\t\t\t<\/div> \n\t\t\t\n\t\t\t\t<div id=\"ngg-image-4\" class=\"ngg-gallery-thumbnail-box \n\t\t\t\t\t\t\t\t\t\t\t\" \n\t\t\t>\n\t\t\t\t\t\t<div class=\"ngg-gallery-thumbnail\">\n\t\t\t<a href=\"https:\/\/www.verlag-doppelpunkt.at\/bilderserien\/wp-content\/gallery\/theater-hof\/ein-muenchner-im-himmel-und-in-der-hoelle-13.jpg\"\n\t\t\t\ttitle=\"&quot;Ein M\u00fcnchner im Himmel und in der H\u00f6lle&quot;, ein bayrisches Volksst\u00fcck von Alfons Schweigert, aufgef\u00fchrt von den Hofer Theaterspielern im K.U.L.T in Hof bei Salzburg, Regie: Gerard Es. Foto von der Generalprobe am 20.04.2017  Foto und Copyright: Moser Albert, Fotograf, 5201 Seekirchen, Weinbergstiege 1, Tel.: 0043-676-7550526 mailto:albert.moser@sbg.at  www.moser.zenfolio.com\"\n\t\t\t\tdata-src=\"https:\/\/www.verlag-doppelpunkt.at\/bilderserien\/wp-content\/gallery\/theater-hof\/ein-muenchner-im-himmel-und-in-der-hoelle-13.jpg\"\n\t\t\t\tdata-thumbnail=\"https:\/\/www.verlag-doppelpunkt.at\/bilderserien\/wp-content\/gallery\/theater-hof\/thumbs\/thumbs_ein-muenchner-im-himmel-und-in-der-hoelle-13.jpg\"\n\t\t\t\tdata-image-id=\"16924\"\n\t\t\t\tdata-title=\"&quot;Ein M\u00c3\u00bcnchner im Himmel und in der H\u00c3\u00b6lle&quot;, ein bayrisches Volksst\u00c3\u00bcck von Alfons Schweigert, aufgef\u00c3\u00bchrt von den Hofer Theaterspielern im K.U.L.T in Hof bei Salzburg, Regie: Gerard Es. Foto von der Generalprobe am 20.04.2017  \nFoto und Copyright: Moser Albert, Fotograf, 5201 Seekirchen, Weinbergstiege 1, Tel.: 0043-676-7550526 mailto:albert.moser@sbg.at  www.moser.zenfolio.com\"\n\t\t\t\tdata-description=\"&quot;Ein M\u00fcnchner im Himmel und in der H\u00f6lle&quot;, ein bayrisches Volksst\u00fcck von Alfons Schweigert, aufgef\u00fchrt von den Hofer Theaterspielern im K.U.L.T in Hof bei Salzburg, Regie: Gerard Es. Foto von der Generalprobe am 20.04.2017  Foto und Copyright: Moser Albert, Fotograf, 5201 Seekirchen, Weinbergstiege 1, Tel.: 0043-676-7550526 mailto:albert.moser@sbg.at  www.moser.zenfolio.com\"\n\t\t\t\tdata-image-slug=\"ein-muenchner-im-himmel-und-in-der-hoelle-13\"\n\t\t\t\tclass=\"shutterset_2b4b6f1ea09554b95a64f5eb3e72ed4e\">\n\t\t\t\t<img\n\t\t\t\t\ttitle=\"&quot;Ein M\u00c3\u00bcnchner im Himmel und in der H\u00c3\u00b6lle&quot;, ein bayrisches Volksst\u00c3\u00bcck von Alfons Schweigert, aufgef\u00c3\u00bchrt von den Hofer Theaterspielern im K.U.L.T in Hof bei Salzburg, Regie: Gerard Es. Foto von der Generalprobe am 20.04.2017  \nFoto und Copyright: Moser Albert, Fotograf, 5201 Seekirchen, Weinbergstiege 1, Tel.: 0043-676-7550526 mailto:albert.moser@sbg.at  www.moser.zenfolio.com\"\n\t\t\t\t\talt=\"&quot;Ein M\u00c3\u00bcnchner im Himmel und in der H\u00c3\u00b6lle&quot;, ein bayrisches Volksst\u00c3\u00bcck von Alfons Schweigert, aufgef\u00c3\u00bchrt von den Hofer Theaterspielern im K.U.L.T in Hof bei Salzburg, Regie: Gerard Es. Foto von der Generalprobe am 20.04.2017  \nFoto und Copyright: Moser Albert, Fotograf, 5201 Seekirchen, Weinbergstiege 1, Tel.: 0043-676-7550526 mailto:albert.moser@sbg.at  www.moser.zenfolio.com\"\n\t\t\t\t\tsrc=\"https:\/\/www.verlag-doppelpunkt.at\/bilderserien\/wp-content\/gallery\/theater-hof\/thumbs\/thumbs_ein-muenchner-im-himmel-und-in-der-hoelle-13.jpg\"\n\t\t\t\t\twidth=\"100\"\n\t\t\t\t\theight=\"66\"\n\t\t\t\t\tstyle=\"max-width:100%;\"\n\t\t\t\t\/>\n\t\t\t<\/a>\n\t\t<\/div>\n\t\t\t\t\t\t\t<\/div> \n\t\t\t\n\t\t\t\t<div id=\"ngg-image-5\" class=\"ngg-gallery-thumbnail-box \n\t\t\t\t\t\t\t\t\t\t\t\" \n\t\t\t>\n\t\t\t\t\t\t<div class=\"ngg-gallery-thumbnail\">\n\t\t\t<a href=\"https:\/\/www.verlag-doppelpunkt.at\/bilderserien\/wp-content\/gallery\/theater-hof\/ein-muenchner-im-himmel-und-in-der-hoelle-14.jpg\"\n\t\t\t\ttitle=\"&quot;Ein M\u00fcnchner im Himmel und in der H\u00f6lle&quot;, ein bayrisches Volksst\u00fcck von Alfons Schweigert, aufgef\u00fchrt von den Hofer Theaterspielern im K.U.L.T in Hof bei Salzburg, Regie: Gerard Es. Foto von der Generalprobe am 20.04.2017  Foto und Copyright: Moser Albert, Fotograf, 5201 Seekirchen, Weinbergstiege 1, Tel.: 0043-676-7550526 mailto:albert.moser@sbg.at  www.moser.zenfolio.com\"\n\t\t\t\tdata-src=\"https:\/\/www.verlag-doppelpunkt.at\/bilderserien\/wp-content\/gallery\/theater-hof\/ein-muenchner-im-himmel-und-in-der-hoelle-14.jpg\"\n\t\t\t\tdata-thumbnail=\"https:\/\/www.verlag-doppelpunkt.at\/bilderserien\/wp-content\/gallery\/theater-hof\/thumbs\/thumbs_ein-muenchner-im-himmel-und-in-der-hoelle-14.jpg\"\n\t\t\t\tdata-image-id=\"16925\"\n\t\t\t\tdata-title=\"&quot;Ein M\u00c3\u00bcnchner im Himmel und in der H\u00c3\u00b6lle&quot;, ein bayrisches Volksst\u00c3\u00bcck von Alfons Schweigert, aufgef\u00c3\u00bchrt von den Hofer Theaterspielern im K.U.L.T in Hof bei Salzburg, Regie: Gerard Es. Foto von der Generalprobe am 20.04.2017  \nFoto und Copyright: Moser Albert, Fotograf, 5201 Seekirchen, Weinbergstiege 1, Tel.: 0043-676-7550526 mailto:albert.moser@sbg.at  www.moser.zenfolio.com\"\n\t\t\t\tdata-description=\"&quot;Ein M\u00fcnchner im Himmel und in der H\u00f6lle&quot;, ein bayrisches Volksst\u00fcck von Alfons Schweigert, aufgef\u00fchrt von den Hofer Theaterspielern im K.U.L.T in Hof bei Salzburg, Regie: Gerard Es. Foto von der Generalprobe am 20.04.2017  Foto und Copyright: Moser Albert, Fotograf, 5201 Seekirchen, Weinbergstiege 1, Tel.: 0043-676-7550526 mailto:albert.moser@sbg.at  www.moser.zenfolio.com\"\n\t\t\t\tdata-image-slug=\"ein-muenchner-im-himmel-und-in-der-hoelle-14\"\n\t\t\t\tclass=\"shutterset_2b4b6f1ea09554b95a64f5eb3e72ed4e\">\n\t\t\t\t<img\n\t\t\t\t\ttitle=\"&quot;Ein M\u00c3\u00bcnchner im Himmel und in der H\u00c3\u00b6lle&quot;, ein bayrisches Volksst\u00c3\u00bcck von Alfons Schweigert, aufgef\u00c3\u00bchrt von den Hofer Theaterspielern im K.U.L.T in Hof bei Salzburg, Regie: Gerard Es. Foto von der Generalprobe am 20.04.2017  \nFoto und Copyright: Moser Albert, Fotograf, 5201 Seekirchen, Weinbergstiege 1, Tel.: 0043-676-7550526 mailto:albert.moser@sbg.at  www.moser.zenfolio.com\"\n\t\t\t\t\talt=\"&quot;Ein M\u00c3\u00bcnchner im Himmel und in der H\u00c3\u00b6lle&quot;, ein bayrisches Volksst\u00c3\u00bcck von Alfons Schweigert, aufgef\u00c3\u00bchrt von den Hofer Theaterspielern im K.U.L.T in Hof bei Salzburg, Regie: Gerard Es. Foto von der Generalprobe am 20.04.2017  \nFoto und Copyright: Moser Albert, Fotograf, 5201 Seekirchen, Weinbergstiege 1, Tel.: 0043-676-7550526 mailto:albert.moser@sbg.at  www.moser.zenfolio.com\"\n\t\t\t\t\tsrc=\"https:\/\/www.verlag-doppelpunkt.at\/bilderserien\/wp-content\/gallery\/theater-hof\/thumbs\/thumbs_ein-muenchner-im-himmel-und-in-der-hoelle-14.jpg\"\n\t\t\t\t\twidth=\"100\"\n\t\t\t\t\theight=\"66\"\n\t\t\t\t\tstyle=\"max-width:100%;\"\n\t\t\t\t\/>\n\t\t\t<\/a>\n\t\t<\/div>\n\t\t\t\t\t\t\t<\/div> \n\t\t\t\n\t\t\t\t<div id=\"ngg-image-6\" class=\"ngg-gallery-thumbnail-box \n\t\t\t\t\t\t\t\t\t\t\t\" \n\t\t\t>\n\t\t\t\t\t\t<div class=\"ngg-gallery-thumbnail\">\n\t\t\t<a href=\"https:\/\/www.verlag-doppelpunkt.at\/bilderserien\/wp-content\/gallery\/theater-hof\/ein-muenchner-im-himmel-und-in-der-hoelle-15.jpg\"\n\t\t\t\ttitle=\"&quot;Ein M\u00fcnchner im Himmel und in der H\u00f6lle&quot;, ein bayrisches Volksst\u00fcck von Alfons Schweigert, aufgef\u00fchrt von den Hofer Theaterspielern im K.U.L.T in Hof bei Salzburg, Regie: Gerard Es. Foto von der Generalprobe am 20.04.2017  Foto und Copyright: Moser Albert, Fotograf, 5201 Seekirchen, Weinbergstiege 1, Tel.: 0043-676-7550526 mailto:albert.moser@sbg.at  www.moser.zenfolio.com\"\n\t\t\t\tdata-src=\"https:\/\/www.verlag-doppelpunkt.at\/bilderserien\/wp-content\/gallery\/theater-hof\/ein-muenchner-im-himmel-und-in-der-hoelle-15.jpg\"\n\t\t\t\tdata-thumbnail=\"https:\/\/www.verlag-doppelpunkt.at\/bilderserien\/wp-content\/gallery\/theater-hof\/thumbs\/thumbs_ein-muenchner-im-himmel-und-in-der-hoelle-15.jpg\"\n\t\t\t\tdata-image-id=\"16926\"\n\t\t\t\tdata-title=\"&quot;Ein M\u00c3\u00bcnchner im Himmel und in der H\u00c3\u00b6lle&quot;, ein bayrisches Volksst\u00c3\u00bcck von Alfons Schweigert, aufgef\u00c3\u00bchrt von den Hofer Theaterspielern im K.U.L.T in Hof bei Salzburg, Regie: Gerard Es. Foto von der Generalprobe am 20.04.2017  \nFoto und Copyright: Moser Albert, Fotograf, 5201 Seekirchen, Weinbergstiege 1, Tel.: 0043-676-7550526 mailto:albert.moser@sbg.at  www.moser.zenfolio.com\"\n\t\t\t\tdata-description=\"&quot;Ein M\u00fcnchner im Himmel und in der H\u00f6lle&quot;, ein bayrisches Volksst\u00fcck von Alfons Schweigert, aufgef\u00fchrt von den Hofer Theaterspielern im K.U.L.T in Hof bei Salzburg, Regie: Gerard Es. Foto von der Generalprobe am 20.04.2017  Foto und Copyright: Moser Albert, Fotograf, 5201 Seekirchen, Weinbergstiege 1, Tel.: 0043-676-7550526 mailto:albert.moser@sbg.at  www.moser.zenfolio.com\"\n\t\t\t\tdata-image-slug=\"ein-muenchner-im-himmel-und-in-der-hoelle-15\"\n\t\t\t\tclass=\"shutterset_2b4b6f1ea09554b95a64f5eb3e72ed4e\">\n\t\t\t\t<img\n\t\t\t\t\ttitle=\"&quot;Ein M\u00c3\u00bcnchner im Himmel und in der H\u00c3\u00b6lle&quot;, ein bayrisches Volksst\u00c3\u00bcck von Alfons Schweigert, aufgef\u00c3\u00bchrt von den Hofer Theaterspielern im K.U.L.T in Hof bei Salzburg, Regie: Gerard Es. Foto von der Generalprobe am 20.04.2017  \nFoto und Copyright: Moser Albert, Fotograf, 5201 Seekirchen, Weinbergstiege 1, Tel.: 0043-676-7550526 mailto:albert.moser@sbg.at  www.moser.zenfolio.com\"\n\t\t\t\t\talt=\"&quot;Ein M\u00c3\u00bcnchner im Himmel und in der H\u00c3\u00b6lle&quot;, ein bayrisches Volksst\u00c3\u00bcck von Alfons Schweigert, aufgef\u00c3\u00bchrt von den Hofer Theaterspielern im K.U.L.T in Hof bei Salzburg, Regie: Gerard Es. Foto von der Generalprobe am 20.04.2017  \nFoto und Copyright: Moser Albert, Fotograf, 5201 Seekirchen, Weinbergstiege 1, Tel.: 0043-676-7550526 mailto:albert.moser@sbg.at  www.moser.zenfolio.com\"\n\t\t\t\t\tsrc=\"https:\/\/www.verlag-doppelpunkt.at\/bilderserien\/wp-content\/gallery\/theater-hof\/thumbs\/thumbs_ein-muenchner-im-himmel-und-in-der-hoelle-15.jpg\"\n\t\t\t\t\twidth=\"100\"\n\t\t\t\t\theight=\"66\"\n\t\t\t\t\tstyle=\"max-width:100%;\"\n\t\t\t\t\/>\n\t\t\t<\/a>\n\t\t<\/div>\n\t\t\t\t\t\t\t<\/div> \n\t\t\t\n\t\t\t\t<div id=\"ngg-image-7\" class=\"ngg-gallery-thumbnail-box \n\t\t\t\t\t\t\t\t\t\t\t\" \n\t\t\t>\n\t\t\t\t\t\t<div class=\"ngg-gallery-thumbnail\">\n\t\t\t<a href=\"https:\/\/www.verlag-doppelpunkt.at\/bilderserien\/wp-content\/gallery\/theater-hof\/ein-muenchner-im-himmel-und-in-der-hoelle-16.jpg\"\n\t\t\t\ttitle=\"&quot;Ein M\u00fcnchner im Himmel und in der H\u00f6lle&quot;, ein bayrisches Volksst\u00fcck von Alfons Schweigert, aufgef\u00fchrt von den Hofer Theaterspielern im K.U.L.T in Hof bei Salzburg, Regie: Gerard Es. Foto von der Generalprobe am 20.04.2017  Foto und Copyright: Moser Albert, Fotograf, 5201 Seekirchen, Weinbergstiege 1, Tel.: 0043-676-7550526 mailto:albert.moser@sbg.at  www.moser.zenfolio.com\"\n\t\t\t\tdata-src=\"https:\/\/www.verlag-doppelpunkt.at\/bilderserien\/wp-content\/gallery\/theater-hof\/ein-muenchner-im-himmel-und-in-der-hoelle-16.jpg\"\n\t\t\t\tdata-thumbnail=\"https:\/\/www.verlag-doppelpunkt.at\/bilderserien\/wp-content\/gallery\/theater-hof\/thumbs\/thumbs_ein-muenchner-im-himmel-und-in-der-hoelle-16.jpg\"\n\t\t\t\tdata-image-id=\"16927\"\n\t\t\t\tdata-title=\"&quot;Ein M\u00c3\u00bcnchner im Himmel und in der H\u00c3\u00b6lle&quot;, ein bayrisches Volksst\u00c3\u00bcck von Alfons Schweigert, aufgef\u00c3\u00bchrt von den Hofer Theaterspielern im K.U.L.T in Hof bei Salzburg, Regie: Gerard Es. Foto von der Generalprobe am 20.04.2017  \nFoto und Copyright: Moser Albert, Fotograf, 5201 Seekirchen, Weinbergstiege 1, Tel.: 0043-676-7550526 mailto:albert.moser@sbg.at  www.moser.zenfolio.com\"\n\t\t\t\tdata-description=\"&quot;Ein M\u00fcnchner im Himmel und in der H\u00f6lle&quot;, ein bayrisches Volksst\u00fcck von Alfons Schweigert, aufgef\u00fchrt von den Hofer Theaterspielern im K.U.L.T in Hof bei Salzburg, Regie: Gerard Es. Foto von der Generalprobe am 20.04.2017  Foto und Copyright: Moser Albert, Fotograf, 5201 Seekirchen, Weinbergstiege 1, Tel.: 0043-676-7550526 mailto:albert.moser@sbg.at  www.moser.zenfolio.com\"\n\t\t\t\tdata-image-slug=\"ein-muenchner-im-himmel-und-in-der-hoelle-16\"\n\t\t\t\tclass=\"shutterset_2b4b6f1ea09554b95a64f5eb3e72ed4e\">\n\t\t\t\t<img\n\t\t\t\t\ttitle=\"&quot;Ein M\u00c3\u00bcnchner im Himmel und in der H\u00c3\u00b6lle&quot;, ein bayrisches Volksst\u00c3\u00bcck von Alfons Schweigert, aufgef\u00c3\u00bchrt von den Hofer Theaterspielern im K.U.L.T in Hof bei Salzburg, Regie: Gerard Es. Foto von der Generalprobe am 20.04.2017  \nFoto und Copyright: Moser Albert, Fotograf, 5201 Seekirchen, Weinbergstiege 1, Tel.: 0043-676-7550526 mailto:albert.moser@sbg.at  www.moser.zenfolio.com\"\n\t\t\t\t\talt=\"&quot;Ein M\u00c3\u00bcnchner im Himmel und in der H\u00c3\u00b6lle&quot;, ein bayrisches Volksst\u00c3\u00bcck von Alfons Schweigert, aufgef\u00c3\u00bchrt von den Hofer Theaterspielern im K.U.L.T in Hof bei Salzburg, Regie: Gerard Es. Foto von der Generalprobe am 20.04.2017  \nFoto und Copyright: Moser Albert, Fotograf, 5201 Seekirchen, Weinbergstiege 1, Tel.: 0043-676-7550526 mailto:albert.moser@sbg.at  www.moser.zenfolio.com\"\n\t\t\t\t\tsrc=\"https:\/\/www.verlag-doppelpunkt.at\/bilderserien\/wp-content\/gallery\/theater-hof\/thumbs\/thumbs_ein-muenchner-im-himmel-und-in-der-hoelle-16.jpg\"\n\t\t\t\t\twidth=\"100\"\n\t\t\t\t\theight=\"66\"\n\t\t\t\t\tstyle=\"max-width:100%;\"\n\t\t\t\t\/>\n\t\t\t<\/a>\n\t\t<\/div>\n\t\t\t\t\t\t\t<\/div> \n\t\t\t\n\t\t\t\t<div id=\"ngg-image-8\" class=\"ngg-gallery-thumbnail-box \n\t\t\t\t\t\t\t\t\t\t\t\" \n\t\t\t>\n\t\t\t\t\t\t<div class=\"ngg-gallery-thumbnail\">\n\t\t\t<a href=\"https:\/\/www.verlag-doppelpunkt.at\/bilderserien\/wp-content\/gallery\/theater-hof\/ein-muenchner-im-himmel-und-in-der-hoelle-17.jpg\"\n\t\t\t\ttitle=\"&quot;Ein M\u00fcnchner im Himmel und in der H\u00f6lle&quot;, ein bayrisches Volksst\u00fcck von Alfons Schweigert, aufgef\u00fchrt von den Hofer Theaterspielern im K.U.L.T in Hof bei Salzburg, Regie: Gerard Es. Foto von der Generalprobe am 20.04.2017  Foto und Copyright: Moser Albert, Fotograf, 5201 Seekirchen, Weinbergstiege 1, Tel.: 0043-676-7550526 mailto:albert.moser@sbg.at  www.moser.zenfolio.com\"\n\t\t\t\tdata-src=\"https:\/\/www.verlag-doppelpunkt.at\/bilderserien\/wp-content\/gallery\/theater-hof\/ein-muenchner-im-himmel-und-in-der-hoelle-17.jpg\"\n\t\t\t\tdata-thumbnail=\"https:\/\/www.verlag-doppelpunkt.at\/bilderserien\/wp-content\/gallery\/theater-hof\/thumbs\/thumbs_ein-muenchner-im-himmel-und-in-der-hoelle-17.jpg\"\n\t\t\t\tdata-image-id=\"16928\"\n\t\t\t\tdata-title=\"&quot;Ein M\u00c3\u00bcnchner im Himmel und in der H\u00c3\u00b6lle&quot;, ein bayrisches Volksst\u00c3\u00bcck von Alfons Schweigert, aufgef\u00c3\u00bchrt von den Hofer Theaterspielern im K.U.L.T in Hof bei Salzburg, Regie: Gerard Es. Foto von der Generalprobe am 20.04.2017  \nFoto und Copyright: Moser Albert, Fotograf, 5201 Seekirchen, Weinbergstiege 1, Tel.: 0043-676-7550526 mailto:albert.moser@sbg.at  www.moser.zenfolio.com\"\n\t\t\t\tdata-description=\"&quot;Ein M\u00fcnchner im Himmel und in der H\u00f6lle&quot;, ein bayrisches Volksst\u00fcck von Alfons Schweigert, aufgef\u00fchrt von den Hofer Theaterspielern im K.U.L.T in Hof bei Salzburg, Regie: Gerard Es. Foto von der Generalprobe am 20.04.2017  Foto und Copyright: Moser Albert, Fotograf, 5201 Seekirchen, Weinbergstiege 1, Tel.: 0043-676-7550526 mailto:albert.moser@sbg.at  www.moser.zenfolio.com\"\n\t\t\t\tdata-image-slug=\"ein-muenchner-im-himmel-und-in-der-hoelle-17\"\n\t\t\t\tclass=\"shutterset_2b4b6f1ea09554b95a64f5eb3e72ed4e\">\n\t\t\t\t<img\n\t\t\t\t\ttitle=\"&quot;Ein M\u00c3\u00bcnchner im Himmel und in der H\u00c3\u00b6lle&quot;, ein bayrisches Volksst\u00c3\u00bcck von Alfons Schweigert, aufgef\u00c3\u00bchrt von den Hofer Theaterspielern im K.U.L.T in Hof bei Salzburg, Regie: Gerard Es. Foto von der Generalprobe am 20.04.2017  \nFoto und Copyright: Moser Albert, Fotograf, 5201 Seekirchen, Weinbergstiege 1, Tel.: 0043-676-7550526 mailto:albert.moser@sbg.at  www.moser.zenfolio.com\"\n\t\t\t\t\talt=\"&quot;Ein M\u00c3\u00bcnchner im Himmel und in der H\u00c3\u00b6lle&quot;, ein bayrisches Volksst\u00c3\u00bcck von Alfons Schweigert, aufgef\u00c3\u00bchrt von den Hofer Theaterspielern im K.U.L.T in Hof bei Salzburg, Regie: Gerard Es. Foto von der Generalprobe am 20.04.2017  \nFoto und Copyright: Moser Albert, Fotograf, 5201 Seekirchen, Weinbergstiege 1, Tel.: 0043-676-7550526 mailto:albert.moser@sbg.at  www.moser.zenfolio.com\"\n\t\t\t\t\tsrc=\"https:\/\/www.verlag-doppelpunkt.at\/bilderserien\/wp-content\/gallery\/theater-hof\/thumbs\/thumbs_ein-muenchner-im-himmel-und-in-der-hoelle-17.jpg\"\n\t\t\t\t\twidth=\"100\"\n\t\t\t\t\theight=\"66\"\n\t\t\t\t\tstyle=\"max-width:100%;\"\n\t\t\t\t\/>\n\t\t\t<\/a>\n\t\t<\/div>\n\t\t\t\t\t\t\t<\/div> \n\t\t\t\n\t\t\t\t<div id=\"ngg-image-9\" class=\"ngg-gallery-thumbnail-box \n\t\t\t\t\t\t\t\t\t\t\t\" \n\t\t\t>\n\t\t\t\t\t\t<div class=\"ngg-gallery-thumbnail\">\n\t\t\t<a href=\"https:\/\/www.verlag-doppelpunkt.at\/bilderserien\/wp-content\/gallery\/theater-hof\/ein-muenchner-im-himmel-und-in-der-hoelle-18.jpg\"\n\t\t\t\ttitle=\"&quot;Ein M\u00fcnchner im Himmel und in der H\u00f6lle&quot;, ein bayrisches Volksst\u00fcck von Alfons Schweigert, aufgef\u00fchrt von den Hofer Theaterspielern im K.U.L.T in Hof bei Salzburg, Regie: Gerard Es. Foto von der Generalprobe am 20.04.2017  Foto und Copyright: Moser Albert, Fotograf, 5201 Seekirchen, Weinbergstiege 1, Tel.: 0043-676-7550526 mailto:albert.moser@sbg.at  www.moser.zenfolio.com\"\n\t\t\t\tdata-src=\"https:\/\/www.verlag-doppelpunkt.at\/bilderserien\/wp-content\/gallery\/theater-hof\/ein-muenchner-im-himmel-und-in-der-hoelle-18.jpg\"\n\t\t\t\tdata-thumbnail=\"https:\/\/www.verlag-doppelpunkt.at\/bilderserien\/wp-content\/gallery\/theater-hof\/thumbs\/thumbs_ein-muenchner-im-himmel-und-in-der-hoelle-18.jpg\"\n\t\t\t\tdata-image-id=\"16929\"\n\t\t\t\tdata-title=\"&quot;Ein M\u00c3\u00bcnchner im Himmel und in der H\u00c3\u00b6lle&quot;, ein bayrisches Volksst\u00c3\u00bcck von Alfons Schweigert, aufgef\u00c3\u00bchrt von den Hofer Theaterspielern im K.U.L.T in Hof bei Salzburg, Regie: Gerard Es. Foto von der Generalprobe am 20.04.2017  \nFoto und Copyright: Moser Albert, Fotograf, 5201 Seekirchen, Weinbergstiege 1, Tel.: 0043-676-7550526 mailto:albert.moser@sbg.at  www.moser.zenfolio.com\"\n\t\t\t\tdata-description=\"&quot;Ein M\u00fcnchner im Himmel und in der H\u00f6lle&quot;, ein bayrisches Volksst\u00fcck von Alfons Schweigert, aufgef\u00fchrt von den Hofer Theaterspielern im K.U.L.T in Hof bei Salzburg, Regie: Gerard Es. Foto von der Generalprobe am 20.04.2017  Foto und Copyright: Moser Albert, Fotograf, 5201 Seekirchen, Weinbergstiege 1, Tel.: 0043-676-7550526 mailto:albert.moser@sbg.at  www.moser.zenfolio.com\"\n\t\t\t\tdata-image-slug=\"ein-muenchner-im-himmel-und-in-der-hoelle-18\"\n\t\t\t\tclass=\"shutterset_2b4b6f1ea09554b95a64f5eb3e72ed4e\">\n\t\t\t\t<img\n\t\t\t\t\ttitle=\"&quot;Ein M\u00c3\u00bcnchner im Himmel und in der H\u00c3\u00b6lle&quot;, ein bayrisches Volksst\u00c3\u00bcck von Alfons Schweigert, aufgef\u00c3\u00bchrt von den Hofer Theaterspielern im K.U.L.T in Hof bei Salzburg, Regie: Gerard Es. Foto von der Generalprobe am 20.04.2017  \nFoto und Copyright: Moser Albert, Fotograf, 5201 Seekirchen, Weinbergstiege 1, Tel.: 0043-676-7550526 mailto:albert.moser@sbg.at  www.moser.zenfolio.com\"\n\t\t\t\t\talt=\"&quot;Ein M\u00c3\u00bcnchner im Himmel und in der H\u00c3\u00b6lle&quot;, ein bayrisches Volksst\u00c3\u00bcck von Alfons Schweigert, aufgef\u00c3\u00bchrt von den Hofer Theaterspielern im K.U.L.T in Hof bei Salzburg, Regie: Gerard Es. Foto von der Generalprobe am 20.04.2017  \nFoto und Copyright: Moser Albert, Fotograf, 5201 Seekirchen, Weinbergstiege 1, Tel.: 0043-676-7550526 mailto:albert.moser@sbg.at  www.moser.zenfolio.com\"\n\t\t\t\t\tsrc=\"https:\/\/www.verlag-doppelpunkt.at\/bilderserien\/wp-content\/gallery\/theater-hof\/thumbs\/thumbs_ein-muenchner-im-himmel-und-in-der-hoelle-18.jpg\"\n\t\t\t\t\twidth=\"100\"\n\t\t\t\t\theight=\"66\"\n\t\t\t\t\tstyle=\"max-width:100%;\"\n\t\t\t\t\/>\n\t\t\t<\/a>\n\t\t<\/div>\n\t\t\t\t\t\t\t<\/div> \n\t\t\t\n\t\t\t\t<div id=\"ngg-image-10\" class=\"ngg-gallery-thumbnail-box \n\t\t\t\t\t\t\t\t\t\t\t\" \n\t\t\t>\n\t\t\t\t\t\t<div class=\"ngg-gallery-thumbnail\">\n\t\t\t<a href=\"https:\/\/www.verlag-doppelpunkt.at\/bilderserien\/wp-content\/gallery\/theater-hof\/ein-muenchner-im-himmel-und-in-der-hoelle-19.jpg\"\n\t\t\t\ttitle=\"&quot;Ein M\u00fcnchner im Himmel und in der H\u00f6lle&quot;, ein bayrisches Volksst\u00fcck von Alfons Schweigert, aufgef\u00fchrt von den Hofer Theaterspielern im K.U.L.T in Hof bei Salzburg, Regie: Gerard Es. Foto von der Generalprobe am 20.04.2017  Foto und Copyright: Moser Albert, Fotograf, 5201 Seekirchen, Weinbergstiege 1, Tel.: 0043-676-7550526 mailto:albert.moser@sbg.at  www.moser.zenfolio.com\"\n\t\t\t\tdata-src=\"https:\/\/www.verlag-doppelpunkt.at\/bilderserien\/wp-content\/gallery\/theater-hof\/ein-muenchner-im-himmel-und-in-der-hoelle-19.jpg\"\n\t\t\t\tdata-thumbnail=\"https:\/\/www.verlag-doppelpunkt.at\/bilderserien\/wp-content\/gallery\/theater-hof\/thumbs\/thumbs_ein-muenchner-im-himmel-und-in-der-hoelle-19.jpg\"\n\t\t\t\tdata-image-id=\"16930\"\n\t\t\t\tdata-title=\"&quot;Ein M\u00c3\u00bcnchner im Himmel und in der H\u00c3\u00b6lle&quot;, ein bayrisches Volksst\u00c3\u00bcck von Alfons Schweigert, aufgef\u00c3\u00bchrt von den Hofer Theaterspielern im K.U.L.T in Hof bei Salzburg, Regie: Gerard Es. Foto von der Generalprobe am 20.04.2017  \nFoto und Copyright: Moser Albert, Fotograf, 5201 Seekirchen, Weinbergstiege 1, Tel.: 0043-676-7550526 mailto:albert.moser@sbg.at  www.moser.zenfolio.com\"\n\t\t\t\tdata-description=\"&quot;Ein M\u00fcnchner im Himmel und in der H\u00f6lle&quot;, ein bayrisches Volksst\u00fcck von Alfons Schweigert, aufgef\u00fchrt von den Hofer Theaterspielern im K.U.L.T in Hof bei Salzburg, Regie: Gerard Es. Foto von der Generalprobe am 20.04.2017  Foto und Copyright: Moser Albert, Fotograf, 5201 Seekirchen, Weinbergstiege 1, Tel.: 0043-676-7550526 mailto:albert.moser@sbg.at  www.moser.zenfolio.com\"\n\t\t\t\tdata-image-slug=\"ein-muenchner-im-himmel-und-in-der-hoelle-19\"\n\t\t\t\tclass=\"shutterset_2b4b6f1ea09554b95a64f5eb3e72ed4e\">\n\t\t\t\t<img\n\t\t\t\t\ttitle=\"&quot;Ein M\u00c3\u00bcnchner im Himmel und in der H\u00c3\u00b6lle&quot;, ein bayrisches Volksst\u00c3\u00bcck von Alfons Schweigert, aufgef\u00c3\u00bchrt von den Hofer Theaterspielern im K.U.L.T in Hof bei Salzburg, Regie: Gerard Es. Foto von der Generalprobe am 20.04.2017  \nFoto und Copyright: Moser Albert, Fotograf, 5201 Seekirchen, Weinbergstiege 1, Tel.: 0043-676-7550526 mailto:albert.moser@sbg.at  www.moser.zenfolio.com\"\n\t\t\t\t\talt=\"&quot;Ein M\u00c3\u00bcnchner im Himmel und in der H\u00c3\u00b6lle&quot;, ein bayrisches Volksst\u00c3\u00bcck von Alfons Schweigert, aufgef\u00c3\u00bchrt von den Hofer Theaterspielern im K.U.L.T in Hof bei Salzburg, Regie: Gerard Es. Foto von der Generalprobe am 20.04.2017  \nFoto und Copyright: Moser Albert, Fotograf, 5201 Seekirchen, Weinbergstiege 1, Tel.: 0043-676-7550526 mailto:albert.moser@sbg.at  www.moser.zenfolio.com\"\n\t\t\t\t\tsrc=\"https:\/\/www.verlag-doppelpunkt.at\/bilderserien\/wp-content\/gallery\/theater-hof\/thumbs\/thumbs_ein-muenchner-im-himmel-und-in-der-hoelle-19.jpg\"\n\t\t\t\t\twidth=\"100\"\n\t\t\t\t\theight=\"66\"\n\t\t\t\t\tstyle=\"max-width:100%;\"\n\t\t\t\t\/>\n\t\t\t<\/a>\n\t\t<\/div>\n\t\t\t\t\t\t\t<\/div> \n\t\t\t\n\t\t\t\t<div id=\"ngg-image-11\" class=\"ngg-gallery-thumbnail-box \n\t\t\t\t\t\t\t\t\t\t\t\" \n\t\t\t>\n\t\t\t\t\t\t<div class=\"ngg-gallery-thumbnail\">\n\t\t\t<a href=\"https:\/\/www.verlag-doppelpunkt.at\/bilderserien\/wp-content\/gallery\/theater-hof\/ein-muenchner-im-himmel-und-in-der-hoelle-2.jpg\"\n\t\t\t\ttitle=\"&quot;Ein M\u00fcnchner im Himmel und in der H\u00f6lle&quot;, ein bayrisches Volksst\u00fcck von Alfons Schweigert, aufgef\u00fchrt von den Hofer Theaterspielern im K.U.L.T in Hof bei Salzburg, Regie: Gerard Es. Foto von der Generalprobe am 20.04.2017  Foto und Copyright: Moser Albert, Fotograf, 5201 Seekirchen, Weinbergstiege 1, Tel.: 0043-676-7550526 mailto:albert.moser@sbg.at  www.moser.zenfolio.com\"\n\t\t\t\tdata-src=\"https:\/\/www.verlag-doppelpunkt.at\/bilderserien\/wp-content\/gallery\/theater-hof\/ein-muenchner-im-himmel-und-in-der-hoelle-2.jpg\"\n\t\t\t\tdata-thumbnail=\"https:\/\/www.verlag-doppelpunkt.at\/bilderserien\/wp-content\/gallery\/theater-hof\/thumbs\/thumbs_ein-muenchner-im-himmel-und-in-der-hoelle-2.jpg\"\n\t\t\t\tdata-image-id=\"16931\"\n\t\t\t\tdata-title=\"&quot;Ein M\u00c3\u00bcnchner im Himmel und in der H\u00c3\u00b6lle&quot;, ein bayrisches Volksst\u00c3\u00bcck von Alfons Schweigert, aufgef\u00c3\u00bchrt von den Hofer Theaterspielern im K.U.L.T in Hof bei Salzburg, Regie: Gerard Es. Foto von der Generalprobe am 20.04.2017  \nFoto und Copyright: Moser Albert, Fotograf, 5201 Seekirchen, Weinbergstiege 1, Tel.: 0043-676-7550526 mailto:albert.moser@sbg.at  www.moser.zenfolio.com\"\n\t\t\t\tdata-description=\"&quot;Ein M\u00fcnchner im Himmel und in der H\u00f6lle&quot;, ein bayrisches Volksst\u00fcck von Alfons Schweigert, aufgef\u00fchrt von den Hofer Theaterspielern im K.U.L.T in Hof bei Salzburg, Regie: Gerard Es. Foto von der Generalprobe am 20.04.2017  Foto und Copyright: Moser Albert, Fotograf, 5201 Seekirchen, Weinbergstiege 1, Tel.: 0043-676-7550526 mailto:albert.moser@sbg.at  www.moser.zenfolio.com\"\n\t\t\t\tdata-image-slug=\"ein-muenchner-im-himmel-und-in-der-hoelle-2\"\n\t\t\t\tclass=\"shutterset_2b4b6f1ea09554b95a64f5eb3e72ed4e\">\n\t\t\t\t<img\n\t\t\t\t\ttitle=\"&quot;Ein M\u00c3\u00bcnchner im Himmel und in der H\u00c3\u00b6lle&quot;, ein bayrisches Volksst\u00c3\u00bcck von Alfons Schweigert, aufgef\u00c3\u00bchrt von den Hofer Theaterspielern im K.U.L.T in Hof bei Salzburg, Regie: Gerard Es. Foto von der Generalprobe am 20.04.2017  \nFoto und Copyright: Moser Albert, Fotograf, 5201 Seekirchen, Weinbergstiege 1, Tel.: 0043-676-7550526 mailto:albert.moser@sbg.at  www.moser.zenfolio.com\"\n\t\t\t\t\talt=\"&quot;Ein M\u00c3\u00bcnchner im Himmel und in der H\u00c3\u00b6lle&quot;, ein bayrisches Volksst\u00c3\u00bcck von Alfons Schweigert, aufgef\u00c3\u00bchrt von den Hofer Theaterspielern im K.U.L.T in Hof bei Salzburg, Regie: Gerard Es. Foto von der Generalprobe am 20.04.2017  \nFoto und Copyright: Moser Albert, Fotograf, 5201 Seekirchen, Weinbergstiege 1, Tel.: 0043-676-7550526 mailto:albert.moser@sbg.at  www.moser.zenfolio.com\"\n\t\t\t\t\tsrc=\"https:\/\/www.verlag-doppelpunkt.at\/bilderserien\/wp-content\/gallery\/theater-hof\/thumbs\/thumbs_ein-muenchner-im-himmel-und-in-der-hoelle-2.jpg\"\n\t\t\t\t\twidth=\"100\"\n\t\t\t\t\theight=\"66\"\n\t\t\t\t\tstyle=\"max-width:100%;\"\n\t\t\t\t\/>\n\t\t\t<\/a>\n\t\t<\/div>\n\t\t\t\t\t\t\t<\/div> \n\t\t\t\n\t\t\t\t<div id=\"ngg-image-12\" class=\"ngg-gallery-thumbnail-box \n\t\t\t\t\t\t\t\t\t\t\t\" \n\t\t\t>\n\t\t\t\t\t\t<div class=\"ngg-gallery-thumbnail\">\n\t\t\t<a href=\"https:\/\/www.verlag-doppelpunkt.at\/bilderserien\/wp-content\/gallery\/theater-hof\/ein-muenchner-im-himmel-und-in-der-hoelle-20.jpg\"\n\t\t\t\ttitle=\"&quot;Ein M\u00fcnchner im Himmel und in der H\u00f6lle&quot;, ein bayrisches Volksst\u00fcck von Alfons Schweigert, aufgef\u00fchrt von den Hofer Theaterspielern im K.U.L.T in Hof bei Salzburg, Regie: Gerard Es. Foto von der Generalprobe am 20.04.2017  Foto und Copyright: Moser Albert, Fotograf, 5201 Seekirchen, Weinbergstiege 1, Tel.: 0043-676-7550526 mailto:albert.moser@sbg.at  www.moser.zenfolio.com\"\n\t\t\t\tdata-src=\"https:\/\/www.verlag-doppelpunkt.at\/bilderserien\/wp-content\/gallery\/theater-hof\/ein-muenchner-im-himmel-und-in-der-hoelle-20.jpg\"\n\t\t\t\tdata-thumbnail=\"https:\/\/www.verlag-doppelpunkt.at\/bilderserien\/wp-content\/gallery\/theater-hof\/thumbs\/thumbs_ein-muenchner-im-himmel-und-in-der-hoelle-20.jpg\"\n\t\t\t\tdata-image-id=\"16932\"\n\t\t\t\tdata-title=\"&quot;Ein M\u00c3\u00bcnchner im Himmel und in der H\u00c3\u00b6lle&quot;, ein bayrisches Volksst\u00c3\u00bcck von Alfons Schweigert, aufgef\u00c3\u00bchrt von den Hofer Theaterspielern im K.U.L.T in Hof bei Salzburg, Regie: Gerard Es. Foto von der Generalprobe am 20.04.2017  \nFoto und Copyright: Moser Albert, Fotograf, 5201 Seekirchen, Weinbergstiege 1, Tel.: 0043-676-7550526 mailto:albert.moser@sbg.at  www.moser.zenfolio.com\"\n\t\t\t\tdata-description=\"&quot;Ein M\u00fcnchner im Himmel und in der H\u00f6lle&quot;, ein bayrisches Volksst\u00fcck von Alfons Schweigert, aufgef\u00fchrt von den Hofer Theaterspielern im K.U.L.T in Hof bei Salzburg, Regie: Gerard Es. Foto von der Generalprobe am 20.04.2017  Foto und Copyright: Moser Albert, Fotograf, 5201 Seekirchen, Weinbergstiege 1, Tel.: 0043-676-7550526 mailto:albert.moser@sbg.at  www.moser.zenfolio.com\"\n\t\t\t\tdata-image-slug=\"ein-muenchner-im-himmel-und-in-der-hoelle-20\"\n\t\t\t\tclass=\"shutterset_2b4b6f1ea09554b95a64f5eb3e72ed4e\">\n\t\t\t\t<img\n\t\t\t\t\ttitle=\"&quot;Ein M\u00c3\u00bcnchner im Himmel und in der H\u00c3\u00b6lle&quot;, ein bayrisches Volksst\u00c3\u00bcck von Alfons Schweigert, aufgef\u00c3\u00bchrt von den Hofer Theaterspielern im K.U.L.T in Hof bei Salzburg, Regie: Gerard Es. Foto von der Generalprobe am 20.04.2017  \nFoto und Copyright: Moser Albert, Fotograf, 5201 Seekirchen, Weinbergstiege 1, Tel.: 0043-676-7550526 mailto:albert.moser@sbg.at  www.moser.zenfolio.com\"\n\t\t\t\t\talt=\"&quot;Ein M\u00c3\u00bcnchner im Himmel und in der H\u00c3\u00b6lle&quot;, ein bayrisches Volksst\u00c3\u00bcck von Alfons Schweigert, aufgef\u00c3\u00bchrt von den Hofer Theaterspielern im K.U.L.T in Hof bei Salzburg, Regie: Gerard Es. Foto von der Generalprobe am 20.04.2017  \nFoto und Copyright: Moser Albert, Fotograf, 5201 Seekirchen, Weinbergstiege 1, Tel.: 0043-676-7550526 mailto:albert.moser@sbg.at  www.moser.zenfolio.com\"\n\t\t\t\t\tsrc=\"https:\/\/www.verlag-doppelpunkt.at\/bilderserien\/wp-content\/gallery\/theater-hof\/thumbs\/thumbs_ein-muenchner-im-himmel-und-in-der-hoelle-20.jpg\"\n\t\t\t\t\twidth=\"100\"\n\t\t\t\t\theight=\"66\"\n\t\t\t\t\tstyle=\"max-width:100%;\"\n\t\t\t\t\/>\n\t\t\t<\/a>\n\t\t<\/div>\n\t\t\t\t\t\t\t<\/div> \n\t\t\t\n\t\t\t\t<div id=\"ngg-image-13\" class=\"ngg-gallery-thumbnail-box \n\t\t\t\t\t\t\t\t\t\t\t\" \n\t\t\t>\n\t\t\t\t\t\t<div class=\"ngg-gallery-thumbnail\">\n\t\t\t<a href=\"https:\/\/www.verlag-doppelpunkt.at\/bilderserien\/wp-content\/gallery\/theater-hof\/ein-muenchner-im-himmel-und-in-der-hoelle-21.jpg\"\n\t\t\t\ttitle=\"&quot;Ein M\u00fcnchner im Himmel und in der H\u00f6lle&quot;, ein bayrisches Volksst\u00fcck von Alfons Schweigert, aufgef\u00fchrt von den Hofer Theaterspielern im K.U.L.T in Hof bei Salzburg, Regie: Gerard Es. Foto von der Generalprobe am 20.04.2017  Foto und Copyright: Moser Albert, Fotograf, 5201 Seekirchen, Weinbergstiege 1, Tel.: 0043-676-7550526 mailto:albert.moser@sbg.at  www.moser.zenfolio.com\"\n\t\t\t\tdata-src=\"https:\/\/www.verlag-doppelpunkt.at\/bilderserien\/wp-content\/gallery\/theater-hof\/ein-muenchner-im-himmel-und-in-der-hoelle-21.jpg\"\n\t\t\t\tdata-thumbnail=\"https:\/\/www.verlag-doppelpunkt.at\/bilderserien\/wp-content\/gallery\/theater-hof\/thumbs\/thumbs_ein-muenchner-im-himmel-und-in-der-hoelle-21.jpg\"\n\t\t\t\tdata-image-id=\"16933\"\n\t\t\t\tdata-title=\"&quot;Ein M\u00c3\u00bcnchner im Himmel und in der H\u00c3\u00b6lle&quot;, ein bayrisches Volksst\u00c3\u00bcck von Alfons Schweigert, aufgef\u00c3\u00bchrt von den Hofer Theaterspielern im K.U.L.T in Hof bei Salzburg, Regie: Gerard Es. Foto von der Generalprobe am 20.04.2017  \nFoto und Copyright: Moser Albert, Fotograf, 5201 Seekirchen, Weinbergstiege 1, Tel.: 0043-676-7550526 mailto:albert.moser@sbg.at  www.moser.zenfolio.com\"\n\t\t\t\tdata-description=\"&quot;Ein M\u00fcnchner im Himmel und in der H\u00f6lle&quot;, ein bayrisches Volksst\u00fcck von Alfons Schweigert, aufgef\u00fchrt von den Hofer Theaterspielern im K.U.L.T in Hof bei Salzburg, Regie: Gerard Es. Foto von der Generalprobe am 20.04.2017  Foto und Copyright: Moser Albert, Fotograf, 5201 Seekirchen, Weinbergstiege 1, Tel.: 0043-676-7550526 mailto:albert.moser@sbg.at  www.moser.zenfolio.com\"\n\t\t\t\tdata-image-slug=\"ein-muenchner-im-himmel-und-in-der-hoelle-21\"\n\t\t\t\tclass=\"shutterset_2b4b6f1ea09554b95a64f5eb3e72ed4e\">\n\t\t\t\t<img\n\t\t\t\t\ttitle=\"&quot;Ein M\u00c3\u00bcnchner im Himmel und in der H\u00c3\u00b6lle&quot;, ein bayrisches Volksst\u00c3\u00bcck von Alfons Schweigert, aufgef\u00c3\u00bchrt von den Hofer Theaterspielern im K.U.L.T in Hof bei Salzburg, Regie: Gerard Es. Foto von der Generalprobe am 20.04.2017  \nFoto und Copyright: Moser Albert, Fotograf, 5201 Seekirchen, Weinbergstiege 1, Tel.: 0043-676-7550526 mailto:albert.moser@sbg.at  www.moser.zenfolio.com\"\n\t\t\t\t\talt=\"&quot;Ein M\u00c3\u00bcnchner im Himmel und in der H\u00c3\u00b6lle&quot;, ein bayrisches Volksst\u00c3\u00bcck von Alfons Schweigert, aufgef\u00c3\u00bchrt von den Hofer Theaterspielern im K.U.L.T in Hof bei Salzburg, Regie: Gerard Es. Foto von der Generalprobe am 20.04.2017  \nFoto und Copyright: Moser Albert, Fotograf, 5201 Seekirchen, Weinbergstiege 1, Tel.: 0043-676-7550526 mailto:albert.moser@sbg.at  www.moser.zenfolio.com\"\n\t\t\t\t\tsrc=\"https:\/\/www.verlag-doppelpunkt.at\/bilderserien\/wp-content\/gallery\/theater-hof\/thumbs\/thumbs_ein-muenchner-im-himmel-und-in-der-hoelle-21.jpg\"\n\t\t\t\t\twidth=\"100\"\n\t\t\t\t\theight=\"66\"\n\t\t\t\t\tstyle=\"max-width:100%;\"\n\t\t\t\t\/>\n\t\t\t<\/a>\n\t\t<\/div>\n\t\t\t\t\t\t\t<\/div> \n\t\t\t\n\t\t\t\t<div id=\"ngg-image-14\" class=\"ngg-gallery-thumbnail-box \n\t\t\t\t\t\t\t\t\t\t\t\" \n\t\t\t>\n\t\t\t\t\t\t<div class=\"ngg-gallery-thumbnail\">\n\t\t\t<a href=\"https:\/\/www.verlag-doppelpunkt.at\/bilderserien\/wp-content\/gallery\/theater-hof\/ein-muenchner-im-himmel-und-in-der-hoelle-22.jpg\"\n\t\t\t\ttitle=\"&quot;Ein M\u00fcnchner im Himmel und in der H\u00f6lle&quot;, ein bayrisches Volksst\u00fcck von Alfons Schweigert, aufgef\u00fchrt von den Hofer Theaterspielern im K.U.L.T in Hof bei Salzburg, Regie: Gerard Es. Foto von der Generalprobe am 20.04.2017  Foto und Copyright: Moser Albert, Fotograf, 5201 Seekirchen, Weinbergstiege 1, Tel.: 0043-676-7550526 mailto:albert.moser@sbg.at  www.moser.zenfolio.com\"\n\t\t\t\tdata-src=\"https:\/\/www.verlag-doppelpunkt.at\/bilderserien\/wp-content\/gallery\/theater-hof\/ein-muenchner-im-himmel-und-in-der-hoelle-22.jpg\"\n\t\t\t\tdata-thumbnail=\"https:\/\/www.verlag-doppelpunkt.at\/bilderserien\/wp-content\/gallery\/theater-hof\/thumbs\/thumbs_ein-muenchner-im-himmel-und-in-der-hoelle-22.jpg\"\n\t\t\t\tdata-image-id=\"16934\"\n\t\t\t\tdata-title=\"&quot;Ein M\u00c3\u00bcnchner im Himmel und in der H\u00c3\u00b6lle&quot;, ein bayrisches Volksst\u00c3\u00bcck von Alfons Schweigert, aufgef\u00c3\u00bchrt von den Hofer Theaterspielern im K.U.L.T in Hof bei Salzburg, Regie: Gerard Es. Foto von der Generalprobe am 20.04.2017  \nFoto und Copyright: Moser Albert, Fotograf, 5201 Seekirchen, Weinbergstiege 1, Tel.: 0043-676-7550526 mailto:albert.moser@sbg.at  www.moser.zenfolio.com\"\n\t\t\t\tdata-description=\"&quot;Ein M\u00fcnchner im Himmel und in der H\u00f6lle&quot;, ein bayrisches Volksst\u00fcck von Alfons Schweigert, aufgef\u00fchrt von den Hofer Theaterspielern im K.U.L.T in Hof bei Salzburg, Regie: Gerard Es. Foto von der Generalprobe am 20.04.2017  Foto und Copyright: Moser Albert, Fotograf, 5201 Seekirchen, Weinbergstiege 1, Tel.: 0043-676-7550526 mailto:albert.moser@sbg.at  www.moser.zenfolio.com\"\n\t\t\t\tdata-image-slug=\"ein-muenchner-im-himmel-und-in-der-hoelle-22\"\n\t\t\t\tclass=\"shutterset_2b4b6f1ea09554b95a64f5eb3e72ed4e\">\n\t\t\t\t<img\n\t\t\t\t\ttitle=\"&quot;Ein M\u00c3\u00bcnchner im Himmel und in der H\u00c3\u00b6lle&quot;, ein bayrisches Volksst\u00c3\u00bcck von Alfons Schweigert, aufgef\u00c3\u00bchrt von den Hofer Theaterspielern im K.U.L.T in Hof bei Salzburg, Regie: Gerard Es. Foto von der Generalprobe am 20.04.2017  \nFoto und Copyright: Moser Albert, Fotograf, 5201 Seekirchen, Weinbergstiege 1, Tel.: 0043-676-7550526 mailto:albert.moser@sbg.at  www.moser.zenfolio.com\"\n\t\t\t\t\talt=\"&quot;Ein M\u00c3\u00bcnchner im Himmel und in der H\u00c3\u00b6lle&quot;, ein bayrisches Volksst\u00c3\u00bcck von Alfons Schweigert, aufgef\u00c3\u00bchrt von den Hofer Theaterspielern im K.U.L.T in Hof bei Salzburg, Regie: Gerard Es. Foto von der Generalprobe am 20.04.2017  \nFoto und Copyright: Moser Albert, Fotograf, 5201 Seekirchen, Weinbergstiege 1, Tel.: 0043-676-7550526 mailto:albert.moser@sbg.at  www.moser.zenfolio.com\"\n\t\t\t\t\tsrc=\"https:\/\/www.verlag-doppelpunkt.at\/bilderserien\/wp-content\/gallery\/theater-hof\/thumbs\/thumbs_ein-muenchner-im-himmel-und-in-der-hoelle-22.jpg\"\n\t\t\t\t\twidth=\"100\"\n\t\t\t\t\theight=\"66\"\n\t\t\t\t\tstyle=\"max-width:100%;\"\n\t\t\t\t\/>\n\t\t\t<\/a>\n\t\t<\/div>\n\t\t\t\t\t\t\t<\/div> \n\t\t\t\n\t\t\t\t<div id=\"ngg-image-15\" class=\"ngg-gallery-thumbnail-box \n\t\t\t\t\t\t\t\t\t\t\t\" \n\t\t\t>\n\t\t\t\t\t\t<div class=\"ngg-gallery-thumbnail\">\n\t\t\t<a href=\"https:\/\/www.verlag-doppelpunkt.at\/bilderserien\/wp-content\/gallery\/theater-hof\/ein-muenchner-im-himmel-und-in-der-hoelle-23.jpg\"\n\t\t\t\ttitle=\"&quot;Ein M\u00fcnchner im Himmel und in der H\u00f6lle&quot;, ein bayrisches Volksst\u00fcck von Alfons Schweigert, aufgef\u00fchrt von den Hofer Theaterspielern im K.U.L.T in Hof bei Salzburg, Regie: Gerard Es. Foto von der Generalprobe am 20.04.2017  Foto und Copyright: Moser Albert, Fotograf, 5201 Seekirchen, Weinbergstiege 1, Tel.: 0043-676-7550526 mailto:albert.moser@sbg.at  www.moser.zenfolio.com\"\n\t\t\t\tdata-src=\"https:\/\/www.verlag-doppelpunkt.at\/bilderserien\/wp-content\/gallery\/theater-hof\/ein-muenchner-im-himmel-und-in-der-hoelle-23.jpg\"\n\t\t\t\tdata-thumbnail=\"https:\/\/www.verlag-doppelpunkt.at\/bilderserien\/wp-content\/gallery\/theater-hof\/thumbs\/thumbs_ein-muenchner-im-himmel-und-in-der-hoelle-23.jpg\"\n\t\t\t\tdata-image-id=\"16935\"\n\t\t\t\tdata-title=\"&quot;Ein M\u00c3\u00bcnchner im Himmel und in der H\u00c3\u00b6lle&quot;, ein bayrisches Volksst\u00c3\u00bcck von Alfons Schweigert, aufgef\u00c3\u00bchrt von den Hofer Theaterspielern im K.U.L.T in Hof bei Salzburg, Regie: Gerard Es. Foto von der Generalprobe am 20.04.2017  \nFoto und Copyright: Moser Albert, Fotograf, 5201 Seekirchen, Weinbergstiege 1, Tel.: 0043-676-7550526 mailto:albert.moser@sbg.at  www.moser.zenfolio.com\"\n\t\t\t\tdata-description=\"&quot;Ein M\u00fcnchner im Himmel und in der H\u00f6lle&quot;, ein bayrisches Volksst\u00fcck von Alfons Schweigert, aufgef\u00fchrt von den Hofer Theaterspielern im K.U.L.T in Hof bei Salzburg, Regie: Gerard Es. Foto von der Generalprobe am 20.04.2017  Foto und Copyright: Moser Albert, Fotograf, 5201 Seekirchen, Weinbergstiege 1, Tel.: 0043-676-7550526 mailto:albert.moser@sbg.at  www.moser.zenfolio.com\"\n\t\t\t\tdata-image-slug=\"ein-muenchner-im-himmel-und-in-der-hoelle-23\"\n\t\t\t\tclass=\"shutterset_2b4b6f1ea09554b95a64f5eb3e72ed4e\">\n\t\t\t\t<img\n\t\t\t\t\ttitle=\"&quot;Ein M\u00c3\u00bcnchner im Himmel und in der H\u00c3\u00b6lle&quot;, ein bayrisches Volksst\u00c3\u00bcck von Alfons Schweigert, aufgef\u00c3\u00bchrt von den Hofer Theaterspielern im K.U.L.T in Hof bei Salzburg, Regie: Gerard Es. Foto von der Generalprobe am 20.04.2017  \nFoto und Copyright: Moser Albert, Fotograf, 5201 Seekirchen, Weinbergstiege 1, Tel.: 0043-676-7550526 mailto:albert.moser@sbg.at  www.moser.zenfolio.com\"\n\t\t\t\t\talt=\"&quot;Ein M\u00c3\u00bcnchner im Himmel und in der H\u00c3\u00b6lle&quot;, ein bayrisches Volksst\u00c3\u00bcck von Alfons Schweigert, aufgef\u00c3\u00bchrt von den Hofer Theaterspielern im K.U.L.T in Hof bei Salzburg, Regie: Gerard Es. Foto von der Generalprobe am 20.04.2017  \nFoto und Copyright: Moser Albert, Fotograf, 5201 Seekirchen, Weinbergstiege 1, Tel.: 0043-676-7550526 mailto:albert.moser@sbg.at  www.moser.zenfolio.com\"\n\t\t\t\t\tsrc=\"https:\/\/www.verlag-doppelpunkt.at\/bilderserien\/wp-content\/gallery\/theater-hof\/thumbs\/thumbs_ein-muenchner-im-himmel-und-in-der-hoelle-23.jpg\"\n\t\t\t\t\twidth=\"100\"\n\t\t\t\t\theight=\"66\"\n\t\t\t\t\tstyle=\"max-width:100%;\"\n\t\t\t\t\/>\n\t\t\t<\/a>\n\t\t<\/div>\n\t\t\t\t\t\t\t<\/div> \n\t\t\t\n\t\t\t\t<div id=\"ngg-image-16\" class=\"ngg-gallery-thumbnail-box \n\t\t\t\t\t\t\t\t\t\t\t\" \n\t\t\t>\n\t\t\t\t\t\t<div class=\"ngg-gallery-thumbnail\">\n\t\t\t<a href=\"https:\/\/www.verlag-doppelpunkt.at\/bilderserien\/wp-content\/gallery\/theater-hof\/ein-muenchner-im-himmel-und-in-der-hoelle-24.jpg\"\n\t\t\t\ttitle=\"&quot;Ein M\u00fcnchner im Himmel und in der H\u00f6lle&quot;, ein bayrisches Volksst\u00fcck von Alfons Schweigert, aufgef\u00fchrt von den Hofer Theaterspielern im K.U.L.T in Hof bei Salzburg, Regie: Gerard Es. Foto von der Generalprobe am 20.04.2017  Foto und Copyright: Moser Albert, Fotograf, 5201 Seekirchen, Weinbergstiege 1, Tel.: 0043-676-7550526 mailto:albert.moser@sbg.at  www.moser.zenfolio.com\"\n\t\t\t\tdata-src=\"https:\/\/www.verlag-doppelpunkt.at\/bilderserien\/wp-content\/gallery\/theater-hof\/ein-muenchner-im-himmel-und-in-der-hoelle-24.jpg\"\n\t\t\t\tdata-thumbnail=\"https:\/\/www.verlag-doppelpunkt.at\/bilderserien\/wp-content\/gallery\/theater-hof\/thumbs\/thumbs_ein-muenchner-im-himmel-und-in-der-hoelle-24.jpg\"\n\t\t\t\tdata-image-id=\"16936\"\n\t\t\t\tdata-title=\"&quot;Ein M\u00c3\u00bcnchner im Himmel und in der H\u00c3\u00b6lle&quot;, ein bayrisches Volksst\u00c3\u00bcck von Alfons Schweigert, aufgef\u00c3\u00bchrt von den Hofer Theaterspielern im K.U.L.T in Hof bei Salzburg, Regie: Gerard Es. Foto von der Generalprobe am 20.04.2017  \nFoto und Copyright: Moser Albert, Fotograf, 5201 Seekirchen, Weinbergstiege 1, Tel.: 0043-676-7550526 mailto:albert.moser@sbg.at  www.moser.zenfolio.com\"\n\t\t\t\tdata-description=\"&quot;Ein M\u00fcnchner im Himmel und in der H\u00f6lle&quot;, ein bayrisches Volksst\u00fcck von Alfons Schweigert, aufgef\u00fchrt von den Hofer Theaterspielern im K.U.L.T in Hof bei Salzburg, Regie: Gerard Es. Foto von der Generalprobe am 20.04.2017  Foto und Copyright: Moser Albert, Fotograf, 5201 Seekirchen, Weinbergstiege 1, Tel.: 0043-676-7550526 mailto:albert.moser@sbg.at  www.moser.zenfolio.com\"\n\t\t\t\tdata-image-slug=\"ein-muenchner-im-himmel-und-in-der-hoelle-24\"\n\t\t\t\tclass=\"shutterset_2b4b6f1ea09554b95a64f5eb3e72ed4e\">\n\t\t\t\t<img\n\t\t\t\t\ttitle=\"&quot;Ein M\u00c3\u00bcnchner im Himmel und in der H\u00c3\u00b6lle&quot;, ein bayrisches Volksst\u00c3\u00bcck von Alfons Schweigert, aufgef\u00c3\u00bchrt von den Hofer Theaterspielern im K.U.L.T in Hof bei Salzburg, Regie: Gerard Es. Foto von der Generalprobe am 20.04.2017  \nFoto und Copyright: Moser Albert, Fotograf, 5201 Seekirchen, Weinbergstiege 1, Tel.: 0043-676-7550526 mailto:albert.moser@sbg.at  www.moser.zenfolio.com\"\n\t\t\t\t\talt=\"&quot;Ein M\u00c3\u00bcnchner im Himmel und in der H\u00c3\u00b6lle&quot;, ein bayrisches Volksst\u00c3\u00bcck von Alfons Schweigert, aufgef\u00c3\u00bchrt von den Hofer Theaterspielern im K.U.L.T in Hof bei Salzburg, Regie: Gerard Es. Foto von der Generalprobe am 20.04.2017  \nFoto und Copyright: Moser Albert, Fotograf, 5201 Seekirchen, Weinbergstiege 1, Tel.: 0043-676-7550526 mailto:albert.moser@sbg.at  www.moser.zenfolio.com\"\n\t\t\t\t\tsrc=\"https:\/\/www.verlag-doppelpunkt.at\/bilderserien\/wp-content\/gallery\/theater-hof\/thumbs\/thumbs_ein-muenchner-im-himmel-und-in-der-hoelle-24.jpg\"\n\t\t\t\t\twidth=\"100\"\n\t\t\t\t\theight=\"66\"\n\t\t\t\t\tstyle=\"max-width:100%;\"\n\t\t\t\t\/>\n\t\t\t<\/a>\n\t\t<\/div>\n\t\t\t\t\t\t\t<\/div> \n\t\t\t\n\t\t\t\t<div id=\"ngg-image-17\" class=\"ngg-gallery-thumbnail-box \n\t\t\t\t\t\t\t\t\t\t\t\" \n\t\t\t>\n\t\t\t\t\t\t<div class=\"ngg-gallery-thumbnail\">\n\t\t\t<a href=\"https:\/\/www.verlag-doppelpunkt.at\/bilderserien\/wp-content\/gallery\/theater-hof\/ein-muenchner-im-himmel-und-in-der-hoelle-25.jpg\"\n\t\t\t\ttitle=\"&quot;Ein M\u00fcnchner im Himmel und in der H\u00f6lle&quot;, ein bayrisches Volksst\u00fcck von Alfons Schweigert, aufgef\u00fchrt von den Hofer Theaterspielern im K.U.L.T in Hof bei Salzburg, Regie: Gerard Es. Foto von der Generalprobe am 20.04.2017  Foto und Copyright: Moser Albert, Fotograf, 5201 Seekirchen, Weinbergstiege 1, Tel.: 0043-676-7550526 mailto:albert.moser@sbg.at  www.moser.zenfolio.com\"\n\t\t\t\tdata-src=\"https:\/\/www.verlag-doppelpunkt.at\/bilderserien\/wp-content\/gallery\/theater-hof\/ein-muenchner-im-himmel-und-in-der-hoelle-25.jpg\"\n\t\t\t\tdata-thumbnail=\"https:\/\/www.verlag-doppelpunkt.at\/bilderserien\/wp-content\/gallery\/theater-hof\/thumbs\/thumbs_ein-muenchner-im-himmel-und-in-der-hoelle-25.jpg\"\n\t\t\t\tdata-image-id=\"16937\"\n\t\t\t\tdata-title=\"&quot;Ein M\u00c3\u00bcnchner im Himmel und in der H\u00c3\u00b6lle&quot;, ein bayrisches Volksst\u00c3\u00bcck von Alfons Schweigert, aufgef\u00c3\u00bchrt von den Hofer Theaterspielern im K.U.L.T in Hof bei Salzburg, Regie: Gerard Es. Foto von der Generalprobe am 20.04.2017  \nFoto und Copyright: Moser Albert, Fotograf, 5201 Seekirchen, Weinbergstiege 1, Tel.: 0043-676-7550526 mailto:albert.moser@sbg.at  www.moser.zenfolio.com\"\n\t\t\t\tdata-description=\"&quot;Ein M\u00fcnchner im Himmel und in der H\u00f6lle&quot;, ein bayrisches Volksst\u00fcck von Alfons Schweigert, aufgef\u00fchrt von den Hofer Theaterspielern im K.U.L.T in Hof bei Salzburg, Regie: Gerard Es. Foto von der Generalprobe am 20.04.2017  Foto und Copyright: Moser Albert, Fotograf, 5201 Seekirchen, Weinbergstiege 1, Tel.: 0043-676-7550526 mailto:albert.moser@sbg.at  www.moser.zenfolio.com\"\n\t\t\t\tdata-image-slug=\"ein-muenchner-im-himmel-und-in-der-hoelle-25\"\n\t\t\t\tclass=\"shutterset_2b4b6f1ea09554b95a64f5eb3e72ed4e\">\n\t\t\t\t<img\n\t\t\t\t\ttitle=\"&quot;Ein M\u00c3\u00bcnchner im Himmel und in der H\u00c3\u00b6lle&quot;, ein bayrisches Volksst\u00c3\u00bcck von Alfons Schweigert, aufgef\u00c3\u00bchrt von den Hofer Theaterspielern im K.U.L.T in Hof bei Salzburg, Regie: Gerard Es. Foto von der Generalprobe am 20.04.2017  \nFoto und Copyright: Moser Albert, Fotograf, 5201 Seekirchen, Weinbergstiege 1, Tel.: 0043-676-7550526 mailto:albert.moser@sbg.at  www.moser.zenfolio.com\"\n\t\t\t\t\talt=\"&quot;Ein M\u00c3\u00bcnchner im Himmel und in der H\u00c3\u00b6lle&quot;, ein bayrisches Volksst\u00c3\u00bcck von Alfons Schweigert, aufgef\u00c3\u00bchrt von den Hofer Theaterspielern im K.U.L.T in Hof bei Salzburg, Regie: Gerard Es. Foto von der Generalprobe am 20.04.2017  \nFoto und Copyright: Moser Albert, Fotograf, 5201 Seekirchen, Weinbergstiege 1, Tel.: 0043-676-7550526 mailto:albert.moser@sbg.at  www.moser.zenfolio.com\"\n\t\t\t\t\tsrc=\"https:\/\/www.verlag-doppelpunkt.at\/bilderserien\/wp-content\/gallery\/theater-hof\/thumbs\/thumbs_ein-muenchner-im-himmel-und-in-der-hoelle-25.jpg\"\n\t\t\t\t\twidth=\"100\"\n\t\t\t\t\theight=\"66\"\n\t\t\t\t\tstyle=\"max-width:100%;\"\n\t\t\t\t\/>\n\t\t\t<\/a>\n\t\t<\/div>\n\t\t\t\t\t\t\t<\/div> \n\t\t\t\n\t\t\t\t<div id=\"ngg-image-18\" class=\"ngg-gallery-thumbnail-box \n\t\t\t\t\t\t\t\t\t\t\t\" \n\t\t\t>\n\t\t\t\t\t\t<div class=\"ngg-gallery-thumbnail\">\n\t\t\t<a href=\"https:\/\/www.verlag-doppelpunkt.at\/bilderserien\/wp-content\/gallery\/theater-hof\/ein-muenchner-im-himmel-und-in-der-hoelle-26.jpg\"\n\t\t\t\ttitle=\"&quot;Ein M\u00fcnchner im Himmel und in der H\u00f6lle&quot;, ein bayrisches Volksst\u00fcck von Alfons Schweigert, aufgef\u00fchrt von den Hofer Theaterspielern im K.U.L.T in Hof bei Salzburg, Regie: Gerard Es. Foto von der Generalprobe am 20.04.2017  Foto und Copyright: Moser Albert, Fotograf, 5201 Seekirchen, Weinbergstiege 1, Tel.: 0043-676-7550526 mailto:albert.moser@sbg.at  www.moser.zenfolio.com\"\n\t\t\t\tdata-src=\"https:\/\/www.verlag-doppelpunkt.at\/bilderserien\/wp-content\/gallery\/theater-hof\/ein-muenchner-im-himmel-und-in-der-hoelle-26.jpg\"\n\t\t\t\tdata-thumbnail=\"https:\/\/www.verlag-doppelpunkt.at\/bilderserien\/wp-content\/gallery\/theater-hof\/thumbs\/thumbs_ein-muenchner-im-himmel-und-in-der-hoelle-26.jpg\"\n\t\t\t\tdata-image-id=\"16938\"\n\t\t\t\tdata-title=\"&quot;Ein M\u00c3\u00bcnchner im Himmel und in der H\u00c3\u00b6lle&quot;, ein bayrisches Volksst\u00c3\u00bcck von Alfons Schweigert, aufgef\u00c3\u00bchrt von den Hofer Theaterspielern im K.U.L.T in Hof bei Salzburg, Regie: Gerard Es. Foto von der Generalprobe am 20.04.2017  \nFoto und Copyright: Moser Albert, Fotograf, 5201 Seekirchen, Weinbergstiege 1, Tel.: 0043-676-7550526 mailto:albert.moser@sbg.at  www.moser.zenfolio.com\"\n\t\t\t\tdata-description=\"&quot;Ein M\u00fcnchner im Himmel und in der H\u00f6lle&quot;, ein bayrisches Volksst\u00fcck von Alfons Schweigert, aufgef\u00fchrt von den Hofer Theaterspielern im K.U.L.T in Hof bei Salzburg, Regie: Gerard Es. Foto von der Generalprobe am 20.04.2017  Foto und Copyright: Moser Albert, Fotograf, 5201 Seekirchen, Weinbergstiege 1, Tel.: 0043-676-7550526 mailto:albert.moser@sbg.at  www.moser.zenfolio.com\"\n\t\t\t\tdata-image-slug=\"ein-muenchner-im-himmel-und-in-der-hoelle-26\"\n\t\t\t\tclass=\"shutterset_2b4b6f1ea09554b95a64f5eb3e72ed4e\">\n\t\t\t\t<img\n\t\t\t\t\ttitle=\"&quot;Ein M\u00c3\u00bcnchner im Himmel und in der H\u00c3\u00b6lle&quot;, ein bayrisches Volksst\u00c3\u00bcck von Alfons Schweigert, aufgef\u00c3\u00bchrt von den Hofer Theaterspielern im K.U.L.T in Hof bei Salzburg, Regie: Gerard Es. Foto von der Generalprobe am 20.04.2017  \nFoto und Copyright: Moser Albert, Fotograf, 5201 Seekirchen, Weinbergstiege 1, Tel.: 0043-676-7550526 mailto:albert.moser@sbg.at  www.moser.zenfolio.com\"\n\t\t\t\t\talt=\"&quot;Ein M\u00c3\u00bcnchner im Himmel und in der H\u00c3\u00b6lle&quot;, ein bayrisches Volksst\u00c3\u00bcck von Alfons Schweigert, aufgef\u00c3\u00bchrt von den Hofer Theaterspielern im K.U.L.T in Hof bei Salzburg, Regie: Gerard Es. Foto von der Generalprobe am 20.04.2017  \nFoto und Copyright: Moser Albert, Fotograf, 5201 Seekirchen, Weinbergstiege 1, Tel.: 0043-676-7550526 mailto:albert.moser@sbg.at  www.moser.zenfolio.com\"\n\t\t\t\t\tsrc=\"https:\/\/www.verlag-doppelpunkt.at\/bilderserien\/wp-content\/gallery\/theater-hof\/thumbs\/thumbs_ein-muenchner-im-himmel-und-in-der-hoelle-26.jpg\"\n\t\t\t\t\twidth=\"100\"\n\t\t\t\t\theight=\"66\"\n\t\t\t\t\tstyle=\"max-width:100%;\"\n\t\t\t\t\/>\n\t\t\t<\/a>\n\t\t<\/div>\n\t\t\t\t\t\t\t<\/div> \n\t\t\t\n\t\t\t\t<div id=\"ngg-image-19\" class=\"ngg-gallery-thumbnail-box \n\t\t\t\t\t\t\t\t\t\t\t\" \n\t\t\t>\n\t\t\t\t\t\t<div class=\"ngg-gallery-thumbnail\">\n\t\t\t<a href=\"https:\/\/www.verlag-doppelpunkt.at\/bilderserien\/wp-content\/gallery\/theater-hof\/ein-muenchner-im-himmel-und-in-der-hoelle-27.jpg\"\n\t\t\t\ttitle=\"&quot;Ein M\u00fcnchner im Himmel und in der H\u00f6lle&quot;, ein bayrisches Volksst\u00fcck von Alfons Schweigert, aufgef\u00fchrt von den Hofer Theaterspielern im K.U.L.T in Hof bei Salzburg, Regie: Gerard Es. Foto von der Generalprobe am 20.04.2017  Foto und Copyright: Moser Albert, Fotograf, 5201 Seekirchen, Weinbergstiege 1, Tel.: 0043-676-7550526 mailto:albert.moser@sbg.at  www.moser.zenfolio.com\"\n\t\t\t\tdata-src=\"https:\/\/www.verlag-doppelpunkt.at\/bilderserien\/wp-content\/gallery\/theater-hof\/ein-muenchner-im-himmel-und-in-der-hoelle-27.jpg\"\n\t\t\t\tdata-thumbnail=\"https:\/\/www.verlag-doppelpunkt.at\/bilderserien\/wp-content\/gallery\/theater-hof\/thumbs\/thumbs_ein-muenchner-im-himmel-und-in-der-hoelle-27.jpg\"\n\t\t\t\tdata-image-id=\"16939\"\n\t\t\t\tdata-title=\"&quot;Ein M\u00c3\u00bcnchner im Himmel und in der H\u00c3\u00b6lle&quot;, ein bayrisches Volksst\u00c3\u00bcck von Alfons Schweigert, aufgef\u00c3\u00bchrt von den Hofer Theaterspielern im K.U.L.T in Hof bei Salzburg, Regie: Gerard Es. Foto von der Generalprobe am 20.04.2017  \nFoto und Copyright: Moser Albert, Fotograf, 5201 Seekirchen, Weinbergstiege 1, Tel.: 0043-676-7550526 mailto:albert.moser@sbg.at  www.moser.zenfolio.com\"\n\t\t\t\tdata-description=\"&quot;Ein M\u00fcnchner im Himmel und in der H\u00f6lle&quot;, ein bayrisches Volksst\u00fcck von Alfons Schweigert, aufgef\u00fchrt von den Hofer Theaterspielern im K.U.L.T in Hof bei Salzburg, Regie: Gerard Es. Foto von der Generalprobe am 20.04.2017  Foto und Copyright: Moser Albert, Fotograf, 5201 Seekirchen, Weinbergstiege 1, Tel.: 0043-676-7550526 mailto:albert.moser@sbg.at  www.moser.zenfolio.com\"\n\t\t\t\tdata-image-slug=\"ein-muenchner-im-himmel-und-in-der-hoelle-27\"\n\t\t\t\tclass=\"shutterset_2b4b6f1ea09554b95a64f5eb3e72ed4e\">\n\t\t\t\t<img\n\t\t\t\t\ttitle=\"&quot;Ein M\u00c3\u00bcnchner im Himmel und in der H\u00c3\u00b6lle&quot;, ein bayrisches Volksst\u00c3\u00bcck von Alfons Schweigert, aufgef\u00c3\u00bchrt von den Hofer Theaterspielern im K.U.L.T in Hof bei Salzburg, Regie: Gerard Es. Foto von der Generalprobe am 20.04.2017  \nFoto und Copyright: Moser Albert, Fotograf, 5201 Seekirchen, Weinbergstiege 1, Tel.: 0043-676-7550526 mailto:albert.moser@sbg.at  www.moser.zenfolio.com\"\n\t\t\t\t\talt=\"&quot;Ein M\u00c3\u00bcnchner im Himmel und in der H\u00c3\u00b6lle&quot;, ein bayrisches Volksst\u00c3\u00bcck von Alfons Schweigert, aufgef\u00c3\u00bchrt von den Hofer Theaterspielern im K.U.L.T in Hof bei Salzburg, Regie: Gerard Es. Foto von der Generalprobe am 20.04.2017  \nFoto und Copyright: Moser Albert, Fotograf, 5201 Seekirchen, Weinbergstiege 1, Tel.: 0043-676-7550526 mailto:albert.moser@sbg.at  www.moser.zenfolio.com\"\n\t\t\t\t\tsrc=\"https:\/\/www.verlag-doppelpunkt.at\/bilderserien\/wp-content\/gallery\/theater-hof\/thumbs\/thumbs_ein-muenchner-im-himmel-und-in-der-hoelle-27.jpg\"\n\t\t\t\t\twidth=\"100\"\n\t\t\t\t\theight=\"66\"\n\t\t\t\t\tstyle=\"max-width:100%;\"\n\t\t\t\t\/>\n\t\t\t<\/a>\n\t\t<\/div>\n\t\t\t\t\t\t\t<\/div> \n\t\t\t\n\t\t\t\t<div id=\"ngg-image-20\" class=\"ngg-gallery-thumbnail-box \n\t\t\t\t\t\t\t\t\t\t\t\" \n\t\t\tstyle=\"display: none;\">\n\t\t\t\t\t\t<div class=\"ngg-gallery-thumbnail\">\n\t\t\t<a href=\"https:\/\/www.verlag-doppelpunkt.at\/bilderserien\/wp-content\/gallery\/theater-hof\/ein-muenchner-im-himmel-und-in-der-hoelle-28.jpg\"\n\t\t\t\ttitle=\"&quot;Ein M\u00fcnchner im Himmel und in der H\u00f6lle&quot;, ein bayrisches Volksst\u00fcck von Alfons Schweigert, aufgef\u00fchrt von den Hofer Theaterspielern im K.U.L.T in Hof bei Salzburg, Regie: Gerard Es. Foto von der Generalprobe am 20.04.2017  Foto und Copyright: Moser Albert, Fotograf, 5201 Seekirchen, Weinbergstiege 1, Tel.: 0043-676-7550526 mailto:albert.moser@sbg.at  www.moser.zenfolio.com\"\n\t\t\t\tdata-src=\"https:\/\/www.verlag-doppelpunkt.at\/bilderserien\/wp-content\/gallery\/theater-hof\/ein-muenchner-im-himmel-und-in-der-hoelle-28.jpg\"\n\t\t\t\tdata-thumbnail=\"https:\/\/www.verlag-doppelpunkt.at\/bilderserien\/wp-content\/gallery\/theater-hof\/thumbs\/thumbs_ein-muenchner-im-himmel-und-in-der-hoelle-28.jpg\"\n\t\t\t\tdata-image-id=\"16940\"\n\t\t\t\tdata-title=\"&quot;Ein M\u00c3\u00bcnchner im Himmel und in der H\u00c3\u00b6lle&quot;, ein bayrisches Volksst\u00c3\u00bcck von Alfons Schweigert, aufgef\u00c3\u00bchrt von den Hofer Theaterspielern im K.U.L.T in Hof bei Salzburg, Regie: Gerard Es. Foto von der Generalprobe am 20.04.2017  \nFoto und Copyright: Moser Albert, Fotograf, 5201 Seekirchen, Weinbergstiege 1, Tel.: 0043-676-7550526 mailto:albert.moser@sbg.at  www.moser.zenfolio.com\"\n\t\t\t\tdata-description=\"&quot;Ein M\u00fcnchner im Himmel und in der H\u00f6lle&quot;, ein bayrisches Volksst\u00fcck von Alfons Schweigert, aufgef\u00fchrt von den Hofer Theaterspielern im K.U.L.T in Hof bei Salzburg, Regie: Gerard Es. Foto von der Generalprobe am 20.04.2017  Foto und Copyright: Moser Albert, Fotograf, 5201 Seekirchen, Weinbergstiege 1, Tel.: 0043-676-7550526 mailto:albert.moser@sbg.at  www.moser.zenfolio.com\"\n\t\t\t\tdata-image-slug=\"ein-muenchner-im-himmel-und-in-der-hoelle-28\"\n\t\t\t\tclass=\"shutterset_2b4b6f1ea09554b95a64f5eb3e72ed4e\">\n\t\t\t\t<img\n\t\t\t\t\ttitle=\"&quot;Ein M\u00c3\u00bcnchner im Himmel und in der H\u00c3\u00b6lle&quot;, ein bayrisches Volksst\u00c3\u00bcck von Alfons Schweigert, aufgef\u00c3\u00bchrt von den Hofer Theaterspielern im K.U.L.T in Hof bei Salzburg, Regie: Gerard Es. Foto von der Generalprobe am 20.04.2017  \nFoto und Copyright: Moser Albert, Fotograf, 5201 Seekirchen, Weinbergstiege 1, Tel.: 0043-676-7550526 mailto:albert.moser@sbg.at  www.moser.zenfolio.com\"\n\t\t\t\t\talt=\"&quot;Ein M\u00c3\u00bcnchner im Himmel und in der H\u00c3\u00b6lle&quot;, ein bayrisches Volksst\u00c3\u00bcck von Alfons Schweigert, aufgef\u00c3\u00bchrt von den Hofer Theaterspielern im K.U.L.T in Hof bei Salzburg, Regie: Gerard Es. Foto von der Generalprobe am 20.04.2017  \nFoto und Copyright: Moser Albert, Fotograf, 5201 Seekirchen, Weinbergstiege 1, Tel.: 0043-676-7550526 mailto:albert.moser@sbg.at  www.moser.zenfolio.com\"\n\t\t\t\t\tsrc=\"https:\/\/www.verlag-doppelpunkt.at\/bilderserien\/wp-content\/gallery\/theater-hof\/thumbs\/thumbs_ein-muenchner-im-himmel-und-in-der-hoelle-28.jpg\"\n\t\t\t\t\twidth=\"100\"\n\t\t\t\t\theight=\"66\"\n\t\t\t\t\tstyle=\"max-width:100%;\"\n\t\t\t\t\/>\n\t\t\t<\/a>\n\t\t<\/div>\n\t\t\t\t\t\t\t<\/div> \n\t\t\t\n\t\t\t\t<div id=\"ngg-image-21\" class=\"ngg-gallery-thumbnail-box \n\t\t\t\t\t\t\t\t\t\t\t\" \n\t\t\tstyle=\"display: none;\">\n\t\t\t\t\t\t<div class=\"ngg-gallery-thumbnail\">\n\t\t\t<a href=\"https:\/\/www.verlag-doppelpunkt.at\/bilderserien\/wp-content\/gallery\/theater-hof\/ein-muenchner-im-himmel-und-in-der-hoelle-29.jpg\"\n\t\t\t\ttitle=\"&quot;Ein M\u00fcnchner im Himmel und in der H\u00f6lle&quot;, ein bayrisches Volksst\u00fcck von Alfons Schweigert, aufgef\u00fchrt von den Hofer Theaterspielern im K.U.L.T in Hof bei Salzburg, Regie: Gerard Es. Foto von der Generalprobe am 20.04.2017  Foto und Copyright: Moser Albert, Fotograf, 5201 Seekirchen, Weinbergstiege 1, Tel.: 0043-676-7550526 mailto:albert.moser@sbg.at  www.moser.zenfolio.com\"\n\t\t\t\tdata-src=\"https:\/\/www.verlag-doppelpunkt.at\/bilderserien\/wp-content\/gallery\/theater-hof\/ein-muenchner-im-himmel-und-in-der-hoelle-29.jpg\"\n\t\t\t\tdata-thumbnail=\"https:\/\/www.verlag-doppelpunkt.at\/bilderserien\/wp-content\/gallery\/theater-hof\/thumbs\/thumbs_ein-muenchner-im-himmel-und-in-der-hoelle-29.jpg\"\n\t\t\t\tdata-image-id=\"16941\"\n\t\t\t\tdata-title=\"&quot;Ein M\u00c3\u00bcnchner im Himmel und in der H\u00c3\u00b6lle&quot;, ein bayrisches Volksst\u00c3\u00bcck von Alfons Schweigert, aufgef\u00c3\u00bchrt von den Hofer Theaterspielern im K.U.L.T in Hof bei Salzburg, Regie: Gerard Es. Foto von der Generalprobe am 20.04.2017  \nFoto und Copyright: Moser Albert, Fotograf, 5201 Seekirchen, Weinbergstiege 1, Tel.: 0043-676-7550526 mailto:albert.moser@sbg.at  www.moser.zenfolio.com\"\n\t\t\t\tdata-description=\"&quot;Ein M\u00fcnchner im Himmel und in der H\u00f6lle&quot;, ein bayrisches Volksst\u00fcck von Alfons Schweigert, aufgef\u00fchrt von den Hofer Theaterspielern im K.U.L.T in Hof bei Salzburg, Regie: Gerard Es. Foto von der Generalprobe am 20.04.2017  Foto und Copyright: Moser Albert, Fotograf, 5201 Seekirchen, Weinbergstiege 1, Tel.: 0043-676-7550526 mailto:albert.moser@sbg.at  www.moser.zenfolio.com\"\n\t\t\t\tdata-image-slug=\"ein-muenchner-im-himmel-und-in-der-hoelle-29\"\n\t\t\t\tclass=\"shutterset_2b4b6f1ea09554b95a64f5eb3e72ed4e\">\n\t\t\t\t<img\n\t\t\t\t\ttitle=\"&quot;Ein M\u00c3\u00bcnchner im Himmel und in der H\u00c3\u00b6lle&quot;, ein bayrisches Volksst\u00c3\u00bcck von Alfons Schweigert, aufgef\u00c3\u00bchrt von den Hofer Theaterspielern im K.U.L.T in Hof bei Salzburg, Regie: Gerard Es. Foto von der Generalprobe am 20.04.2017  \nFoto und Copyright: Moser Albert, Fotograf, 5201 Seekirchen, Weinbergstiege 1, Tel.: 0043-676-7550526 mailto:albert.moser@sbg.at  www.moser.zenfolio.com\"\n\t\t\t\t\talt=\"&quot;Ein M\u00c3\u00bcnchner im Himmel und in der H\u00c3\u00b6lle&quot;, ein bayrisches Volksst\u00c3\u00bcck von Alfons Schweigert, aufgef\u00c3\u00bchrt von den Hofer Theaterspielern im K.U.L.T in Hof bei Salzburg, Regie: Gerard Es. Foto von der Generalprobe am 20.04.2017  \nFoto und Copyright: Moser Albert, Fotograf, 5201 Seekirchen, Weinbergstiege 1, Tel.: 0043-676-7550526 mailto:albert.moser@sbg.at  www.moser.zenfolio.com\"\n\t\t\t\t\tsrc=\"https:\/\/www.verlag-doppelpunkt.at\/bilderserien\/wp-content\/gallery\/theater-hof\/thumbs\/thumbs_ein-muenchner-im-himmel-und-in-der-hoelle-29.jpg\"\n\t\t\t\t\twidth=\"100\"\n\t\t\t\t\theight=\"66\"\n\t\t\t\t\tstyle=\"max-width:100%;\"\n\t\t\t\t\/>\n\t\t\t<\/a>\n\t\t<\/div>\n\t\t\t\t\t\t\t<\/div> \n\t\t\t\n\t\t\t\t<div id=\"ngg-image-22\" class=\"ngg-gallery-thumbnail-box \n\t\t\t\t\t\t\t\t\t\t\t\" \n\t\t\tstyle=\"display: none;\">\n\t\t\t\t\t\t<div class=\"ngg-gallery-thumbnail\">\n\t\t\t<a href=\"https:\/\/www.verlag-doppelpunkt.at\/bilderserien\/wp-content\/gallery\/theater-hof\/ein-muenchner-im-himmel-und-in-der-hoelle-3.jpg\"\n\t\t\t\ttitle=\"&quot;Ein M\u00fcnchner im Himmel und in der H\u00f6lle&quot;, ein bayrisches Volksst\u00fcck von Alfons Schweigert, aufgef\u00fchrt von den Hofer Theaterspielern im K.U.L.T in Hof bei Salzburg, Regie: Gerard Es. Foto von der Generalprobe am 20.04.2017  Foto und Copyright: Moser Albert, Fotograf, 5201 Seekirchen, Weinbergstiege 1, Tel.: 0043-676-7550526 mailto:albert.moser@sbg.at  www.moser.zenfolio.com\"\n\t\t\t\tdata-src=\"https:\/\/www.verlag-doppelpunkt.at\/bilderserien\/wp-content\/gallery\/theater-hof\/ein-muenchner-im-himmel-und-in-der-hoelle-3.jpg\"\n\t\t\t\tdata-thumbnail=\"https:\/\/www.verlag-doppelpunkt.at\/bilderserien\/wp-content\/gallery\/theater-hof\/thumbs\/thumbs_ein-muenchner-im-himmel-und-in-der-hoelle-3.jpg\"\n\t\t\t\tdata-image-id=\"16942\"\n\t\t\t\tdata-title=\"&quot;Ein M\u00c3\u00bcnchner im Himmel und in der H\u00c3\u00b6lle&quot;, ein bayrisches Volksst\u00c3\u00bcck von Alfons Schweigert, aufgef\u00c3\u00bchrt von den Hofer Theaterspielern im K.U.L.T in Hof bei Salzburg, Regie: Gerard Es. Foto von der Generalprobe am 20.04.2017  \nFoto und Copyright: Moser Albert, Fotograf, 5201 Seekirchen, Weinbergstiege 1, Tel.: 0043-676-7550526 mailto:albert.moser@sbg.at  www.moser.zenfolio.com\"\n\t\t\t\tdata-description=\"&quot;Ein M\u00fcnchner im Himmel und in der H\u00f6lle&quot;, ein bayrisches Volksst\u00fcck von Alfons Schweigert, aufgef\u00fchrt von den Hofer Theaterspielern im K.U.L.T in Hof bei Salzburg, Regie: Gerard Es. Foto von der Generalprobe am 20.04.2017  Foto und Copyright: Moser Albert, Fotograf, 5201 Seekirchen, Weinbergstiege 1, Tel.: 0043-676-7550526 mailto:albert.moser@sbg.at  www.moser.zenfolio.com\"\n\t\t\t\tdata-image-slug=\"ein-muenchner-im-himmel-und-in-der-hoelle-3\"\n\t\t\t\tclass=\"shutterset_2b4b6f1ea09554b95a64f5eb3e72ed4e\">\n\t\t\t\t<img\n\t\t\t\t\ttitle=\"&quot;Ein M\u00c3\u00bcnchner im Himmel und in der H\u00c3\u00b6lle&quot;, ein bayrisches Volksst\u00c3\u00bcck von Alfons Schweigert, aufgef\u00c3\u00bchrt von den Hofer Theaterspielern im K.U.L.T in Hof bei Salzburg, Regie: Gerard Es. Foto von der Generalprobe am 20.04.2017  \nFoto und Copyright: Moser Albert, Fotograf, 5201 Seekirchen, Weinbergstiege 1, Tel.: 0043-676-7550526 mailto:albert.moser@sbg.at  www.moser.zenfolio.com\"\n\t\t\t\t\talt=\"&quot;Ein M\u00c3\u00bcnchner im Himmel und in der H\u00c3\u00b6lle&quot;, ein bayrisches Volksst\u00c3\u00bcck von Alfons Schweigert, aufgef\u00c3\u00bchrt von den Hofer Theaterspielern im K.U.L.T in Hof bei Salzburg, Regie: Gerard Es. Foto von der Generalprobe am 20.04.2017  \nFoto und Copyright: Moser Albert, Fotograf, 5201 Seekirchen, Weinbergstiege 1, Tel.: 0043-676-7550526 mailto:albert.moser@sbg.at  www.moser.zenfolio.com\"\n\t\t\t\t\tsrc=\"https:\/\/www.verlag-doppelpunkt.at\/bilderserien\/wp-content\/gallery\/theater-hof\/thumbs\/thumbs_ein-muenchner-im-himmel-und-in-der-hoelle-3.jpg\"\n\t\t\t\t\twidth=\"100\"\n\t\t\t\t\theight=\"66\"\n\t\t\t\t\tstyle=\"max-width:100%;\"\n\t\t\t\t\/>\n\t\t\t<\/a>\n\t\t<\/div>\n\t\t\t\t\t\t\t<\/div> \n\t\t\t\n\t\t\t\t<div id=\"ngg-image-23\" class=\"ngg-gallery-thumbnail-box \n\t\t\t\t\t\t\t\t\t\t\t\" \n\t\t\tstyle=\"display: none;\">\n\t\t\t\t\t\t<div class=\"ngg-gallery-thumbnail\">\n\t\t\t<a href=\"https:\/\/www.verlag-doppelpunkt.at\/bilderserien\/wp-content\/gallery\/theater-hof\/ein-muenchner-im-himmel-und-in-der-hoelle-30.jpg\"\n\t\t\t\ttitle=\"&quot;Ein M\u00fcnchner im Himmel und in der H\u00f6lle&quot;, ein bayrisches Volksst\u00fcck von Alfons Schweigert, aufgef\u00fchrt von den Hofer Theaterspielern im K.U.L.T in Hof bei Salzburg, Regie: Gerard Es. Foto von der Generalprobe am 20.04.2017  Foto und Copyright: Moser Albert, Fotograf, 5201 Seekirchen, Weinbergstiege 1, Tel.: 0043-676-7550526 mailto:albert.moser@sbg.at  www.moser.zenfolio.com\"\n\t\t\t\tdata-src=\"https:\/\/www.verlag-doppelpunkt.at\/bilderserien\/wp-content\/gallery\/theater-hof\/ein-muenchner-im-himmel-und-in-der-hoelle-30.jpg\"\n\t\t\t\tdata-thumbnail=\"https:\/\/www.verlag-doppelpunkt.at\/bilderserien\/wp-content\/gallery\/theater-hof\/thumbs\/thumbs_ein-muenchner-im-himmel-und-in-der-hoelle-30.jpg\"\n\t\t\t\tdata-image-id=\"16943\"\n\t\t\t\tdata-title=\"&quot;Ein M\u00c3\u00bcnchner im Himmel und in der H\u00c3\u00b6lle&quot;, ein bayrisches Volksst\u00c3\u00bcck von Alfons Schweigert, aufgef\u00c3\u00bchrt von den Hofer Theaterspielern im K.U.L.T in Hof bei Salzburg, Regie: Gerard Es. Foto von der Generalprobe am 20.04.2017  \nFoto und Copyright: Moser Albert, Fotograf, 5201 Seekirchen, Weinbergstiege 1, Tel.: 0043-676-7550526 mailto:albert.moser@sbg.at  www.moser.zenfolio.com\"\n\t\t\t\tdata-description=\"&quot;Ein M\u00fcnchner im Himmel und in der H\u00f6lle&quot;, ein bayrisches Volksst\u00fcck von Alfons Schweigert, aufgef\u00fchrt von den Hofer Theaterspielern im K.U.L.T in Hof bei Salzburg, Regie: Gerard Es. Foto von der Generalprobe am 20.04.2017  Foto und Copyright: Moser Albert, Fotograf, 5201 Seekirchen, Weinbergstiege 1, Tel.: 0043-676-7550526 mailto:albert.moser@sbg.at  www.moser.zenfolio.com\"\n\t\t\t\tdata-image-slug=\"ein-muenchner-im-himmel-und-in-der-hoelle-30\"\n\t\t\t\tclass=\"shutterset_2b4b6f1ea09554b95a64f5eb3e72ed4e\">\n\t\t\t\t<img\n\t\t\t\t\ttitle=\"&quot;Ein M\u00c3\u00bcnchner im Himmel und in der H\u00c3\u00b6lle&quot;, ein bayrisches Volksst\u00c3\u00bcck von Alfons Schweigert, aufgef\u00c3\u00bchrt von den Hofer Theaterspielern im K.U.L.T in Hof bei Salzburg, Regie: Gerard Es. Foto von der Generalprobe am 20.04.2017  \nFoto und Copyright: Moser Albert, Fotograf, 5201 Seekirchen, Weinbergstiege 1, Tel.: 0043-676-7550526 mailto:albert.moser@sbg.at  www.moser.zenfolio.com\"\n\t\t\t\t\talt=\"&quot;Ein M\u00c3\u00bcnchner im Himmel und in der H\u00c3\u00b6lle&quot;, ein bayrisches Volksst\u00c3\u00bcck von Alfons Schweigert, aufgef\u00c3\u00bchrt von den Hofer Theaterspielern im K.U.L.T in Hof bei Salzburg, Regie: Gerard Es. Foto von der Generalprobe am 20.04.2017  \nFoto und Copyright: Moser Albert, Fotograf, 5201 Seekirchen, Weinbergstiege 1, Tel.: 0043-676-7550526 mailto:albert.moser@sbg.at  www.moser.zenfolio.com\"\n\t\t\t\t\tsrc=\"https:\/\/www.verlag-doppelpunkt.at\/bilderserien\/wp-content\/gallery\/theater-hof\/thumbs\/thumbs_ein-muenchner-im-himmel-und-in-der-hoelle-30.jpg\"\n\t\t\t\t\twidth=\"100\"\n\t\t\t\t\theight=\"66\"\n\t\t\t\t\tstyle=\"max-width:100%;\"\n\t\t\t\t\/>\n\t\t\t<\/a>\n\t\t<\/div>\n\t\t\t\t\t\t\t<\/div> \n\t\t\t\n\t\t\t\t<div id=\"ngg-image-24\" class=\"ngg-gallery-thumbnail-box \n\t\t\t\t\t\t\t\t\t\t\t\" \n\t\t\tstyle=\"display: none;\">\n\t\t\t\t\t\t<div class=\"ngg-gallery-thumbnail\">\n\t\t\t<a href=\"https:\/\/www.verlag-doppelpunkt.at\/bilderserien\/wp-content\/gallery\/theater-hof\/ein-muenchner-im-himmel-und-in-der-hoelle-31.jpg\"\n\t\t\t\ttitle=\"&quot;Ein M\u00fcnchner im Himmel und in der H\u00f6lle&quot;, ein bayrisches Volksst\u00fcck von Alfons Schweigert, aufgef\u00fchrt von den Hofer Theaterspielern im K.U.L.T in Hof bei Salzburg, Regie: Gerard Es. Foto von der Generalprobe am 20.04.2017  Foto und Copyright: Moser Albert, Fotograf, 5201 Seekirchen, Weinbergstiege 1, Tel.: 0043-676-7550526 mailto:albert.moser@sbg.at  www.moser.zenfolio.com\"\n\t\t\t\tdata-src=\"https:\/\/www.verlag-doppelpunkt.at\/bilderserien\/wp-content\/gallery\/theater-hof\/ein-muenchner-im-himmel-und-in-der-hoelle-31.jpg\"\n\t\t\t\tdata-thumbnail=\"https:\/\/www.verlag-doppelpunkt.at\/bilderserien\/wp-content\/gallery\/theater-hof\/thumbs\/thumbs_ein-muenchner-im-himmel-und-in-der-hoelle-31.jpg\"\n\t\t\t\tdata-image-id=\"16944\"\n\t\t\t\tdata-title=\"&quot;Ein M\u00c3\u00bcnchner im Himmel und in der H\u00c3\u00b6lle&quot;, ein bayrisches Volksst\u00c3\u00bcck von Alfons Schweigert, aufgef\u00c3\u00bchrt von den Hofer Theaterspielern im K.U.L.T in Hof bei Salzburg, Regie: Gerard Es. Foto von der Generalprobe am 20.04.2017  \nFoto und Copyright: Moser Albert, Fotograf, 5201 Seekirchen, Weinbergstiege 1, Tel.: 0043-676-7550526 mailto:albert.moser@sbg.at  www.moser.zenfolio.com\"\n\t\t\t\tdata-description=\"&quot;Ein M\u00fcnchner im Himmel und in der H\u00f6lle&quot;, ein bayrisches Volksst\u00fcck von Alfons Schweigert, aufgef\u00fchrt von den Hofer Theaterspielern im K.U.L.T in Hof bei Salzburg, Regie: Gerard Es. Foto von der Generalprobe am 20.04.2017  Foto und Copyright: Moser Albert, Fotograf, 5201 Seekirchen, Weinbergstiege 1, Tel.: 0043-676-7550526 mailto:albert.moser@sbg.at  www.moser.zenfolio.com\"\n\t\t\t\tdata-image-slug=\"ein-muenchner-im-himmel-und-in-der-hoelle-31\"\n\t\t\t\tclass=\"shutterset_2b4b6f1ea09554b95a64f5eb3e72ed4e\">\n\t\t\t\t<img\n\t\t\t\t\ttitle=\"&quot;Ein M\u00c3\u00bcnchner im Himmel und in der H\u00c3\u00b6lle&quot;, ein bayrisches Volksst\u00c3\u00bcck von Alfons Schweigert, aufgef\u00c3\u00bchrt von den Hofer Theaterspielern im K.U.L.T in Hof bei Salzburg, Regie: Gerard Es. Foto von der Generalprobe am 20.04.2017  \nFoto und Copyright: Moser Albert, Fotograf, 5201 Seekirchen, Weinbergstiege 1, Tel.: 0043-676-7550526 mailto:albert.moser@sbg.at  www.moser.zenfolio.com\"\n\t\t\t\t\talt=\"&quot;Ein M\u00c3\u00bcnchner im Himmel und in der H\u00c3\u00b6lle&quot;, ein bayrisches Volksst\u00c3\u00bcck von Alfons Schweigert, aufgef\u00c3\u00bchrt von den Hofer Theaterspielern im K.U.L.T in Hof bei Salzburg, Regie: Gerard Es. Foto von der Generalprobe am 20.04.2017  \nFoto und Copyright: Moser Albert, Fotograf, 5201 Seekirchen, Weinbergstiege 1, Tel.: 0043-676-7550526 mailto:albert.moser@sbg.at  www.moser.zenfolio.com\"\n\t\t\t\t\tsrc=\"https:\/\/www.verlag-doppelpunkt.at\/bilderserien\/wp-content\/gallery\/theater-hof\/thumbs\/thumbs_ein-muenchner-im-himmel-und-in-der-hoelle-31.jpg\"\n\t\t\t\t\twidth=\"100\"\n\t\t\t\t\theight=\"66\"\n\t\t\t\t\tstyle=\"max-width:100%;\"\n\t\t\t\t\/>\n\t\t\t<\/a>\n\t\t<\/div>\n\t\t\t\t\t\t\t<\/div> \n\t\t\t\n\t\t\t\t<div id=\"ngg-image-25\" class=\"ngg-gallery-thumbnail-box \n\t\t\t\t\t\t\t\t\t\t\t\" \n\t\t\tstyle=\"display: none;\">\n\t\t\t\t\t\t<div class=\"ngg-gallery-thumbnail\">\n\t\t\t<a href=\"https:\/\/www.verlag-doppelpunkt.at\/bilderserien\/wp-content\/gallery\/theater-hof\/ein-muenchner-im-himmel-und-in-der-hoelle-32.jpg\"\n\t\t\t\ttitle=\"&quot;Ein M\u00fcnchner im Himmel und in der H\u00f6lle&quot;, ein bayrisches Volksst\u00fcck von Alfons Schweigert, aufgef\u00fchrt von den Hofer Theaterspielern im K.U.L.T in Hof bei Salzburg, Regie: Gerard Es. Foto von der Generalprobe am 20.04.2017  Foto und Copyright: Moser Albert, Fotograf, 5201 Seekirchen, Weinbergstiege 1, Tel.: 0043-676-7550526 mailto:albert.moser@sbg.at  www.moser.zenfolio.com\"\n\t\t\t\tdata-src=\"https:\/\/www.verlag-doppelpunkt.at\/bilderserien\/wp-content\/gallery\/theater-hof\/ein-muenchner-im-himmel-und-in-der-hoelle-32.jpg\"\n\t\t\t\tdata-thumbnail=\"https:\/\/www.verlag-doppelpunkt.at\/bilderserien\/wp-content\/gallery\/theater-hof\/thumbs\/thumbs_ein-muenchner-im-himmel-und-in-der-hoelle-32.jpg\"\n\t\t\t\tdata-image-id=\"16945\"\n\t\t\t\tdata-title=\"&quot;Ein M\u00c3\u00bcnchner im Himmel und in der H\u00c3\u00b6lle&quot;, ein bayrisches Volksst\u00c3\u00bcck von Alfons Schweigert, aufgef\u00c3\u00bchrt von den Hofer Theaterspielern im K.U.L.T in Hof bei Salzburg, Regie: Gerard Es. Foto von der Generalprobe am 20.04.2017  \nFoto und Copyright: Moser Albert, Fotograf, 5201 Seekirchen, Weinbergstiege 1, Tel.: 0043-676-7550526 mailto:albert.moser@sbg.at  www.moser.zenfolio.com\"\n\t\t\t\tdata-description=\"&quot;Ein M\u00fcnchner im Himmel und in der H\u00f6lle&quot;, ein bayrisches Volksst\u00fcck von Alfons Schweigert, aufgef\u00fchrt von den Hofer Theaterspielern im K.U.L.T in Hof bei Salzburg, Regie: Gerard Es. Foto von der Generalprobe am 20.04.2017  Foto und Copyright: Moser Albert, Fotograf, 5201 Seekirchen, Weinbergstiege 1, Tel.: 0043-676-7550526 mailto:albert.moser@sbg.at  www.moser.zenfolio.com\"\n\t\t\t\tdata-image-slug=\"ein-muenchner-im-himmel-und-in-der-hoelle-32\"\n\t\t\t\tclass=\"shutterset_2b4b6f1ea09554b95a64f5eb3e72ed4e\">\n\t\t\t\t<img\n\t\t\t\t\ttitle=\"&quot;Ein M\u00c3\u00bcnchner im Himmel und in der H\u00c3\u00b6lle&quot;, ein bayrisches Volksst\u00c3\u00bcck von Alfons Schweigert, aufgef\u00c3\u00bchrt von den Hofer Theaterspielern im K.U.L.T in Hof bei Salzburg, Regie: Gerard Es. Foto von der Generalprobe am 20.04.2017  \nFoto und Copyright: Moser Albert, Fotograf, 5201 Seekirchen, Weinbergstiege 1, Tel.: 0043-676-7550526 mailto:albert.moser@sbg.at  www.moser.zenfolio.com\"\n\t\t\t\t\talt=\"&quot;Ein M\u00c3\u00bcnchner im Himmel und in der H\u00c3\u00b6lle&quot;, ein bayrisches Volksst\u00c3\u00bcck von Alfons Schweigert, aufgef\u00c3\u00bchrt von den Hofer Theaterspielern im K.U.L.T in Hof bei Salzburg, Regie: Gerard Es. Foto von der Generalprobe am 20.04.2017  \nFoto und Copyright: Moser Albert, Fotograf, 5201 Seekirchen, Weinbergstiege 1, Tel.: 0043-676-7550526 mailto:albert.moser@sbg.at  www.moser.zenfolio.com\"\n\t\t\t\t\tsrc=\"https:\/\/www.verlag-doppelpunkt.at\/bilderserien\/wp-content\/gallery\/theater-hof\/thumbs\/thumbs_ein-muenchner-im-himmel-und-in-der-hoelle-32.jpg\"\n\t\t\t\t\twidth=\"100\"\n\t\t\t\t\theight=\"66\"\n\t\t\t\t\tstyle=\"max-width:100%;\"\n\t\t\t\t\/>\n\t\t\t<\/a>\n\t\t<\/div>\n\t\t\t\t\t\t\t<\/div> \n\t\t\t\n\t\t\t\t<div id=\"ngg-image-26\" class=\"ngg-gallery-thumbnail-box \n\t\t\t\t\t\t\t\t\t\t\t\" \n\t\t\tstyle=\"display: none;\">\n\t\t\t\t\t\t<div class=\"ngg-gallery-thumbnail\">\n\t\t\t<a href=\"https:\/\/www.verlag-doppelpunkt.at\/bilderserien\/wp-content\/gallery\/theater-hof\/ein-muenchner-im-himmel-und-in-der-hoelle-33.jpg\"\n\t\t\t\ttitle=\"&quot;Ein M\u00fcnchner im Himmel und in der H\u00f6lle&quot;, ein bayrisches Volksst\u00fcck von Alfons Schweigert, aufgef\u00fchrt von den Hofer Theaterspielern im K.U.L.T in Hof bei Salzburg, Regie: Gerard Es. Foto von der Generalprobe am 20.04.2017  Foto und Copyright: Moser Albert, Fotograf, 5201 Seekirchen, Weinbergstiege 1, Tel.: 0043-676-7550526 mailto:albert.moser@sbg.at  www.moser.zenfolio.com\"\n\t\t\t\tdata-src=\"https:\/\/www.verlag-doppelpunkt.at\/bilderserien\/wp-content\/gallery\/theater-hof\/ein-muenchner-im-himmel-und-in-der-hoelle-33.jpg\"\n\t\t\t\tdata-thumbnail=\"https:\/\/www.verlag-doppelpunkt.at\/bilderserien\/wp-content\/gallery\/theater-hof\/thumbs\/thumbs_ein-muenchner-im-himmel-und-in-der-hoelle-33.jpg\"\n\t\t\t\tdata-image-id=\"16946\"\n\t\t\t\tdata-title=\"&quot;Ein M\u00c3\u00bcnchner im Himmel und in der H\u00c3\u00b6lle&quot;, ein bayrisches Volksst\u00c3\u00bcck von Alfons Schweigert, aufgef\u00c3\u00bchrt von den Hofer Theaterspielern im K.U.L.T in Hof bei Salzburg, Regie: Gerard Es. Foto von der Generalprobe am 20.04.2017  \nFoto und Copyright: Moser Albert, Fotograf, 5201 Seekirchen, Weinbergstiege 1, Tel.: 0043-676-7550526 mailto:albert.moser@sbg.at  www.moser.zenfolio.com\"\n\t\t\t\tdata-description=\"&quot;Ein M\u00fcnchner im Himmel und in der H\u00f6lle&quot;, ein bayrisches Volksst\u00fcck von Alfons Schweigert, aufgef\u00fchrt von den Hofer Theaterspielern im K.U.L.T in Hof bei Salzburg, Regie: Gerard Es. Foto von der Generalprobe am 20.04.2017  Foto und Copyright: Moser Albert, Fotograf, 5201 Seekirchen, Weinbergstiege 1, Tel.: 0043-676-7550526 mailto:albert.moser@sbg.at  www.moser.zenfolio.com\"\n\t\t\t\tdata-image-slug=\"ein-muenchner-im-himmel-und-in-der-hoelle-33\"\n\t\t\t\tclass=\"shutterset_2b4b6f1ea09554b95a64f5eb3e72ed4e\">\n\t\t\t\t<img\n\t\t\t\t\ttitle=\"&quot;Ein M\u00c3\u00bcnchner im Himmel und in der H\u00c3\u00b6lle&quot;, ein bayrisches Volksst\u00c3\u00bcck von Alfons Schweigert, aufgef\u00c3\u00bchrt von den Hofer Theaterspielern im K.U.L.T in Hof bei Salzburg, Regie: Gerard Es. Foto von der Generalprobe am 20.04.2017  \nFoto und Copyright: Moser Albert, Fotograf, 5201 Seekirchen, Weinbergstiege 1, Tel.: 0043-676-7550526 mailto:albert.moser@sbg.at  www.moser.zenfolio.com\"\n\t\t\t\t\talt=\"&quot;Ein M\u00c3\u00bcnchner im Himmel und in der H\u00c3\u00b6lle&quot;, ein bayrisches Volksst\u00c3\u00bcck von Alfons Schweigert, aufgef\u00c3\u00bchrt von den Hofer Theaterspielern im K.U.L.T in Hof bei Salzburg, Regie: Gerard Es. Foto von der Generalprobe am 20.04.2017  \nFoto und Copyright: Moser Albert, Fotograf, 5201 Seekirchen, Weinbergstiege 1, Tel.: 0043-676-7550526 mailto:albert.moser@sbg.at  www.moser.zenfolio.com\"\n\t\t\t\t\tsrc=\"https:\/\/www.verlag-doppelpunkt.at\/bilderserien\/wp-content\/gallery\/theater-hof\/thumbs\/thumbs_ein-muenchner-im-himmel-und-in-der-hoelle-33.jpg\"\n\t\t\t\t\twidth=\"100\"\n\t\t\t\t\theight=\"66\"\n\t\t\t\t\tstyle=\"max-width:100%;\"\n\t\t\t\t\/>\n\t\t\t<\/a>\n\t\t<\/div>\n\t\t\t\t\t\t\t<\/div> \n\t\t\t\n\t\t\t\t<div id=\"ngg-image-27\" class=\"ngg-gallery-thumbnail-box \n\t\t\t\t\t\t\t\t\t\t\t\" \n\t\t\tstyle=\"display: none;\">\n\t\t\t\t\t\t<div class=\"ngg-gallery-thumbnail\">\n\t\t\t<a href=\"https:\/\/www.verlag-doppelpunkt.at\/bilderserien\/wp-content\/gallery\/theater-hof\/ein-muenchner-im-himmel-und-in-der-hoelle-34.jpg\"\n\t\t\t\ttitle=\"&quot;Ein M\u00fcnchner im Himmel und in der H\u00f6lle&quot;, ein bayrisches Volksst\u00fcck von Alfons Schweigert, aufgef\u00fchrt von den Hofer Theaterspielern im K.U.L.T in Hof bei Salzburg, Regie: Gerard Es. Foto von der Generalprobe am 20.04.2017  Foto und Copyright: Moser Albert, Fotograf, 5201 Seekirchen, Weinbergstiege 1, Tel.: 0043-676-7550526 mailto:albert.moser@sbg.at  www.moser.zenfolio.com\"\n\t\t\t\tdata-src=\"https:\/\/www.verlag-doppelpunkt.at\/bilderserien\/wp-content\/gallery\/theater-hof\/ein-muenchner-im-himmel-und-in-der-hoelle-34.jpg\"\n\t\t\t\tdata-thumbnail=\"https:\/\/www.verlag-doppelpunkt.at\/bilderserien\/wp-content\/gallery\/theater-hof\/thumbs\/thumbs_ein-muenchner-im-himmel-und-in-der-hoelle-34.jpg\"\n\t\t\t\tdata-image-id=\"16947\"\n\t\t\t\tdata-title=\"&quot;Ein M\u00c3\u00bcnchner im Himmel und in der H\u00c3\u00b6lle&quot;, ein bayrisches Volksst\u00c3\u00bcck von Alfons Schweigert, aufgef\u00c3\u00bchrt von den Hofer Theaterspielern im K.U.L.T in Hof bei Salzburg, Regie: Gerard Es. Foto von der Generalprobe am 20.04.2017  \nFoto und Copyright: Moser Albert, Fotograf, 5201 Seekirchen, Weinbergstiege 1, Tel.: 0043-676-7550526 mailto:albert.moser@sbg.at  www.moser.zenfolio.com\"\n\t\t\t\tdata-description=\"&quot;Ein M\u00fcnchner im Himmel und in der H\u00f6lle&quot;, ein bayrisches Volksst\u00fcck von Alfons Schweigert, aufgef\u00fchrt von den Hofer Theaterspielern im K.U.L.T in Hof bei Salzburg, Regie: Gerard Es. Foto von der Generalprobe am 20.04.2017  Foto und Copyright: Moser Albert, Fotograf, 5201 Seekirchen, Weinbergstiege 1, Tel.: 0043-676-7550526 mailto:albert.moser@sbg.at  www.moser.zenfolio.com\"\n\t\t\t\tdata-image-slug=\"ein-muenchner-im-himmel-und-in-der-hoelle-34\"\n\t\t\t\tclass=\"shutterset_2b4b6f1ea09554b95a64f5eb3e72ed4e\">\n\t\t\t\t<img\n\t\t\t\t\ttitle=\"&quot;Ein M\u00c3\u00bcnchner im Himmel und in der H\u00c3\u00b6lle&quot;, ein bayrisches Volksst\u00c3\u00bcck von Alfons Schweigert, aufgef\u00c3\u00bchrt von den Hofer Theaterspielern im K.U.L.T in Hof bei Salzburg, Regie: Gerard Es. Foto von der Generalprobe am 20.04.2017  \nFoto und Copyright: Moser Albert, Fotograf, 5201 Seekirchen, Weinbergstiege 1, Tel.: 0043-676-7550526 mailto:albert.moser@sbg.at  www.moser.zenfolio.com\"\n\t\t\t\t\talt=\"&quot;Ein M\u00c3\u00bcnchner im Himmel und in der H\u00c3\u00b6lle&quot;, ein bayrisches Volksst\u00c3\u00bcck von Alfons Schweigert, aufgef\u00c3\u00bchrt von den Hofer Theaterspielern im K.U.L.T in Hof bei Salzburg, Regie: Gerard Es. Foto von der Generalprobe am 20.04.2017  \nFoto und Copyright: Moser Albert, Fotograf, 5201 Seekirchen, Weinbergstiege 1, Tel.: 0043-676-7550526 mailto:albert.moser@sbg.at  www.moser.zenfolio.com\"\n\t\t\t\t\tsrc=\"https:\/\/www.verlag-doppelpunkt.at\/bilderserien\/wp-content\/gallery\/theater-hof\/thumbs\/thumbs_ein-muenchner-im-himmel-und-in-der-hoelle-34.jpg\"\n\t\t\t\t\twidth=\"100\"\n\t\t\t\t\theight=\"66\"\n\t\t\t\t\tstyle=\"max-width:100%;\"\n\t\t\t\t\/>\n\t\t\t<\/a>\n\t\t<\/div>\n\t\t\t\t\t\t\t<\/div> \n\t\t\t\n\t\t\t\t<div id=\"ngg-image-28\" class=\"ngg-gallery-thumbnail-box \n\t\t\t\t\t\t\t\t\t\t\t\" \n\t\t\tstyle=\"display: none;\">\n\t\t\t\t\t\t<div class=\"ngg-gallery-thumbnail\">\n\t\t\t<a href=\"https:\/\/www.verlag-doppelpunkt.at\/bilderserien\/wp-content\/gallery\/theater-hof\/ein-muenchner-im-himmel-und-in-der-hoelle-35.jpg\"\n\t\t\t\ttitle=\"&quot;Ein M\u00fcnchner im Himmel und in der H\u00f6lle&quot;, ein bayrisches Volksst\u00fcck von Alfons Schweigert, aufgef\u00fchrt von den Hofer Theaterspielern im K.U.L.T in Hof bei Salzburg, Regie: Gerard Es. Foto von der Generalprobe am 20.04.2017  Foto und Copyright: Moser Albert, Fotograf, 5201 Seekirchen, Weinbergstiege 1, Tel.: 0043-676-7550526 mailto:albert.moser@sbg.at  www.moser.zenfolio.com\"\n\t\t\t\tdata-src=\"https:\/\/www.verlag-doppelpunkt.at\/bilderserien\/wp-content\/gallery\/theater-hof\/ein-muenchner-im-himmel-und-in-der-hoelle-35.jpg\"\n\t\t\t\tdata-thumbnail=\"https:\/\/www.verlag-doppelpunkt.at\/bilderserien\/wp-content\/gallery\/theater-hof\/thumbs\/thumbs_ein-muenchner-im-himmel-und-in-der-hoelle-35.jpg\"\n\t\t\t\tdata-image-id=\"16948\"\n\t\t\t\tdata-title=\"&quot;Ein M\u00c3\u00bcnchner im Himmel und in der H\u00c3\u00b6lle&quot;, ein bayrisches Volksst\u00c3\u00bcck von Alfons Schweigert, aufgef\u00c3\u00bchrt von den Hofer Theaterspielern im K.U.L.T in Hof bei Salzburg, Regie: Gerard Es. Foto von der Generalprobe am 20.04.2017  \nFoto und Copyright: Moser Albert, Fotograf, 5201 Seekirchen, Weinbergstiege 1, Tel.: 0043-676-7550526 mailto:albert.moser@sbg.at  www.moser.zenfolio.com\"\n\t\t\t\tdata-description=\"&quot;Ein M\u00fcnchner im Himmel und in der H\u00f6lle&quot;, ein bayrisches Volksst\u00fcck von Alfons Schweigert, aufgef\u00fchrt von den Hofer Theaterspielern im K.U.L.T in Hof bei Salzburg, Regie: Gerard Es. Foto von der Generalprobe am 20.04.2017  Foto und Copyright: Moser Albert, Fotograf, 5201 Seekirchen, Weinbergstiege 1, Tel.: 0043-676-7550526 mailto:albert.moser@sbg.at  www.moser.zenfolio.com\"\n\t\t\t\tdata-image-slug=\"ein-muenchner-im-himmel-und-in-der-hoelle-35\"\n\t\t\t\tclass=\"shutterset_2b4b6f1ea09554b95a64f5eb3e72ed4e\">\n\t\t\t\t<img\n\t\t\t\t\ttitle=\"&quot;Ein M\u00c3\u00bcnchner im Himmel und in der H\u00c3\u00b6lle&quot;, ein bayrisches Volksst\u00c3\u00bcck von Alfons Schweigert, aufgef\u00c3\u00bchrt von den Hofer Theaterspielern im K.U.L.T in Hof bei Salzburg, Regie: Gerard Es. Foto von der Generalprobe am 20.04.2017  \nFoto und Copyright: Moser Albert, Fotograf, 5201 Seekirchen, Weinbergstiege 1, Tel.: 0043-676-7550526 mailto:albert.moser@sbg.at  www.moser.zenfolio.com\"\n\t\t\t\t\talt=\"&quot;Ein M\u00c3\u00bcnchner im Himmel und in der H\u00c3\u00b6lle&quot;, ein bayrisches Volksst\u00c3\u00bcck von Alfons Schweigert, aufgef\u00c3\u00bchrt von den Hofer Theaterspielern im K.U.L.T in Hof bei Salzburg, Regie: Gerard Es. Foto von der Generalprobe am 20.04.2017  \nFoto und Copyright: Moser Albert, Fotograf, 5201 Seekirchen, Weinbergstiege 1, Tel.: 0043-676-7550526 mailto:albert.moser@sbg.at  www.moser.zenfolio.com\"\n\t\t\t\t\tsrc=\"https:\/\/www.verlag-doppelpunkt.at\/bilderserien\/wp-content\/gallery\/theater-hof\/thumbs\/thumbs_ein-muenchner-im-himmel-und-in-der-hoelle-35.jpg\"\n\t\t\t\t\twidth=\"100\"\n\t\t\t\t\theight=\"66\"\n\t\t\t\t\tstyle=\"max-width:100%;\"\n\t\t\t\t\/>\n\t\t\t<\/a>\n\t\t<\/div>\n\t\t\t\t\t\t\t<\/div> \n\t\t\t\n\t\t\t\t<div id=\"ngg-image-29\" class=\"ngg-gallery-thumbnail-box \n\t\t\t\t\t\t\t\t\t\t\t\" \n\t\t\tstyle=\"display: none;\">\n\t\t\t\t\t\t<div class=\"ngg-gallery-thumbnail\">\n\t\t\t<a href=\"https:\/\/www.verlag-doppelpunkt.at\/bilderserien\/wp-content\/gallery\/theater-hof\/ein-muenchner-im-himmel-und-in-der-hoelle-36.jpg\"\n\t\t\t\ttitle=\"&quot;Ein M\u00fcnchner im Himmel und in der H\u00f6lle&quot;, ein bayrisches Volksst\u00fcck von Alfons Schweigert, aufgef\u00fchrt von den Hofer Theaterspielern im K.U.L.T in Hof bei Salzburg, Regie: Gerard Es. Foto von der Generalprobe am 20.04.2017  Foto und Copyright: Moser Albert, Fotograf, 5201 Seekirchen, Weinbergstiege 1, Tel.: 0043-676-7550526 mailto:albert.moser@sbg.at  www.moser.zenfolio.com\"\n\t\t\t\tdata-src=\"https:\/\/www.verlag-doppelpunkt.at\/bilderserien\/wp-content\/gallery\/theater-hof\/ein-muenchner-im-himmel-und-in-der-hoelle-36.jpg\"\n\t\t\t\tdata-thumbnail=\"https:\/\/www.verlag-doppelpunkt.at\/bilderserien\/wp-content\/gallery\/theater-hof\/thumbs\/thumbs_ein-muenchner-im-himmel-und-in-der-hoelle-36.jpg\"\n\t\t\t\tdata-image-id=\"16949\"\n\t\t\t\tdata-title=\"&quot;Ein M\u00c3\u00bcnchner im Himmel und in der H\u00c3\u00b6lle&quot;, ein bayrisches Volksst\u00c3\u00bcck von Alfons Schweigert, aufgef\u00c3\u00bchrt von den Hofer Theaterspielern im K.U.L.T in Hof bei Salzburg, Regie: Gerard Es. Foto von der Generalprobe am 20.04.2017  \nFoto und Copyright: Moser Albert, Fotograf, 5201 Seekirchen, Weinbergstiege 1, Tel.: 0043-676-7550526 mailto:albert.moser@sbg.at  www.moser.zenfolio.com\"\n\t\t\t\tdata-description=\"&quot;Ein M\u00fcnchner im Himmel und in der H\u00f6lle&quot;, ein bayrisches Volksst\u00fcck von Alfons Schweigert, aufgef\u00fchrt von den Hofer Theaterspielern im K.U.L.T in Hof bei Salzburg, Regie: Gerard Es. Foto von der Generalprobe am 20.04.2017  Foto und Copyright: Moser Albert, Fotograf, 5201 Seekirchen, Weinbergstiege 1, Tel.: 0043-676-7550526 mailto:albert.moser@sbg.at  www.moser.zenfolio.com\"\n\t\t\t\tdata-image-slug=\"ein-muenchner-im-himmel-und-in-der-hoelle-36\"\n\t\t\t\tclass=\"shutterset_2b4b6f1ea09554b95a64f5eb3e72ed4e\">\n\t\t\t\t<img\n\t\t\t\t\ttitle=\"&quot;Ein M\u00c3\u00bcnchner im Himmel und in der H\u00c3\u00b6lle&quot;, ein bayrisches Volksst\u00c3\u00bcck von Alfons Schweigert, aufgef\u00c3\u00bchrt von den Hofer Theaterspielern im K.U.L.T in Hof bei Salzburg, Regie: Gerard Es. Foto von der Generalprobe am 20.04.2017  \nFoto und Copyright: Moser Albert, Fotograf, 5201 Seekirchen, Weinbergstiege 1, Tel.: 0043-676-7550526 mailto:albert.moser@sbg.at  www.moser.zenfolio.com\"\n\t\t\t\t\talt=\"&quot;Ein M\u00c3\u00bcnchner im Himmel und in der H\u00c3\u00b6lle&quot;, ein bayrisches Volksst\u00c3\u00bcck von Alfons Schweigert, aufgef\u00c3\u00bchrt von den Hofer Theaterspielern im K.U.L.T in Hof bei Salzburg, Regie: Gerard Es. Foto von der Generalprobe am 20.04.2017  \nFoto und Copyright: Moser Albert, Fotograf, 5201 Seekirchen, Weinbergstiege 1, Tel.: 0043-676-7550526 mailto:albert.moser@sbg.at  www.moser.zenfolio.com\"\n\t\t\t\t\tsrc=\"https:\/\/www.verlag-doppelpunkt.at\/bilderserien\/wp-content\/gallery\/theater-hof\/thumbs\/thumbs_ein-muenchner-im-himmel-und-in-der-hoelle-36.jpg\"\n\t\t\t\t\twidth=\"100\"\n\t\t\t\t\theight=\"66\"\n\t\t\t\t\tstyle=\"max-width:100%;\"\n\t\t\t\t\/>\n\t\t\t<\/a>\n\t\t<\/div>\n\t\t\t\t\t\t\t<\/div> \n\t\t\t\n\t\t\t\t<div id=\"ngg-image-30\" class=\"ngg-gallery-thumbnail-box \n\t\t\t\t\t\t\t\t\t\t\t\" \n\t\t\tstyle=\"display: none;\">\n\t\t\t\t\t\t<div class=\"ngg-gallery-thumbnail\">\n\t\t\t<a href=\"https:\/\/www.verlag-doppelpunkt.at\/bilderserien\/wp-content\/gallery\/theater-hof\/ein-muenchner-im-himmel-und-in-der-hoelle-37.jpg\"\n\t\t\t\ttitle=\"&quot;Ein M\u00fcnchner im Himmel und in der H\u00f6lle&quot;, ein bayrisches Volksst\u00fcck von Alfons Schweigert, aufgef\u00fchrt von den Hofer Theaterspielern im K.U.L.T in Hof bei Salzburg, Regie: Gerard Es. Foto von der Generalprobe am 20.04.2017  Foto und Copyright: Moser Albert, Fotograf, 5201 Seekirchen, Weinbergstiege 1, Tel.: 0043-676-7550526 mailto:albert.moser@sbg.at  www.moser.zenfolio.com\"\n\t\t\t\tdata-src=\"https:\/\/www.verlag-doppelpunkt.at\/bilderserien\/wp-content\/gallery\/theater-hof\/ein-muenchner-im-himmel-und-in-der-hoelle-37.jpg\"\n\t\t\t\tdata-thumbnail=\"https:\/\/www.verlag-doppelpunkt.at\/bilderserien\/wp-content\/gallery\/theater-hof\/thumbs\/thumbs_ein-muenchner-im-himmel-und-in-der-hoelle-37.jpg\"\n\t\t\t\tdata-image-id=\"16950\"\n\t\t\t\tdata-title=\"&quot;Ein M\u00c3\u00bcnchner im Himmel und in der H\u00c3\u00b6lle&quot;, ein bayrisches Volksst\u00c3\u00bcck von Alfons Schweigert, aufgef\u00c3\u00bchrt von den Hofer Theaterspielern im K.U.L.T in Hof bei Salzburg, Regie: Gerard Es. Foto von der Generalprobe am 20.04.2017  \nFoto und Copyright: Moser Albert, Fotograf, 5201 Seekirchen, Weinbergstiege 1, Tel.: 0043-676-7550526 mailto:albert.moser@sbg.at  www.moser.zenfolio.com\"\n\t\t\t\tdata-description=\"&quot;Ein M\u00fcnchner im Himmel und in der H\u00f6lle&quot;, ein bayrisches Volksst\u00fcck von Alfons Schweigert, aufgef\u00fchrt von den Hofer Theaterspielern im K.U.L.T in Hof bei Salzburg, Regie: Gerard Es. Foto von der Generalprobe am 20.04.2017  Foto und Copyright: Moser Albert, Fotograf, 5201 Seekirchen, Weinbergstiege 1, Tel.: 0043-676-7550526 mailto:albert.moser@sbg.at  www.moser.zenfolio.com\"\n\t\t\t\tdata-image-slug=\"ein-muenchner-im-himmel-und-in-der-hoelle-37\"\n\t\t\t\tclass=\"shutterset_2b4b6f1ea09554b95a64f5eb3e72ed4e\">\n\t\t\t\t<img\n\t\t\t\t\ttitle=\"&quot;Ein M\u00c3\u00bcnchner im Himmel und in der H\u00c3\u00b6lle&quot;, ein bayrisches Volksst\u00c3\u00bcck von Alfons Schweigert, aufgef\u00c3\u00bchrt von den Hofer Theaterspielern im K.U.L.T in Hof bei Salzburg, Regie: Gerard Es. Foto von der Generalprobe am 20.04.2017  \nFoto und Copyright: Moser Albert, Fotograf, 5201 Seekirchen, Weinbergstiege 1, Tel.: 0043-676-7550526 mailto:albert.moser@sbg.at  www.moser.zenfolio.com\"\n\t\t\t\t\talt=\"&quot;Ein M\u00c3\u00bcnchner im Himmel und in der H\u00c3\u00b6lle&quot;, ein bayrisches Volksst\u00c3\u00bcck von Alfons Schweigert, aufgef\u00c3\u00bchrt von den Hofer Theaterspielern im K.U.L.T in Hof bei Salzburg, Regie: Gerard Es. Foto von der Generalprobe am 20.04.2017  \nFoto und Copyright: Moser Albert, Fotograf, 5201 Seekirchen, Weinbergstiege 1, Tel.: 0043-676-7550526 mailto:albert.moser@sbg.at  www.moser.zenfolio.com\"\n\t\t\t\t\tsrc=\"https:\/\/www.verlag-doppelpunkt.at\/bilderserien\/wp-content\/gallery\/theater-hof\/thumbs\/thumbs_ein-muenchner-im-himmel-und-in-der-hoelle-37.jpg\"\n\t\t\t\t\twidth=\"100\"\n\t\t\t\t\theight=\"66\"\n\t\t\t\t\tstyle=\"max-width:100%;\"\n\t\t\t\t\/>\n\t\t\t<\/a>\n\t\t<\/div>\n\t\t\t\t\t\t\t<\/div> \n\t\t\t\n\t\t\t\t<div id=\"ngg-image-31\" class=\"ngg-gallery-thumbnail-box \n\t\t\t\t\t\t\t\t\t\t\t\" \n\t\t\tstyle=\"display: none;\">\n\t\t\t\t\t\t<div class=\"ngg-gallery-thumbnail\">\n\t\t\t<a href=\"https:\/\/www.verlag-doppelpunkt.at\/bilderserien\/wp-content\/gallery\/theater-hof\/ein-muenchner-im-himmel-und-in-der-hoelle-38.jpg\"\n\t\t\t\ttitle=\"&quot;Ein M\u00fcnchner im Himmel und in der H\u00f6lle&quot;, ein bayrisches Volksst\u00fcck von Alfons Schweigert, aufgef\u00fchrt von den Hofer Theaterspielern im K.U.L.T in Hof bei Salzburg, Regie: Gerard Es. Foto von der Generalprobe am 20.04.2017  Foto und Copyright: Moser Albert, Fotograf, 5201 Seekirchen, Weinbergstiege 1, Tel.: 0043-676-7550526 mailto:albert.moser@sbg.at  www.moser.zenfolio.com\"\n\t\t\t\tdata-src=\"https:\/\/www.verlag-doppelpunkt.at\/bilderserien\/wp-content\/gallery\/theater-hof\/ein-muenchner-im-himmel-und-in-der-hoelle-38.jpg\"\n\t\t\t\tdata-thumbnail=\"https:\/\/www.verlag-doppelpunkt.at\/bilderserien\/wp-content\/gallery\/theater-hof\/thumbs\/thumbs_ein-muenchner-im-himmel-und-in-der-hoelle-38.jpg\"\n\t\t\t\tdata-image-id=\"16951\"\n\t\t\t\tdata-title=\"&quot;Ein M\u00c3\u00bcnchner im Himmel und in der H\u00c3\u00b6lle&quot;, ein bayrisches Volksst\u00c3\u00bcck von Alfons Schweigert, aufgef\u00c3\u00bchrt von den Hofer Theaterspielern im K.U.L.T in Hof bei Salzburg, Regie: Gerard Es. Foto von der Generalprobe am 20.04.2017  \nFoto und Copyright: Moser Albert, Fotograf, 5201 Seekirchen, Weinbergstiege 1, Tel.: 0043-676-7550526 mailto:albert.moser@sbg.at  www.moser.zenfolio.com\"\n\t\t\t\tdata-description=\"&quot;Ein M\u00fcnchner im Himmel und in der H\u00f6lle&quot;, ein bayrisches Volksst\u00fcck von Alfons Schweigert, aufgef\u00fchrt von den Hofer Theaterspielern im K.U.L.T in Hof bei Salzburg, Regie: Gerard Es. Foto von der Generalprobe am 20.04.2017  Foto und Copyright: Moser Albert, Fotograf, 5201 Seekirchen, Weinbergstiege 1, Tel.: 0043-676-7550526 mailto:albert.moser@sbg.at  www.moser.zenfolio.com\"\n\t\t\t\tdata-image-slug=\"ein-muenchner-im-himmel-und-in-der-hoelle-38\"\n\t\t\t\tclass=\"shutterset_2b4b6f1ea09554b95a64f5eb3e72ed4e\">\n\t\t\t\t<img\n\t\t\t\t\ttitle=\"&quot;Ein M\u00c3\u00bcnchner im Himmel und in der H\u00c3\u00b6lle&quot;, ein bayrisches Volksst\u00c3\u00bcck von Alfons Schweigert, aufgef\u00c3\u00bchrt von den Hofer Theaterspielern im K.U.L.T in Hof bei Salzburg, Regie: Gerard Es. Foto von der Generalprobe am 20.04.2017  \nFoto und Copyright: Moser Albert, Fotograf, 5201 Seekirchen, Weinbergstiege 1, Tel.: 0043-676-7550526 mailto:albert.moser@sbg.at  www.moser.zenfolio.com\"\n\t\t\t\t\talt=\"&quot;Ein M\u00c3\u00bcnchner im Himmel und in der H\u00c3\u00b6lle&quot;, ein bayrisches Volksst\u00c3\u00bcck von Alfons Schweigert, aufgef\u00c3\u00bchrt von den Hofer Theaterspielern im K.U.L.T in Hof bei Salzburg, Regie: Gerard Es. Foto von der Generalprobe am 20.04.2017  \nFoto und Copyright: Moser Albert, Fotograf, 5201 Seekirchen, Weinbergstiege 1, Tel.: 0043-676-7550526 mailto:albert.moser@sbg.at  www.moser.zenfolio.com\"\n\t\t\t\t\tsrc=\"https:\/\/www.verlag-doppelpunkt.at\/bilderserien\/wp-content\/gallery\/theater-hof\/thumbs\/thumbs_ein-muenchner-im-himmel-und-in-der-hoelle-38.jpg\"\n\t\t\t\t\twidth=\"100\"\n\t\t\t\t\theight=\"66\"\n\t\t\t\t\tstyle=\"max-width:100%;\"\n\t\t\t\t\/>\n\t\t\t<\/a>\n\t\t<\/div>\n\t\t\t\t\t\t\t<\/div> \n\t\t\t\n\t\t\t\t<div id=\"ngg-image-32\" class=\"ngg-gallery-thumbnail-box \n\t\t\t\t\t\t\t\t\t\t\t\" \n\t\t\tstyle=\"display: none;\">\n\t\t\t\t\t\t<div class=\"ngg-gallery-thumbnail\">\n\t\t\t<a href=\"https:\/\/www.verlag-doppelpunkt.at\/bilderserien\/wp-content\/gallery\/theater-hof\/ein-muenchner-im-himmel-und-in-der-hoelle-39.jpg\"\n\t\t\t\ttitle=\"&quot;Ein M\u00fcnchner im Himmel und in der H\u00f6lle&quot;, ein bayrisches Volksst\u00fcck von Alfons Schweigert, aufgef\u00fchrt von den Hofer Theaterspielern im K.U.L.T in Hof bei Salzburg, Regie: Gerard Es. Foto von der Generalprobe am 20.04.2017  Foto und Copyright: Moser Albert, Fotograf, 5201 Seekirchen, Weinbergstiege 1, Tel.: 0043-676-7550526 mailto:albert.moser@sbg.at  www.moser.zenfolio.com\"\n\t\t\t\tdata-src=\"https:\/\/www.verlag-doppelpunkt.at\/bilderserien\/wp-content\/gallery\/theater-hof\/ein-muenchner-im-himmel-und-in-der-hoelle-39.jpg\"\n\t\t\t\tdata-thumbnail=\"https:\/\/www.verlag-doppelpunkt.at\/bilderserien\/wp-content\/gallery\/theater-hof\/thumbs\/thumbs_ein-muenchner-im-himmel-und-in-der-hoelle-39.jpg\"\n\t\t\t\tdata-image-id=\"16952\"\n\t\t\t\tdata-title=\"&quot;Ein M\u00c3\u00bcnchner im Himmel und in der H\u00c3\u00b6lle&quot;, ein bayrisches Volksst\u00c3\u00bcck von Alfons Schweigert, aufgef\u00c3\u00bchrt von den Hofer Theaterspielern im K.U.L.T in Hof bei Salzburg, Regie: Gerard Es. Foto von der Generalprobe am 20.04.2017  \nFoto und Copyright: Moser Albert, Fotograf, 5201 Seekirchen, Weinbergstiege 1, Tel.: 0043-676-7550526 mailto:albert.moser@sbg.at  www.moser.zenfolio.com\"\n\t\t\t\tdata-description=\"&quot;Ein M\u00fcnchner im Himmel und in der H\u00f6lle&quot;, ein bayrisches Volksst\u00fcck von Alfons Schweigert, aufgef\u00fchrt von den Hofer Theaterspielern im K.U.L.T in Hof bei Salzburg, Regie: Gerard Es. Foto von der Generalprobe am 20.04.2017  Foto und Copyright: Moser Albert, Fotograf, 5201 Seekirchen, Weinbergstiege 1, Tel.: 0043-676-7550526 mailto:albert.moser@sbg.at  www.moser.zenfolio.com\"\n\t\t\t\tdata-image-slug=\"ein-muenchner-im-himmel-und-in-der-hoelle-39\"\n\t\t\t\tclass=\"shutterset_2b4b6f1ea09554b95a64f5eb3e72ed4e\">\n\t\t\t\t<img\n\t\t\t\t\ttitle=\"&quot;Ein M\u00c3\u00bcnchner im Himmel und in der H\u00c3\u00b6lle&quot;, ein bayrisches Volksst\u00c3\u00bcck von Alfons Schweigert, aufgef\u00c3\u00bchrt von den Hofer Theaterspielern im K.U.L.T in Hof bei Salzburg, Regie: Gerard Es. Foto von der Generalprobe am 20.04.2017  \nFoto und Copyright: Moser Albert, Fotograf, 5201 Seekirchen, Weinbergstiege 1, Tel.: 0043-676-7550526 mailto:albert.moser@sbg.at  www.moser.zenfolio.com\"\n\t\t\t\t\talt=\"&quot;Ein M\u00c3\u00bcnchner im Himmel und in der H\u00c3\u00b6lle&quot;, ein bayrisches Volksst\u00c3\u00bcck von Alfons Schweigert, aufgef\u00c3\u00bchrt von den Hofer Theaterspielern im K.U.L.T in Hof bei Salzburg, Regie: Gerard Es. Foto von der Generalprobe am 20.04.2017  \nFoto und Copyright: Moser Albert, Fotograf, 5201 Seekirchen, Weinbergstiege 1, Tel.: 0043-676-7550526 mailto:albert.moser@sbg.at  www.moser.zenfolio.com\"\n\t\t\t\t\tsrc=\"https:\/\/www.verlag-doppelpunkt.at\/bilderserien\/wp-content\/gallery\/theater-hof\/thumbs\/thumbs_ein-muenchner-im-himmel-und-in-der-hoelle-39.jpg\"\n\t\t\t\t\twidth=\"100\"\n\t\t\t\t\theight=\"66\"\n\t\t\t\t\tstyle=\"max-width:100%;\"\n\t\t\t\t\/>\n\t\t\t<\/a>\n\t\t<\/div>\n\t\t\t\t\t\t\t<\/div> \n\t\t\t\n\t\t\t\t<div id=\"ngg-image-33\" class=\"ngg-gallery-thumbnail-box \n\t\t\t\t\t\t\t\t\t\t\t\" \n\t\t\tstyle=\"display: none;\">\n\t\t\t\t\t\t<div class=\"ngg-gallery-thumbnail\">\n\t\t\t<a href=\"https:\/\/www.verlag-doppelpunkt.at\/bilderserien\/wp-content\/gallery\/theater-hof\/ein-muenchner-im-himmel-und-in-der-hoelle-4.jpg\"\n\t\t\t\ttitle=\"&quot;Ein M\u00fcnchner im Himmel und in der H\u00f6lle&quot;, ein bayrisches Volksst\u00fcck von Alfons Schweigert, aufgef\u00fchrt von den Hofer Theaterspielern im K.U.L.T in Hof bei Salzburg, Regie: Gerard Es. Foto von der Generalprobe am 20.04.2017  Foto und Copyright: Moser Albert, Fotograf, 5201 Seekirchen, Weinbergstiege 1, Tel.: 0043-676-7550526 mailto:albert.moser@sbg.at  www.moser.zenfolio.com\"\n\t\t\t\tdata-src=\"https:\/\/www.verlag-doppelpunkt.at\/bilderserien\/wp-content\/gallery\/theater-hof\/ein-muenchner-im-himmel-und-in-der-hoelle-4.jpg\"\n\t\t\t\tdata-thumbnail=\"https:\/\/www.verlag-doppelpunkt.at\/bilderserien\/wp-content\/gallery\/theater-hof\/thumbs\/thumbs_ein-muenchner-im-himmel-und-in-der-hoelle-4.jpg\"\n\t\t\t\tdata-image-id=\"16953\"\n\t\t\t\tdata-title=\"&quot;Ein M\u00c3\u00bcnchner im Himmel und in der H\u00c3\u00b6lle&quot;, ein bayrisches Volksst\u00c3\u00bcck von Alfons Schweigert, aufgef\u00c3\u00bchrt von den Hofer Theaterspielern im K.U.L.T in Hof bei Salzburg, Regie: Gerard Es. Foto von der Generalprobe am 20.04.2017  \nFoto und Copyright: Moser Albert, Fotograf, 5201 Seekirchen, Weinbergstiege 1, Tel.: 0043-676-7550526 mailto:albert.moser@sbg.at  www.moser.zenfolio.com\"\n\t\t\t\tdata-description=\"&quot;Ein M\u00fcnchner im Himmel und in der H\u00f6lle&quot;, ein bayrisches Volksst\u00fcck von Alfons Schweigert, aufgef\u00fchrt von den Hofer Theaterspielern im K.U.L.T in Hof bei Salzburg, Regie: Gerard Es. Foto von der Generalprobe am 20.04.2017  Foto und Copyright: Moser Albert, Fotograf, 5201 Seekirchen, Weinbergstiege 1, Tel.: 0043-676-7550526 mailto:albert.moser@sbg.at  www.moser.zenfolio.com\"\n\t\t\t\tdata-image-slug=\"ein-muenchner-im-himmel-und-in-der-hoelle-4\"\n\t\t\t\tclass=\"shutterset_2b4b6f1ea09554b95a64f5eb3e72ed4e\">\n\t\t\t\t<img\n\t\t\t\t\ttitle=\"&quot;Ein M\u00c3\u00bcnchner im Himmel und in der H\u00c3\u00b6lle&quot;, ein bayrisches Volksst\u00c3\u00bcck von Alfons Schweigert, aufgef\u00c3\u00bchrt von den Hofer Theaterspielern im K.U.L.T in Hof bei Salzburg, Regie: Gerard Es. Foto von der Generalprobe am 20.04.2017  \nFoto und Copyright: Moser Albert, Fotograf, 5201 Seekirchen, Weinbergstiege 1, Tel.: 0043-676-7550526 mailto:albert.moser@sbg.at  www.moser.zenfolio.com\"\n\t\t\t\t\talt=\"&quot;Ein M\u00c3\u00bcnchner im Himmel und in der H\u00c3\u00b6lle&quot;, ein bayrisches Volksst\u00c3\u00bcck von Alfons Schweigert, aufgef\u00c3\u00bchrt von den Hofer Theaterspielern im K.U.L.T in Hof bei Salzburg, Regie: Gerard Es. Foto von der Generalprobe am 20.04.2017  \nFoto und Copyright: Moser Albert, Fotograf, 5201 Seekirchen, Weinbergstiege 1, Tel.: 0043-676-7550526 mailto:albert.moser@sbg.at  www.moser.zenfolio.com\"\n\t\t\t\t\tsrc=\"https:\/\/www.verlag-doppelpunkt.at\/bilderserien\/wp-content\/gallery\/theater-hof\/thumbs\/thumbs_ein-muenchner-im-himmel-und-in-der-hoelle-4.jpg\"\n\t\t\t\t\twidth=\"100\"\n\t\t\t\t\theight=\"66\"\n\t\t\t\t\tstyle=\"max-width:100%;\"\n\t\t\t\t\/>\n\t\t\t<\/a>\n\t\t<\/div>\n\t\t\t\t\t\t\t<\/div> \n\t\t\t\n\t\t\t\t<div id=\"ngg-image-34\" class=\"ngg-gallery-thumbnail-box \n\t\t\t\t\t\t\t\t\t\t\t\" \n\t\t\tstyle=\"display: none;\">\n\t\t\t\t\t\t<div class=\"ngg-gallery-thumbnail\">\n\t\t\t<a href=\"https:\/\/www.verlag-doppelpunkt.at\/bilderserien\/wp-content\/gallery\/theater-hof\/ein-muenchner-im-himmel-und-in-der-hoelle-40.jpg\"\n\t\t\t\ttitle=\"&quot;Ein M\u00fcnchner im Himmel und in der H\u00f6lle&quot;, ein bayrisches Volksst\u00fcck von Alfons Schweigert, aufgef\u00fchrt von den Hofer Theaterspielern im K.U.L.T in Hof bei Salzburg, Regie: Gerard Es. Foto von der Generalprobe am 20.04.2017  Foto und Copyright: Moser Albert, Fotograf, 5201 Seekirchen, Weinbergstiege 1, Tel.: 0043-676-7550526 mailto:albert.moser@sbg.at  www.moser.zenfolio.com\"\n\t\t\t\tdata-src=\"https:\/\/www.verlag-doppelpunkt.at\/bilderserien\/wp-content\/gallery\/theater-hof\/ein-muenchner-im-himmel-und-in-der-hoelle-40.jpg\"\n\t\t\t\tdata-thumbnail=\"https:\/\/www.verlag-doppelpunkt.at\/bilderserien\/wp-content\/gallery\/theater-hof\/thumbs\/thumbs_ein-muenchner-im-himmel-und-in-der-hoelle-40.jpg\"\n\t\t\t\tdata-image-id=\"16954\"\n\t\t\t\tdata-title=\"&quot;Ein M\u00c3\u00bcnchner im Himmel und in der H\u00c3\u00b6lle&quot;, ein bayrisches Volksst\u00c3\u00bcck von Alfons Schweigert, aufgef\u00c3\u00bchrt von den Hofer Theaterspielern im K.U.L.T in Hof bei Salzburg, Regie: Gerard Es. Foto von der Generalprobe am 20.04.2017  \nFoto und Copyright: Moser Albert, Fotograf, 5201 Seekirchen, Weinbergstiege 1, Tel.: 0043-676-7550526 mailto:albert.moser@sbg.at  www.moser.zenfolio.com\"\n\t\t\t\tdata-description=\"&quot;Ein M\u00fcnchner im Himmel und in der H\u00f6lle&quot;, ein bayrisches Volksst\u00fcck von Alfons Schweigert, aufgef\u00fchrt von den Hofer Theaterspielern im K.U.L.T in Hof bei Salzburg, Regie: Gerard Es. Foto von der Generalprobe am 20.04.2017  Foto und Copyright: Moser Albert, Fotograf, 5201 Seekirchen, Weinbergstiege 1, Tel.: 0043-676-7550526 mailto:albert.moser@sbg.at  www.moser.zenfolio.com\"\n\t\t\t\tdata-image-slug=\"ein-muenchner-im-himmel-und-in-der-hoelle-40\"\n\t\t\t\tclass=\"shutterset_2b4b6f1ea09554b95a64f5eb3e72ed4e\">\n\t\t\t\t<img\n\t\t\t\t\ttitle=\"&quot;Ein M\u00c3\u00bcnchner im Himmel und in der H\u00c3\u00b6lle&quot;, ein bayrisches Volksst\u00c3\u00bcck von Alfons Schweigert, aufgef\u00c3\u00bchrt von den Hofer Theaterspielern im K.U.L.T in Hof bei Salzburg, Regie: Gerard Es. Foto von der Generalprobe am 20.04.2017  \nFoto und Copyright: Moser Albert, Fotograf, 5201 Seekirchen, Weinbergstiege 1, Tel.: 0043-676-7550526 mailto:albert.moser@sbg.at  www.moser.zenfolio.com\"\n\t\t\t\t\talt=\"&quot;Ein M\u00c3\u00bcnchner im Himmel und in der H\u00c3\u00b6lle&quot;, ein bayrisches Volksst\u00c3\u00bcck von Alfons Schweigert, aufgef\u00c3\u00bchrt von den Hofer Theaterspielern im K.U.L.T in Hof bei Salzburg, Regie: Gerard Es. Foto von der Generalprobe am 20.04.2017  \nFoto und Copyright: Moser Albert, Fotograf, 5201 Seekirchen, Weinbergstiege 1, Tel.: 0043-676-7550526 mailto:albert.moser@sbg.at  www.moser.zenfolio.com\"\n\t\t\t\t\tsrc=\"https:\/\/www.verlag-doppelpunkt.at\/bilderserien\/wp-content\/gallery\/theater-hof\/thumbs\/thumbs_ein-muenchner-im-himmel-und-in-der-hoelle-40.jpg\"\n\t\t\t\t\twidth=\"100\"\n\t\t\t\t\theight=\"66\"\n\t\t\t\t\tstyle=\"max-width:100%;\"\n\t\t\t\t\/>\n\t\t\t<\/a>\n\t\t<\/div>\n\t\t\t\t\t\t\t<\/div> \n\t\t\t\n\t\t\t\t<div id=\"ngg-image-35\" class=\"ngg-gallery-thumbnail-box \n\t\t\t\t\t\t\t\t\t\t\t\" \n\t\t\tstyle=\"display: none;\">\n\t\t\t\t\t\t<div class=\"ngg-gallery-thumbnail\">\n\t\t\t<a href=\"https:\/\/www.verlag-doppelpunkt.at\/bilderserien\/wp-content\/gallery\/theater-hof\/ein-muenchner-im-himmel-und-in-der-hoelle-41.jpg\"\n\t\t\t\ttitle=\"&quot;Ein M\u00fcnchner im Himmel und in der H\u00f6lle&quot;, ein bayrisches Volksst\u00fcck von Alfons Schweigert, aufgef\u00fchrt von den Hofer Theaterspielern im K.U.L.T in Hof bei Salzburg, Regie: Gerard Es. Foto von der Generalprobe am 20.04.2017  Foto und Copyright: Moser Albert, Fotograf, 5201 Seekirchen, Weinbergstiege 1, Tel.: 0043-676-7550526 mailto:albert.moser@sbg.at  www.moser.zenfolio.com\"\n\t\t\t\tdata-src=\"https:\/\/www.verlag-doppelpunkt.at\/bilderserien\/wp-content\/gallery\/theater-hof\/ein-muenchner-im-himmel-und-in-der-hoelle-41.jpg\"\n\t\t\t\tdata-thumbnail=\"https:\/\/www.verlag-doppelpunkt.at\/bilderserien\/wp-content\/gallery\/theater-hof\/thumbs\/thumbs_ein-muenchner-im-himmel-und-in-der-hoelle-41.jpg\"\n\t\t\t\tdata-image-id=\"16955\"\n\t\t\t\tdata-title=\"&quot;Ein M\u00c3\u00bcnchner im Himmel und in der H\u00c3\u00b6lle&quot;, ein bayrisches Volksst\u00c3\u00bcck von Alfons Schweigert, aufgef\u00c3\u00bchrt von den Hofer Theaterspielern im K.U.L.T in Hof bei Salzburg, Regie: Gerard Es. Foto von der Generalprobe am 20.04.2017  \nFoto und Copyright: Moser Albert, Fotograf, 5201 Seekirchen, Weinbergstiege 1, Tel.: 0043-676-7550526 mailto:albert.moser@sbg.at  www.moser.zenfolio.com\"\n\t\t\t\tdata-description=\"&quot;Ein M\u00fcnchner im Himmel und in der H\u00f6lle&quot;, ein bayrisches Volksst\u00fcck von Alfons Schweigert, aufgef\u00fchrt von den Hofer Theaterspielern im K.U.L.T in Hof bei Salzburg, Regie: Gerard Es. Foto von der Generalprobe am 20.04.2017  Foto und Copyright: Moser Albert, Fotograf, 5201 Seekirchen, Weinbergstiege 1, Tel.: 0043-676-7550526 mailto:albert.moser@sbg.at  www.moser.zenfolio.com\"\n\t\t\t\tdata-image-slug=\"ein-muenchner-im-himmel-und-in-der-hoelle-41\"\n\t\t\t\tclass=\"shutterset_2b4b6f1ea09554b95a64f5eb3e72ed4e\">\n\t\t\t\t<img\n\t\t\t\t\ttitle=\"&quot;Ein M\u00c3\u00bcnchner im Himmel und in der H\u00c3\u00b6lle&quot;, ein bayrisches Volksst\u00c3\u00bcck von Alfons Schweigert, aufgef\u00c3\u00bchrt von den Hofer Theaterspielern im K.U.L.T in Hof bei Salzburg, Regie: Gerard Es. Foto von der Generalprobe am 20.04.2017  \nFoto und Copyright: Moser Albert, Fotograf, 5201 Seekirchen, Weinbergstiege 1, Tel.: 0043-676-7550526 mailto:albert.moser@sbg.at  www.moser.zenfolio.com\"\n\t\t\t\t\talt=\"&quot;Ein M\u00c3\u00bcnchner im Himmel und in der H\u00c3\u00b6lle&quot;, ein bayrisches Volksst\u00c3\u00bcck von Alfons Schweigert, aufgef\u00c3\u00bchrt von den Hofer Theaterspielern im K.U.L.T in Hof bei Salzburg, Regie: Gerard Es. Foto von der Generalprobe am 20.04.2017  \nFoto und Copyright: Moser Albert, Fotograf, 5201 Seekirchen, Weinbergstiege 1, Tel.: 0043-676-7550526 mailto:albert.moser@sbg.at  www.moser.zenfolio.com\"\n\t\t\t\t\tsrc=\"https:\/\/www.verlag-doppelpunkt.at\/bilderserien\/wp-content\/gallery\/theater-hof\/thumbs\/thumbs_ein-muenchner-im-himmel-und-in-der-hoelle-41.jpg\"\n\t\t\t\t\twidth=\"100\"\n\t\t\t\t\theight=\"66\"\n\t\t\t\t\tstyle=\"max-width:100%;\"\n\t\t\t\t\/>\n\t\t\t<\/a>\n\t\t<\/div>\n\t\t\t\t\t\t\t<\/div> \n\t\t\t\n\t\t\t\t<div id=\"ngg-image-36\" class=\"ngg-gallery-thumbnail-box \n\t\t\t\t\t\t\t\t\t\t\t\" \n\t\t\tstyle=\"display: none;\">\n\t\t\t\t\t\t<div class=\"ngg-gallery-thumbnail\">\n\t\t\t<a href=\"https:\/\/www.verlag-doppelpunkt.at\/bilderserien\/wp-content\/gallery\/theater-hof\/ein-muenchner-im-himmel-und-in-der-hoelle-42.jpg\"\n\t\t\t\ttitle=\"&quot;Ein M\u00fcnchner im Himmel und in der H\u00f6lle&quot;, ein bayrisches Volksst\u00fcck von Alfons Schweigert, aufgef\u00fchrt von den Hofer Theaterspielern im K.U.L.T in Hof bei Salzburg, Regie: Gerard Es. Foto von der Generalprobe am 20.04.2017  Foto und Copyright: Moser Albert, Fotograf, 5201 Seekirchen, Weinbergstiege 1, Tel.: 0043-676-7550526 mailto:albert.moser@sbg.at  www.moser.zenfolio.com\"\n\t\t\t\tdata-src=\"https:\/\/www.verlag-doppelpunkt.at\/bilderserien\/wp-content\/gallery\/theater-hof\/ein-muenchner-im-himmel-und-in-der-hoelle-42.jpg\"\n\t\t\t\tdata-thumbnail=\"https:\/\/www.verlag-doppelpunkt.at\/bilderserien\/wp-content\/gallery\/theater-hof\/thumbs\/thumbs_ein-muenchner-im-himmel-und-in-der-hoelle-42.jpg\"\n\t\t\t\tdata-image-id=\"16956\"\n\t\t\t\tdata-title=\"&quot;Ein M\u00c3\u00bcnchner im Himmel und in der H\u00c3\u00b6lle&quot;, ein bayrisches Volksst\u00c3\u00bcck von Alfons Schweigert, aufgef\u00c3\u00bchrt von den Hofer Theaterspielern im K.U.L.T in Hof bei Salzburg, Regie: Gerard Es. Foto von der Generalprobe am 20.04.2017  \nFoto und Copyright: Moser Albert, Fotograf, 5201 Seekirchen, Weinbergstiege 1, Tel.: 0043-676-7550526 mailto:albert.moser@sbg.at  www.moser.zenfolio.com\"\n\t\t\t\tdata-description=\"&quot;Ein M\u00fcnchner im Himmel und in der H\u00f6lle&quot;, ein bayrisches Volksst\u00fcck von Alfons Schweigert, aufgef\u00fchrt von den Hofer Theaterspielern im K.U.L.T in Hof bei Salzburg, Regie: Gerard Es. Foto von der Generalprobe am 20.04.2017  Foto und Copyright: Moser Albert, Fotograf, 5201 Seekirchen, Weinbergstiege 1, Tel.: 0043-676-7550526 mailto:albert.moser@sbg.at  www.moser.zenfolio.com\"\n\t\t\t\tdata-image-slug=\"ein-muenchner-im-himmel-und-in-der-hoelle-42\"\n\t\t\t\tclass=\"shutterset_2b4b6f1ea09554b95a64f5eb3e72ed4e\">\n\t\t\t\t<img\n\t\t\t\t\ttitle=\"&quot;Ein M\u00c3\u00bcnchner im Himmel und in der H\u00c3\u00b6lle&quot;, ein bayrisches Volksst\u00c3\u00bcck von Alfons Schweigert, aufgef\u00c3\u00bchrt von den Hofer Theaterspielern im K.U.L.T in Hof bei Salzburg, Regie: Gerard Es. Foto von der Generalprobe am 20.04.2017  \nFoto und Copyright: Moser Albert, Fotograf, 5201 Seekirchen, Weinbergstiege 1, Tel.: 0043-676-7550526 mailto:albert.moser@sbg.at  www.moser.zenfolio.com\"\n\t\t\t\t\talt=\"&quot;Ein M\u00c3\u00bcnchner im Himmel und in der H\u00c3\u00b6lle&quot;, ein bayrisches Volksst\u00c3\u00bcck von Alfons Schweigert, aufgef\u00c3\u00bchrt von den Hofer Theaterspielern im K.U.L.T in Hof bei Salzburg, Regie: Gerard Es. Foto von der Generalprobe am 20.04.2017  \nFoto und Copyright: Moser Albert, Fotograf, 5201 Seekirchen, Weinbergstiege 1, Tel.: 0043-676-7550526 mailto:albert.moser@sbg.at  www.moser.zenfolio.com\"\n\t\t\t\t\tsrc=\"https:\/\/www.verlag-doppelpunkt.at\/bilderserien\/wp-content\/gallery\/theater-hof\/thumbs\/thumbs_ein-muenchner-im-himmel-und-in-der-hoelle-42.jpg\"\n\t\t\t\t\twidth=\"100\"\n\t\t\t\t\theight=\"66\"\n\t\t\t\t\tstyle=\"max-width:100%;\"\n\t\t\t\t\/>\n\t\t\t<\/a>\n\t\t<\/div>\n\t\t\t\t\t\t\t<\/div> \n\t\t\t\n\t\t\t\t<div id=\"ngg-image-37\" class=\"ngg-gallery-thumbnail-box \n\t\t\t\t\t\t\t\t\t\t\t\" \n\t\t\tstyle=\"display: none;\">\n\t\t\t\t\t\t<div class=\"ngg-gallery-thumbnail\">\n\t\t\t<a href=\"https:\/\/www.verlag-doppelpunkt.at\/bilderserien\/wp-content\/gallery\/theater-hof\/ein-muenchner-im-himmel-und-in-der-hoelle-43.jpg\"\n\t\t\t\ttitle=\"&quot;Ein M\u00fcnchner im Himmel und in der H\u00f6lle&quot;, ein bayrisches Volksst\u00fcck von Alfons Schweigert, aufgef\u00fchrt von den Hofer Theaterspielern im K.U.L.T in Hof bei Salzburg, Regie: Gerard Es. Foto von der Generalprobe am 20.04.2017  Foto und Copyright: Moser Albert, Fotograf, 5201 Seekirchen, Weinbergstiege 1, Tel.: 0043-676-7550526 mailto:albert.moser@sbg.at  www.moser.zenfolio.com\"\n\t\t\t\tdata-src=\"https:\/\/www.verlag-doppelpunkt.at\/bilderserien\/wp-content\/gallery\/theater-hof\/ein-muenchner-im-himmel-und-in-der-hoelle-43.jpg\"\n\t\t\t\tdata-thumbnail=\"https:\/\/www.verlag-doppelpunkt.at\/bilderserien\/wp-content\/gallery\/theater-hof\/thumbs\/thumbs_ein-muenchner-im-himmel-und-in-der-hoelle-43.jpg\"\n\t\t\t\tdata-image-id=\"16957\"\n\t\t\t\tdata-title=\"&quot;Ein M\u00c3\u00bcnchner im Himmel und in der H\u00c3\u00b6lle&quot;, ein bayrisches Volksst\u00c3\u00bcck von Alfons Schweigert, aufgef\u00c3\u00bchrt von den Hofer Theaterspielern im K.U.L.T in Hof bei Salzburg, Regie: Gerard Es. Foto von der Generalprobe am 20.04.2017  \nFoto und Copyright: Moser Albert, Fotograf, 5201 Seekirchen, Weinbergstiege 1, Tel.: 0043-676-7550526 mailto:albert.moser@sbg.at  www.moser.zenfolio.com\"\n\t\t\t\tdata-description=\"&quot;Ein M\u00fcnchner im Himmel und in der H\u00f6lle&quot;, ein bayrisches Volksst\u00fcck von Alfons Schweigert, aufgef\u00fchrt von den Hofer Theaterspielern im K.U.L.T in Hof bei Salzburg, Regie: Gerard Es. Foto von der Generalprobe am 20.04.2017  Foto und Copyright: Moser Albert, Fotograf, 5201 Seekirchen, Weinbergstiege 1, Tel.: 0043-676-7550526 mailto:albert.moser@sbg.at  www.moser.zenfolio.com\"\n\t\t\t\tdata-image-slug=\"ein-muenchner-im-himmel-und-in-der-hoelle-43\"\n\t\t\t\tclass=\"shutterset_2b4b6f1ea09554b95a64f5eb3e72ed4e\">\n\t\t\t\t<img\n\t\t\t\t\ttitle=\"&quot;Ein M\u00c3\u00bcnchner im Himmel und in der H\u00c3\u00b6lle&quot;, ein bayrisches Volksst\u00c3\u00bcck von Alfons Schweigert, aufgef\u00c3\u00bchrt von den Hofer Theaterspielern im K.U.L.T in Hof bei Salzburg, Regie: Gerard Es. Foto von der Generalprobe am 20.04.2017  \nFoto und Copyright: Moser Albert, Fotograf, 5201 Seekirchen, Weinbergstiege 1, Tel.: 0043-676-7550526 mailto:albert.moser@sbg.at  www.moser.zenfolio.com\"\n\t\t\t\t\talt=\"&quot;Ein M\u00c3\u00bcnchner im Himmel und in der H\u00c3\u00b6lle&quot;, ein bayrisches Volksst\u00c3\u00bcck von Alfons Schweigert, aufgef\u00c3\u00bchrt von den Hofer Theaterspielern im K.U.L.T in Hof bei Salzburg, Regie: Gerard Es. Foto von der Generalprobe am 20.04.2017  \nFoto und Copyright: Moser Albert, Fotograf, 5201 Seekirchen, Weinbergstiege 1, Tel.: 0043-676-7550526 mailto:albert.moser@sbg.at  www.moser.zenfolio.com\"\n\t\t\t\t\tsrc=\"https:\/\/www.verlag-doppelpunkt.at\/bilderserien\/wp-content\/gallery\/theater-hof\/thumbs\/thumbs_ein-muenchner-im-himmel-und-in-der-hoelle-43.jpg\"\n\t\t\t\t\twidth=\"100\"\n\t\t\t\t\theight=\"66\"\n\t\t\t\t\tstyle=\"max-width:100%;\"\n\t\t\t\t\/>\n\t\t\t<\/a>\n\t\t<\/div>\n\t\t\t\t\t\t\t<\/div> \n\t\t\t\n\t\t\t\t<div id=\"ngg-image-38\" class=\"ngg-gallery-thumbnail-box \n\t\t\t\t\t\t\t\t\t\t\t\" \n\t\t\tstyle=\"display: none;\">\n\t\t\t\t\t\t<div class=\"ngg-gallery-thumbnail\">\n\t\t\t<a href=\"https:\/\/www.verlag-doppelpunkt.at\/bilderserien\/wp-content\/gallery\/theater-hof\/ein-muenchner-im-himmel-und-in-der-hoelle-44.jpg\"\n\t\t\t\ttitle=\"&quot;Ein M\u00fcnchner im Himmel und in der H\u00f6lle&quot;, ein bayrisches Volksst\u00fcck von Alfons Schweigert, aufgef\u00fchrt von den Hofer Theaterspielern im K.U.L.T in Hof bei Salzburg, Regie: Gerard Es. Foto von der Generalprobe am 20.04.2017  Foto und Copyright: Moser Albert, Fotograf, 5201 Seekirchen, Weinbergstiege 1, Tel.: 0043-676-7550526 mailto:albert.moser@sbg.at  www.moser.zenfolio.com\"\n\t\t\t\tdata-src=\"https:\/\/www.verlag-doppelpunkt.at\/bilderserien\/wp-content\/gallery\/theater-hof\/ein-muenchner-im-himmel-und-in-der-hoelle-44.jpg\"\n\t\t\t\tdata-thumbnail=\"https:\/\/www.verlag-doppelpunkt.at\/bilderserien\/wp-content\/gallery\/theater-hof\/thumbs\/thumbs_ein-muenchner-im-himmel-und-in-der-hoelle-44.jpg\"\n\t\t\t\tdata-image-id=\"16958\"\n\t\t\t\tdata-title=\"&quot;Ein M\u00c3\u00bcnchner im Himmel und in der H\u00c3\u00b6lle&quot;, ein bayrisches Volksst\u00c3\u00bcck von Alfons Schweigert, aufgef\u00c3\u00bchrt von den Hofer Theaterspielern im K.U.L.T in Hof bei Salzburg, Regie: Gerard Es. Foto von der Generalprobe am 20.04.2017  \nFoto und Copyright: Moser Albert, Fotograf, 5201 Seekirchen, Weinbergstiege 1, Tel.: 0043-676-7550526 mailto:albert.moser@sbg.at  www.moser.zenfolio.com\"\n\t\t\t\tdata-description=\"&quot;Ein M\u00fcnchner im Himmel und in der H\u00f6lle&quot;, ein bayrisches Volksst\u00fcck von Alfons Schweigert, aufgef\u00fchrt von den Hofer Theaterspielern im K.U.L.T in Hof bei Salzburg, Regie: Gerard Es. Foto von der Generalprobe am 20.04.2017  Foto und Copyright: Moser Albert, Fotograf, 5201 Seekirchen, Weinbergstiege 1, Tel.: 0043-676-7550526 mailto:albert.moser@sbg.at  www.moser.zenfolio.com\"\n\t\t\t\tdata-image-slug=\"ein-muenchner-im-himmel-und-in-der-hoelle-44\"\n\t\t\t\tclass=\"shutterset_2b4b6f1ea09554b95a64f5eb3e72ed4e\">\n\t\t\t\t<img\n\t\t\t\t\ttitle=\"&quot;Ein M\u00c3\u00bcnchner im Himmel und in der H\u00c3\u00b6lle&quot;, ein bayrisches Volksst\u00c3\u00bcck von Alfons Schweigert, aufgef\u00c3\u00bchrt von den Hofer Theaterspielern im K.U.L.T in Hof bei Salzburg, Regie: Gerard Es. Foto von der Generalprobe am 20.04.2017  \nFoto und Copyright: Moser Albert, Fotograf, 5201 Seekirchen, Weinbergstiege 1, Tel.: 0043-676-7550526 mailto:albert.moser@sbg.at  www.moser.zenfolio.com\"\n\t\t\t\t\talt=\"&quot;Ein M\u00c3\u00bcnchner im Himmel und in der H\u00c3\u00b6lle&quot;, ein bayrisches Volksst\u00c3\u00bcck von Alfons Schweigert, aufgef\u00c3\u00bchrt von den Hofer Theaterspielern im K.U.L.T in Hof bei Salzburg, Regie: Gerard Es. Foto von der Generalprobe am 20.04.2017  \nFoto und Copyright: Moser Albert, Fotograf, 5201 Seekirchen, Weinbergstiege 1, Tel.: 0043-676-7550526 mailto:albert.moser@sbg.at  www.moser.zenfolio.com\"\n\t\t\t\t\tsrc=\"https:\/\/www.verlag-doppelpunkt.at\/bilderserien\/wp-content\/gallery\/theater-hof\/thumbs\/thumbs_ein-muenchner-im-himmel-und-in-der-hoelle-44.jpg\"\n\t\t\t\t\twidth=\"100\"\n\t\t\t\t\theight=\"66\"\n\t\t\t\t\tstyle=\"max-width:100%;\"\n\t\t\t\t\/>\n\t\t\t<\/a>\n\t\t<\/div>\n\t\t\t\t\t\t\t<\/div> \n\t\t\t\n\t\t\t\t<div id=\"ngg-image-39\" class=\"ngg-gallery-thumbnail-box \n\t\t\t\t\t\t\t\t\t\t\t\" \n\t\t\tstyle=\"display: none;\">\n\t\t\t\t\t\t<div class=\"ngg-gallery-thumbnail\">\n\t\t\t<a href=\"https:\/\/www.verlag-doppelpunkt.at\/bilderserien\/wp-content\/gallery\/theater-hof\/ein-muenchner-im-himmel-und-in-der-hoelle-45.jpg\"\n\t\t\t\ttitle=\"&quot;Ein M\u00fcnchner im Himmel und in der H\u00f6lle&quot;, ein bayrisches Volksst\u00fcck von Alfons Schweigert, aufgef\u00fchrt von den Hofer Theaterspielern im K.U.L.T in Hof bei Salzburg, Regie: Gerard Es. Foto von der Generalprobe am 20.04.2017  Foto und Copyright: Moser Albert, Fotograf, 5201 Seekirchen, Weinbergstiege 1, Tel.: 0043-676-7550526 mailto:albert.moser@sbg.at  www.moser.zenfolio.com\"\n\t\t\t\tdata-src=\"https:\/\/www.verlag-doppelpunkt.at\/bilderserien\/wp-content\/gallery\/theater-hof\/ein-muenchner-im-himmel-und-in-der-hoelle-45.jpg\"\n\t\t\t\tdata-thumbnail=\"https:\/\/www.verlag-doppelpunkt.at\/bilderserien\/wp-content\/gallery\/theater-hof\/thumbs\/thumbs_ein-muenchner-im-himmel-und-in-der-hoelle-45.jpg\"\n\t\t\t\tdata-image-id=\"16959\"\n\t\t\t\tdata-title=\"&quot;Ein M\u00c3\u00bcnchner im Himmel und in der H\u00c3\u00b6lle&quot;, ein bayrisches Volksst\u00c3\u00bcck von Alfons Schweigert, aufgef\u00c3\u00bchrt von den Hofer Theaterspielern im K.U.L.T in Hof bei Salzburg, Regie: Gerard Es. Foto von der Generalprobe am 20.04.2017  \nFoto und Copyright: Moser Albert, Fotograf, 5201 Seekirchen, Weinbergstiege 1, Tel.: 0043-676-7550526 mailto:albert.moser@sbg.at  www.moser.zenfolio.com\"\n\t\t\t\tdata-description=\"&quot;Ein M\u00fcnchner im Himmel und in der H\u00f6lle&quot;, ein bayrisches Volksst\u00fcck von Alfons Schweigert, aufgef\u00fchrt von den Hofer Theaterspielern im K.U.L.T in Hof bei Salzburg, Regie: Gerard Es. Foto von der Generalprobe am 20.04.2017  Foto und Copyright: Moser Albert, Fotograf, 5201 Seekirchen, Weinbergstiege 1, Tel.: 0043-676-7550526 mailto:albert.moser@sbg.at  www.moser.zenfolio.com\"\n\t\t\t\tdata-image-slug=\"ein-muenchner-im-himmel-und-in-der-hoelle-45\"\n\t\t\t\tclass=\"shutterset_2b4b6f1ea09554b95a64f5eb3e72ed4e\">\n\t\t\t\t<img\n\t\t\t\t\ttitle=\"&quot;Ein M\u00c3\u00bcnchner im Himmel und in der H\u00c3\u00b6lle&quot;, ein bayrisches Volksst\u00c3\u00bcck von Alfons Schweigert, aufgef\u00c3\u00bchrt von den Hofer Theaterspielern im K.U.L.T in Hof bei Salzburg, Regie: Gerard Es. Foto von der Generalprobe am 20.04.2017  \nFoto und Copyright: Moser Albert, Fotograf, 5201 Seekirchen, Weinbergstiege 1, Tel.: 0043-676-7550526 mailto:albert.moser@sbg.at  www.moser.zenfolio.com\"\n\t\t\t\t\talt=\"&quot;Ein M\u00c3\u00bcnchner im Himmel und in der H\u00c3\u00b6lle&quot;, ein bayrisches Volksst\u00c3\u00bcck von Alfons Schweigert, aufgef\u00c3\u00bchrt von den Hofer Theaterspielern im K.U.L.T in Hof bei Salzburg, Regie: Gerard Es. Foto von der Generalprobe am 20.04.2017  \nFoto und Copyright: Moser Albert, Fotograf, 5201 Seekirchen, Weinbergstiege 1, Tel.: 0043-676-7550526 mailto:albert.moser@sbg.at  www.moser.zenfolio.com\"\n\t\t\t\t\tsrc=\"https:\/\/www.verlag-doppelpunkt.at\/bilderserien\/wp-content\/gallery\/theater-hof\/thumbs\/thumbs_ein-muenchner-im-himmel-und-in-der-hoelle-45.jpg\"\n\t\t\t\t\twidth=\"100\"\n\t\t\t\t\theight=\"66\"\n\t\t\t\t\tstyle=\"max-width:100%;\"\n\t\t\t\t\/>\n\t\t\t<\/a>\n\t\t<\/div>\n\t\t\t\t\t\t\t<\/div> \n\t\t\t\n\t\t\t\t<div id=\"ngg-image-40\" class=\"ngg-gallery-thumbnail-box \n\t\t\t\t\t\t\t\t\t\t\t\" \n\t\t\tstyle=\"display: none;\">\n\t\t\t\t\t\t<div class=\"ngg-gallery-thumbnail\">\n\t\t\t<a href=\"https:\/\/www.verlag-doppelpunkt.at\/bilderserien\/wp-content\/gallery\/theater-hof\/ein-muenchner-im-himmel-und-in-der-hoelle-46.jpg\"\n\t\t\t\ttitle=\"&quot;Ein M\u00fcnchner im Himmel und in der H\u00f6lle&quot;, ein bayrisches Volksst\u00fcck von Alfons Schweigert, aufgef\u00fchrt von den Hofer Theaterspielern im K.U.L.T in Hof bei Salzburg, Regie: Gerard Es. Foto von der Generalprobe am 20.04.2017  Foto und Copyright: Moser Albert, Fotograf, 5201 Seekirchen, Weinbergstiege 1, Tel.: 0043-676-7550526 mailto:albert.moser@sbg.at  www.moser.zenfolio.com\"\n\t\t\t\tdata-src=\"https:\/\/www.verlag-doppelpunkt.at\/bilderserien\/wp-content\/gallery\/theater-hof\/ein-muenchner-im-himmel-und-in-der-hoelle-46.jpg\"\n\t\t\t\tdata-thumbnail=\"https:\/\/www.verlag-doppelpunkt.at\/bilderserien\/wp-content\/gallery\/theater-hof\/thumbs\/thumbs_ein-muenchner-im-himmel-und-in-der-hoelle-46.jpg\"\n\t\t\t\tdata-image-id=\"16960\"\n\t\t\t\tdata-title=\"&quot;Ein M\u00c3\u00bcnchner im Himmel und in der H\u00c3\u00b6lle&quot;, ein bayrisches Volksst\u00c3\u00bcck von Alfons Schweigert, aufgef\u00c3\u00bchrt von den Hofer Theaterspielern im K.U.L.T in Hof bei Salzburg, Regie: Gerard Es. Foto von der Generalprobe am 20.04.2017  \nFoto und Copyright: Moser Albert, Fotograf, 5201 Seekirchen, Weinbergstiege 1, Tel.: 0043-676-7550526 mailto:albert.moser@sbg.at  www.moser.zenfolio.com\"\n\t\t\t\tdata-description=\"&quot;Ein M\u00fcnchner im Himmel und in der H\u00f6lle&quot;, ein bayrisches Volksst\u00fcck von Alfons Schweigert, aufgef\u00fchrt von den Hofer Theaterspielern im K.U.L.T in Hof bei Salzburg, Regie: Gerard Es. Foto von der Generalprobe am 20.04.2017  Foto und Copyright: Moser Albert, Fotograf, 5201 Seekirchen, Weinbergstiege 1, Tel.: 0043-676-7550526 mailto:albert.moser@sbg.at  www.moser.zenfolio.com\"\n\t\t\t\tdata-image-slug=\"ein-muenchner-im-himmel-und-in-der-hoelle-46\"\n\t\t\t\tclass=\"shutterset_2b4b6f1ea09554b95a64f5eb3e72ed4e\">\n\t\t\t\t<img\n\t\t\t\t\ttitle=\"&quot;Ein M\u00c3\u00bcnchner im Himmel und in der H\u00c3\u00b6lle&quot;, ein bayrisches Volksst\u00c3\u00bcck von Alfons Schweigert, aufgef\u00c3\u00bchrt von den Hofer Theaterspielern im K.U.L.T in Hof bei Salzburg, Regie: Gerard Es. Foto von der Generalprobe am 20.04.2017  \nFoto und Copyright: Moser Albert, Fotograf, 5201 Seekirchen, Weinbergstiege 1, Tel.: 0043-676-7550526 mailto:albert.moser@sbg.at  www.moser.zenfolio.com\"\n\t\t\t\t\talt=\"&quot;Ein M\u00c3\u00bcnchner im Himmel und in der H\u00c3\u00b6lle&quot;, ein bayrisches Volksst\u00c3\u00bcck von Alfons Schweigert, aufgef\u00c3\u00bchrt von den Hofer Theaterspielern im K.U.L.T in Hof bei Salzburg, Regie: Gerard Es. Foto von der Generalprobe am 20.04.2017  \nFoto und Copyright: Moser Albert, Fotograf, 5201 Seekirchen, Weinbergstiege 1, Tel.: 0043-676-7550526 mailto:albert.moser@sbg.at  www.moser.zenfolio.com\"\n\t\t\t\t\tsrc=\"https:\/\/www.verlag-doppelpunkt.at\/bilderserien\/wp-content\/gallery\/theater-hof\/thumbs\/thumbs_ein-muenchner-im-himmel-und-in-der-hoelle-46.jpg\"\n\t\t\t\t\twidth=\"100\"\n\t\t\t\t\theight=\"66\"\n\t\t\t\t\tstyle=\"max-width:100%;\"\n\t\t\t\t\/>\n\t\t\t<\/a>\n\t\t<\/div>\n\t\t\t\t\t\t\t<\/div> \n\t\t\t\n\t\t\t\t<div id=\"ngg-image-41\" class=\"ngg-gallery-thumbnail-box \n\t\t\t\t\t\t\t\t\t\t\t\" \n\t\t\tstyle=\"display: none;\">\n\t\t\t\t\t\t<div class=\"ngg-gallery-thumbnail\">\n\t\t\t<a href=\"https:\/\/www.verlag-doppelpunkt.at\/bilderserien\/wp-content\/gallery\/theater-hof\/ein-muenchner-im-himmel-und-in-der-hoelle-47.jpg\"\n\t\t\t\ttitle=\"&quot;Ein M\u00fcnchner im Himmel und in der H\u00f6lle&quot;, ein bayrisches Volksst\u00fcck von Alfons Schweigert, aufgef\u00fchrt von den Hofer Theaterspielern im K.U.L.T in Hof bei Salzburg, Regie: Gerard Es. Foto von der Generalprobe am 20.04.2017  Foto und Copyright: Moser Albert, Fotograf, 5201 Seekirchen, Weinbergstiege 1, Tel.: 0043-676-7550526 mailto:albert.moser@sbg.at  www.moser.zenfolio.com\"\n\t\t\t\tdata-src=\"https:\/\/www.verlag-doppelpunkt.at\/bilderserien\/wp-content\/gallery\/theater-hof\/ein-muenchner-im-himmel-und-in-der-hoelle-47.jpg\"\n\t\t\t\tdata-thumbnail=\"https:\/\/www.verlag-doppelpunkt.at\/bilderserien\/wp-content\/gallery\/theater-hof\/thumbs\/thumbs_ein-muenchner-im-himmel-und-in-der-hoelle-47.jpg\"\n\t\t\t\tdata-image-id=\"16961\"\n\t\t\t\tdata-title=\"&quot;Ein M\u00c3\u00bcnchner im Himmel und in der H\u00c3\u00b6lle&quot;, ein bayrisches Volksst\u00c3\u00bcck von Alfons Schweigert, aufgef\u00c3\u00bchrt von den Hofer Theaterspielern im K.U.L.T in Hof bei Salzburg, Regie: Gerard Es. Foto von der Generalprobe am 20.04.2017  \nFoto und Copyright: Moser Albert, Fotograf, 5201 Seekirchen, Weinbergstiege 1, Tel.: 0043-676-7550526 mailto:albert.moser@sbg.at  www.moser.zenfolio.com\"\n\t\t\t\tdata-description=\"&quot;Ein M\u00fcnchner im Himmel und in der H\u00f6lle&quot;, ein bayrisches Volksst\u00fcck von Alfons Schweigert, aufgef\u00fchrt von den Hofer Theaterspielern im K.U.L.T in Hof bei Salzburg, Regie: Gerard Es. Foto von der Generalprobe am 20.04.2017  Foto und Copyright: Moser Albert, Fotograf, 5201 Seekirchen, Weinbergstiege 1, Tel.: 0043-676-7550526 mailto:albert.moser@sbg.at  www.moser.zenfolio.com\"\n\t\t\t\tdata-image-slug=\"ein-muenchner-im-himmel-und-in-der-hoelle-47\"\n\t\t\t\tclass=\"shutterset_2b4b6f1ea09554b95a64f5eb3e72ed4e\">\n\t\t\t\t<img\n\t\t\t\t\ttitle=\"&quot;Ein M\u00c3\u00bcnchner im Himmel und in der H\u00c3\u00b6lle&quot;, ein bayrisches Volksst\u00c3\u00bcck von Alfons Schweigert, aufgef\u00c3\u00bchrt von den Hofer Theaterspielern im K.U.L.T in Hof bei Salzburg, Regie: Gerard Es. Foto von der Generalprobe am 20.04.2017  \nFoto und Copyright: Moser Albert, Fotograf, 5201 Seekirchen, Weinbergstiege 1, Tel.: 0043-676-7550526 mailto:albert.moser@sbg.at  www.moser.zenfolio.com\"\n\t\t\t\t\talt=\"&quot;Ein M\u00c3\u00bcnchner im Himmel und in der H\u00c3\u00b6lle&quot;, ein bayrisches Volksst\u00c3\u00bcck von Alfons Schweigert, aufgef\u00c3\u00bchrt von den Hofer Theaterspielern im K.U.L.T in Hof bei Salzburg, Regie: Gerard Es. Foto von der Generalprobe am 20.04.2017  \nFoto und Copyright: Moser Albert, Fotograf, 5201 Seekirchen, Weinbergstiege 1, Tel.: 0043-676-7550526 mailto:albert.moser@sbg.at  www.moser.zenfolio.com\"\n\t\t\t\t\tsrc=\"https:\/\/www.verlag-doppelpunkt.at\/bilderserien\/wp-content\/gallery\/theater-hof\/thumbs\/thumbs_ein-muenchner-im-himmel-und-in-der-hoelle-47.jpg\"\n\t\t\t\t\twidth=\"100\"\n\t\t\t\t\theight=\"66\"\n\t\t\t\t\tstyle=\"max-width:100%;\"\n\t\t\t\t\/>\n\t\t\t<\/a>\n\t\t<\/div>\n\t\t\t\t\t\t\t<\/div> \n\t\t\t\n\t\t\t\t<div id=\"ngg-image-42\" class=\"ngg-gallery-thumbnail-box \n\t\t\t\t\t\t\t\t\t\t\t\" \n\t\t\tstyle=\"display: none;\">\n\t\t\t\t\t\t<div class=\"ngg-gallery-thumbnail\">\n\t\t\t<a href=\"https:\/\/www.verlag-doppelpunkt.at\/bilderserien\/wp-content\/gallery\/theater-hof\/ein-muenchner-im-himmel-und-in-der-hoelle-48.jpg\"\n\t\t\t\ttitle=\"&quot;Ein M\u00fcnchner im Himmel und in der H\u00f6lle&quot;, ein bayrisches Volksst\u00fcck von Alfons Schweigert, aufgef\u00fchrt von den Hofer Theaterspielern im K.U.L.T in Hof bei Salzburg, Regie: Gerard Es. Foto von der Generalprobe am 20.04.2017  Foto und Copyright: Moser Albert, Fotograf, 5201 Seekirchen, Weinbergstiege 1, Tel.: 0043-676-7550526 mailto:albert.moser@sbg.at  www.moser.zenfolio.com\"\n\t\t\t\tdata-src=\"https:\/\/www.verlag-doppelpunkt.at\/bilderserien\/wp-content\/gallery\/theater-hof\/ein-muenchner-im-himmel-und-in-der-hoelle-48.jpg\"\n\t\t\t\tdata-thumbnail=\"https:\/\/www.verlag-doppelpunkt.at\/bilderserien\/wp-content\/gallery\/theater-hof\/thumbs\/thumbs_ein-muenchner-im-himmel-und-in-der-hoelle-48.jpg\"\n\t\t\t\tdata-image-id=\"16962\"\n\t\t\t\tdata-title=\"&quot;Ein M\u00c3\u00bcnchner im Himmel und in der H\u00c3\u00b6lle&quot;, ein bayrisches Volksst\u00c3\u00bcck von Alfons Schweigert, aufgef\u00c3\u00bchrt von den Hofer Theaterspielern im K.U.L.T in Hof bei Salzburg, Regie: Gerard Es. Foto von der Generalprobe am 20.04.2017  \nFoto und Copyright: Moser Albert, Fotograf, 5201 Seekirchen, Weinbergstiege 1, Tel.: 0043-676-7550526 mailto:albert.moser@sbg.at  www.moser.zenfolio.com\"\n\t\t\t\tdata-description=\"&quot;Ein M\u00fcnchner im Himmel und in der H\u00f6lle&quot;, ein bayrisches Volksst\u00fcck von Alfons Schweigert, aufgef\u00fchrt von den Hofer Theaterspielern im K.U.L.T in Hof bei Salzburg, Regie: Gerard Es. Foto von der Generalprobe am 20.04.2017  Foto und Copyright: Moser Albert, Fotograf, 5201 Seekirchen, Weinbergstiege 1, Tel.: 0043-676-7550526 mailto:albert.moser@sbg.at  www.moser.zenfolio.com\"\n\t\t\t\tdata-image-slug=\"ein-muenchner-im-himmel-und-in-der-hoelle-48\"\n\t\t\t\tclass=\"shutterset_2b4b6f1ea09554b95a64f5eb3e72ed4e\">\n\t\t\t\t<img\n\t\t\t\t\ttitle=\"&quot;Ein M\u00c3\u00bcnchner im Himmel und in der H\u00c3\u00b6lle&quot;, ein bayrisches Volksst\u00c3\u00bcck von Alfons Schweigert, aufgef\u00c3\u00bchrt von den Hofer Theaterspielern im K.U.L.T in Hof bei Salzburg, Regie: Gerard Es. Foto von der Generalprobe am 20.04.2017  \nFoto und Copyright: Moser Albert, Fotograf, 5201 Seekirchen, Weinbergstiege 1, Tel.: 0043-676-7550526 mailto:albert.moser@sbg.at  www.moser.zenfolio.com\"\n\t\t\t\t\talt=\"&quot;Ein M\u00c3\u00bcnchner im Himmel und in der H\u00c3\u00b6lle&quot;, ein bayrisches Volksst\u00c3\u00bcck von Alfons Schweigert, aufgef\u00c3\u00bchrt von den Hofer Theaterspielern im K.U.L.T in Hof bei Salzburg, Regie: Gerard Es. Foto von der Generalprobe am 20.04.2017  \nFoto und Copyright: Moser Albert, Fotograf, 5201 Seekirchen, Weinbergstiege 1, Tel.: 0043-676-7550526 mailto:albert.moser@sbg.at  www.moser.zenfolio.com\"\n\t\t\t\t\tsrc=\"https:\/\/www.verlag-doppelpunkt.at\/bilderserien\/wp-content\/gallery\/theater-hof\/thumbs\/thumbs_ein-muenchner-im-himmel-und-in-der-hoelle-48.jpg\"\n\t\t\t\t\twidth=\"100\"\n\t\t\t\t\theight=\"66\"\n\t\t\t\t\tstyle=\"max-width:100%;\"\n\t\t\t\t\/>\n\t\t\t<\/a>\n\t\t<\/div>\n\t\t\t\t\t\t\t<\/div> \n\t\t\t\n\t\t\t\t<div id=\"ngg-image-43\" class=\"ngg-gallery-thumbnail-box \n\t\t\t\t\t\t\t\t\t\t\t\" \n\t\t\tstyle=\"display: none;\">\n\t\t\t\t\t\t<div class=\"ngg-gallery-thumbnail\">\n\t\t\t<a href=\"https:\/\/www.verlag-doppelpunkt.at\/bilderserien\/wp-content\/gallery\/theater-hof\/ein-muenchner-im-himmel-und-in-der-hoelle-49.jpg\"\n\t\t\t\ttitle=\"&quot;Ein M\u00fcnchner im Himmel und in der H\u00f6lle&quot;, ein bayrisches Volksst\u00fcck von Alfons Schweigert, aufgef\u00fchrt von den Hofer Theaterspielern im K.U.L.T in Hof bei Salzburg, Regie: Gerard Es. Foto von der Generalprobe am 20.04.2017  Foto und Copyright: Moser Albert, Fotograf, 5201 Seekirchen, Weinbergstiege 1, Tel.: 0043-676-7550526 mailto:albert.moser@sbg.at  www.moser.zenfolio.com\"\n\t\t\t\tdata-src=\"https:\/\/www.verlag-doppelpunkt.at\/bilderserien\/wp-content\/gallery\/theater-hof\/ein-muenchner-im-himmel-und-in-der-hoelle-49.jpg\"\n\t\t\t\tdata-thumbnail=\"https:\/\/www.verlag-doppelpunkt.at\/bilderserien\/wp-content\/gallery\/theater-hof\/thumbs\/thumbs_ein-muenchner-im-himmel-und-in-der-hoelle-49.jpg\"\n\t\t\t\tdata-image-id=\"16963\"\n\t\t\t\tdata-title=\"&quot;Ein M\u00c3\u00bcnchner im Himmel und in der H\u00c3\u00b6lle&quot;, ein bayrisches Volksst\u00c3\u00bcck von Alfons Schweigert, aufgef\u00c3\u00bchrt von den Hofer Theaterspielern im K.U.L.T in Hof bei Salzburg, Regie: Gerard Es. Foto von der Generalprobe am 20.04.2017  \nFoto und Copyright: Moser Albert, Fotograf, 5201 Seekirchen, Weinbergstiege 1, Tel.: 0043-676-7550526 mailto:albert.moser@sbg.at  www.moser.zenfolio.com\"\n\t\t\t\tdata-description=\"&quot;Ein M\u00fcnchner im Himmel und in der H\u00f6lle&quot;, ein bayrisches Volksst\u00fcck von Alfons Schweigert, aufgef\u00fchrt von den Hofer Theaterspielern im K.U.L.T in Hof bei Salzburg, Regie: Gerard Es. Foto von der Generalprobe am 20.04.2017  Foto und Copyright: Moser Albert, Fotograf, 5201 Seekirchen, Weinbergstiege 1, Tel.: 0043-676-7550526 mailto:albert.moser@sbg.at  www.moser.zenfolio.com\"\n\t\t\t\tdata-image-slug=\"ein-muenchner-im-himmel-und-in-der-hoelle-49\"\n\t\t\t\tclass=\"shutterset_2b4b6f1ea09554b95a64f5eb3e72ed4e\">\n\t\t\t\t<img\n\t\t\t\t\ttitle=\"&quot;Ein M\u00c3\u00bcnchner im Himmel und in der H\u00c3\u00b6lle&quot;, ein bayrisches Volksst\u00c3\u00bcck von Alfons Schweigert, aufgef\u00c3\u00bchrt von den Hofer Theaterspielern im K.U.L.T in Hof bei Salzburg, Regie: Gerard Es. Foto von der Generalprobe am 20.04.2017  \nFoto und Copyright: Moser Albert, Fotograf, 5201 Seekirchen, Weinbergstiege 1, Tel.: 0043-676-7550526 mailto:albert.moser@sbg.at  www.moser.zenfolio.com\"\n\t\t\t\t\talt=\"&quot;Ein M\u00c3\u00bcnchner im Himmel und in der H\u00c3\u00b6lle&quot;, ein bayrisches Volksst\u00c3\u00bcck von Alfons Schweigert, aufgef\u00c3\u00bchrt von den Hofer Theaterspielern im K.U.L.T in Hof bei Salzburg, Regie: Gerard Es. Foto von der Generalprobe am 20.04.2017  \nFoto und Copyright: Moser Albert, Fotograf, 5201 Seekirchen, Weinbergstiege 1, Tel.: 0043-676-7550526 mailto:albert.moser@sbg.at  www.moser.zenfolio.com\"\n\t\t\t\t\tsrc=\"https:\/\/www.verlag-doppelpunkt.at\/bilderserien\/wp-content\/gallery\/theater-hof\/thumbs\/thumbs_ein-muenchner-im-himmel-und-in-der-hoelle-49.jpg\"\n\t\t\t\t\twidth=\"100\"\n\t\t\t\t\theight=\"66\"\n\t\t\t\t\tstyle=\"max-width:100%;\"\n\t\t\t\t\/>\n\t\t\t<\/a>\n\t\t<\/div>\n\t\t\t\t\t\t\t<\/div> \n\t\t\t\n\t\t\t\t<div id=\"ngg-image-44\" class=\"ngg-gallery-thumbnail-box \n\t\t\t\t\t\t\t\t\t\t\t\" \n\t\t\tstyle=\"display: none;\">\n\t\t\t\t\t\t<div class=\"ngg-gallery-thumbnail\">\n\t\t\t<a href=\"https:\/\/www.verlag-doppelpunkt.at\/bilderserien\/wp-content\/gallery\/theater-hof\/ein-muenchner-im-himmel-und-in-der-hoelle-5.jpg\"\n\t\t\t\ttitle=\"&quot;Ein M\u00fcnchner im Himmel und in der H\u00f6lle&quot;, ein bayrisches Volksst\u00fcck von Alfons Schweigert, aufgef\u00fchrt von den Hofer Theaterspielern im K.U.L.T in Hof bei Salzburg, Regie: Gerard Es. Foto von der Generalprobe am 20.04.2017  Foto und Copyright: Moser Albert, Fotograf, 5201 Seekirchen, Weinbergstiege 1, Tel.: 0043-676-7550526 mailto:albert.moser@sbg.at  www.moser.zenfolio.com\"\n\t\t\t\tdata-src=\"https:\/\/www.verlag-doppelpunkt.at\/bilderserien\/wp-content\/gallery\/theater-hof\/ein-muenchner-im-himmel-und-in-der-hoelle-5.jpg\"\n\t\t\t\tdata-thumbnail=\"https:\/\/www.verlag-doppelpunkt.at\/bilderserien\/wp-content\/gallery\/theater-hof\/thumbs\/thumbs_ein-muenchner-im-himmel-und-in-der-hoelle-5.jpg\"\n\t\t\t\tdata-image-id=\"16964\"\n\t\t\t\tdata-title=\"&quot;Ein M\u00c3\u00bcnchner im Himmel und in der H\u00c3\u00b6lle&quot;, ein bayrisches Volksst\u00c3\u00bcck von Alfons Schweigert, aufgef\u00c3\u00bchrt von den Hofer Theaterspielern im K.U.L.T in Hof bei Salzburg, Regie: Gerard Es. Foto von der Generalprobe am 20.04.2017  \nFoto und Copyright: Moser Albert, Fotograf, 5201 Seekirchen, Weinbergstiege 1, Tel.: 0043-676-7550526 mailto:albert.moser@sbg.at  www.moser.zenfolio.com\"\n\t\t\t\tdata-description=\"&quot;Ein M\u00fcnchner im Himmel und in der H\u00f6lle&quot;, ein bayrisches Volksst\u00fcck von Alfons Schweigert, aufgef\u00fchrt von den Hofer Theaterspielern im K.U.L.T in Hof bei Salzburg, Regie: Gerard Es. Foto von der Generalprobe am 20.04.2017  Foto und Copyright: Moser Albert, Fotograf, 5201 Seekirchen, Weinbergstiege 1, Tel.: 0043-676-7550526 mailto:albert.moser@sbg.at  www.moser.zenfolio.com\"\n\t\t\t\tdata-image-slug=\"ein-muenchner-im-himmel-und-in-der-hoelle-5\"\n\t\t\t\tclass=\"shutterset_2b4b6f1ea09554b95a64f5eb3e72ed4e\">\n\t\t\t\t<img\n\t\t\t\t\ttitle=\"&quot;Ein M\u00c3\u00bcnchner im Himmel und in der H\u00c3\u00b6lle&quot;, ein bayrisches Volksst\u00c3\u00bcck von Alfons Schweigert, aufgef\u00c3\u00bchrt von den Hofer Theaterspielern im K.U.L.T in Hof bei Salzburg, Regie: Gerard Es. Foto von der Generalprobe am 20.04.2017  \nFoto und Copyright: Moser Albert, Fotograf, 5201 Seekirchen, Weinbergstiege 1, Tel.: 0043-676-7550526 mailto:albert.moser@sbg.at  www.moser.zenfolio.com\"\n\t\t\t\t\talt=\"&quot;Ein M\u00c3\u00bcnchner im Himmel und in der H\u00c3\u00b6lle&quot;, ein bayrisches Volksst\u00c3\u00bcck von Alfons Schweigert, aufgef\u00c3\u00bchrt von den Hofer Theaterspielern im K.U.L.T in Hof bei Salzburg, Regie: Gerard Es. Foto von der Generalprobe am 20.04.2017  \nFoto und Copyright: Moser Albert, Fotograf, 5201 Seekirchen, Weinbergstiege 1, Tel.: 0043-676-7550526 mailto:albert.moser@sbg.at  www.moser.zenfolio.com\"\n\t\t\t\t\tsrc=\"https:\/\/www.verlag-doppelpunkt.at\/bilderserien\/wp-content\/gallery\/theater-hof\/thumbs\/thumbs_ein-muenchner-im-himmel-und-in-der-hoelle-5.jpg\"\n\t\t\t\t\twidth=\"100\"\n\t\t\t\t\theight=\"66\"\n\t\t\t\t\tstyle=\"max-width:100%;\"\n\t\t\t\t\/>\n\t\t\t<\/a>\n\t\t<\/div>\n\t\t\t\t\t\t\t<\/div> \n\t\t\t\n\t\t\t\t<div id=\"ngg-image-45\" class=\"ngg-gallery-thumbnail-box \n\t\t\t\t\t\t\t\t\t\t\t\" \n\t\t\tstyle=\"display: none;\">\n\t\t\t\t\t\t<div class=\"ngg-gallery-thumbnail\">\n\t\t\t<a href=\"https:\/\/www.verlag-doppelpunkt.at\/bilderserien\/wp-content\/gallery\/theater-hof\/ein-muenchner-im-himmel-und-in-der-hoelle-50.jpg\"\n\t\t\t\ttitle=\"&quot;Ein M\u00fcnchner im Himmel und in der H\u00f6lle&quot;, ein bayrisches Volksst\u00fcck von Alfons Schweigert, aufgef\u00fchrt von den Hofer Theaterspielern im K.U.L.T in Hof bei Salzburg, Regie: Gerard Es. Foto von der Generalprobe am 20.04.2017  Foto und Copyright: Moser Albert, Fotograf, 5201 Seekirchen, Weinbergstiege 1, Tel.: 0043-676-7550526 mailto:albert.moser@sbg.at  www.moser.zenfolio.com\"\n\t\t\t\tdata-src=\"https:\/\/www.verlag-doppelpunkt.at\/bilderserien\/wp-content\/gallery\/theater-hof\/ein-muenchner-im-himmel-und-in-der-hoelle-50.jpg\"\n\t\t\t\tdata-thumbnail=\"https:\/\/www.verlag-doppelpunkt.at\/bilderserien\/wp-content\/gallery\/theater-hof\/thumbs\/thumbs_ein-muenchner-im-himmel-und-in-der-hoelle-50.jpg\"\n\t\t\t\tdata-image-id=\"16965\"\n\t\t\t\tdata-title=\"&quot;Ein M\u00c3\u00bcnchner im Himmel und in der H\u00c3\u00b6lle&quot;, ein bayrisches Volksst\u00c3\u00bcck von Alfons Schweigert, aufgef\u00c3\u00bchrt von den Hofer Theaterspielern im K.U.L.T in Hof bei Salzburg, Regie: Gerard Es. Foto von der Generalprobe am 20.04.2017  \nFoto und Copyright: Moser Albert, Fotograf, 5201 Seekirchen, Weinbergstiege 1, Tel.: 0043-676-7550526 mailto:albert.moser@sbg.at  www.moser.zenfolio.com\"\n\t\t\t\tdata-description=\"&quot;Ein M\u00fcnchner im Himmel und in der H\u00f6lle&quot;, ein bayrisches Volksst\u00fcck von Alfons Schweigert, aufgef\u00fchrt von den Hofer Theaterspielern im K.U.L.T in Hof bei Salzburg, Regie: Gerard Es. Foto von der Generalprobe am 20.04.2017  Foto und Copyright: Moser Albert, Fotograf, 5201 Seekirchen, Weinbergstiege 1, Tel.: 0043-676-7550526 mailto:albert.moser@sbg.at  www.moser.zenfolio.com\"\n\t\t\t\tdata-image-slug=\"ein-muenchner-im-himmel-und-in-der-hoelle-50\"\n\t\t\t\tclass=\"shutterset_2b4b6f1ea09554b95a64f5eb3e72ed4e\">\n\t\t\t\t<img\n\t\t\t\t\ttitle=\"&quot;Ein M\u00c3\u00bcnchner im Himmel und in der H\u00c3\u00b6lle&quot;, ein bayrisches Volksst\u00c3\u00bcck von Alfons Schweigert, aufgef\u00c3\u00bchrt von den Hofer Theaterspielern im K.U.L.T in Hof bei Salzburg, Regie: Gerard Es. Foto von der Generalprobe am 20.04.2017  \nFoto und Copyright: Moser Albert, Fotograf, 5201 Seekirchen, Weinbergstiege 1, Tel.: 0043-676-7550526 mailto:albert.moser@sbg.at  www.moser.zenfolio.com\"\n\t\t\t\t\talt=\"&quot;Ein M\u00c3\u00bcnchner im Himmel und in der H\u00c3\u00b6lle&quot;, ein bayrisches Volksst\u00c3\u00bcck von Alfons Schweigert, aufgef\u00c3\u00bchrt von den Hofer Theaterspielern im K.U.L.T in Hof bei Salzburg, Regie: Gerard Es. Foto von der Generalprobe am 20.04.2017  \nFoto und Copyright: Moser Albert, Fotograf, 5201 Seekirchen, Weinbergstiege 1, Tel.: 0043-676-7550526 mailto:albert.moser@sbg.at  www.moser.zenfolio.com\"\n\t\t\t\t\tsrc=\"https:\/\/www.verlag-doppelpunkt.at\/bilderserien\/wp-content\/gallery\/theater-hof\/thumbs\/thumbs_ein-muenchner-im-himmel-und-in-der-hoelle-50.jpg\"\n\t\t\t\t\twidth=\"100\"\n\t\t\t\t\theight=\"66\"\n\t\t\t\t\tstyle=\"max-width:100%;\"\n\t\t\t\t\/>\n\t\t\t<\/a>\n\t\t<\/div>\n\t\t\t\t\t\t\t<\/div> \n\t\t\t\n\t\t\t\t<div id=\"ngg-image-46\" class=\"ngg-gallery-thumbnail-box \n\t\t\t\t\t\t\t\t\t\t\t\" \n\t\t\tstyle=\"display: none;\">\n\t\t\t\t\t\t<div class=\"ngg-gallery-thumbnail\">\n\t\t\t<a href=\"https:\/\/www.verlag-doppelpunkt.at\/bilderserien\/wp-content\/gallery\/theater-hof\/ein-muenchner-im-himmel-und-in-der-hoelle-51.jpg\"\n\t\t\t\ttitle=\"&quot;Ein M\u00fcnchner im Himmel und in der H\u00f6lle&quot;, ein bayrisches Volksst\u00fcck von Alfons Schweigert, aufgef\u00fchrt von den Hofer Theaterspielern im K.U.L.T in Hof bei Salzburg, Regie: Gerard Es. Foto von der Generalprobe am 20.04.2017  Foto und Copyright: Moser Albert, Fotograf, 5201 Seekirchen, Weinbergstiege 1, Tel.: 0043-676-7550526 mailto:albert.moser@sbg.at  www.moser.zenfolio.com\"\n\t\t\t\tdata-src=\"https:\/\/www.verlag-doppelpunkt.at\/bilderserien\/wp-content\/gallery\/theater-hof\/ein-muenchner-im-himmel-und-in-der-hoelle-51.jpg\"\n\t\t\t\tdata-thumbnail=\"https:\/\/www.verlag-doppelpunkt.at\/bilderserien\/wp-content\/gallery\/theater-hof\/thumbs\/thumbs_ein-muenchner-im-himmel-und-in-der-hoelle-51.jpg\"\n\t\t\t\tdata-image-id=\"16966\"\n\t\t\t\tdata-title=\"&quot;Ein M\u00c3\u00bcnchner im Himmel und in der H\u00c3\u00b6lle&quot;, ein bayrisches Volksst\u00c3\u00bcck von Alfons Schweigert, aufgef\u00c3\u00bchrt von den Hofer Theaterspielern im K.U.L.T in Hof bei Salzburg, Regie: Gerard Es. Foto von der Generalprobe am 20.04.2017  \nFoto und Copyright: Moser Albert, Fotograf, 5201 Seekirchen, Weinbergstiege 1, Tel.: 0043-676-7550526 mailto:albert.moser@sbg.at  www.moser.zenfolio.com\"\n\t\t\t\tdata-description=\"&quot;Ein M\u00fcnchner im Himmel und in der H\u00f6lle&quot;, ein bayrisches Volksst\u00fcck von Alfons Schweigert, aufgef\u00fchrt von den Hofer Theaterspielern im K.U.L.T in Hof bei Salzburg, Regie: Gerard Es. Foto von der Generalprobe am 20.04.2017  Foto und Copyright: Moser Albert, Fotograf, 5201 Seekirchen, Weinbergstiege 1, Tel.: 0043-676-7550526 mailto:albert.moser@sbg.at  www.moser.zenfolio.com\"\n\t\t\t\tdata-image-slug=\"ein-muenchner-im-himmel-und-in-der-hoelle-51\"\n\t\t\t\tclass=\"shutterset_2b4b6f1ea09554b95a64f5eb3e72ed4e\">\n\t\t\t\t<img\n\t\t\t\t\ttitle=\"&quot;Ein M\u00c3\u00bcnchner im Himmel und in der H\u00c3\u00b6lle&quot;, ein bayrisches Volksst\u00c3\u00bcck von Alfons Schweigert, aufgef\u00c3\u00bchrt von den Hofer Theaterspielern im K.U.L.T in Hof bei Salzburg, Regie: Gerard Es. Foto von der Generalprobe am 20.04.2017  \nFoto und Copyright: Moser Albert, Fotograf, 5201 Seekirchen, Weinbergstiege 1, Tel.: 0043-676-7550526 mailto:albert.moser@sbg.at  www.moser.zenfolio.com\"\n\t\t\t\t\talt=\"&quot;Ein M\u00c3\u00bcnchner im Himmel und in der H\u00c3\u00b6lle&quot;, ein bayrisches Volksst\u00c3\u00bcck von Alfons Schweigert, aufgef\u00c3\u00bchrt von den Hofer Theaterspielern im K.U.L.T in Hof bei Salzburg, Regie: Gerard Es. Foto von der Generalprobe am 20.04.2017  \nFoto und Copyright: Moser Albert, Fotograf, 5201 Seekirchen, Weinbergstiege 1, Tel.: 0043-676-7550526 mailto:albert.moser@sbg.at  www.moser.zenfolio.com\"\n\t\t\t\t\tsrc=\"https:\/\/www.verlag-doppelpunkt.at\/bilderserien\/wp-content\/gallery\/theater-hof\/thumbs\/thumbs_ein-muenchner-im-himmel-und-in-der-hoelle-51.jpg\"\n\t\t\t\t\twidth=\"100\"\n\t\t\t\t\theight=\"66\"\n\t\t\t\t\tstyle=\"max-width:100%;\"\n\t\t\t\t\/>\n\t\t\t<\/a>\n\t\t<\/div>\n\t\t\t\t\t\t\t<\/div> \n\t\t\t\n\t\t\t\t<div id=\"ngg-image-47\" class=\"ngg-gallery-thumbnail-box \n\t\t\t\t\t\t\t\t\t\t\t\" \n\t\t\tstyle=\"display: none;\">\n\t\t\t\t\t\t<div class=\"ngg-gallery-thumbnail\">\n\t\t\t<a href=\"https:\/\/www.verlag-doppelpunkt.at\/bilderserien\/wp-content\/gallery\/theater-hof\/ein-muenchner-im-himmel-und-in-der-hoelle-52.jpg\"\n\t\t\t\ttitle=\"&quot;Ein M\u00fcnchner im Himmel und in der H\u00f6lle&quot;, ein bayrisches Volksst\u00fcck von Alfons Schweigert, aufgef\u00fchrt von den Hofer Theaterspielern im K.U.L.T in Hof bei Salzburg, Regie: Gerard Es. Foto von der Generalprobe am 20.04.2017  Foto und Copyright: Moser Albert, Fotograf, 5201 Seekirchen, Weinbergstiege 1, Tel.: 0043-676-7550526 mailto:albert.moser@sbg.at  www.moser.zenfolio.com\"\n\t\t\t\tdata-src=\"https:\/\/www.verlag-doppelpunkt.at\/bilderserien\/wp-content\/gallery\/theater-hof\/ein-muenchner-im-himmel-und-in-der-hoelle-52.jpg\"\n\t\t\t\tdata-thumbnail=\"https:\/\/www.verlag-doppelpunkt.at\/bilderserien\/wp-content\/gallery\/theater-hof\/thumbs\/thumbs_ein-muenchner-im-himmel-und-in-der-hoelle-52.jpg\"\n\t\t\t\tdata-image-id=\"16967\"\n\t\t\t\tdata-title=\"&quot;Ein M\u00c3\u00bcnchner im Himmel und in der H\u00c3\u00b6lle&quot;, ein bayrisches Volksst\u00c3\u00bcck von Alfons Schweigert, aufgef\u00c3\u00bchrt von den Hofer Theaterspielern im K.U.L.T in Hof bei Salzburg, Regie: Gerard Es. Foto von der Generalprobe am 20.04.2017  \nFoto und Copyright: Moser Albert, Fotograf, 5201 Seekirchen, Weinbergstiege 1, Tel.: 0043-676-7550526 mailto:albert.moser@sbg.at  www.moser.zenfolio.com\"\n\t\t\t\tdata-description=\"&quot;Ein M\u00fcnchner im Himmel und in der H\u00f6lle&quot;, ein bayrisches Volksst\u00fcck von Alfons Schweigert, aufgef\u00fchrt von den Hofer Theaterspielern im K.U.L.T in Hof bei Salzburg, Regie: Gerard Es. Foto von der Generalprobe am 20.04.2017  Foto und Copyright: Moser Albert, Fotograf, 5201 Seekirchen, Weinbergstiege 1, Tel.: 0043-676-7550526 mailto:albert.moser@sbg.at  www.moser.zenfolio.com\"\n\t\t\t\tdata-image-slug=\"ein-muenchner-im-himmel-und-in-der-hoelle-52\"\n\t\t\t\tclass=\"shutterset_2b4b6f1ea09554b95a64f5eb3e72ed4e\">\n\t\t\t\t<img\n\t\t\t\t\ttitle=\"&quot;Ein M\u00c3\u00bcnchner im Himmel und in der H\u00c3\u00b6lle&quot;, ein bayrisches Volksst\u00c3\u00bcck von Alfons Schweigert, aufgef\u00c3\u00bchrt von den Hofer Theaterspielern im K.U.L.T in Hof bei Salzburg, Regie: Gerard Es. Foto von der Generalprobe am 20.04.2017  \nFoto und Copyright: Moser Albert, Fotograf, 5201 Seekirchen, Weinbergstiege 1, Tel.: 0043-676-7550526 mailto:albert.moser@sbg.at  www.moser.zenfolio.com\"\n\t\t\t\t\talt=\"&quot;Ein M\u00c3\u00bcnchner im Himmel und in der H\u00c3\u00b6lle&quot;, ein bayrisches Volksst\u00c3\u00bcck von Alfons Schweigert, aufgef\u00c3\u00bchrt von den Hofer Theaterspielern im K.U.L.T in Hof bei Salzburg, Regie: Gerard Es. Foto von der Generalprobe am 20.04.2017  \nFoto und Copyright: Moser Albert, Fotograf, 5201 Seekirchen, Weinbergstiege 1, Tel.: 0043-676-7550526 mailto:albert.moser@sbg.at  www.moser.zenfolio.com\"\n\t\t\t\t\tsrc=\"https:\/\/www.verlag-doppelpunkt.at\/bilderserien\/wp-content\/gallery\/theater-hof\/thumbs\/thumbs_ein-muenchner-im-himmel-und-in-der-hoelle-52.jpg\"\n\t\t\t\t\twidth=\"100\"\n\t\t\t\t\theight=\"66\"\n\t\t\t\t\tstyle=\"max-width:100%;\"\n\t\t\t\t\/>\n\t\t\t<\/a>\n\t\t<\/div>\n\t\t\t\t\t\t\t<\/div> \n\t\t\t\n\t\t\t\t<div id=\"ngg-image-48\" class=\"ngg-gallery-thumbnail-box \n\t\t\t\t\t\t\t\t\t\t\t\" \n\t\t\tstyle=\"display: none;\">\n\t\t\t\t\t\t<div class=\"ngg-gallery-thumbnail\">\n\t\t\t<a href=\"https:\/\/www.verlag-doppelpunkt.at\/bilderserien\/wp-content\/gallery\/theater-hof\/ein-muenchner-im-himmel-und-in-der-hoelle-53.jpg\"\n\t\t\t\ttitle=\"&quot;Ein M\u00fcnchner im Himmel und in der H\u00f6lle&quot;, ein bayrisches Volksst\u00fcck von Alfons Schweigert, aufgef\u00fchrt von den Hofer Theaterspielern im K.U.L.T in Hof bei Salzburg, Regie: Gerard Es. Foto von der Generalprobe am 20.04.2017  Foto und Copyright: Moser Albert, Fotograf, 5201 Seekirchen, Weinbergstiege 1, Tel.: 0043-676-7550526 mailto:albert.moser@sbg.at  www.moser.zenfolio.com\"\n\t\t\t\tdata-src=\"https:\/\/www.verlag-doppelpunkt.at\/bilderserien\/wp-content\/gallery\/theater-hof\/ein-muenchner-im-himmel-und-in-der-hoelle-53.jpg\"\n\t\t\t\tdata-thumbnail=\"https:\/\/www.verlag-doppelpunkt.at\/bilderserien\/wp-content\/gallery\/theater-hof\/thumbs\/thumbs_ein-muenchner-im-himmel-und-in-der-hoelle-53.jpg\"\n\t\t\t\tdata-image-id=\"16968\"\n\t\t\t\tdata-title=\"&quot;Ein M\u00c3\u00bcnchner im Himmel und in der H\u00c3\u00b6lle&quot;, ein bayrisches Volksst\u00c3\u00bcck von Alfons Schweigert, aufgef\u00c3\u00bchrt von den Hofer Theaterspielern im K.U.L.T in Hof bei Salzburg, Regie: Gerard Es. Foto von der Generalprobe am 20.04.2017  \nFoto und Copyright: Moser Albert, Fotograf, 5201 Seekirchen, Weinbergstiege 1, Tel.: 0043-676-7550526 mailto:albert.moser@sbg.at  www.moser.zenfolio.com\"\n\t\t\t\tdata-description=\"&quot;Ein M\u00fcnchner im Himmel und in der H\u00f6lle&quot;, ein bayrisches Volksst\u00fcck von Alfons Schweigert, aufgef\u00fchrt von den Hofer Theaterspielern im K.U.L.T in Hof bei Salzburg, Regie: Gerard Es. Foto von der Generalprobe am 20.04.2017  Foto und Copyright: Moser Albert, Fotograf, 5201 Seekirchen, Weinbergstiege 1, Tel.: 0043-676-7550526 mailto:albert.moser@sbg.at  www.moser.zenfolio.com\"\n\t\t\t\tdata-image-slug=\"ein-muenchner-im-himmel-und-in-der-hoelle-53\"\n\t\t\t\tclass=\"shutterset_2b4b6f1ea09554b95a64f5eb3e72ed4e\">\n\t\t\t\t<img\n\t\t\t\t\ttitle=\"&quot;Ein M\u00c3\u00bcnchner im Himmel und in der H\u00c3\u00b6lle&quot;, ein bayrisches Volksst\u00c3\u00bcck von Alfons Schweigert, aufgef\u00c3\u00bchrt von den Hofer Theaterspielern im K.U.L.T in Hof bei Salzburg, Regie: Gerard Es. Foto von der Generalprobe am 20.04.2017  \nFoto und Copyright: Moser Albert, Fotograf, 5201 Seekirchen, Weinbergstiege 1, Tel.: 0043-676-7550526 mailto:albert.moser@sbg.at  www.moser.zenfolio.com\"\n\t\t\t\t\talt=\"&quot;Ein M\u00c3\u00bcnchner im Himmel und in der H\u00c3\u00b6lle&quot;, ein bayrisches Volksst\u00c3\u00bcck von Alfons Schweigert, aufgef\u00c3\u00bchrt von den Hofer Theaterspielern im K.U.L.T in Hof bei Salzburg, Regie: Gerard Es. Foto von der Generalprobe am 20.04.2017  \nFoto und Copyright: Moser Albert, Fotograf, 5201 Seekirchen, Weinbergstiege 1, Tel.: 0043-676-7550526 mailto:albert.moser@sbg.at  www.moser.zenfolio.com\"\n\t\t\t\t\tsrc=\"https:\/\/www.verlag-doppelpunkt.at\/bilderserien\/wp-content\/gallery\/theater-hof\/thumbs\/thumbs_ein-muenchner-im-himmel-und-in-der-hoelle-53.jpg\"\n\t\t\t\t\twidth=\"100\"\n\t\t\t\t\theight=\"66\"\n\t\t\t\t\tstyle=\"max-width:100%;\"\n\t\t\t\t\/>\n\t\t\t<\/a>\n\t\t<\/div>\n\t\t\t\t\t\t\t<\/div> \n\t\t\t\n\t\t\t\t<div id=\"ngg-image-49\" class=\"ngg-gallery-thumbnail-box \n\t\t\t\t\t\t\t\t\t\t\t\" \n\t\t\tstyle=\"display: none;\">\n\t\t\t\t\t\t<div class=\"ngg-gallery-thumbnail\">\n\t\t\t<a href=\"https:\/\/www.verlag-doppelpunkt.at\/bilderserien\/wp-content\/gallery\/theater-hof\/ein-muenchner-im-himmel-und-in-der-hoelle-54.jpg\"\n\t\t\t\ttitle=\"&quot;Ein M\u00fcnchner im Himmel und in der H\u00f6lle&quot;, ein bayrisches Volksst\u00fcck von Alfons Schweigert, aufgef\u00fchrt von den Hofer Theaterspielern im K.U.L.T in Hof bei Salzburg, Regie: Gerard Es. Foto von der Generalprobe am 20.04.2017  Foto und Copyright: Moser Albert, Fotograf, 5201 Seekirchen, Weinbergstiege 1, Tel.: 0043-676-7550526 mailto:albert.moser@sbg.at  www.moser.zenfolio.com\"\n\t\t\t\tdata-src=\"https:\/\/www.verlag-doppelpunkt.at\/bilderserien\/wp-content\/gallery\/theater-hof\/ein-muenchner-im-himmel-und-in-der-hoelle-54.jpg\"\n\t\t\t\tdata-thumbnail=\"https:\/\/www.verlag-doppelpunkt.at\/bilderserien\/wp-content\/gallery\/theater-hof\/thumbs\/thumbs_ein-muenchner-im-himmel-und-in-der-hoelle-54.jpg\"\n\t\t\t\tdata-image-id=\"16969\"\n\t\t\t\tdata-title=\"&quot;Ein M\u00c3\u00bcnchner im Himmel und in der H\u00c3\u00b6lle&quot;, ein bayrisches Volksst\u00c3\u00bcck von Alfons Schweigert, aufgef\u00c3\u00bchrt von den Hofer Theaterspielern im K.U.L.T in Hof bei Salzburg, Regie: Gerard Es. Foto von der Generalprobe am 20.04.2017  \nFoto und Copyright: Moser Albert, Fotograf, 5201 Seekirchen, Weinbergstiege 1, Tel.: 0043-676-7550526 mailto:albert.moser@sbg.at  www.moser.zenfolio.com\"\n\t\t\t\tdata-description=\"&quot;Ein M\u00fcnchner im Himmel und in der H\u00f6lle&quot;, ein bayrisches Volksst\u00fcck von Alfons Schweigert, aufgef\u00fchrt von den Hofer Theaterspielern im K.U.L.T in Hof bei Salzburg, Regie: Gerard Es. Foto von der Generalprobe am 20.04.2017  Foto und Copyright: Moser Albert, Fotograf, 5201 Seekirchen, Weinbergstiege 1, Tel.: 0043-676-7550526 mailto:albert.moser@sbg.at  www.moser.zenfolio.com\"\n\t\t\t\tdata-image-slug=\"ein-muenchner-im-himmel-und-in-der-hoelle-54\"\n\t\t\t\tclass=\"shutterset_2b4b6f1ea09554b95a64f5eb3e72ed4e\">\n\t\t\t\t<img\n\t\t\t\t\ttitle=\"&quot;Ein M\u00c3\u00bcnchner im Himmel und in der H\u00c3\u00b6lle&quot;, ein bayrisches Volksst\u00c3\u00bcck von Alfons Schweigert, aufgef\u00c3\u00bchrt von den Hofer Theaterspielern im K.U.L.T in Hof bei Salzburg, Regie: Gerard Es. Foto von der Generalprobe am 20.04.2017  \nFoto und Copyright: Moser Albert, Fotograf, 5201 Seekirchen, Weinbergstiege 1, Tel.: 0043-676-7550526 mailto:albert.moser@sbg.at  www.moser.zenfolio.com\"\n\t\t\t\t\talt=\"&quot;Ein M\u00c3\u00bcnchner im Himmel und in der H\u00c3\u00b6lle&quot;, ein bayrisches Volksst\u00c3\u00bcck von Alfons Schweigert, aufgef\u00c3\u00bchrt von den Hofer Theaterspielern im K.U.L.T in Hof bei Salzburg, Regie: Gerard Es. Foto von der Generalprobe am 20.04.2017  \nFoto und Copyright: Moser Albert, Fotograf, 5201 Seekirchen, Weinbergstiege 1, Tel.: 0043-676-7550526 mailto:albert.moser@sbg.at  www.moser.zenfolio.com\"\n\t\t\t\t\tsrc=\"https:\/\/www.verlag-doppelpunkt.at\/bilderserien\/wp-content\/gallery\/theater-hof\/thumbs\/thumbs_ein-muenchner-im-himmel-und-in-der-hoelle-54.jpg\"\n\t\t\t\t\twidth=\"100\"\n\t\t\t\t\theight=\"66\"\n\t\t\t\t\tstyle=\"max-width:100%;\"\n\t\t\t\t\/>\n\t\t\t<\/a>\n\t\t<\/div>\n\t\t\t\t\t\t\t<\/div> \n\t\t\t\n\t\t\t\t<div id=\"ngg-image-50\" class=\"ngg-gallery-thumbnail-box \n\t\t\t\t\t\t\t\t\t\t\t\" \n\t\t\tstyle=\"display: none;\">\n\t\t\t\t\t\t<div class=\"ngg-gallery-thumbnail\">\n\t\t\t<a href=\"https:\/\/www.verlag-doppelpunkt.at\/bilderserien\/wp-content\/gallery\/theater-hof\/ein-muenchner-im-himmel-und-in-der-hoelle-55.jpg\"\n\t\t\t\ttitle=\"&quot;Ein M\u00fcnchner im Himmel und in der H\u00f6lle&quot;, ein bayrisches Volksst\u00fcck von Alfons Schweigert, aufgef\u00fchrt von den Hofer Theaterspielern im K.U.L.T in Hof bei Salzburg, Regie: Gerard Es. Foto von der Generalprobe am 20.04.2017  Foto und Copyright: Moser Albert, Fotograf, 5201 Seekirchen, Weinbergstiege 1, Tel.: 0043-676-7550526 mailto:albert.moser@sbg.at  www.moser.zenfolio.com\"\n\t\t\t\tdata-src=\"https:\/\/www.verlag-doppelpunkt.at\/bilderserien\/wp-content\/gallery\/theater-hof\/ein-muenchner-im-himmel-und-in-der-hoelle-55.jpg\"\n\t\t\t\tdata-thumbnail=\"https:\/\/www.verlag-doppelpunkt.at\/bilderserien\/wp-content\/gallery\/theater-hof\/thumbs\/thumbs_ein-muenchner-im-himmel-und-in-der-hoelle-55.jpg\"\n\t\t\t\tdata-image-id=\"16970\"\n\t\t\t\tdata-title=\"&quot;Ein M\u00c3\u00bcnchner im Himmel und in der H\u00c3\u00b6lle&quot;, ein bayrisches Volksst\u00c3\u00bcck von Alfons Schweigert, aufgef\u00c3\u00bchrt von den Hofer Theaterspielern im K.U.L.T in Hof bei Salzburg, Regie: Gerard Es. Foto von der Generalprobe am 20.04.2017  \nFoto und Copyright: Moser Albert, Fotograf, 5201 Seekirchen, Weinbergstiege 1, Tel.: 0043-676-7550526 mailto:albert.moser@sbg.at  www.moser.zenfolio.com\"\n\t\t\t\tdata-description=\"&quot;Ein M\u00fcnchner im Himmel und in der H\u00f6lle&quot;, ein bayrisches Volksst\u00fcck von Alfons Schweigert, aufgef\u00fchrt von den Hofer Theaterspielern im K.U.L.T in Hof bei Salzburg, Regie: Gerard Es. Foto von der Generalprobe am 20.04.2017  Foto und Copyright: Moser Albert, Fotograf, 5201 Seekirchen, Weinbergstiege 1, Tel.: 0043-676-7550526 mailto:albert.moser@sbg.at  www.moser.zenfolio.com\"\n\t\t\t\tdata-image-slug=\"ein-muenchner-im-himmel-und-in-der-hoelle-55\"\n\t\t\t\tclass=\"shutterset_2b4b6f1ea09554b95a64f5eb3e72ed4e\">\n\t\t\t\t<img\n\t\t\t\t\ttitle=\"&quot;Ein M\u00c3\u00bcnchner im Himmel und in der H\u00c3\u00b6lle&quot;, ein bayrisches Volksst\u00c3\u00bcck von Alfons Schweigert, aufgef\u00c3\u00bchrt von den Hofer Theaterspielern im K.U.L.T in Hof bei Salzburg, Regie: Gerard Es. Foto von der Generalprobe am 20.04.2017  \nFoto und Copyright: Moser Albert, Fotograf, 5201 Seekirchen, Weinbergstiege 1, Tel.: 0043-676-7550526 mailto:albert.moser@sbg.at  www.moser.zenfolio.com\"\n\t\t\t\t\talt=\"&quot;Ein M\u00c3\u00bcnchner im Himmel und in der H\u00c3\u00b6lle&quot;, ein bayrisches Volksst\u00c3\u00bcck von Alfons Schweigert, aufgef\u00c3\u00bchrt von den Hofer Theaterspielern im K.U.L.T in Hof bei Salzburg, Regie: Gerard Es. Foto von der Generalprobe am 20.04.2017  \nFoto und Copyright: Moser Albert, Fotograf, 5201 Seekirchen, Weinbergstiege 1, Tel.: 0043-676-7550526 mailto:albert.moser@sbg.at  www.moser.zenfolio.com\"\n\t\t\t\t\tsrc=\"https:\/\/www.verlag-doppelpunkt.at\/bilderserien\/wp-content\/gallery\/theater-hof\/thumbs\/thumbs_ein-muenchner-im-himmel-und-in-der-hoelle-55.jpg\"\n\t\t\t\t\twidth=\"100\"\n\t\t\t\t\theight=\"66\"\n\t\t\t\t\tstyle=\"max-width:100%;\"\n\t\t\t\t\/>\n\t\t\t<\/a>\n\t\t<\/div>\n\t\t\t\t\t\t\t<\/div> \n\t\t\t\n\t\t\t\t<div id=\"ngg-image-51\" class=\"ngg-gallery-thumbnail-box \n\t\t\t\t\t\t\t\t\t\t\t\" \n\t\t\tstyle=\"display: none;\">\n\t\t\t\t\t\t<div class=\"ngg-gallery-thumbnail\">\n\t\t\t<a href=\"https:\/\/www.verlag-doppelpunkt.at\/bilderserien\/wp-content\/gallery\/theater-hof\/ein-muenchner-im-himmel-und-in-der-hoelle-56.jpg\"\n\t\t\t\ttitle=\"&quot;Ein M\u00fcnchner im Himmel und in der H\u00f6lle&quot;, ein bayrisches Volksst\u00fcck von Alfons Schweigert, aufgef\u00fchrt von den Hofer Theaterspielern im K.U.L.T in Hof bei Salzburg, Regie: Gerard Es. Foto von der Generalprobe am 20.04.2017  Foto und Copyright: Moser Albert, Fotograf, 5201 Seekirchen, Weinbergstiege 1, Tel.: 0043-676-7550526 mailto:albert.moser@sbg.at  www.moser.zenfolio.com\"\n\t\t\t\tdata-src=\"https:\/\/www.verlag-doppelpunkt.at\/bilderserien\/wp-content\/gallery\/theater-hof\/ein-muenchner-im-himmel-und-in-der-hoelle-56.jpg\"\n\t\t\t\tdata-thumbnail=\"https:\/\/www.verlag-doppelpunkt.at\/bilderserien\/wp-content\/gallery\/theater-hof\/thumbs\/thumbs_ein-muenchner-im-himmel-und-in-der-hoelle-56.jpg\"\n\t\t\t\tdata-image-id=\"16971\"\n\t\t\t\tdata-title=\"&quot;Ein M\u00c3\u00bcnchner im Himmel und in der H\u00c3\u00b6lle&quot;, ein bayrisches Volksst\u00c3\u00bcck von Alfons Schweigert, aufgef\u00c3\u00bchrt von den Hofer Theaterspielern im K.U.L.T in Hof bei Salzburg, Regie: Gerard Es. Foto von der Generalprobe am 20.04.2017  \nFoto und Copyright: Moser Albert, Fotograf, 5201 Seekirchen, Weinbergstiege 1, Tel.: 0043-676-7550526 mailto:albert.moser@sbg.at  www.moser.zenfolio.com\"\n\t\t\t\tdata-description=\"&quot;Ein M\u00fcnchner im Himmel und in der H\u00f6lle&quot;, ein bayrisches Volksst\u00fcck von Alfons Schweigert, aufgef\u00fchrt von den Hofer Theaterspielern im K.U.L.T in Hof bei Salzburg, Regie: Gerard Es. Foto von der Generalprobe am 20.04.2017  Foto und Copyright: Moser Albert, Fotograf, 5201 Seekirchen, Weinbergstiege 1, Tel.: 0043-676-7550526 mailto:albert.moser@sbg.at  www.moser.zenfolio.com\"\n\t\t\t\tdata-image-slug=\"ein-muenchner-im-himmel-und-in-der-hoelle-56\"\n\t\t\t\tclass=\"shutterset_2b4b6f1ea09554b95a64f5eb3e72ed4e\">\n\t\t\t\t<img\n\t\t\t\t\ttitle=\"&quot;Ein M\u00c3\u00bcnchner im Himmel und in der H\u00c3\u00b6lle&quot;, ein bayrisches Volksst\u00c3\u00bcck von Alfons Schweigert, aufgef\u00c3\u00bchrt von den Hofer Theaterspielern im K.U.L.T in Hof bei Salzburg, Regie: Gerard Es. Foto von der Generalprobe am 20.04.2017  \nFoto und Copyright: Moser Albert, Fotograf, 5201 Seekirchen, Weinbergstiege 1, Tel.: 0043-676-7550526 mailto:albert.moser@sbg.at  www.moser.zenfolio.com\"\n\t\t\t\t\talt=\"&quot;Ein M\u00c3\u00bcnchner im Himmel und in der H\u00c3\u00b6lle&quot;, ein bayrisches Volksst\u00c3\u00bcck von Alfons Schweigert, aufgef\u00c3\u00bchrt von den Hofer Theaterspielern im K.U.L.T in Hof bei Salzburg, Regie: Gerard Es. Foto von der Generalprobe am 20.04.2017  \nFoto und Copyright: Moser Albert, Fotograf, 5201 Seekirchen, Weinbergstiege 1, Tel.: 0043-676-7550526 mailto:albert.moser@sbg.at  www.moser.zenfolio.com\"\n\t\t\t\t\tsrc=\"https:\/\/www.verlag-doppelpunkt.at\/bilderserien\/wp-content\/gallery\/theater-hof\/thumbs\/thumbs_ein-muenchner-im-himmel-und-in-der-hoelle-56.jpg\"\n\t\t\t\t\twidth=\"100\"\n\t\t\t\t\theight=\"66\"\n\t\t\t\t\tstyle=\"max-width:100%;\"\n\t\t\t\t\/>\n\t\t\t<\/a>\n\t\t<\/div>\n\t\t\t\t\t\t\t<\/div> \n\t\t\t\n\t\t\t\t<div id=\"ngg-image-52\" class=\"ngg-gallery-thumbnail-box \n\t\t\t\t\t\t\t\t\t\t\t\" \n\t\t\tstyle=\"display: none;\">\n\t\t\t\t\t\t<div class=\"ngg-gallery-thumbnail\">\n\t\t\t<a href=\"https:\/\/www.verlag-doppelpunkt.at\/bilderserien\/wp-content\/gallery\/theater-hof\/ein-muenchner-im-himmel-und-in-der-hoelle-57.jpg\"\n\t\t\t\ttitle=\"&quot;Ein M\u00fcnchner im Himmel und in der H\u00f6lle&quot;, ein bayrisches Volksst\u00fcck von Alfons Schweigert, aufgef\u00fchrt von den Hofer Theaterspielern im K.U.L.T in Hof bei Salzburg, Regie: Gerard Es. Foto von der Generalprobe am 20.04.2017  Foto und Copyright: Moser Albert, Fotograf, 5201 Seekirchen, Weinbergstiege 1, Tel.: 0043-676-7550526 mailto:albert.moser@sbg.at  www.moser.zenfolio.com\"\n\t\t\t\tdata-src=\"https:\/\/www.verlag-doppelpunkt.at\/bilderserien\/wp-content\/gallery\/theater-hof\/ein-muenchner-im-himmel-und-in-der-hoelle-57.jpg\"\n\t\t\t\tdata-thumbnail=\"https:\/\/www.verlag-doppelpunkt.at\/bilderserien\/wp-content\/gallery\/theater-hof\/thumbs\/thumbs_ein-muenchner-im-himmel-und-in-der-hoelle-57.jpg\"\n\t\t\t\tdata-image-id=\"16972\"\n\t\t\t\tdata-title=\"&quot;Ein M\u00c3\u00bcnchner im Himmel und in der H\u00c3\u00b6lle&quot;, ein bayrisches Volksst\u00c3\u00bcck von Alfons Schweigert, aufgef\u00c3\u00bchrt von den Hofer Theaterspielern im K.U.L.T in Hof bei Salzburg, Regie: Gerard Es. Foto von der Generalprobe am 20.04.2017  \nFoto und Copyright: Moser Albert, Fotograf, 5201 Seekirchen, Weinbergstiege 1, Tel.: 0043-676-7550526 mailto:albert.moser@sbg.at  www.moser.zenfolio.com\"\n\t\t\t\tdata-description=\"&quot;Ein M\u00fcnchner im Himmel und in der H\u00f6lle&quot;, ein bayrisches Volksst\u00fcck von Alfons Schweigert, aufgef\u00fchrt von den Hofer Theaterspielern im K.U.L.T in Hof bei Salzburg, Regie: Gerard Es. Foto von der Generalprobe am 20.04.2017  Foto und Copyright: Moser Albert, Fotograf, 5201 Seekirchen, Weinbergstiege 1, Tel.: 0043-676-7550526 mailto:albert.moser@sbg.at  www.moser.zenfolio.com\"\n\t\t\t\tdata-image-slug=\"ein-muenchner-im-himmel-und-in-der-hoelle-57\"\n\t\t\t\tclass=\"shutterset_2b4b6f1ea09554b95a64f5eb3e72ed4e\">\n\t\t\t\t<img\n\t\t\t\t\ttitle=\"&quot;Ein M\u00c3\u00bcnchner im Himmel und in der H\u00c3\u00b6lle&quot;, ein bayrisches Volksst\u00c3\u00bcck von Alfons Schweigert, aufgef\u00c3\u00bchrt von den Hofer Theaterspielern im K.U.L.T in Hof bei Salzburg, Regie: Gerard Es. Foto von der Generalprobe am 20.04.2017  \nFoto und Copyright: Moser Albert, Fotograf, 5201 Seekirchen, Weinbergstiege 1, Tel.: 0043-676-7550526 mailto:albert.moser@sbg.at  www.moser.zenfolio.com\"\n\t\t\t\t\talt=\"&quot;Ein M\u00c3\u00bcnchner im Himmel und in der H\u00c3\u00b6lle&quot;, ein bayrisches Volksst\u00c3\u00bcck von Alfons Schweigert, aufgef\u00c3\u00bchrt von den Hofer Theaterspielern im K.U.L.T in Hof bei Salzburg, Regie: Gerard Es. Foto von der Generalprobe am 20.04.2017  \nFoto und Copyright: Moser Albert, Fotograf, 5201 Seekirchen, Weinbergstiege 1, Tel.: 0043-676-7550526 mailto:albert.moser@sbg.at  www.moser.zenfolio.com\"\n\t\t\t\t\tsrc=\"https:\/\/www.verlag-doppelpunkt.at\/bilderserien\/wp-content\/gallery\/theater-hof\/thumbs\/thumbs_ein-muenchner-im-himmel-und-in-der-hoelle-57.jpg\"\n\t\t\t\t\twidth=\"100\"\n\t\t\t\t\theight=\"66\"\n\t\t\t\t\tstyle=\"max-width:100%;\"\n\t\t\t\t\/>\n\t\t\t<\/a>\n\t\t<\/div>\n\t\t\t\t\t\t\t<\/div> \n\t\t\t\n\t\t\t\t<div id=\"ngg-image-53\" class=\"ngg-gallery-thumbnail-box \n\t\t\t\t\t\t\t\t\t\t\t\" \n\t\t\tstyle=\"display: none;\">\n\t\t\t\t\t\t<div class=\"ngg-gallery-thumbnail\">\n\t\t\t<a href=\"https:\/\/www.verlag-doppelpunkt.at\/bilderserien\/wp-content\/gallery\/theater-hof\/ein-muenchner-im-himmel-und-in-der-hoelle-58.jpg\"\n\t\t\t\ttitle=\"&quot;Ein M\u00fcnchner im Himmel und in der H\u00f6lle&quot;, ein bayrisches Volksst\u00fcck von Alfons Schweigert, aufgef\u00fchrt von den Hofer Theaterspielern im K.U.L.T in Hof bei Salzburg, Regie: Gerard Es. Foto von der Generalprobe am 20.04.2017  Foto und Copyright: Moser Albert, Fotograf, 5201 Seekirchen, Weinbergstiege 1, Tel.: 0043-676-7550526 mailto:albert.moser@sbg.at  www.moser.zenfolio.com\"\n\t\t\t\tdata-src=\"https:\/\/www.verlag-doppelpunkt.at\/bilderserien\/wp-content\/gallery\/theater-hof\/ein-muenchner-im-himmel-und-in-der-hoelle-58.jpg\"\n\t\t\t\tdata-thumbnail=\"https:\/\/www.verlag-doppelpunkt.at\/bilderserien\/wp-content\/gallery\/theater-hof\/thumbs\/thumbs_ein-muenchner-im-himmel-und-in-der-hoelle-58.jpg\"\n\t\t\t\tdata-image-id=\"16973\"\n\t\t\t\tdata-title=\"&quot;Ein M\u00c3\u00bcnchner im Himmel und in der H\u00c3\u00b6lle&quot;, ein bayrisches Volksst\u00c3\u00bcck von Alfons Schweigert, aufgef\u00c3\u00bchrt von den Hofer Theaterspielern im K.U.L.T in Hof bei Salzburg, Regie: Gerard Es. Foto von der Generalprobe am 20.04.2017  \nFoto und Copyright: Moser Albert, Fotograf, 5201 Seekirchen, Weinbergstiege 1, Tel.: 0043-676-7550526 mailto:albert.moser@sbg.at  www.moser.zenfolio.com\"\n\t\t\t\tdata-description=\"&quot;Ein M\u00fcnchner im Himmel und in der H\u00f6lle&quot;, ein bayrisches Volksst\u00fcck von Alfons Schweigert, aufgef\u00fchrt von den Hofer Theaterspielern im K.U.L.T in Hof bei Salzburg, Regie: Gerard Es. Foto von der Generalprobe am 20.04.2017  Foto und Copyright: Moser Albert, Fotograf, 5201 Seekirchen, Weinbergstiege 1, Tel.: 0043-676-7550526 mailto:albert.moser@sbg.at  www.moser.zenfolio.com\"\n\t\t\t\tdata-image-slug=\"ein-muenchner-im-himmel-und-in-der-hoelle-58\"\n\t\t\t\tclass=\"shutterset_2b4b6f1ea09554b95a64f5eb3e72ed4e\">\n\t\t\t\t<img\n\t\t\t\t\ttitle=\"&quot;Ein M\u00c3\u00bcnchner im Himmel und in der H\u00c3\u00b6lle&quot;, ein bayrisches Volksst\u00c3\u00bcck von Alfons Schweigert, aufgef\u00c3\u00bchrt von den Hofer Theaterspielern im K.U.L.T in Hof bei Salzburg, Regie: Gerard Es. Foto von der Generalprobe am 20.04.2017  \nFoto und Copyright: Moser Albert, Fotograf, 5201 Seekirchen, Weinbergstiege 1, Tel.: 0043-676-7550526 mailto:albert.moser@sbg.at  www.moser.zenfolio.com\"\n\t\t\t\t\talt=\"&quot;Ein M\u00c3\u00bcnchner im Himmel und in der H\u00c3\u00b6lle&quot;, ein bayrisches Volksst\u00c3\u00bcck von Alfons Schweigert, aufgef\u00c3\u00bchrt von den Hofer Theaterspielern im K.U.L.T in Hof bei Salzburg, Regie: Gerard Es. Foto von der Generalprobe am 20.04.2017  \nFoto und Copyright: Moser Albert, Fotograf, 5201 Seekirchen, Weinbergstiege 1, Tel.: 0043-676-7550526 mailto:albert.moser@sbg.at  www.moser.zenfolio.com\"\n\t\t\t\t\tsrc=\"https:\/\/www.verlag-doppelpunkt.at\/bilderserien\/wp-content\/gallery\/theater-hof\/thumbs\/thumbs_ein-muenchner-im-himmel-und-in-der-hoelle-58.jpg\"\n\t\t\t\t\twidth=\"100\"\n\t\t\t\t\theight=\"66\"\n\t\t\t\t\tstyle=\"max-width:100%;\"\n\t\t\t\t\/>\n\t\t\t<\/a>\n\t\t<\/div>\n\t\t\t\t\t\t\t<\/div> \n\t\t\t\n\t\t\t\t<div id=\"ngg-image-54\" class=\"ngg-gallery-thumbnail-box \n\t\t\t\t\t\t\t\t\t\t\t\" \n\t\t\tstyle=\"display: none;\">\n\t\t\t\t\t\t<div class=\"ngg-gallery-thumbnail\">\n\t\t\t<a href=\"https:\/\/www.verlag-doppelpunkt.at\/bilderserien\/wp-content\/gallery\/theater-hof\/ein-muenchner-im-himmel-und-in-der-hoelle-59.jpg\"\n\t\t\t\ttitle=\"&quot;Ein M\u00fcnchner im Himmel und in der H\u00f6lle&quot;, ein bayrisches Volksst\u00fcck von Alfons Schweigert, aufgef\u00fchrt von den Hofer Theaterspielern im K.U.L.T in Hof bei Salzburg, Regie: Gerard Es. Foto von der Generalprobe am 20.04.2017  Foto und Copyright: Moser Albert, Fotograf, 5201 Seekirchen, Weinbergstiege 1, Tel.: 0043-676-7550526 mailto:albert.moser@sbg.at  www.moser.zenfolio.com\"\n\t\t\t\tdata-src=\"https:\/\/www.verlag-doppelpunkt.at\/bilderserien\/wp-content\/gallery\/theater-hof\/ein-muenchner-im-himmel-und-in-der-hoelle-59.jpg\"\n\t\t\t\tdata-thumbnail=\"https:\/\/www.verlag-doppelpunkt.at\/bilderserien\/wp-content\/gallery\/theater-hof\/thumbs\/thumbs_ein-muenchner-im-himmel-und-in-der-hoelle-59.jpg\"\n\t\t\t\tdata-image-id=\"16974\"\n\t\t\t\tdata-title=\"&quot;Ein M\u00c3\u00bcnchner im Himmel und in der H\u00c3\u00b6lle&quot;, ein bayrisches Volksst\u00c3\u00bcck von Alfons Schweigert, aufgef\u00c3\u00bchrt von den Hofer Theaterspielern im K.U.L.T in Hof bei Salzburg, Regie: Gerard Es. Foto von der Generalprobe am 20.04.2017  \nFoto und Copyright: Moser Albert, Fotograf, 5201 Seekirchen, Weinbergstiege 1, Tel.: 0043-676-7550526 mailto:albert.moser@sbg.at  www.moser.zenfolio.com\"\n\t\t\t\tdata-description=\"&quot;Ein M\u00fcnchner im Himmel und in der H\u00f6lle&quot;, ein bayrisches Volksst\u00fcck von Alfons Schweigert, aufgef\u00fchrt von den Hofer Theaterspielern im K.U.L.T in Hof bei Salzburg, Regie: Gerard Es. Foto von der Generalprobe am 20.04.2017  Foto und Copyright: Moser Albert, Fotograf, 5201 Seekirchen, Weinbergstiege 1, Tel.: 0043-676-7550526 mailto:albert.moser@sbg.at  www.moser.zenfolio.com\"\n\t\t\t\tdata-image-slug=\"ein-muenchner-im-himmel-und-in-der-hoelle-59\"\n\t\t\t\tclass=\"shutterset_2b4b6f1ea09554b95a64f5eb3e72ed4e\">\n\t\t\t\t<img\n\t\t\t\t\ttitle=\"&quot;Ein M\u00c3\u00bcnchner im Himmel und in der H\u00c3\u00b6lle&quot;, ein bayrisches Volksst\u00c3\u00bcck von Alfons Schweigert, aufgef\u00c3\u00bchrt von den Hofer Theaterspielern im K.U.L.T in Hof bei Salzburg, Regie: Gerard Es. Foto von der Generalprobe am 20.04.2017  \nFoto und Copyright: Moser Albert, Fotograf, 5201 Seekirchen, Weinbergstiege 1, Tel.: 0043-676-7550526 mailto:albert.moser@sbg.at  www.moser.zenfolio.com\"\n\t\t\t\t\talt=\"&quot;Ein M\u00c3\u00bcnchner im Himmel und in der H\u00c3\u00b6lle&quot;, ein bayrisches Volksst\u00c3\u00bcck von Alfons Schweigert, aufgef\u00c3\u00bchrt von den Hofer Theaterspielern im K.U.L.T in Hof bei Salzburg, Regie: Gerard Es. Foto von der Generalprobe am 20.04.2017  \nFoto und Copyright: Moser Albert, Fotograf, 5201 Seekirchen, Weinbergstiege 1, Tel.: 0043-676-7550526 mailto:albert.moser@sbg.at  www.moser.zenfolio.com\"\n\t\t\t\t\tsrc=\"https:\/\/www.verlag-doppelpunkt.at\/bilderserien\/wp-content\/gallery\/theater-hof\/thumbs\/thumbs_ein-muenchner-im-himmel-und-in-der-hoelle-59.jpg\"\n\t\t\t\t\twidth=\"100\"\n\t\t\t\t\theight=\"66\"\n\t\t\t\t\tstyle=\"max-width:100%;\"\n\t\t\t\t\/>\n\t\t\t<\/a>\n\t\t<\/div>\n\t\t\t\t\t\t\t<\/div> \n\t\t\t\n\t\t\t\t<div id=\"ngg-image-55\" class=\"ngg-gallery-thumbnail-box \n\t\t\t\t\t\t\t\t\t\t\t\" \n\t\t\tstyle=\"display: none;\">\n\t\t\t\t\t\t<div class=\"ngg-gallery-thumbnail\">\n\t\t\t<a href=\"https:\/\/www.verlag-doppelpunkt.at\/bilderserien\/wp-content\/gallery\/theater-hof\/ein-muenchner-im-himmel-und-in-der-hoelle-6.jpg\"\n\t\t\t\ttitle=\"&quot;Ein M\u00fcnchner im Himmel und in der H\u00f6lle&quot;, ein bayrisches Volksst\u00fcck von Alfons Schweigert, aufgef\u00fchrt von den Hofer Theaterspielern im K.U.L.T in Hof bei Salzburg, Regie: Gerard Es. Foto von der Generalprobe am 20.04.2017  Foto und Copyright: Moser Albert, Fotograf, 5201 Seekirchen, Weinbergstiege 1, Tel.: 0043-676-7550526 mailto:albert.moser@sbg.at  www.moser.zenfolio.com\"\n\t\t\t\tdata-src=\"https:\/\/www.verlag-doppelpunkt.at\/bilderserien\/wp-content\/gallery\/theater-hof\/ein-muenchner-im-himmel-und-in-der-hoelle-6.jpg\"\n\t\t\t\tdata-thumbnail=\"https:\/\/www.verlag-doppelpunkt.at\/bilderserien\/wp-content\/gallery\/theater-hof\/thumbs\/thumbs_ein-muenchner-im-himmel-und-in-der-hoelle-6.jpg\"\n\t\t\t\tdata-image-id=\"16975\"\n\t\t\t\tdata-title=\"&quot;Ein M\u00c3\u00bcnchner im Himmel und in der H\u00c3\u00b6lle&quot;, ein bayrisches Volksst\u00c3\u00bcck von Alfons Schweigert, aufgef\u00c3\u00bchrt von den Hofer Theaterspielern im K.U.L.T in Hof bei Salzburg, Regie: Gerard Es. Foto von der Generalprobe am 20.04.2017  \nFoto und Copyright: Moser Albert, Fotograf, 5201 Seekirchen, Weinbergstiege 1, Tel.: 0043-676-7550526 mailto:albert.moser@sbg.at  www.moser.zenfolio.com\"\n\t\t\t\tdata-description=\"&quot;Ein M\u00fcnchner im Himmel und in der H\u00f6lle&quot;, ein bayrisches Volksst\u00fcck von Alfons Schweigert, aufgef\u00fchrt von den Hofer Theaterspielern im K.U.L.T in Hof bei Salzburg, Regie: Gerard Es. Foto von der Generalprobe am 20.04.2017  Foto und Copyright: Moser Albert, Fotograf, 5201 Seekirchen, Weinbergstiege 1, Tel.: 0043-676-7550526 mailto:albert.moser@sbg.at  www.moser.zenfolio.com\"\n\t\t\t\tdata-image-slug=\"ein-muenchner-im-himmel-und-in-der-hoelle-6\"\n\t\t\t\tclass=\"shutterset_2b4b6f1ea09554b95a64f5eb3e72ed4e\">\n\t\t\t\t<img\n\t\t\t\t\ttitle=\"&quot;Ein M\u00c3\u00bcnchner im Himmel und in der H\u00c3\u00b6lle&quot;, ein bayrisches Volksst\u00c3\u00bcck von Alfons Schweigert, aufgef\u00c3\u00bchrt von den Hofer Theaterspielern im K.U.L.T in Hof bei Salzburg, Regie: Gerard Es. Foto von der Generalprobe am 20.04.2017  \nFoto und Copyright: Moser Albert, Fotograf, 5201 Seekirchen, Weinbergstiege 1, Tel.: 0043-676-7550526 mailto:albert.moser@sbg.at  www.moser.zenfolio.com\"\n\t\t\t\t\talt=\"&quot;Ein M\u00c3\u00bcnchner im Himmel und in der H\u00c3\u00b6lle&quot;, ein bayrisches Volksst\u00c3\u00bcck von Alfons Schweigert, aufgef\u00c3\u00bchrt von den Hofer Theaterspielern im K.U.L.T in Hof bei Salzburg, Regie: Gerard Es. Foto von der Generalprobe am 20.04.2017  \nFoto und Copyright: Moser Albert, Fotograf, 5201 Seekirchen, Weinbergstiege 1, Tel.: 0043-676-7550526 mailto:albert.moser@sbg.at  www.moser.zenfolio.com\"\n\t\t\t\t\tsrc=\"https:\/\/www.verlag-doppelpunkt.at\/bilderserien\/wp-content\/gallery\/theater-hof\/thumbs\/thumbs_ein-muenchner-im-himmel-und-in-der-hoelle-6.jpg\"\n\t\t\t\t\twidth=\"100\"\n\t\t\t\t\theight=\"66\"\n\t\t\t\t\tstyle=\"max-width:100%;\"\n\t\t\t\t\/>\n\t\t\t<\/a>\n\t\t<\/div>\n\t\t\t\t\t\t\t<\/div> \n\t\t\t\n\t\t\t\t<div id=\"ngg-image-56\" class=\"ngg-gallery-thumbnail-box \n\t\t\t\t\t\t\t\t\t\t\t\" \n\t\t\tstyle=\"display: none;\">\n\t\t\t\t\t\t<div class=\"ngg-gallery-thumbnail\">\n\t\t\t<a href=\"https:\/\/www.verlag-doppelpunkt.at\/bilderserien\/wp-content\/gallery\/theater-hof\/ein-muenchner-im-himmel-und-in-der-hoelle-60.jpg\"\n\t\t\t\ttitle=\"&quot;Ein M\u00fcnchner im Himmel und in der H\u00f6lle&quot;, ein bayrisches Volksst\u00fcck von Alfons Schweigert, aufgef\u00fchrt von den Hofer Theaterspielern im K.U.L.T in Hof bei Salzburg, Regie: Gerard Es. Foto von der Generalprobe am 20.04.2017  Foto und Copyright: Moser Albert, Fotograf, 5201 Seekirchen, Weinbergstiege 1, Tel.: 0043-676-7550526 mailto:albert.moser@sbg.at  www.moser.zenfolio.com\"\n\t\t\t\tdata-src=\"https:\/\/www.verlag-doppelpunkt.at\/bilderserien\/wp-content\/gallery\/theater-hof\/ein-muenchner-im-himmel-und-in-der-hoelle-60.jpg\"\n\t\t\t\tdata-thumbnail=\"https:\/\/www.verlag-doppelpunkt.at\/bilderserien\/wp-content\/gallery\/theater-hof\/thumbs\/thumbs_ein-muenchner-im-himmel-und-in-der-hoelle-60.jpg\"\n\t\t\t\tdata-image-id=\"16976\"\n\t\t\t\tdata-title=\"&quot;Ein M\u00c3\u00bcnchner im Himmel und in der H\u00c3\u00b6lle&quot;, ein bayrisches Volksst\u00c3\u00bcck von Alfons Schweigert, aufgef\u00c3\u00bchrt von den Hofer Theaterspielern im K.U.L.T in Hof bei Salzburg, Regie: Gerard Es. Foto von der Generalprobe am 20.04.2017  \nFoto und Copyright: Moser Albert, Fotograf, 5201 Seekirchen, Weinbergstiege 1, Tel.: 0043-676-7550526 mailto:albert.moser@sbg.at  www.moser.zenfolio.com\"\n\t\t\t\tdata-description=\"&quot;Ein M\u00fcnchner im Himmel und in der H\u00f6lle&quot;, ein bayrisches Volksst\u00fcck von Alfons Schweigert, aufgef\u00fchrt von den Hofer Theaterspielern im K.U.L.T in Hof bei Salzburg, Regie: Gerard Es. Foto von der Generalprobe am 20.04.2017  Foto und Copyright: Moser Albert, Fotograf, 5201 Seekirchen, Weinbergstiege 1, Tel.: 0043-676-7550526 mailto:albert.moser@sbg.at  www.moser.zenfolio.com\"\n\t\t\t\tdata-image-slug=\"ein-muenchner-im-himmel-und-in-der-hoelle-60\"\n\t\t\t\tclass=\"shutterset_2b4b6f1ea09554b95a64f5eb3e72ed4e\">\n\t\t\t\t<img\n\t\t\t\t\ttitle=\"&quot;Ein M\u00c3\u00bcnchner im Himmel und in der H\u00c3\u00b6lle&quot;, ein bayrisches Volksst\u00c3\u00bcck von Alfons Schweigert, aufgef\u00c3\u00bchrt von den Hofer Theaterspielern im K.U.L.T in Hof bei Salzburg, Regie: Gerard Es. Foto von der Generalprobe am 20.04.2017  \nFoto und Copyright: Moser Albert, Fotograf, 5201 Seekirchen, Weinbergstiege 1, Tel.: 0043-676-7550526 mailto:albert.moser@sbg.at  www.moser.zenfolio.com\"\n\t\t\t\t\talt=\"&quot;Ein M\u00c3\u00bcnchner im Himmel und in der H\u00c3\u00b6lle&quot;, ein bayrisches Volksst\u00c3\u00bcck von Alfons Schweigert, aufgef\u00c3\u00bchrt von den Hofer Theaterspielern im K.U.L.T in Hof bei Salzburg, Regie: Gerard Es. Foto von der Generalprobe am 20.04.2017  \nFoto und Copyright: Moser Albert, Fotograf, 5201 Seekirchen, Weinbergstiege 1, Tel.: 0043-676-7550526 mailto:albert.moser@sbg.at  www.moser.zenfolio.com\"\n\t\t\t\t\tsrc=\"https:\/\/www.verlag-doppelpunkt.at\/bilderserien\/wp-content\/gallery\/theater-hof\/thumbs\/thumbs_ein-muenchner-im-himmel-und-in-der-hoelle-60.jpg\"\n\t\t\t\t\twidth=\"100\"\n\t\t\t\t\theight=\"66\"\n\t\t\t\t\tstyle=\"max-width:100%;\"\n\t\t\t\t\/>\n\t\t\t<\/a>\n\t\t<\/div>\n\t\t\t\t\t\t\t<\/div> \n\t\t\t\n\t\t\t\t<div id=\"ngg-image-57\" class=\"ngg-gallery-thumbnail-box \n\t\t\t\t\t\t\t\t\t\t\t\" \n\t\t\tstyle=\"display: none;\">\n\t\t\t\t\t\t<div class=\"ngg-gallery-thumbnail\">\n\t\t\t<a href=\"https:\/\/www.verlag-doppelpunkt.at\/bilderserien\/wp-content\/gallery\/theater-hof\/ein-muenchner-im-himmel-und-in-der-hoelle-61.jpg\"\n\t\t\t\ttitle=\"&quot;Ein M\u00fcnchner im Himmel und in der H\u00f6lle&quot;, ein bayrisches Volksst\u00fcck von Alfons Schweigert, aufgef\u00fchrt von den Hofer Theaterspielern im K.U.L.T in Hof bei Salzburg, Regie: Gerard Es. Foto von der Generalprobe am 20.04.2017  Foto und Copyright: Moser Albert, Fotograf, 5201 Seekirchen, Weinbergstiege 1, Tel.: 0043-676-7550526 mailto:albert.moser@sbg.at  www.moser.zenfolio.com\"\n\t\t\t\tdata-src=\"https:\/\/www.verlag-doppelpunkt.at\/bilderserien\/wp-content\/gallery\/theater-hof\/ein-muenchner-im-himmel-und-in-der-hoelle-61.jpg\"\n\t\t\t\tdata-thumbnail=\"https:\/\/www.verlag-doppelpunkt.at\/bilderserien\/wp-content\/gallery\/theater-hof\/thumbs\/thumbs_ein-muenchner-im-himmel-und-in-der-hoelle-61.jpg\"\n\t\t\t\tdata-image-id=\"16977\"\n\t\t\t\tdata-title=\"&quot;Ein M\u00c3\u00bcnchner im Himmel und in der H\u00c3\u00b6lle&quot;, ein bayrisches Volksst\u00c3\u00bcck von Alfons Schweigert, aufgef\u00c3\u00bchrt von den Hofer Theaterspielern im K.U.L.T in Hof bei Salzburg, Regie: Gerard Es. Foto von der Generalprobe am 20.04.2017  \nFoto und Copyright: Moser Albert, Fotograf, 5201 Seekirchen, Weinbergstiege 1, Tel.: 0043-676-7550526 mailto:albert.moser@sbg.at  www.moser.zenfolio.com\"\n\t\t\t\tdata-description=\"&quot;Ein M\u00fcnchner im Himmel und in der H\u00f6lle&quot;, ein bayrisches Volksst\u00fcck von Alfons Schweigert, aufgef\u00fchrt von den Hofer Theaterspielern im K.U.L.T in Hof bei Salzburg, Regie: Gerard Es. Foto von der Generalprobe am 20.04.2017  Foto und Copyright: Moser Albert, Fotograf, 5201 Seekirchen, Weinbergstiege 1, Tel.: 0043-676-7550526 mailto:albert.moser@sbg.at  www.moser.zenfolio.com\"\n\t\t\t\tdata-image-slug=\"ein-muenchner-im-himmel-und-in-der-hoelle-61\"\n\t\t\t\tclass=\"shutterset_2b4b6f1ea09554b95a64f5eb3e72ed4e\">\n\t\t\t\t<img\n\t\t\t\t\ttitle=\"&quot;Ein M\u00c3\u00bcnchner im Himmel und in der H\u00c3\u00b6lle&quot;, ein bayrisches Volksst\u00c3\u00bcck von Alfons Schweigert, aufgef\u00c3\u00bchrt von den Hofer Theaterspielern im K.U.L.T in Hof bei Salzburg, Regie: Gerard Es. Foto von der Generalprobe am 20.04.2017  \nFoto und Copyright: Moser Albert, Fotograf, 5201 Seekirchen, Weinbergstiege 1, Tel.: 0043-676-7550526 mailto:albert.moser@sbg.at  www.moser.zenfolio.com\"\n\t\t\t\t\talt=\"&quot;Ein M\u00c3\u00bcnchner im Himmel und in der H\u00c3\u00b6lle&quot;, ein bayrisches Volksst\u00c3\u00bcck von Alfons Schweigert, aufgef\u00c3\u00bchrt von den Hofer Theaterspielern im K.U.L.T in Hof bei Salzburg, Regie: Gerard Es. Foto von der Generalprobe am 20.04.2017  \nFoto und Copyright: Moser Albert, Fotograf, 5201 Seekirchen, Weinbergstiege 1, Tel.: 0043-676-7550526 mailto:albert.moser@sbg.at  www.moser.zenfolio.com\"\n\t\t\t\t\tsrc=\"https:\/\/www.verlag-doppelpunkt.at\/bilderserien\/wp-content\/gallery\/theater-hof\/thumbs\/thumbs_ein-muenchner-im-himmel-und-in-der-hoelle-61.jpg\"\n\t\t\t\t\twidth=\"100\"\n\t\t\t\t\theight=\"66\"\n\t\t\t\t\tstyle=\"max-width:100%;\"\n\t\t\t\t\/>\n\t\t\t<\/a>\n\t\t<\/div>\n\t\t\t\t\t\t\t<\/div> \n\t\t\t\n\t\t\t\t<div id=\"ngg-image-58\" class=\"ngg-gallery-thumbnail-box \n\t\t\t\t\t\t\t\t\t\t\t\" \n\t\t\tstyle=\"display: none;\">\n\t\t\t\t\t\t<div class=\"ngg-gallery-thumbnail\">\n\t\t\t<a href=\"https:\/\/www.verlag-doppelpunkt.at\/bilderserien\/wp-content\/gallery\/theater-hof\/ein-muenchner-im-himmel-und-in-der-hoelle-62.jpg\"\n\t\t\t\ttitle=\"&quot;Ein M\u00fcnchner im Himmel und in der H\u00f6lle&quot;, ein bayrisches Volksst\u00fcck von Alfons Schweigert, aufgef\u00fchrt von den Hofer Theaterspielern im K.U.L.T in Hof bei Salzburg, Regie: Gerard Es. Foto von der Generalprobe am 20.04.2017  Foto und Copyright: Moser Albert, Fotograf, 5201 Seekirchen, Weinbergstiege 1, Tel.: 0043-676-7550526 mailto:albert.moser@sbg.at  www.moser.zenfolio.com\"\n\t\t\t\tdata-src=\"https:\/\/www.verlag-doppelpunkt.at\/bilderserien\/wp-content\/gallery\/theater-hof\/ein-muenchner-im-himmel-und-in-der-hoelle-62.jpg\"\n\t\t\t\tdata-thumbnail=\"https:\/\/www.verlag-doppelpunkt.at\/bilderserien\/wp-content\/gallery\/theater-hof\/thumbs\/thumbs_ein-muenchner-im-himmel-und-in-der-hoelle-62.jpg\"\n\t\t\t\tdata-image-id=\"16978\"\n\t\t\t\tdata-title=\"&quot;Ein M\u00c3\u00bcnchner im Himmel und in der H\u00c3\u00b6lle&quot;, ein bayrisches Volksst\u00c3\u00bcck von Alfons Schweigert, aufgef\u00c3\u00bchrt von den Hofer Theaterspielern im K.U.L.T in Hof bei Salzburg, Regie: Gerard Es. Foto von der Generalprobe am 20.04.2017  \nFoto und Copyright: Moser Albert, Fotograf, 5201 Seekirchen, Weinbergstiege 1, Tel.: 0043-676-7550526 mailto:albert.moser@sbg.at  www.moser.zenfolio.com\"\n\t\t\t\tdata-description=\"&quot;Ein M\u00fcnchner im Himmel und in der H\u00f6lle&quot;, ein bayrisches Volksst\u00fcck von Alfons Schweigert, aufgef\u00fchrt von den Hofer Theaterspielern im K.U.L.T in Hof bei Salzburg, Regie: Gerard Es. Foto von der Generalprobe am 20.04.2017  Foto und Copyright: Moser Albert, Fotograf, 5201 Seekirchen, Weinbergstiege 1, Tel.: 0043-676-7550526 mailto:albert.moser@sbg.at  www.moser.zenfolio.com\"\n\t\t\t\tdata-image-slug=\"ein-muenchner-im-himmel-und-in-der-hoelle-62\"\n\t\t\t\tclass=\"shutterset_2b4b6f1ea09554b95a64f5eb3e72ed4e\">\n\t\t\t\t<img\n\t\t\t\t\ttitle=\"&quot;Ein M\u00c3\u00bcnchner im Himmel und in der H\u00c3\u00b6lle&quot;, ein bayrisches Volksst\u00c3\u00bcck von Alfons Schweigert, aufgef\u00c3\u00bchrt von den Hofer Theaterspielern im K.U.L.T in Hof bei Salzburg, Regie: Gerard Es. Foto von der Generalprobe am 20.04.2017  \nFoto und Copyright: Moser Albert, Fotograf, 5201 Seekirchen, Weinbergstiege 1, Tel.: 0043-676-7550526 mailto:albert.moser@sbg.at  www.moser.zenfolio.com\"\n\t\t\t\t\talt=\"&quot;Ein M\u00c3\u00bcnchner im Himmel und in der H\u00c3\u00b6lle&quot;, ein bayrisches Volksst\u00c3\u00bcck von Alfons Schweigert, aufgef\u00c3\u00bchrt von den Hofer Theaterspielern im K.U.L.T in Hof bei Salzburg, Regie: Gerard Es. Foto von der Generalprobe am 20.04.2017  \nFoto und Copyright: Moser Albert, Fotograf, 5201 Seekirchen, Weinbergstiege 1, Tel.: 0043-676-7550526 mailto:albert.moser@sbg.at  www.moser.zenfolio.com\"\n\t\t\t\t\tsrc=\"https:\/\/www.verlag-doppelpunkt.at\/bilderserien\/wp-content\/gallery\/theater-hof\/thumbs\/thumbs_ein-muenchner-im-himmel-und-in-der-hoelle-62.jpg\"\n\t\t\t\t\twidth=\"100\"\n\t\t\t\t\theight=\"66\"\n\t\t\t\t\tstyle=\"max-width:100%;\"\n\t\t\t\t\/>\n\t\t\t<\/a>\n\t\t<\/div>\n\t\t\t\t\t\t\t<\/div> \n\t\t\t\n\t\t\t\t<div id=\"ngg-image-59\" class=\"ngg-gallery-thumbnail-box \n\t\t\t\t\t\t\t\t\t\t\t\" \n\t\t\tstyle=\"display: none;\">\n\t\t\t\t\t\t<div class=\"ngg-gallery-thumbnail\">\n\t\t\t<a href=\"https:\/\/www.verlag-doppelpunkt.at\/bilderserien\/wp-content\/gallery\/theater-hof\/ein-muenchner-im-himmel-und-in-der-hoelle-63.jpg\"\n\t\t\t\ttitle=\"&quot;Ein M\u00fcnchner im Himmel und in der H\u00f6lle&quot;, ein bayrisches Volksst\u00fcck von Alfons Schweigert, aufgef\u00fchrt von den Hofer Theaterspielern im K.U.L.T in Hof bei Salzburg, Regie: Gerard Es. Foto von der Generalprobe am 20.04.2017  Foto und Copyright: Moser Albert, Fotograf, 5201 Seekirchen, Weinbergstiege 1, Tel.: 0043-676-7550526 mailto:albert.moser@sbg.at  www.moser.zenfolio.com\"\n\t\t\t\tdata-src=\"https:\/\/www.verlag-doppelpunkt.at\/bilderserien\/wp-content\/gallery\/theater-hof\/ein-muenchner-im-himmel-und-in-der-hoelle-63.jpg\"\n\t\t\t\tdata-thumbnail=\"https:\/\/www.verlag-doppelpunkt.at\/bilderserien\/wp-content\/gallery\/theater-hof\/thumbs\/thumbs_ein-muenchner-im-himmel-und-in-der-hoelle-63.jpg\"\n\t\t\t\tdata-image-id=\"16979\"\n\t\t\t\tdata-title=\"&quot;Ein M\u00c3\u00bcnchner im Himmel und in der H\u00c3\u00b6lle&quot;, ein bayrisches Volksst\u00c3\u00bcck von Alfons Schweigert, aufgef\u00c3\u00bchrt von den Hofer Theaterspielern im K.U.L.T in Hof bei Salzburg, Regie: Gerard Es. Foto von der Generalprobe am 20.04.2017  \nFoto und Copyright: Moser Albert, Fotograf, 5201 Seekirchen, Weinbergstiege 1, Tel.: 0043-676-7550526 mailto:albert.moser@sbg.at  www.moser.zenfolio.com\"\n\t\t\t\tdata-description=\"&quot;Ein M\u00fcnchner im Himmel und in der H\u00f6lle&quot;, ein bayrisches Volksst\u00fcck von Alfons Schweigert, aufgef\u00fchrt von den Hofer Theaterspielern im K.U.L.T in Hof bei Salzburg, Regie: Gerard Es. Foto von der Generalprobe am 20.04.2017  Foto und Copyright: Moser Albert, Fotograf, 5201 Seekirchen, Weinbergstiege 1, Tel.: 0043-676-7550526 mailto:albert.moser@sbg.at  www.moser.zenfolio.com\"\n\t\t\t\tdata-image-slug=\"ein-muenchner-im-himmel-und-in-der-hoelle-63\"\n\t\t\t\tclass=\"shutterset_2b4b6f1ea09554b95a64f5eb3e72ed4e\">\n\t\t\t\t<img\n\t\t\t\t\ttitle=\"&quot;Ein M\u00c3\u00bcnchner im Himmel und in der H\u00c3\u00b6lle&quot;, ein bayrisches Volksst\u00c3\u00bcck von Alfons Schweigert, aufgef\u00c3\u00bchrt von den Hofer Theaterspielern im K.U.L.T in Hof bei Salzburg, Regie: Gerard Es. Foto von der Generalprobe am 20.04.2017  \nFoto und Copyright: Moser Albert, Fotograf, 5201 Seekirchen, Weinbergstiege 1, Tel.: 0043-676-7550526 mailto:albert.moser@sbg.at  www.moser.zenfolio.com\"\n\t\t\t\t\talt=\"&quot;Ein M\u00c3\u00bcnchner im Himmel und in der H\u00c3\u00b6lle&quot;, ein bayrisches Volksst\u00c3\u00bcck von Alfons Schweigert, aufgef\u00c3\u00bchrt von den Hofer Theaterspielern im K.U.L.T in Hof bei Salzburg, Regie: Gerard Es. Foto von der Generalprobe am 20.04.2017  \nFoto und Copyright: Moser Albert, Fotograf, 5201 Seekirchen, Weinbergstiege 1, Tel.: 0043-676-7550526 mailto:albert.moser@sbg.at  www.moser.zenfolio.com\"\n\t\t\t\t\tsrc=\"https:\/\/www.verlag-doppelpunkt.at\/bilderserien\/wp-content\/gallery\/theater-hof\/thumbs\/thumbs_ein-muenchner-im-himmel-und-in-der-hoelle-63.jpg\"\n\t\t\t\t\twidth=\"100\"\n\t\t\t\t\theight=\"66\"\n\t\t\t\t\tstyle=\"max-width:100%;\"\n\t\t\t\t\/>\n\t\t\t<\/a>\n\t\t<\/div>\n\t\t\t\t\t\t\t<\/div> \n\t\t\t\n\t\t\t\t<div id=\"ngg-image-60\" class=\"ngg-gallery-thumbnail-box \n\t\t\t\t\t\t\t\t\t\t\t\" \n\t\t\tstyle=\"display: none;\">\n\t\t\t\t\t\t<div class=\"ngg-gallery-thumbnail\">\n\t\t\t<a href=\"https:\/\/www.verlag-doppelpunkt.at\/bilderserien\/wp-content\/gallery\/theater-hof\/ein-muenchner-im-himmel-und-in-der-hoelle-64.jpg\"\n\t\t\t\ttitle=\"&quot;Ein M\u00fcnchner im Himmel und in der H\u00f6lle&quot;, ein bayrisches Volksst\u00fcck von Alfons Schweigert, aufgef\u00fchrt von den Hofer Theaterspielern im K.U.L.T in Hof bei Salzburg, Regie: Gerard Es. Foto von der Generalprobe am 20.04.2017  Foto und Copyright: Moser Albert, Fotograf, 5201 Seekirchen, Weinbergstiege 1, Tel.: 0043-676-7550526 mailto:albert.moser@sbg.at  www.moser.zenfolio.com\"\n\t\t\t\tdata-src=\"https:\/\/www.verlag-doppelpunkt.at\/bilderserien\/wp-content\/gallery\/theater-hof\/ein-muenchner-im-himmel-und-in-der-hoelle-64.jpg\"\n\t\t\t\tdata-thumbnail=\"https:\/\/www.verlag-doppelpunkt.at\/bilderserien\/wp-content\/gallery\/theater-hof\/thumbs\/thumbs_ein-muenchner-im-himmel-und-in-der-hoelle-64.jpg\"\n\t\t\t\tdata-image-id=\"16980\"\n\t\t\t\tdata-title=\"&quot;Ein M\u00c3\u00bcnchner im Himmel und in der H\u00c3\u00b6lle&quot;, ein bayrisches Volksst\u00c3\u00bcck von Alfons Schweigert, aufgef\u00c3\u00bchrt von den Hofer Theaterspielern im K.U.L.T in Hof bei Salzburg, Regie: Gerard Es. Foto von der Generalprobe am 20.04.2017  \nFoto und Copyright: Moser Albert, Fotograf, 5201 Seekirchen, Weinbergstiege 1, Tel.: 0043-676-7550526 mailto:albert.moser@sbg.at  www.moser.zenfolio.com\"\n\t\t\t\tdata-description=\"&quot;Ein M\u00fcnchner im Himmel und in der H\u00f6lle&quot;, ein bayrisches Volksst\u00fcck von Alfons Schweigert, aufgef\u00fchrt von den Hofer Theaterspielern im K.U.L.T in Hof bei Salzburg, Regie: Gerard Es. Foto von der Generalprobe am 20.04.2017  Foto und Copyright: Moser Albert, Fotograf, 5201 Seekirchen, Weinbergstiege 1, Tel.: 0043-676-7550526 mailto:albert.moser@sbg.at  www.moser.zenfolio.com\"\n\t\t\t\tdata-image-slug=\"ein-muenchner-im-himmel-und-in-der-hoelle-64\"\n\t\t\t\tclass=\"shutterset_2b4b6f1ea09554b95a64f5eb3e72ed4e\">\n\t\t\t\t<img\n\t\t\t\t\ttitle=\"&quot;Ein M\u00c3\u00bcnchner im Himmel und in der H\u00c3\u00b6lle&quot;, ein bayrisches Volksst\u00c3\u00bcck von Alfons Schweigert, aufgef\u00c3\u00bchrt von den Hofer Theaterspielern im K.U.L.T in Hof bei Salzburg, Regie: Gerard Es. Foto von der Generalprobe am 20.04.2017  \nFoto und Copyright: Moser Albert, Fotograf, 5201 Seekirchen, Weinbergstiege 1, Tel.: 0043-676-7550526 mailto:albert.moser@sbg.at  www.moser.zenfolio.com\"\n\t\t\t\t\talt=\"&quot;Ein M\u00c3\u00bcnchner im Himmel und in der H\u00c3\u00b6lle&quot;, ein bayrisches Volksst\u00c3\u00bcck von Alfons Schweigert, aufgef\u00c3\u00bchrt von den Hofer Theaterspielern im K.U.L.T in Hof bei Salzburg, Regie: Gerard Es. Foto von der Generalprobe am 20.04.2017  \nFoto und Copyright: Moser Albert, Fotograf, 5201 Seekirchen, Weinbergstiege 1, Tel.: 0043-676-7550526 mailto:albert.moser@sbg.at  www.moser.zenfolio.com\"\n\t\t\t\t\tsrc=\"https:\/\/www.verlag-doppelpunkt.at\/bilderserien\/wp-content\/gallery\/theater-hof\/thumbs\/thumbs_ein-muenchner-im-himmel-und-in-der-hoelle-64.jpg\"\n\t\t\t\t\twidth=\"100\"\n\t\t\t\t\theight=\"66\"\n\t\t\t\t\tstyle=\"max-width:100%;\"\n\t\t\t\t\/>\n\t\t\t<\/a>\n\t\t<\/div>\n\t\t\t\t\t\t\t<\/div> \n\t\t\t\n\t\t\t\t<div id=\"ngg-image-61\" class=\"ngg-gallery-thumbnail-box \n\t\t\t\t\t\t\t\t\t\t\t\" \n\t\t\tstyle=\"display: none;\">\n\t\t\t\t\t\t<div class=\"ngg-gallery-thumbnail\">\n\t\t\t<a href=\"https:\/\/www.verlag-doppelpunkt.at\/bilderserien\/wp-content\/gallery\/theater-hof\/ein-muenchner-im-himmel-und-in-der-hoelle-65.jpg\"\n\t\t\t\ttitle=\"&quot;Ein M\u00fcnchner im Himmel und in der H\u00f6lle&quot;, ein bayrisches Volksst\u00fcck von Alfons Schweigert, aufgef\u00fchrt von den Hofer Theaterspielern im K.U.L.T in Hof bei Salzburg, Regie: Gerard Es. Foto von der Generalprobe am 20.04.2017  Foto und Copyright: Moser Albert, Fotograf, 5201 Seekirchen, Weinbergstiege 1, Tel.: 0043-676-7550526 mailto:albert.moser@sbg.at  www.moser.zenfolio.com\"\n\t\t\t\tdata-src=\"https:\/\/www.verlag-doppelpunkt.at\/bilderserien\/wp-content\/gallery\/theater-hof\/ein-muenchner-im-himmel-und-in-der-hoelle-65.jpg\"\n\t\t\t\tdata-thumbnail=\"https:\/\/www.verlag-doppelpunkt.at\/bilderserien\/wp-content\/gallery\/theater-hof\/thumbs\/thumbs_ein-muenchner-im-himmel-und-in-der-hoelle-65.jpg\"\n\t\t\t\tdata-image-id=\"16981\"\n\t\t\t\tdata-title=\"&quot;Ein M\u00c3\u00bcnchner im Himmel und in der H\u00c3\u00b6lle&quot;, ein bayrisches Volksst\u00c3\u00bcck von Alfons Schweigert, aufgef\u00c3\u00bchrt von den Hofer Theaterspielern im K.U.L.T in Hof bei Salzburg, Regie: Gerard Es. Foto von der Generalprobe am 20.04.2017  \nFoto und Copyright: Moser Albert, Fotograf, 5201 Seekirchen, Weinbergstiege 1, Tel.: 0043-676-7550526 mailto:albert.moser@sbg.at  www.moser.zenfolio.com\"\n\t\t\t\tdata-description=\"&quot;Ein M\u00fcnchner im Himmel und in der H\u00f6lle&quot;, ein bayrisches Volksst\u00fcck von Alfons Schweigert, aufgef\u00fchrt von den Hofer Theaterspielern im K.U.L.T in Hof bei Salzburg, Regie: Gerard Es. Foto von der Generalprobe am 20.04.2017  Foto und Copyright: Moser Albert, Fotograf, 5201 Seekirchen, Weinbergstiege 1, Tel.: 0043-676-7550526 mailto:albert.moser@sbg.at  www.moser.zenfolio.com\"\n\t\t\t\tdata-image-slug=\"ein-muenchner-im-himmel-und-in-der-hoelle-65\"\n\t\t\t\tclass=\"shutterset_2b4b6f1ea09554b95a64f5eb3e72ed4e\">\n\t\t\t\t<img\n\t\t\t\t\ttitle=\"&quot;Ein M\u00c3\u00bcnchner im Himmel und in der H\u00c3\u00b6lle&quot;, ein bayrisches Volksst\u00c3\u00bcck von Alfons Schweigert, aufgef\u00c3\u00bchrt von den Hofer Theaterspielern im K.U.L.T in Hof bei Salzburg, Regie: Gerard Es. Foto von der Generalprobe am 20.04.2017  \nFoto und Copyright: Moser Albert, Fotograf, 5201 Seekirchen, Weinbergstiege 1, Tel.: 0043-676-7550526 mailto:albert.moser@sbg.at  www.moser.zenfolio.com\"\n\t\t\t\t\talt=\"&quot;Ein M\u00c3\u00bcnchner im Himmel und in der H\u00c3\u00b6lle&quot;, ein bayrisches Volksst\u00c3\u00bcck von Alfons Schweigert, aufgef\u00c3\u00bchrt von den Hofer Theaterspielern im K.U.L.T in Hof bei Salzburg, Regie: Gerard Es. Foto von der Generalprobe am 20.04.2017  \nFoto und Copyright: Moser Albert, Fotograf, 5201 Seekirchen, Weinbergstiege 1, Tel.: 0043-676-7550526 mailto:albert.moser@sbg.at  www.moser.zenfolio.com\"\n\t\t\t\t\tsrc=\"https:\/\/www.verlag-doppelpunkt.at\/bilderserien\/wp-content\/gallery\/theater-hof\/thumbs\/thumbs_ein-muenchner-im-himmel-und-in-der-hoelle-65.jpg\"\n\t\t\t\t\twidth=\"100\"\n\t\t\t\t\theight=\"66\"\n\t\t\t\t\tstyle=\"max-width:100%;\"\n\t\t\t\t\/>\n\t\t\t<\/a>\n\t\t<\/div>\n\t\t\t\t\t\t\t<\/div> \n\t\t\t\n\t\t\t\t<div id=\"ngg-image-62\" class=\"ngg-gallery-thumbnail-box \n\t\t\t\t\t\t\t\t\t\t\t\" \n\t\t\tstyle=\"display: none;\">\n\t\t\t\t\t\t<div class=\"ngg-gallery-thumbnail\">\n\t\t\t<a href=\"https:\/\/www.verlag-doppelpunkt.at\/bilderserien\/wp-content\/gallery\/theater-hof\/ein-muenchner-im-himmel-und-in-der-hoelle-66.jpg\"\n\t\t\t\ttitle=\"&quot;Ein M\u00fcnchner im Himmel und in der H\u00f6lle&quot;, ein bayrisches Volksst\u00fcck von Alfons Schweigert, aufgef\u00fchrt von den Hofer Theaterspielern im K.U.L.T in Hof bei Salzburg, Regie: Gerard Es. Foto von der Generalprobe am 20.04.2017  Foto und Copyright: Moser Albert, Fotograf, 5201 Seekirchen, Weinbergstiege 1, Tel.: 0043-676-7550526 mailto:albert.moser@sbg.at  www.moser.zenfolio.com\"\n\t\t\t\tdata-src=\"https:\/\/www.verlag-doppelpunkt.at\/bilderserien\/wp-content\/gallery\/theater-hof\/ein-muenchner-im-himmel-und-in-der-hoelle-66.jpg\"\n\t\t\t\tdata-thumbnail=\"https:\/\/www.verlag-doppelpunkt.at\/bilderserien\/wp-content\/gallery\/theater-hof\/thumbs\/thumbs_ein-muenchner-im-himmel-und-in-der-hoelle-66.jpg\"\n\t\t\t\tdata-image-id=\"16982\"\n\t\t\t\tdata-title=\"&quot;Ein M\u00c3\u00bcnchner im Himmel und in der H\u00c3\u00b6lle&quot;, ein bayrisches Volksst\u00c3\u00bcck von Alfons Schweigert, aufgef\u00c3\u00bchrt von den Hofer Theaterspielern im K.U.L.T in Hof bei Salzburg, Regie: Gerard Es. Foto von der Generalprobe am 20.04.2017  \nFoto und Copyright: Moser Albert, Fotograf, 5201 Seekirchen, Weinbergstiege 1, Tel.: 0043-676-7550526 mailto:albert.moser@sbg.at  www.moser.zenfolio.com\"\n\t\t\t\tdata-description=\"&quot;Ein M\u00fcnchner im Himmel und in der H\u00f6lle&quot;, ein bayrisches Volksst\u00fcck von Alfons Schweigert, aufgef\u00fchrt von den Hofer Theaterspielern im K.U.L.T in Hof bei Salzburg, Regie: Gerard Es. Foto von der Generalprobe am 20.04.2017  Foto und Copyright: Moser Albert, Fotograf, 5201 Seekirchen, Weinbergstiege 1, Tel.: 0043-676-7550526 mailto:albert.moser@sbg.at  www.moser.zenfolio.com\"\n\t\t\t\tdata-image-slug=\"ein-muenchner-im-himmel-und-in-der-hoelle-66\"\n\t\t\t\tclass=\"shutterset_2b4b6f1ea09554b95a64f5eb3e72ed4e\">\n\t\t\t\t<img\n\t\t\t\t\ttitle=\"&quot;Ein M\u00c3\u00bcnchner im Himmel und in der H\u00c3\u00b6lle&quot;, ein bayrisches Volksst\u00c3\u00bcck von Alfons Schweigert, aufgef\u00c3\u00bchrt von den Hofer Theaterspielern im K.U.L.T in Hof bei Salzburg, Regie: Gerard Es. Foto von der Generalprobe am 20.04.2017  \nFoto und Copyright: Moser Albert, Fotograf, 5201 Seekirchen, Weinbergstiege 1, Tel.: 0043-676-7550526 mailto:albert.moser@sbg.at  www.moser.zenfolio.com\"\n\t\t\t\t\talt=\"&quot;Ein M\u00c3\u00bcnchner im Himmel und in der H\u00c3\u00b6lle&quot;, ein bayrisches Volksst\u00c3\u00bcck von Alfons Schweigert, aufgef\u00c3\u00bchrt von den Hofer Theaterspielern im K.U.L.T in Hof bei Salzburg, Regie: Gerard Es. Foto von der Generalprobe am 20.04.2017  \nFoto und Copyright: Moser Albert, Fotograf, 5201 Seekirchen, Weinbergstiege 1, Tel.: 0043-676-7550526 mailto:albert.moser@sbg.at  www.moser.zenfolio.com\"\n\t\t\t\t\tsrc=\"https:\/\/www.verlag-doppelpunkt.at\/bilderserien\/wp-content\/gallery\/theater-hof\/thumbs\/thumbs_ein-muenchner-im-himmel-und-in-der-hoelle-66.jpg\"\n\t\t\t\t\twidth=\"100\"\n\t\t\t\t\theight=\"66\"\n\t\t\t\t\tstyle=\"max-width:100%;\"\n\t\t\t\t\/>\n\t\t\t<\/a>\n\t\t<\/div>\n\t\t\t\t\t\t\t<\/div> \n\t\t\t\n\t\t\t\t<div id=\"ngg-image-63\" class=\"ngg-gallery-thumbnail-box \n\t\t\t\t\t\t\t\t\t\t\t\" \n\t\t\tstyle=\"display: none;\">\n\t\t\t\t\t\t<div class=\"ngg-gallery-thumbnail\">\n\t\t\t<a href=\"https:\/\/www.verlag-doppelpunkt.at\/bilderserien\/wp-content\/gallery\/theater-hof\/ein-muenchner-im-himmel-und-in-der-hoelle-7.jpg\"\n\t\t\t\ttitle=\"&quot;Ein M\u00fcnchner im Himmel und in der H\u00f6lle&quot;, ein bayrisches Volksst\u00fcck von Alfons Schweigert, aufgef\u00fchrt von den Hofer Theaterspielern im K.U.L.T in Hof bei Salzburg, Regie: Gerard Es. Foto von der Generalprobe am 20.04.2017  Foto und Copyright: Moser Albert, Fotograf, 5201 Seekirchen, Weinbergstiege 1, Tel.: 0043-676-7550526 mailto:albert.moser@sbg.at  www.moser.zenfolio.com\"\n\t\t\t\tdata-src=\"https:\/\/www.verlag-doppelpunkt.at\/bilderserien\/wp-content\/gallery\/theater-hof\/ein-muenchner-im-himmel-und-in-der-hoelle-7.jpg\"\n\t\t\t\tdata-thumbnail=\"https:\/\/www.verlag-doppelpunkt.at\/bilderserien\/wp-content\/gallery\/theater-hof\/thumbs\/thumbs_ein-muenchner-im-himmel-und-in-der-hoelle-7.jpg\"\n\t\t\t\tdata-image-id=\"16983\"\n\t\t\t\tdata-title=\"&quot;Ein M\u00c3\u00bcnchner im Himmel und in der H\u00c3\u00b6lle&quot;, ein bayrisches Volksst\u00c3\u00bcck von Alfons Schweigert, aufgef\u00c3\u00bchrt von den Hofer Theaterspielern im K.U.L.T in Hof bei Salzburg, Regie: Gerard Es. Foto von der Generalprobe am 20.04.2017  \nFoto und Copyright: Moser Albert, Fotograf, 5201 Seekirchen, Weinbergstiege 1, Tel.: 0043-676-7550526 mailto:albert.moser@sbg.at  www.moser.zenfolio.com\"\n\t\t\t\tdata-description=\"&quot;Ein M\u00fcnchner im Himmel und in der H\u00f6lle&quot;, ein bayrisches Volksst\u00fcck von Alfons Schweigert, aufgef\u00fchrt von den Hofer Theaterspielern im K.U.L.T in Hof bei Salzburg, Regie: Gerard Es. Foto von der Generalprobe am 20.04.2017  Foto und Copyright: Moser Albert, Fotograf, 5201 Seekirchen, Weinbergstiege 1, Tel.: 0043-676-7550526 mailto:albert.moser@sbg.at  www.moser.zenfolio.com\"\n\t\t\t\tdata-image-slug=\"ein-muenchner-im-himmel-und-in-der-hoelle-7\"\n\t\t\t\tclass=\"shutterset_2b4b6f1ea09554b95a64f5eb3e72ed4e\">\n\t\t\t\t<img\n\t\t\t\t\ttitle=\"&quot;Ein M\u00c3\u00bcnchner im Himmel und in der H\u00c3\u00b6lle&quot;, ein bayrisches Volksst\u00c3\u00bcck von Alfons Schweigert, aufgef\u00c3\u00bchrt von den Hofer Theaterspielern im K.U.L.T in Hof bei Salzburg, Regie: Gerard Es. Foto von der Generalprobe am 20.04.2017  \nFoto und Copyright: Moser Albert, Fotograf, 5201 Seekirchen, Weinbergstiege 1, Tel.: 0043-676-7550526 mailto:albert.moser@sbg.at  www.moser.zenfolio.com\"\n\t\t\t\t\talt=\"&quot;Ein M\u00c3\u00bcnchner im Himmel und in der H\u00c3\u00b6lle&quot;, ein bayrisches Volksst\u00c3\u00bcck von Alfons Schweigert, aufgef\u00c3\u00bchrt von den Hofer Theaterspielern im K.U.L.T in Hof bei Salzburg, Regie: Gerard Es. Foto von der Generalprobe am 20.04.2017  \nFoto und Copyright: Moser Albert, Fotograf, 5201 Seekirchen, Weinbergstiege 1, Tel.: 0043-676-7550526 mailto:albert.moser@sbg.at  www.moser.zenfolio.com\"\n\t\t\t\t\tsrc=\"https:\/\/www.verlag-doppelpunkt.at\/bilderserien\/wp-content\/gallery\/theater-hof\/thumbs\/thumbs_ein-muenchner-im-himmel-und-in-der-hoelle-7.jpg\"\n\t\t\t\t\twidth=\"100\"\n\t\t\t\t\theight=\"66\"\n\t\t\t\t\tstyle=\"max-width:100%;\"\n\t\t\t\t\/>\n\t\t\t<\/a>\n\t\t<\/div>\n\t\t\t\t\t\t\t<\/div> \n\t\t\t\n\t\t\t\t<div id=\"ngg-image-64\" class=\"ngg-gallery-thumbnail-box \n\t\t\t\t\t\t\t\t\t\t\t\" \n\t\t\tstyle=\"display: none;\">\n\t\t\t\t\t\t<div class=\"ngg-gallery-thumbnail\">\n\t\t\t<a href=\"https:\/\/www.verlag-doppelpunkt.at\/bilderserien\/wp-content\/gallery\/theater-hof\/ein-muenchner-im-himmel-und-in-der-hoelle-8.jpg\"\n\t\t\t\ttitle=\"&quot;Ein M\u00fcnchner im Himmel und in der H\u00f6lle&quot;, ein bayrisches Volksst\u00fcck von Alfons Schweigert, aufgef\u00fchrt von den Hofer Theaterspielern im K.U.L.T in Hof bei Salzburg, Regie: Gerard Es. Foto von der Generalprobe am 20.04.2017  Foto und Copyright: Moser Albert, Fotograf, 5201 Seekirchen, Weinbergstiege 1, Tel.: 0043-676-7550526 mailto:albert.moser@sbg.at  www.moser.zenfolio.com\"\n\t\t\t\tdata-src=\"https:\/\/www.verlag-doppelpunkt.at\/bilderserien\/wp-content\/gallery\/theater-hof\/ein-muenchner-im-himmel-und-in-der-hoelle-8.jpg\"\n\t\t\t\tdata-thumbnail=\"https:\/\/www.verlag-doppelpunkt.at\/bilderserien\/wp-content\/gallery\/theater-hof\/thumbs\/thumbs_ein-muenchner-im-himmel-und-in-der-hoelle-8.jpg\"\n\t\t\t\tdata-image-id=\"16984\"\n\t\t\t\tdata-title=\"&quot;Ein M\u00c3\u00bcnchner im Himmel und in der H\u00c3\u00b6lle&quot;, ein bayrisches Volksst\u00c3\u00bcck von Alfons Schweigert, aufgef\u00c3\u00bchrt von den Hofer Theaterspielern im K.U.L.T in Hof bei Salzburg, Regie: Gerard Es. Foto von der Generalprobe am 20.04.2017  \nFoto und Copyright: Moser Albert, Fotograf, 5201 Seekirchen, Weinbergstiege 1, Tel.: 0043-676-7550526 mailto:albert.moser@sbg.at  www.moser.zenfolio.com\"\n\t\t\t\tdata-description=\"&quot;Ein M\u00fcnchner im Himmel und in der H\u00f6lle&quot;, ein bayrisches Volksst\u00fcck von Alfons Schweigert, aufgef\u00fchrt von den Hofer Theaterspielern im K.U.L.T in Hof bei Salzburg, Regie: Gerard Es. Foto von der Generalprobe am 20.04.2017  Foto und Copyright: Moser Albert, Fotograf, 5201 Seekirchen, Weinbergstiege 1, Tel.: 0043-676-7550526 mailto:albert.moser@sbg.at  www.moser.zenfolio.com\"\n\t\t\t\tdata-image-slug=\"ein-muenchner-im-himmel-und-in-der-hoelle-8\"\n\t\t\t\tclass=\"shutterset_2b4b6f1ea09554b95a64f5eb3e72ed4e\">\n\t\t\t\t<img\n\t\t\t\t\ttitle=\"&quot;Ein M\u00c3\u00bcnchner im Himmel und in der H\u00c3\u00b6lle&quot;, ein bayrisches Volksst\u00c3\u00bcck von Alfons Schweigert, aufgef\u00c3\u00bchrt von den Hofer Theaterspielern im K.U.L.T in Hof bei Salzburg, Regie: Gerard Es. Foto von der Generalprobe am 20.04.2017  \nFoto und Copyright: Moser Albert, Fotograf, 5201 Seekirchen, Weinbergstiege 1, Tel.: 0043-676-7550526 mailto:albert.moser@sbg.at  www.moser.zenfolio.com\"\n\t\t\t\t\talt=\"&quot;Ein M\u00c3\u00bcnchner im Himmel und in der H\u00c3\u00b6lle&quot;, ein bayrisches Volksst\u00c3\u00bcck von Alfons Schweigert, aufgef\u00c3\u00bchrt von den Hofer Theaterspielern im K.U.L.T in Hof bei Salzburg, Regie: Gerard Es. Foto von der Generalprobe am 20.04.2017  \nFoto und Copyright: Moser Albert, Fotograf, 5201 Seekirchen, Weinbergstiege 1, Tel.: 0043-676-7550526 mailto:albert.moser@sbg.at  www.moser.zenfolio.com\"\n\t\t\t\t\tsrc=\"https:\/\/www.verlag-doppelpunkt.at\/bilderserien\/wp-content\/gallery\/theater-hof\/thumbs\/thumbs_ein-muenchner-im-himmel-und-in-der-hoelle-8.jpg\"\n\t\t\t\t\twidth=\"100\"\n\t\t\t\t\theight=\"66\"\n\t\t\t\t\tstyle=\"max-width:100%;\"\n\t\t\t\t\/>\n\t\t\t<\/a>\n\t\t<\/div>\n\t\t\t\t\t\t\t<\/div> \n\t\t\t\n\t\t\t\t<div id=\"ngg-image-65\" class=\"ngg-gallery-thumbnail-box \n\t\t\t\t\t\t\t\t\t\t\t\" \n\t\t\tstyle=\"display: none;\">\n\t\t\t\t\t\t<div class=\"ngg-gallery-thumbnail\">\n\t\t\t<a href=\"https:\/\/www.verlag-doppelpunkt.at\/bilderserien\/wp-content\/gallery\/theater-hof\/ein-muenchner-im-himmel-und-in-der-hoelle-9.jpg\"\n\t\t\t\ttitle=\"&quot;Ein M\u00fcnchner im Himmel und in der H\u00f6lle&quot;, ein bayrisches Volksst\u00fcck von Alfons Schweigert, aufgef\u00fchrt von den Hofer Theaterspielern im K.U.L.T in Hof bei Salzburg, Regie: Gerard Es. Foto von der Generalprobe am 20.04.2017  Foto und Copyright: Moser Albert, Fotograf, 5201 Seekirchen, Weinbergstiege 1, Tel.: 0043-676-7550526 mailto:albert.moser@sbg.at  www.moser.zenfolio.com\"\n\t\t\t\tdata-src=\"https:\/\/www.verlag-doppelpunkt.at\/bilderserien\/wp-content\/gallery\/theater-hof\/ein-muenchner-im-himmel-und-in-der-hoelle-9.jpg\"\n\t\t\t\tdata-thumbnail=\"https:\/\/www.verlag-doppelpunkt.at\/bilderserien\/wp-content\/gallery\/theater-hof\/thumbs\/thumbs_ein-muenchner-im-himmel-und-in-der-hoelle-9.jpg\"\n\t\t\t\tdata-image-id=\"16985\"\n\t\t\t\tdata-title=\"&quot;Ein M\u00c3\u00bcnchner im Himmel und in der H\u00c3\u00b6lle&quot;, ein bayrisches Volksst\u00c3\u00bcck von Alfons Schweigert, aufgef\u00c3\u00bchrt von den Hofer Theaterspielern im K.U.L.T in Hof bei Salzburg, Regie: Gerard Es. Foto von der Generalprobe am 20.04.2017  \nFoto und Copyright: Moser Albert, Fotograf, 5201 Seekirchen, Weinbergstiege 1, Tel.: 0043-676-7550526 mailto:albert.moser@sbg.at  www.moser.zenfolio.com\"\n\t\t\t\tdata-description=\"&quot;Ein M\u00fcnchner im Himmel und in der H\u00f6lle&quot;, ein bayrisches Volksst\u00fcck von Alfons Schweigert, aufgef\u00fchrt von den Hofer Theaterspielern im K.U.L.T in Hof bei Salzburg, Regie: Gerard Es. Foto von der Generalprobe am 20.04.2017  Foto und Copyright: Moser Albert, Fotograf, 5201 Seekirchen, Weinbergstiege 1, Tel.: 0043-676-7550526 mailto:albert.moser@sbg.at  www.moser.zenfolio.com\"\n\t\t\t\tdata-image-slug=\"ein-muenchner-im-himmel-und-in-der-hoelle-9\"\n\t\t\t\tclass=\"shutterset_2b4b6f1ea09554b95a64f5eb3e72ed4e\">\n\t\t\t\t<img\n\t\t\t\t\ttitle=\"&quot;Ein M\u00c3\u00bcnchner im Himmel und in der H\u00c3\u00b6lle&quot;, ein bayrisches Volksst\u00c3\u00bcck von Alfons Schweigert, aufgef\u00c3\u00bchrt von den Hofer Theaterspielern im K.U.L.T in Hof bei Salzburg, Regie: Gerard Es. Foto von der Generalprobe am 20.04.2017  \nFoto und Copyright: Moser Albert, Fotograf, 5201 Seekirchen, Weinbergstiege 1, Tel.: 0043-676-7550526 mailto:albert.moser@sbg.at  www.moser.zenfolio.com\"\n\t\t\t\t\talt=\"&quot;Ein M\u00c3\u00bcnchner im Himmel und in der H\u00c3\u00b6lle&quot;, ein bayrisches Volksst\u00c3\u00bcck von Alfons Schweigert, aufgef\u00c3\u00bchrt von den Hofer Theaterspielern im K.U.L.T in Hof bei Salzburg, Regie: Gerard Es. Foto von der Generalprobe am 20.04.2017  \nFoto und Copyright: Moser Albert, Fotograf, 5201 Seekirchen, Weinbergstiege 1, Tel.: 0043-676-7550526 mailto:albert.moser@sbg.at  www.moser.zenfolio.com\"\n\t\t\t\t\tsrc=\"https:\/\/www.verlag-doppelpunkt.at\/bilderserien\/wp-content\/gallery\/theater-hof\/thumbs\/thumbs_ein-muenchner-im-himmel-und-in-der-hoelle-9.jpg\"\n\t\t\t\t\twidth=\"100\"\n\t\t\t\t\theight=\"66\"\n\t\t\t\t\tstyle=\"max-width:100%;\"\n\t\t\t\t\/>\n\t\t\t<\/a>\n\t\t<\/div>\n\t\t\t\t\t\t\t<\/div> \n\t\t\t\n\t\n\t<br style=\"clear: both\" \/>\n\n\t\n\t\t<!-- Pagination -->\n\t\t<div class='ngg-navigation'><span class='current'>1<\/span>\n<a class='page-numbers' data-pageid='2' href='https:\/\/www.verlag-doppelpunkt.at\/bilderserien\/ein-muenchner-im-himmel-und-in-der-hoelle\/nggallery\/page\/2'>2<\/a>\n<span class='ellipsis'>...<\/span>\n<a class='page-numbers' data-pageid='4' href='https:\/\/www.verlag-doppelpunkt.at\/bilderserien\/ein-muenchner-im-himmel-und-in-der-hoelle\/nggallery\/page\/4'>4<\/a>\n<a class='prev' href='https:\/\/www.verlag-doppelpunkt.at\/bilderserien\/ein-muenchner-im-himmel-und-in-der-hoelle\/nggallery\/page\/2' data-pageid=2>&#9658;<\/a><\/div>\t<\/div>\n\n","protected":false},"excerpt":{"rendered":"<p>Wie es dem M\u00fcnchen im Himmel ergeht, wissen wir ja. Er will nicht halleluja singen, er will sein Bier trinken anstatt himmlischem Manna, mit dem \u201eboanigen Engel\u201c will er schon [&hellip;]<\/p>\n","protected":false},"author":3,"featured_media":5872,"comment_status":"closed","ping_status":"open","sticky":false,"template":"","format":"standard","meta":{"ngg_post_thumbnail":0,"footnotes":""},"categories":[332],"tags":[],"_links":{"self":[{"href":"https:\/\/www.verlag-doppelpunkt.at\/bilderserien\/wp-json\/wp\/v2\/posts\/5450"}],"collection":[{"href":"https:\/\/www.verlag-doppelpunkt.at\/bilderserien\/wp-json\/wp\/v2\/posts"}],"about":[{"href":"https:\/\/www.verlag-doppelpunkt.at\/bilderserien\/wp-json\/wp\/v2\/types\/post"}],"author":[{"embeddable":true,"href":"https:\/\/www.verlag-doppelpunkt.at\/bilderserien\/wp-json\/wp\/v2\/users\/3"}],"replies":[{"embeddable":true,"href":"https:\/\/www.verlag-doppelpunkt.at\/bilderserien\/wp-json\/wp\/v2\/comments?post=5450"}],"version-history":[{"count":6,"href":"https:\/\/www.verlag-doppelpunkt.at\/bilderserien\/wp-json\/wp\/v2\/posts\/5450\/revisions"}],"predecessor-version":[{"id":5873,"href":"https:\/\/www.verlag-doppelpunkt.at\/bilderserien\/wp-json\/wp\/v2\/posts\/5450\/revisions\/5873"}],"wp:featuredmedia":[{"embeddable":true,"href":"https:\/\/www.verlag-doppelpunkt.at\/bilderserien\/wp-json\/wp\/v2\/media\/5872"}],"wp:attachment":[{"href":"https:\/\/www.verlag-doppelpunkt.at\/bilderserien\/wp-json\/wp\/v2\/media?parent=5450"}],"wp:term":[{"taxonomy":"category","embeddable":true,"href":"https:\/\/www.verlag-doppelpunkt.at\/bilderserien\/wp-json\/wp\/v2\/categories?post=5450"},{"taxonomy":"post_tag","embeddable":true,"href":"https:\/\/www.verlag-doppelpunkt.at\/bilderserien\/wp-json\/wp\/v2\/tags?post=5450"}],"curies":[{"name":"wp","href":"https:\/\/api.w.org\/{rel}","templated":true}]}}