{"id":6818,"date":"2023-05-30T11:22:25","date_gmt":"2023-05-30T09:22:25","guid":{"rendered":"https:\/\/www.verlag-doppelpunkt.at\/bilderserien\/?p=6818"},"modified":"2023-05-30T11:26:36","modified_gmt":"2023-05-30T09:26:36","slug":"gelungene-weltpremiere-in-hof","status":"publish","type":"post","link":"https:\/\/www.verlag-doppelpunkt.at\/bilderserien\/gelungene-weltpremiere-in-hof\/","title":{"rendered":"Gelungene Weltpremiere in Hof"},"content":{"rendered":"<p>Im K.U.L.T. in Hof fand eine Weltpremiere statt und wurde vom Publikum frenetisch gefeiert: Die MUS-EN pr\u00e4sentieren im 13. Bestandsjahr ihr erstes Auftragswerk mit dem Titel \u201eGoldene Zeiten\u201c. Das Autor-Duo Gerald Stedile und Corina Maresch hat die Romanvorlage \u201eBewster&#8217;s Millions\u201c komplett neu interpretiert und ins Wien der 1920er-Jahre versetzt. Der nieder\u00f6sterreichische Komponist G\u00fcnther Fiala hat den Stoff passend vertont. Am 2. und 3. Juni finden noch Auff\u00fchrungen statt.<!--StartFragment--><\/p>\n\n\n<p>Bilder: Albert Moser<br><\/p>\n\n\n\n<p><strong><!-- default-view.php -->\n<div\n\tclass=\"ngg-galleryoverview default-view \n\t\t\"\n\tid=\"ngg-gallery-5c45020b5c0191cd8af3e662ca216882-1\">\n\n\t\t<!-- Thumbnails -->\n\t\t\t\t<div id=\"ngg-image-0\" class=\"ngg-gallery-thumbnail-box \n\t\t\t\t\t\t\t\t\t\t\t\" \n\t\t\t>\n\t\t\t\t\t\t<div class=\"ngg-gallery-thumbnail\">\n\t\t\t<a href=\"https:\/\/www.verlag-doppelpunkt.at\/bilderserien\/wp-content\/gallery\/goldene-zeiten\/2023-05-25_01-mus-en-goldene-zeiten.jpg\"\n\t\t\t\ttitle=\"Weltpremiere des Musical &quot;Goldene Zeiten&quot;, aufgef\u00fchrt von den Mus-en; Probe im K.U.L.T in Hof bei Salzburg am 25.05.2023  Foto und Copyright: Moser Albert, Fotograf, 5201 Seekirchen, Weinbergstiege 1, Tel.: 0043-676-7550526 mailto:albert.moser@sbg.at  www.moser.zenfolio.com\"\n\t\t\t\tdata-src=\"https:\/\/www.verlag-doppelpunkt.at\/bilderserien\/wp-content\/gallery\/goldene-zeiten\/2023-05-25_01-mus-en-goldene-zeiten.jpg\"\n\t\t\t\tdata-thumbnail=\"https:\/\/www.verlag-doppelpunkt.at\/bilderserien\/wp-content\/gallery\/goldene-zeiten\/thumbs\/thumbs_2023-05-25_01-mus-en-goldene-zeiten.jpg\"\n\t\t\t\tdata-image-id=\"21724\"\n\t\t\t\tdata-title=\"Weltpremiere des Musical &quot;Goldene Zeiten&quot;, aufgef\u00c3\u00bchrt von den Mus-en; \nProbe im K.U.L.T in Hof bei Salzburg am 25.05.2023  \nFoto und Copyright: Moser Albert, Fotograf, 5201 Seekirchen, Weinbergstiege 1, Tel.: 0043-676-7550526 mailto:albert.moser@sbg.at  www.moser.zenfolio.com\"\n\t\t\t\tdata-description=\"Weltpremiere des Musical &quot;Goldene Zeiten&quot;, aufgef\u00fchrt von den Mus-en; Probe im K.U.L.T in Hof bei Salzburg am 25.05.2023  Foto und Copyright: Moser Albert, Fotograf, 5201 Seekirchen, Weinbergstiege 1, Tel.: 0043-676-7550526 mailto:albert.moser@sbg.at  www.moser.zenfolio.com\"\n\t\t\t\tdata-image-slug=\"2023-05-25_01-mus-en-goldene-zeiten\"\n\t\t\t\tclass=\"shutterset_5c45020b5c0191cd8af3e662ca216882\">\n\t\t\t\t<img\n\t\t\t\t\ttitle=\"Weltpremiere des Musical &quot;Goldene Zeiten&quot;, aufgef\u00c3\u00bchrt von den Mus-en; \nProbe im K.U.L.T in Hof bei Salzburg am 25.05.2023  \nFoto und Copyright: Moser Albert, Fotograf, 5201 Seekirchen, Weinbergstiege 1, Tel.: 0043-676-7550526 mailto:albert.moser@sbg.at  www.moser.zenfolio.com\"\n\t\t\t\t\talt=\"Weltpremiere des Musical &quot;Goldene Zeiten&quot;, aufgef\u00c3\u00bchrt von den Mus-en; \nProbe im K.U.L.T in Hof bei Salzburg am 25.05.2023  \nFoto und Copyright: Moser Albert, Fotograf, 5201 Seekirchen, Weinbergstiege 1, Tel.: 0043-676-7550526 mailto:albert.moser@sbg.at  www.moser.zenfolio.com\"\n\t\t\t\t\tsrc=\"https:\/\/www.verlag-doppelpunkt.at\/bilderserien\/wp-content\/gallery\/goldene-zeiten\/thumbs\/thumbs_2023-05-25_01-mus-en-goldene-zeiten.jpg\"\n\t\t\t\t\twidth=\"100\"\n\t\t\t\t\theight=\"75\"\n\t\t\t\t\tstyle=\"max-width:100%;\"\n\t\t\t\t\/>\n\t\t\t<\/a>\n\t\t<\/div>\n\t\t\t\t\t\t\t<\/div> \n\t\t\t\n\t\t\t\t<div id=\"ngg-image-1\" class=\"ngg-gallery-thumbnail-box \n\t\t\t\t\t\t\t\t\t\t\t\" \n\t\t\t>\n\t\t\t\t\t\t<div class=\"ngg-gallery-thumbnail\">\n\t\t\t<a href=\"https:\/\/www.verlag-doppelpunkt.at\/bilderserien\/wp-content\/gallery\/goldene-zeiten\/2023-05-25_02-mus-en-goldene-zeiten.jpg\"\n\t\t\t\ttitle=\"Weltpremiere des Musical &quot;Goldene Zeiten&quot;, aufgef\u00fchrt von den Mus-en; Probe im K.U.L.T in Hof bei Salzburg am 25.05.2023  Foto und Copyright: Moser Albert, Fotograf, 5201 Seekirchen, Weinbergstiege 1, Tel.: 0043-676-7550526 mailto:albert.moser@sbg.at  www.moser.zenfolio.com\"\n\t\t\t\tdata-src=\"https:\/\/www.verlag-doppelpunkt.at\/bilderserien\/wp-content\/gallery\/goldene-zeiten\/2023-05-25_02-mus-en-goldene-zeiten.jpg\"\n\t\t\t\tdata-thumbnail=\"https:\/\/www.verlag-doppelpunkt.at\/bilderserien\/wp-content\/gallery\/goldene-zeiten\/thumbs\/thumbs_2023-05-25_02-mus-en-goldene-zeiten.jpg\"\n\t\t\t\tdata-image-id=\"21725\"\n\t\t\t\tdata-title=\"Weltpremiere des Musical &quot;Goldene Zeiten&quot;, aufgef\u00c3\u00bchrt von den Mus-en; \nProbe im K.U.L.T in Hof bei Salzburg am 25.05.2023  \nFoto und Copyright: Moser Albert, Fotograf, 5201 Seekirchen, Weinbergstiege 1, Tel.: 0043-676-7550526 mailto:albert.moser@sbg.at  www.moser.zenfolio.com\"\n\t\t\t\tdata-description=\"Weltpremiere des Musical &quot;Goldene Zeiten&quot;, aufgef\u00fchrt von den Mus-en; Probe im K.U.L.T in Hof bei Salzburg am 25.05.2023  Foto und Copyright: Moser Albert, Fotograf, 5201 Seekirchen, Weinbergstiege 1, Tel.: 0043-676-7550526 mailto:albert.moser@sbg.at  www.moser.zenfolio.com\"\n\t\t\t\tdata-image-slug=\"2023-05-25_02-mus-en-goldene-zeiten\"\n\t\t\t\tclass=\"shutterset_5c45020b5c0191cd8af3e662ca216882\">\n\t\t\t\t<img\n\t\t\t\t\ttitle=\"Weltpremiere des Musical &quot;Goldene Zeiten&quot;, aufgef\u00c3\u00bchrt von den Mus-en; \nProbe im K.U.L.T in Hof bei Salzburg am 25.05.2023  \nFoto und Copyright: Moser Albert, Fotograf, 5201 Seekirchen, Weinbergstiege 1, Tel.: 0043-676-7550526 mailto:albert.moser@sbg.at  www.moser.zenfolio.com\"\n\t\t\t\t\talt=\"Weltpremiere des Musical &quot;Goldene Zeiten&quot;, aufgef\u00c3\u00bchrt von den Mus-en; \nProbe im K.U.L.T in Hof bei Salzburg am 25.05.2023  \nFoto und Copyright: Moser Albert, Fotograf, 5201 Seekirchen, Weinbergstiege 1, Tel.: 0043-676-7550526 mailto:albert.moser@sbg.at  www.moser.zenfolio.com\"\n\t\t\t\t\tsrc=\"https:\/\/www.verlag-doppelpunkt.at\/bilderserien\/wp-content\/gallery\/goldene-zeiten\/thumbs\/thumbs_2023-05-25_02-mus-en-goldene-zeiten.jpg\"\n\t\t\t\t\twidth=\"100\"\n\t\t\t\t\theight=\"75\"\n\t\t\t\t\tstyle=\"max-width:100%;\"\n\t\t\t\t\/>\n\t\t\t<\/a>\n\t\t<\/div>\n\t\t\t\t\t\t\t<\/div> \n\t\t\t\n\t\t\t\t<div id=\"ngg-image-2\" class=\"ngg-gallery-thumbnail-box \n\t\t\t\t\t\t\t\t\t\t\t\" \n\t\t\t>\n\t\t\t\t\t\t<div class=\"ngg-gallery-thumbnail\">\n\t\t\t<a href=\"https:\/\/www.verlag-doppelpunkt.at\/bilderserien\/wp-content\/gallery\/goldene-zeiten\/2023-05-25_03-mus-en-goldene-zeiten.jpg\"\n\t\t\t\ttitle=\"Weltpremiere des Musical &quot;Goldene Zeiten&quot;, aufgef\u00fchrt von den Mus-en; Probe im K.U.L.T in Hof bei Salzburg am 25.05.2023  Foto und Copyright: Moser Albert, Fotograf, 5201 Seekirchen, Weinbergstiege 1, Tel.: 0043-676-7550526 mailto:albert.moser@sbg.at  www.moser.zenfolio.com\"\n\t\t\t\tdata-src=\"https:\/\/www.verlag-doppelpunkt.at\/bilderserien\/wp-content\/gallery\/goldene-zeiten\/2023-05-25_03-mus-en-goldene-zeiten.jpg\"\n\t\t\t\tdata-thumbnail=\"https:\/\/www.verlag-doppelpunkt.at\/bilderserien\/wp-content\/gallery\/goldene-zeiten\/thumbs\/thumbs_2023-05-25_03-mus-en-goldene-zeiten.jpg\"\n\t\t\t\tdata-image-id=\"21726\"\n\t\t\t\tdata-title=\"Weltpremiere des Musical &quot;Goldene Zeiten&quot;, aufgef\u00c3\u00bchrt von den Mus-en; \nProbe im K.U.L.T in Hof bei Salzburg am 25.05.2023  \nFoto und Copyright: Moser Albert, Fotograf, 5201 Seekirchen, Weinbergstiege 1, Tel.: 0043-676-7550526 mailto:albert.moser@sbg.at  www.moser.zenfolio.com\"\n\t\t\t\tdata-description=\"Weltpremiere des Musical &quot;Goldene Zeiten&quot;, aufgef\u00fchrt von den Mus-en; Probe im K.U.L.T in Hof bei Salzburg am 25.05.2023  Foto und Copyright: Moser Albert, Fotograf, 5201 Seekirchen, Weinbergstiege 1, Tel.: 0043-676-7550526 mailto:albert.moser@sbg.at  www.moser.zenfolio.com\"\n\t\t\t\tdata-image-slug=\"2023-05-25_03-mus-en-goldene-zeiten\"\n\t\t\t\tclass=\"shutterset_5c45020b5c0191cd8af3e662ca216882\">\n\t\t\t\t<img\n\t\t\t\t\ttitle=\"Weltpremiere des Musical &quot;Goldene Zeiten&quot;, aufgef\u00c3\u00bchrt von den Mus-en; \nProbe im K.U.L.T in Hof bei Salzburg am 25.05.2023  \nFoto und Copyright: Moser Albert, Fotograf, 5201 Seekirchen, Weinbergstiege 1, Tel.: 0043-676-7550526 mailto:albert.moser@sbg.at  www.moser.zenfolio.com\"\n\t\t\t\t\talt=\"Weltpremiere des Musical &quot;Goldene Zeiten&quot;, aufgef\u00c3\u00bchrt von den Mus-en; \nProbe im K.U.L.T in Hof bei Salzburg am 25.05.2023  \nFoto und Copyright: Moser Albert, Fotograf, 5201 Seekirchen, Weinbergstiege 1, Tel.: 0043-676-7550526 mailto:albert.moser@sbg.at  www.moser.zenfolio.com\"\n\t\t\t\t\tsrc=\"https:\/\/www.verlag-doppelpunkt.at\/bilderserien\/wp-content\/gallery\/goldene-zeiten\/thumbs\/thumbs_2023-05-25_03-mus-en-goldene-zeiten.jpg\"\n\t\t\t\t\twidth=\"100\"\n\t\t\t\t\theight=\"75\"\n\t\t\t\t\tstyle=\"max-width:100%;\"\n\t\t\t\t\/>\n\t\t\t<\/a>\n\t\t<\/div>\n\t\t\t\t\t\t\t<\/div> \n\t\t\t\n\t\t\t\t<div id=\"ngg-image-3\" class=\"ngg-gallery-thumbnail-box \n\t\t\t\t\t\t\t\t\t\t\t\" \n\t\t\t>\n\t\t\t\t\t\t<div class=\"ngg-gallery-thumbnail\">\n\t\t\t<a href=\"https:\/\/www.verlag-doppelpunkt.at\/bilderserien\/wp-content\/gallery\/goldene-zeiten\/2023-05-25_04-mus-en-goldene-zeiten.jpg\"\n\t\t\t\ttitle=\"Weltpremiere des Musical &quot;Goldene Zeiten&quot;, aufgef\u00fchrt von den Mus-en; Probe im K.U.L.T in Hof bei Salzburg am 25.05.2023  Foto und Copyright: Moser Albert, Fotograf, 5201 Seekirchen, Weinbergstiege 1, Tel.: 0043-676-7550526 mailto:albert.moser@sbg.at  www.moser.zenfolio.com\"\n\t\t\t\tdata-src=\"https:\/\/www.verlag-doppelpunkt.at\/bilderserien\/wp-content\/gallery\/goldene-zeiten\/2023-05-25_04-mus-en-goldene-zeiten.jpg\"\n\t\t\t\tdata-thumbnail=\"https:\/\/www.verlag-doppelpunkt.at\/bilderserien\/wp-content\/gallery\/goldene-zeiten\/thumbs\/thumbs_2023-05-25_04-mus-en-goldene-zeiten.jpg\"\n\t\t\t\tdata-image-id=\"21727\"\n\t\t\t\tdata-title=\"Weltpremiere des Musical &quot;Goldene Zeiten&quot;, aufgef\u00c3\u00bchrt von den Mus-en; \nProbe im K.U.L.T in Hof bei Salzburg am 25.05.2023  \nFoto und Copyright: Moser Albert, Fotograf, 5201 Seekirchen, Weinbergstiege 1, Tel.: 0043-676-7550526 mailto:albert.moser@sbg.at  www.moser.zenfolio.com\"\n\t\t\t\tdata-description=\"Weltpremiere des Musical &quot;Goldene Zeiten&quot;, aufgef\u00fchrt von den Mus-en; Probe im K.U.L.T in Hof bei Salzburg am 25.05.2023  Foto und Copyright: Moser Albert, Fotograf, 5201 Seekirchen, Weinbergstiege 1, Tel.: 0043-676-7550526 mailto:albert.moser@sbg.at  www.moser.zenfolio.com\"\n\t\t\t\tdata-image-slug=\"2023-05-25_04-mus-en-goldene-zeiten\"\n\t\t\t\tclass=\"shutterset_5c45020b5c0191cd8af3e662ca216882\">\n\t\t\t\t<img\n\t\t\t\t\ttitle=\"Weltpremiere des Musical &quot;Goldene Zeiten&quot;, aufgef\u00c3\u00bchrt von den Mus-en; \nProbe im K.U.L.T in Hof bei Salzburg am 25.05.2023  \nFoto und Copyright: Moser Albert, Fotograf, 5201 Seekirchen, Weinbergstiege 1, Tel.: 0043-676-7550526 mailto:albert.moser@sbg.at  www.moser.zenfolio.com\"\n\t\t\t\t\talt=\"Weltpremiere des Musical &quot;Goldene Zeiten&quot;, aufgef\u00c3\u00bchrt von den Mus-en; \nProbe im K.U.L.T in Hof bei Salzburg am 25.05.2023  \nFoto und Copyright: Moser Albert, Fotograf, 5201 Seekirchen, Weinbergstiege 1, Tel.: 0043-676-7550526 mailto:albert.moser@sbg.at  www.moser.zenfolio.com\"\n\t\t\t\t\tsrc=\"https:\/\/www.verlag-doppelpunkt.at\/bilderserien\/wp-content\/gallery\/goldene-zeiten\/thumbs\/thumbs_2023-05-25_04-mus-en-goldene-zeiten.jpg\"\n\t\t\t\t\twidth=\"100\"\n\t\t\t\t\theight=\"75\"\n\t\t\t\t\tstyle=\"max-width:100%;\"\n\t\t\t\t\/>\n\t\t\t<\/a>\n\t\t<\/div>\n\t\t\t\t\t\t\t<\/div> \n\t\t\t\n\t\t\t\t<div id=\"ngg-image-4\" class=\"ngg-gallery-thumbnail-box \n\t\t\t\t\t\t\t\t\t\t\t\" \n\t\t\t>\n\t\t\t\t\t\t<div class=\"ngg-gallery-thumbnail\">\n\t\t\t<a href=\"https:\/\/www.verlag-doppelpunkt.at\/bilderserien\/wp-content\/gallery\/goldene-zeiten\/2023-05-25_05-mus-en-goldene-zeiten.jpg\"\n\t\t\t\ttitle=\"Weltpremiere des Musical &quot;Goldene Zeiten&quot;, aufgef\u00fchrt von den Mus-en; Probe im K.U.L.T in Hof bei Salzburg am 25.05.2023  Foto und Copyright: Moser Albert, Fotograf, 5201 Seekirchen, Weinbergstiege 1, Tel.: 0043-676-7550526 mailto:albert.moser@sbg.at  www.moser.zenfolio.com\"\n\t\t\t\tdata-src=\"https:\/\/www.verlag-doppelpunkt.at\/bilderserien\/wp-content\/gallery\/goldene-zeiten\/2023-05-25_05-mus-en-goldene-zeiten.jpg\"\n\t\t\t\tdata-thumbnail=\"https:\/\/www.verlag-doppelpunkt.at\/bilderserien\/wp-content\/gallery\/goldene-zeiten\/thumbs\/thumbs_2023-05-25_05-mus-en-goldene-zeiten.jpg\"\n\t\t\t\tdata-image-id=\"21728\"\n\t\t\t\tdata-title=\"Weltpremiere des Musical &quot;Goldene Zeiten&quot;, aufgef\u00c3\u00bchrt von den Mus-en; \nProbe im K.U.L.T in Hof bei Salzburg am 25.05.2023  \nFoto und Copyright: Moser Albert, Fotograf, 5201 Seekirchen, Weinbergstiege 1, Tel.: 0043-676-7550526 mailto:albert.moser@sbg.at  www.moser.zenfolio.com\"\n\t\t\t\tdata-description=\"Weltpremiere des Musical &quot;Goldene Zeiten&quot;, aufgef\u00fchrt von den Mus-en; Probe im K.U.L.T in Hof bei Salzburg am 25.05.2023  Foto und Copyright: Moser Albert, Fotograf, 5201 Seekirchen, Weinbergstiege 1, Tel.: 0043-676-7550526 mailto:albert.moser@sbg.at  www.moser.zenfolio.com\"\n\t\t\t\tdata-image-slug=\"2023-05-25_05-mus-en-goldene-zeiten\"\n\t\t\t\tclass=\"shutterset_5c45020b5c0191cd8af3e662ca216882\">\n\t\t\t\t<img\n\t\t\t\t\ttitle=\"Weltpremiere des Musical &quot;Goldene Zeiten&quot;, aufgef\u00c3\u00bchrt von den Mus-en; \nProbe im K.U.L.T in Hof bei Salzburg am 25.05.2023  \nFoto und Copyright: Moser Albert, Fotograf, 5201 Seekirchen, Weinbergstiege 1, Tel.: 0043-676-7550526 mailto:albert.moser@sbg.at  www.moser.zenfolio.com\"\n\t\t\t\t\talt=\"Weltpremiere des Musical &quot;Goldene Zeiten&quot;, aufgef\u00c3\u00bchrt von den Mus-en; \nProbe im K.U.L.T in Hof bei Salzburg am 25.05.2023  \nFoto und Copyright: Moser Albert, Fotograf, 5201 Seekirchen, Weinbergstiege 1, Tel.: 0043-676-7550526 mailto:albert.moser@sbg.at  www.moser.zenfolio.com\"\n\t\t\t\t\tsrc=\"https:\/\/www.verlag-doppelpunkt.at\/bilderserien\/wp-content\/gallery\/goldene-zeiten\/thumbs\/thumbs_2023-05-25_05-mus-en-goldene-zeiten.jpg\"\n\t\t\t\t\twidth=\"100\"\n\t\t\t\t\theight=\"75\"\n\t\t\t\t\tstyle=\"max-width:100%;\"\n\t\t\t\t\/>\n\t\t\t<\/a>\n\t\t<\/div>\n\t\t\t\t\t\t\t<\/div> \n\t\t\t\n\t\t\t\t<div id=\"ngg-image-5\" class=\"ngg-gallery-thumbnail-box \n\t\t\t\t\t\t\t\t\t\t\t\" \n\t\t\t>\n\t\t\t\t\t\t<div class=\"ngg-gallery-thumbnail\">\n\t\t\t<a href=\"https:\/\/www.verlag-doppelpunkt.at\/bilderserien\/wp-content\/gallery\/goldene-zeiten\/2023-05-25_06-mus-en-goldene-zeiten.jpg\"\n\t\t\t\ttitle=\"Weltpremiere des Musical &quot;Goldene Zeiten&quot;, aufgef\u00fchrt von den Mus-en; Probe im K.U.L.T in Hof bei Salzburg am 25.05.2023  Foto und Copyright: Moser Albert, Fotograf, 5201 Seekirchen, Weinbergstiege 1, Tel.: 0043-676-7550526 mailto:albert.moser@sbg.at  www.moser.zenfolio.com\"\n\t\t\t\tdata-src=\"https:\/\/www.verlag-doppelpunkt.at\/bilderserien\/wp-content\/gallery\/goldene-zeiten\/2023-05-25_06-mus-en-goldene-zeiten.jpg\"\n\t\t\t\tdata-thumbnail=\"https:\/\/www.verlag-doppelpunkt.at\/bilderserien\/wp-content\/gallery\/goldene-zeiten\/thumbs\/thumbs_2023-05-25_06-mus-en-goldene-zeiten.jpg\"\n\t\t\t\tdata-image-id=\"21729\"\n\t\t\t\tdata-title=\"Weltpremiere des Musical &quot;Goldene Zeiten&quot;, aufgef\u00c3\u00bchrt von den Mus-en; \nProbe im K.U.L.T in Hof bei Salzburg am 25.05.2023  \nFoto und Copyright: Moser Albert, Fotograf, 5201 Seekirchen, Weinbergstiege 1, Tel.: 0043-676-7550526 mailto:albert.moser@sbg.at  www.moser.zenfolio.com\"\n\t\t\t\tdata-description=\"Weltpremiere des Musical &quot;Goldene Zeiten&quot;, aufgef\u00fchrt von den Mus-en; Probe im K.U.L.T in Hof bei Salzburg am 25.05.2023  Foto und Copyright: Moser Albert, Fotograf, 5201 Seekirchen, Weinbergstiege 1, Tel.: 0043-676-7550526 mailto:albert.moser@sbg.at  www.moser.zenfolio.com\"\n\t\t\t\tdata-image-slug=\"2023-05-25_06-mus-en-goldene-zeiten\"\n\t\t\t\tclass=\"shutterset_5c45020b5c0191cd8af3e662ca216882\">\n\t\t\t\t<img\n\t\t\t\t\ttitle=\"Weltpremiere des Musical &quot;Goldene Zeiten&quot;, aufgef\u00c3\u00bchrt von den Mus-en; \nProbe im K.U.L.T in Hof bei Salzburg am 25.05.2023  \nFoto und Copyright: Moser Albert, Fotograf, 5201 Seekirchen, Weinbergstiege 1, Tel.: 0043-676-7550526 mailto:albert.moser@sbg.at  www.moser.zenfolio.com\"\n\t\t\t\t\talt=\"Weltpremiere des Musical &quot;Goldene Zeiten&quot;, aufgef\u00c3\u00bchrt von den Mus-en; \nProbe im K.U.L.T in Hof bei Salzburg am 25.05.2023  \nFoto und Copyright: Moser Albert, Fotograf, 5201 Seekirchen, Weinbergstiege 1, Tel.: 0043-676-7550526 mailto:albert.moser@sbg.at  www.moser.zenfolio.com\"\n\t\t\t\t\tsrc=\"https:\/\/www.verlag-doppelpunkt.at\/bilderserien\/wp-content\/gallery\/goldene-zeiten\/thumbs\/thumbs_2023-05-25_06-mus-en-goldene-zeiten.jpg\"\n\t\t\t\t\twidth=\"100\"\n\t\t\t\t\theight=\"75\"\n\t\t\t\t\tstyle=\"max-width:100%;\"\n\t\t\t\t\/>\n\t\t\t<\/a>\n\t\t<\/div>\n\t\t\t\t\t\t\t<\/div> \n\t\t\t\n\t\t\t\t<div id=\"ngg-image-6\" class=\"ngg-gallery-thumbnail-box \n\t\t\t\t\t\t\t\t\t\t\t\" \n\t\t\t>\n\t\t\t\t\t\t<div class=\"ngg-gallery-thumbnail\">\n\t\t\t<a href=\"https:\/\/www.verlag-doppelpunkt.at\/bilderserien\/wp-content\/gallery\/goldene-zeiten\/2023-05-25_07-mus-en-goldene-zeiten.jpg\"\n\t\t\t\ttitle=\"Weltpremiere des Musical &quot;Goldene Zeiten&quot;, aufgef\u00fchrt von den Mus-en; Probe im K.U.L.T in Hof bei Salzburg am 25.05.2023  Foto und Copyright: Moser Albert, Fotograf, 5201 Seekirchen, Weinbergstiege 1, Tel.: 0043-676-7550526 mailto:albert.moser@sbg.at  www.moser.zenfolio.com\"\n\t\t\t\tdata-src=\"https:\/\/www.verlag-doppelpunkt.at\/bilderserien\/wp-content\/gallery\/goldene-zeiten\/2023-05-25_07-mus-en-goldene-zeiten.jpg\"\n\t\t\t\tdata-thumbnail=\"https:\/\/www.verlag-doppelpunkt.at\/bilderserien\/wp-content\/gallery\/goldene-zeiten\/thumbs\/thumbs_2023-05-25_07-mus-en-goldene-zeiten.jpg\"\n\t\t\t\tdata-image-id=\"21730\"\n\t\t\t\tdata-title=\"Weltpremiere des Musical &quot;Goldene Zeiten&quot;, aufgef\u00c3\u00bchrt von den Mus-en; \nProbe im K.U.L.T in Hof bei Salzburg am 25.05.2023  \nFoto und Copyright: Moser Albert, Fotograf, 5201 Seekirchen, Weinbergstiege 1, Tel.: 0043-676-7550526 mailto:albert.moser@sbg.at  www.moser.zenfolio.com\"\n\t\t\t\tdata-description=\"Weltpremiere des Musical &quot;Goldene Zeiten&quot;, aufgef\u00fchrt von den Mus-en; Probe im K.U.L.T in Hof bei Salzburg am 25.05.2023  Foto und Copyright: Moser Albert, Fotograf, 5201 Seekirchen, Weinbergstiege 1, Tel.: 0043-676-7550526 mailto:albert.moser@sbg.at  www.moser.zenfolio.com\"\n\t\t\t\tdata-image-slug=\"2023-05-25_07-mus-en-goldene-zeiten\"\n\t\t\t\tclass=\"shutterset_5c45020b5c0191cd8af3e662ca216882\">\n\t\t\t\t<img\n\t\t\t\t\ttitle=\"Weltpremiere des Musical &quot;Goldene Zeiten&quot;, aufgef\u00c3\u00bchrt von den Mus-en; \nProbe im K.U.L.T in Hof bei Salzburg am 25.05.2023  \nFoto und Copyright: Moser Albert, Fotograf, 5201 Seekirchen, Weinbergstiege 1, Tel.: 0043-676-7550526 mailto:albert.moser@sbg.at  www.moser.zenfolio.com\"\n\t\t\t\t\talt=\"Weltpremiere des Musical &quot;Goldene Zeiten&quot;, aufgef\u00c3\u00bchrt von den Mus-en; \nProbe im K.U.L.T in Hof bei Salzburg am 25.05.2023  \nFoto und Copyright: Moser Albert, Fotograf, 5201 Seekirchen, Weinbergstiege 1, Tel.: 0043-676-7550526 mailto:albert.moser@sbg.at  www.moser.zenfolio.com\"\n\t\t\t\t\tsrc=\"https:\/\/www.verlag-doppelpunkt.at\/bilderserien\/wp-content\/gallery\/goldene-zeiten\/thumbs\/thumbs_2023-05-25_07-mus-en-goldene-zeiten.jpg\"\n\t\t\t\t\twidth=\"100\"\n\t\t\t\t\theight=\"75\"\n\t\t\t\t\tstyle=\"max-width:100%;\"\n\t\t\t\t\/>\n\t\t\t<\/a>\n\t\t<\/div>\n\t\t\t\t\t\t\t<\/div> \n\t\t\t\n\t\t\t\t<div id=\"ngg-image-7\" class=\"ngg-gallery-thumbnail-box \n\t\t\t\t\t\t\t\t\t\t\t\" \n\t\t\t>\n\t\t\t\t\t\t<div class=\"ngg-gallery-thumbnail\">\n\t\t\t<a href=\"https:\/\/www.verlag-doppelpunkt.at\/bilderserien\/wp-content\/gallery\/goldene-zeiten\/2023-05-25_08-mus-en-goldene-zeiten.jpg\"\n\t\t\t\ttitle=\"Weltpremiere des Musical &quot;Goldene Zeiten&quot;, aufgef\u00fchrt von den Mus-en; Probe im K.U.L.T in Hof bei Salzburg am 25.05.2023  Foto und Copyright: Moser Albert, Fotograf, 5201 Seekirchen, Weinbergstiege 1, Tel.: 0043-676-7550526 mailto:albert.moser@sbg.at  www.moser.zenfolio.com\"\n\t\t\t\tdata-src=\"https:\/\/www.verlag-doppelpunkt.at\/bilderserien\/wp-content\/gallery\/goldene-zeiten\/2023-05-25_08-mus-en-goldene-zeiten.jpg\"\n\t\t\t\tdata-thumbnail=\"https:\/\/www.verlag-doppelpunkt.at\/bilderserien\/wp-content\/gallery\/goldene-zeiten\/thumbs\/thumbs_2023-05-25_08-mus-en-goldene-zeiten.jpg\"\n\t\t\t\tdata-image-id=\"21731\"\n\t\t\t\tdata-title=\"Weltpremiere des Musical &quot;Goldene Zeiten&quot;, aufgef\u00c3\u00bchrt von den Mus-en; \nProbe im K.U.L.T in Hof bei Salzburg am 25.05.2023  \nFoto und Copyright: Moser Albert, Fotograf, 5201 Seekirchen, Weinbergstiege 1, Tel.: 0043-676-7550526 mailto:albert.moser@sbg.at  www.moser.zenfolio.com\"\n\t\t\t\tdata-description=\"Weltpremiere des Musical &quot;Goldene Zeiten&quot;, aufgef\u00fchrt von den Mus-en; Probe im K.U.L.T in Hof bei Salzburg am 25.05.2023  Foto und Copyright: Moser Albert, Fotograf, 5201 Seekirchen, Weinbergstiege 1, Tel.: 0043-676-7550526 mailto:albert.moser@sbg.at  www.moser.zenfolio.com\"\n\t\t\t\tdata-image-slug=\"2023-05-25_08-mus-en-goldene-zeiten\"\n\t\t\t\tclass=\"shutterset_5c45020b5c0191cd8af3e662ca216882\">\n\t\t\t\t<img\n\t\t\t\t\ttitle=\"Weltpremiere des Musical &quot;Goldene Zeiten&quot;, aufgef\u00c3\u00bchrt von den Mus-en; \nProbe im K.U.L.T in Hof bei Salzburg am 25.05.2023  \nFoto und Copyright: Moser Albert, Fotograf, 5201 Seekirchen, Weinbergstiege 1, Tel.: 0043-676-7550526 mailto:albert.moser@sbg.at  www.moser.zenfolio.com\"\n\t\t\t\t\talt=\"Weltpremiere des Musical &quot;Goldene Zeiten&quot;, aufgef\u00c3\u00bchrt von den Mus-en; \nProbe im K.U.L.T in Hof bei Salzburg am 25.05.2023  \nFoto und Copyright: Moser Albert, Fotograf, 5201 Seekirchen, Weinbergstiege 1, Tel.: 0043-676-7550526 mailto:albert.moser@sbg.at  www.moser.zenfolio.com\"\n\t\t\t\t\tsrc=\"https:\/\/www.verlag-doppelpunkt.at\/bilderserien\/wp-content\/gallery\/goldene-zeiten\/thumbs\/thumbs_2023-05-25_08-mus-en-goldene-zeiten.jpg\"\n\t\t\t\t\twidth=\"100\"\n\t\t\t\t\theight=\"75\"\n\t\t\t\t\tstyle=\"max-width:100%;\"\n\t\t\t\t\/>\n\t\t\t<\/a>\n\t\t<\/div>\n\t\t\t\t\t\t\t<\/div> \n\t\t\t\n\t\t\t\t<div id=\"ngg-image-8\" class=\"ngg-gallery-thumbnail-box \n\t\t\t\t\t\t\t\t\t\t\t\" \n\t\t\t>\n\t\t\t\t\t\t<div class=\"ngg-gallery-thumbnail\">\n\t\t\t<a href=\"https:\/\/www.verlag-doppelpunkt.at\/bilderserien\/wp-content\/gallery\/goldene-zeiten\/2023-05-25_09-mus-en-goldene-zeiten.jpg\"\n\t\t\t\ttitle=\"Weltpremiere des Musical &quot;Goldene Zeiten&quot;, aufgef\u00fchrt von den Mus-en; Probe im K.U.L.T in Hof bei Salzburg am 25.05.2023  Foto und Copyright: Moser Albert, Fotograf, 5201 Seekirchen, Weinbergstiege 1, Tel.: 0043-676-7550526 mailto:albert.moser@sbg.at  www.moser.zenfolio.com\"\n\t\t\t\tdata-src=\"https:\/\/www.verlag-doppelpunkt.at\/bilderserien\/wp-content\/gallery\/goldene-zeiten\/2023-05-25_09-mus-en-goldene-zeiten.jpg\"\n\t\t\t\tdata-thumbnail=\"https:\/\/www.verlag-doppelpunkt.at\/bilderserien\/wp-content\/gallery\/goldene-zeiten\/thumbs\/thumbs_2023-05-25_09-mus-en-goldene-zeiten.jpg\"\n\t\t\t\tdata-image-id=\"21732\"\n\t\t\t\tdata-title=\"Weltpremiere des Musical &quot;Goldene Zeiten&quot;, aufgef\u00c3\u00bchrt von den Mus-en; \nProbe im K.U.L.T in Hof bei Salzburg am 25.05.2023  \nFoto und Copyright: Moser Albert, Fotograf, 5201 Seekirchen, Weinbergstiege 1, Tel.: 0043-676-7550526 mailto:albert.moser@sbg.at  www.moser.zenfolio.com\"\n\t\t\t\tdata-description=\"Weltpremiere des Musical &quot;Goldene Zeiten&quot;, aufgef\u00fchrt von den Mus-en; Probe im K.U.L.T in Hof bei Salzburg am 25.05.2023  Foto und Copyright: Moser Albert, Fotograf, 5201 Seekirchen, Weinbergstiege 1, Tel.: 0043-676-7550526 mailto:albert.moser@sbg.at  www.moser.zenfolio.com\"\n\t\t\t\tdata-image-slug=\"2023-05-25_09-mus-en-goldene-zeiten\"\n\t\t\t\tclass=\"shutterset_5c45020b5c0191cd8af3e662ca216882\">\n\t\t\t\t<img\n\t\t\t\t\ttitle=\"Weltpremiere des Musical &quot;Goldene Zeiten&quot;, aufgef\u00c3\u00bchrt von den Mus-en; \nProbe im K.U.L.T in Hof bei Salzburg am 25.05.2023  \nFoto und Copyright: Moser Albert, Fotograf, 5201 Seekirchen, Weinbergstiege 1, Tel.: 0043-676-7550526 mailto:albert.moser@sbg.at  www.moser.zenfolio.com\"\n\t\t\t\t\talt=\"Weltpremiere des Musical &quot;Goldene Zeiten&quot;, aufgef\u00c3\u00bchrt von den Mus-en; \nProbe im K.U.L.T in Hof bei Salzburg am 25.05.2023  \nFoto und Copyright: Moser Albert, Fotograf, 5201 Seekirchen, Weinbergstiege 1, Tel.: 0043-676-7550526 mailto:albert.moser@sbg.at  www.moser.zenfolio.com\"\n\t\t\t\t\tsrc=\"https:\/\/www.verlag-doppelpunkt.at\/bilderserien\/wp-content\/gallery\/goldene-zeiten\/thumbs\/thumbs_2023-05-25_09-mus-en-goldene-zeiten.jpg\"\n\t\t\t\t\twidth=\"100\"\n\t\t\t\t\theight=\"75\"\n\t\t\t\t\tstyle=\"max-width:100%;\"\n\t\t\t\t\/>\n\t\t\t<\/a>\n\t\t<\/div>\n\t\t\t\t\t\t\t<\/div> \n\t\t\t\n\t\t\t\t<div id=\"ngg-image-9\" class=\"ngg-gallery-thumbnail-box \n\t\t\t\t\t\t\t\t\t\t\t\" \n\t\t\t>\n\t\t\t\t\t\t<div class=\"ngg-gallery-thumbnail\">\n\t\t\t<a href=\"https:\/\/www.verlag-doppelpunkt.at\/bilderserien\/wp-content\/gallery\/goldene-zeiten\/2023-05-25_10-mus-en-goldene-zeiten.jpg\"\n\t\t\t\ttitle=\"Weltpremiere des Musical &quot;Goldene Zeiten&quot;, aufgef\u00fchrt von den Mus-en; Probe im K.U.L.T in Hof bei Salzburg am 25.05.2023  Foto und Copyright: Moser Albert, Fotograf, 5201 Seekirchen, Weinbergstiege 1, Tel.: 0043-676-7550526 mailto:albert.moser@sbg.at  www.moser.zenfolio.com\"\n\t\t\t\tdata-src=\"https:\/\/www.verlag-doppelpunkt.at\/bilderserien\/wp-content\/gallery\/goldene-zeiten\/2023-05-25_10-mus-en-goldene-zeiten.jpg\"\n\t\t\t\tdata-thumbnail=\"https:\/\/www.verlag-doppelpunkt.at\/bilderserien\/wp-content\/gallery\/goldene-zeiten\/thumbs\/thumbs_2023-05-25_10-mus-en-goldene-zeiten.jpg\"\n\t\t\t\tdata-image-id=\"21733\"\n\t\t\t\tdata-title=\"Weltpremiere des Musical &quot;Goldene Zeiten&quot;, aufgef\u00c3\u00bchrt von den Mus-en; \nProbe im K.U.L.T in Hof bei Salzburg am 25.05.2023  \nFoto und Copyright: Moser Albert, Fotograf, 5201 Seekirchen, Weinbergstiege 1, Tel.: 0043-676-7550526 mailto:albert.moser@sbg.at  www.moser.zenfolio.com\"\n\t\t\t\tdata-description=\"Weltpremiere des Musical &quot;Goldene Zeiten&quot;, aufgef\u00fchrt von den Mus-en; Probe im K.U.L.T in Hof bei Salzburg am 25.05.2023  Foto und Copyright: Moser Albert, Fotograf, 5201 Seekirchen, Weinbergstiege 1, Tel.: 0043-676-7550526 mailto:albert.moser@sbg.at  www.moser.zenfolio.com\"\n\t\t\t\tdata-image-slug=\"2023-05-25_10-mus-en-goldene-zeiten\"\n\t\t\t\tclass=\"shutterset_5c45020b5c0191cd8af3e662ca216882\">\n\t\t\t\t<img\n\t\t\t\t\ttitle=\"Weltpremiere des Musical &quot;Goldene Zeiten&quot;, aufgef\u00c3\u00bchrt von den Mus-en; \nProbe im K.U.L.T in Hof bei Salzburg am 25.05.2023  \nFoto und Copyright: Moser Albert, Fotograf, 5201 Seekirchen, Weinbergstiege 1, Tel.: 0043-676-7550526 mailto:albert.moser@sbg.at  www.moser.zenfolio.com\"\n\t\t\t\t\talt=\"Weltpremiere des Musical &quot;Goldene Zeiten&quot;, aufgef\u00c3\u00bchrt von den Mus-en; \nProbe im K.U.L.T in Hof bei Salzburg am 25.05.2023  \nFoto und Copyright: Moser Albert, Fotograf, 5201 Seekirchen, Weinbergstiege 1, Tel.: 0043-676-7550526 mailto:albert.moser@sbg.at  www.moser.zenfolio.com\"\n\t\t\t\t\tsrc=\"https:\/\/www.verlag-doppelpunkt.at\/bilderserien\/wp-content\/gallery\/goldene-zeiten\/thumbs\/thumbs_2023-05-25_10-mus-en-goldene-zeiten.jpg\"\n\t\t\t\t\twidth=\"100\"\n\t\t\t\t\theight=\"75\"\n\t\t\t\t\tstyle=\"max-width:100%;\"\n\t\t\t\t\/>\n\t\t\t<\/a>\n\t\t<\/div>\n\t\t\t\t\t\t\t<\/div> \n\t\t\t\n\t\t\t\t<div id=\"ngg-image-10\" class=\"ngg-gallery-thumbnail-box \n\t\t\t\t\t\t\t\t\t\t\t\" \n\t\t\t>\n\t\t\t\t\t\t<div class=\"ngg-gallery-thumbnail\">\n\t\t\t<a href=\"https:\/\/www.verlag-doppelpunkt.at\/bilderserien\/wp-content\/gallery\/goldene-zeiten\/2023-05-25_11-mus-en-goldene-zeiten.jpg\"\n\t\t\t\ttitle=\"Weltpremiere des Musical &quot;Goldene Zeiten&quot;, aufgef\u00fchrt von den Mus-en; Probe im K.U.L.T in Hof bei Salzburg am 25.05.2023  Foto und Copyright: Moser Albert, Fotograf, 5201 Seekirchen, Weinbergstiege 1, Tel.: 0043-676-7550526 mailto:albert.moser@sbg.at  www.moser.zenfolio.com\"\n\t\t\t\tdata-src=\"https:\/\/www.verlag-doppelpunkt.at\/bilderserien\/wp-content\/gallery\/goldene-zeiten\/2023-05-25_11-mus-en-goldene-zeiten.jpg\"\n\t\t\t\tdata-thumbnail=\"https:\/\/www.verlag-doppelpunkt.at\/bilderserien\/wp-content\/gallery\/goldene-zeiten\/thumbs\/thumbs_2023-05-25_11-mus-en-goldene-zeiten.jpg\"\n\t\t\t\tdata-image-id=\"21734\"\n\t\t\t\tdata-title=\"Weltpremiere des Musical &quot;Goldene Zeiten&quot;, aufgef\u00c3\u00bchrt von den Mus-en; \nProbe im K.U.L.T in Hof bei Salzburg am 25.05.2023  \nFoto und Copyright: Moser Albert, Fotograf, 5201 Seekirchen, Weinbergstiege 1, Tel.: 0043-676-7550526 mailto:albert.moser@sbg.at  www.moser.zenfolio.com\"\n\t\t\t\tdata-description=\"Weltpremiere des Musical &quot;Goldene Zeiten&quot;, aufgef\u00fchrt von den Mus-en; Probe im K.U.L.T in Hof bei Salzburg am 25.05.2023  Foto und Copyright: Moser Albert, Fotograf, 5201 Seekirchen, Weinbergstiege 1, Tel.: 0043-676-7550526 mailto:albert.moser@sbg.at  www.moser.zenfolio.com\"\n\t\t\t\tdata-image-slug=\"2023-05-25_11-mus-en-goldene-zeiten\"\n\t\t\t\tclass=\"shutterset_5c45020b5c0191cd8af3e662ca216882\">\n\t\t\t\t<img\n\t\t\t\t\ttitle=\"Weltpremiere des Musical &quot;Goldene Zeiten&quot;, aufgef\u00c3\u00bchrt von den Mus-en; \nProbe im K.U.L.T in Hof bei Salzburg am 25.05.2023  \nFoto und Copyright: Moser Albert, Fotograf, 5201 Seekirchen, Weinbergstiege 1, Tel.: 0043-676-7550526 mailto:albert.moser@sbg.at  www.moser.zenfolio.com\"\n\t\t\t\t\talt=\"Weltpremiere des Musical &quot;Goldene Zeiten&quot;, aufgef\u00c3\u00bchrt von den Mus-en; \nProbe im K.U.L.T in Hof bei Salzburg am 25.05.2023  \nFoto und Copyright: Moser Albert, Fotograf, 5201 Seekirchen, Weinbergstiege 1, Tel.: 0043-676-7550526 mailto:albert.moser@sbg.at  www.moser.zenfolio.com\"\n\t\t\t\t\tsrc=\"https:\/\/www.verlag-doppelpunkt.at\/bilderserien\/wp-content\/gallery\/goldene-zeiten\/thumbs\/thumbs_2023-05-25_11-mus-en-goldene-zeiten.jpg\"\n\t\t\t\t\twidth=\"100\"\n\t\t\t\t\theight=\"75\"\n\t\t\t\t\tstyle=\"max-width:100%;\"\n\t\t\t\t\/>\n\t\t\t<\/a>\n\t\t<\/div>\n\t\t\t\t\t\t\t<\/div> \n\t\t\t\n\t\t\t\t<div id=\"ngg-image-11\" class=\"ngg-gallery-thumbnail-box \n\t\t\t\t\t\t\t\t\t\t\t\" \n\t\t\t>\n\t\t\t\t\t\t<div class=\"ngg-gallery-thumbnail\">\n\t\t\t<a href=\"https:\/\/www.verlag-doppelpunkt.at\/bilderserien\/wp-content\/gallery\/goldene-zeiten\/2023-05-26_056-mus-en-goldene-zeiten-premiere.jpg\"\n\t\t\t\ttitle=\"Weltpremiere des Musical &quot;Goldene Zeiten&quot;, aufgef\u00fchrt von den Mus-en, im K.U.L.T in Hof bei Salzburg am 26.05.2023  Foto und Copyright: Moser Albert, Fotograf, 5201 Seekirchen, Weinbergstiege 1, Tel.: 0043-676-7550526 mailto:albert.moser@sbg.at  www.moser.zenfolio.com\"\n\t\t\t\tdata-src=\"https:\/\/www.verlag-doppelpunkt.at\/bilderserien\/wp-content\/gallery\/goldene-zeiten\/2023-05-26_056-mus-en-goldene-zeiten-premiere.jpg\"\n\t\t\t\tdata-thumbnail=\"https:\/\/www.verlag-doppelpunkt.at\/bilderserien\/wp-content\/gallery\/goldene-zeiten\/thumbs\/thumbs_2023-05-26_056-mus-en-goldene-zeiten-premiere.jpg\"\n\t\t\t\tdata-image-id=\"21735\"\n\t\t\t\tdata-title=\"Weltpremiere des Musical &quot;Goldene Zeiten&quot;, aufgef\u00c3\u00bchrt von den Mus-en, im K.U.L.T in Hof bei Salzburg am 26.05.2023  \nFoto und Copyright: Moser Albert, Fotograf, 5201 Seekirchen, Weinbergstiege 1, Tel.: 0043-676-7550526 mailto:albert.moser@sbg.at  www.moser.zenfolio.com\"\n\t\t\t\tdata-description=\"Weltpremiere des Musical &quot;Goldene Zeiten&quot;, aufgef\u00fchrt von den Mus-en, im K.U.L.T in Hof bei Salzburg am 26.05.2023  Foto und Copyright: Moser Albert, Fotograf, 5201 Seekirchen, Weinbergstiege 1, Tel.: 0043-676-7550526 mailto:albert.moser@sbg.at  www.moser.zenfolio.com\"\n\t\t\t\tdata-image-slug=\"2023-05-26_056-mus-en-goldene-zeiten-premiere\"\n\t\t\t\tclass=\"shutterset_5c45020b5c0191cd8af3e662ca216882\">\n\t\t\t\t<img\n\t\t\t\t\ttitle=\"Weltpremiere des Musical &quot;Goldene Zeiten&quot;, aufgef\u00c3\u00bchrt von den Mus-en, im K.U.L.T in Hof bei Salzburg am 26.05.2023  \nFoto und Copyright: Moser Albert, Fotograf, 5201 Seekirchen, Weinbergstiege 1, Tel.: 0043-676-7550526 mailto:albert.moser@sbg.at  www.moser.zenfolio.com\"\n\t\t\t\t\talt=\"Weltpremiere des Musical &quot;Goldene Zeiten&quot;, aufgef\u00c3\u00bchrt von den Mus-en, im K.U.L.T in Hof bei Salzburg am 26.05.2023  \nFoto und Copyright: Moser Albert, Fotograf, 5201 Seekirchen, Weinbergstiege 1, Tel.: 0043-676-7550526 mailto:albert.moser@sbg.at  www.moser.zenfolio.com\"\n\t\t\t\t\tsrc=\"https:\/\/www.verlag-doppelpunkt.at\/bilderserien\/wp-content\/gallery\/goldene-zeiten\/thumbs\/thumbs_2023-05-26_056-mus-en-goldene-zeiten-premiere.jpg\"\n\t\t\t\t\twidth=\"100\"\n\t\t\t\t\theight=\"75\"\n\t\t\t\t\tstyle=\"max-width:100%;\"\n\t\t\t\t\/>\n\t\t\t<\/a>\n\t\t<\/div>\n\t\t\t\t\t\t\t<\/div> \n\t\t\t\n\t\t\t\t<div id=\"ngg-image-12\" class=\"ngg-gallery-thumbnail-box \n\t\t\t\t\t\t\t\t\t\t\t\" \n\t\t\t>\n\t\t\t\t\t\t<div class=\"ngg-gallery-thumbnail\">\n\t\t\t<a href=\"https:\/\/www.verlag-doppelpunkt.at\/bilderserien\/wp-content\/gallery\/goldene-zeiten\/2023-05-26_079-mus-en-goldene-zeiten-premiere.jpg\"\n\t\t\t\ttitle=\"Weltpremiere des Musical &quot;Goldene Zeiten&quot;, aufgef\u00fchrt von den Mus-en, im K.U.L.T in Hof bei Salzburg am 26.05.2023  Foto und Copyright: Moser Albert, Fotograf, 5201 Seekirchen, Weinbergstiege 1, Tel.: 0043-676-7550526 mailto:albert.moser@sbg.at  www.moser.zenfolio.com\"\n\t\t\t\tdata-src=\"https:\/\/www.verlag-doppelpunkt.at\/bilderserien\/wp-content\/gallery\/goldene-zeiten\/2023-05-26_079-mus-en-goldene-zeiten-premiere.jpg\"\n\t\t\t\tdata-thumbnail=\"https:\/\/www.verlag-doppelpunkt.at\/bilderserien\/wp-content\/gallery\/goldene-zeiten\/thumbs\/thumbs_2023-05-26_079-mus-en-goldene-zeiten-premiere.jpg\"\n\t\t\t\tdata-image-id=\"21736\"\n\t\t\t\tdata-title=\"Weltpremiere des Musical &quot;Goldene Zeiten&quot;, aufgef\u00c3\u00bchrt von den Mus-en, im K.U.L.T in Hof bei Salzburg am 26.05.2023  \nFoto und Copyright: Moser Albert, Fotograf, 5201 Seekirchen, Weinbergstiege 1, Tel.: 0043-676-7550526 mailto:albert.moser@sbg.at  www.moser.zenfolio.com\"\n\t\t\t\tdata-description=\"Weltpremiere des Musical &quot;Goldene Zeiten&quot;, aufgef\u00fchrt von den Mus-en, im K.U.L.T in Hof bei Salzburg am 26.05.2023  Foto und Copyright: Moser Albert, Fotograf, 5201 Seekirchen, Weinbergstiege 1, Tel.: 0043-676-7550526 mailto:albert.moser@sbg.at  www.moser.zenfolio.com\"\n\t\t\t\tdata-image-slug=\"2023-05-26_079-mus-en-goldene-zeiten-premiere\"\n\t\t\t\tclass=\"shutterset_5c45020b5c0191cd8af3e662ca216882\">\n\t\t\t\t<img\n\t\t\t\t\ttitle=\"Weltpremiere des Musical &quot;Goldene Zeiten&quot;, aufgef\u00c3\u00bchrt von den Mus-en, im K.U.L.T in Hof bei Salzburg am 26.05.2023  \nFoto und Copyright: Moser Albert, Fotograf, 5201 Seekirchen, Weinbergstiege 1, Tel.: 0043-676-7550526 mailto:albert.moser@sbg.at  www.moser.zenfolio.com\"\n\t\t\t\t\talt=\"Weltpremiere des Musical &quot;Goldene Zeiten&quot;, aufgef\u00c3\u00bchrt von den Mus-en, im K.U.L.T in Hof bei Salzburg am 26.05.2023  \nFoto und Copyright: Moser Albert, Fotograf, 5201 Seekirchen, Weinbergstiege 1, Tel.: 0043-676-7550526 mailto:albert.moser@sbg.at  www.moser.zenfolio.com\"\n\t\t\t\t\tsrc=\"https:\/\/www.verlag-doppelpunkt.at\/bilderserien\/wp-content\/gallery\/goldene-zeiten\/thumbs\/thumbs_2023-05-26_079-mus-en-goldene-zeiten-premiere.jpg\"\n\t\t\t\t\twidth=\"100\"\n\t\t\t\t\theight=\"75\"\n\t\t\t\t\tstyle=\"max-width:100%;\"\n\t\t\t\t\/>\n\t\t\t<\/a>\n\t\t<\/div>\n\t\t\t\t\t\t\t<\/div> \n\t\t\t\n\t\t\t\t<div id=\"ngg-image-13\" class=\"ngg-gallery-thumbnail-box \n\t\t\t\t\t\t\t\t\t\t\t\" \n\t\t\t>\n\t\t\t\t\t\t<div class=\"ngg-gallery-thumbnail\">\n\t\t\t<a href=\"https:\/\/www.verlag-doppelpunkt.at\/bilderserien\/wp-content\/gallery\/goldene-zeiten\/2023-05-26_082-mus-en-goldene-zeiten-premiere.jpg\"\n\t\t\t\ttitle=\"Weltpremiere des Musical &quot;Goldene Zeiten&quot;, aufgef\u00fchrt von den Mus-en, im K.U.L.T in Hof bei Salzburg am 26.05.2023  Foto und Copyright: Moser Albert, Fotograf, 5201 Seekirchen, Weinbergstiege 1, Tel.: 0043-676-7550526 mailto:albert.moser@sbg.at  www.moser.zenfolio.com\"\n\t\t\t\tdata-src=\"https:\/\/www.verlag-doppelpunkt.at\/bilderserien\/wp-content\/gallery\/goldene-zeiten\/2023-05-26_082-mus-en-goldene-zeiten-premiere.jpg\"\n\t\t\t\tdata-thumbnail=\"https:\/\/www.verlag-doppelpunkt.at\/bilderserien\/wp-content\/gallery\/goldene-zeiten\/thumbs\/thumbs_2023-05-26_082-mus-en-goldene-zeiten-premiere.jpg\"\n\t\t\t\tdata-image-id=\"21737\"\n\t\t\t\tdata-title=\"Weltpremiere des Musical &quot;Goldene Zeiten&quot;, aufgef\u00c3\u00bchrt von den Mus-en, im K.U.L.T in Hof bei Salzburg am 26.05.2023  \nFoto und Copyright: Moser Albert, Fotograf, 5201 Seekirchen, Weinbergstiege 1, Tel.: 0043-676-7550526 mailto:albert.moser@sbg.at  www.moser.zenfolio.com\"\n\t\t\t\tdata-description=\"Weltpremiere des Musical &quot;Goldene Zeiten&quot;, aufgef\u00fchrt von den Mus-en, im K.U.L.T in Hof bei Salzburg am 26.05.2023  Foto und Copyright: Moser Albert, Fotograf, 5201 Seekirchen, Weinbergstiege 1, Tel.: 0043-676-7550526 mailto:albert.moser@sbg.at  www.moser.zenfolio.com\"\n\t\t\t\tdata-image-slug=\"2023-05-26_082-mus-en-goldene-zeiten-premiere\"\n\t\t\t\tclass=\"shutterset_5c45020b5c0191cd8af3e662ca216882\">\n\t\t\t\t<img\n\t\t\t\t\ttitle=\"Weltpremiere des Musical &quot;Goldene Zeiten&quot;, aufgef\u00c3\u00bchrt von den Mus-en, im K.U.L.T in Hof bei Salzburg am 26.05.2023  \nFoto und Copyright: Moser Albert, Fotograf, 5201 Seekirchen, Weinbergstiege 1, Tel.: 0043-676-7550526 mailto:albert.moser@sbg.at  www.moser.zenfolio.com\"\n\t\t\t\t\talt=\"Weltpremiere des Musical &quot;Goldene Zeiten&quot;, aufgef\u00c3\u00bchrt von den Mus-en, im K.U.L.T in Hof bei Salzburg am 26.05.2023  \nFoto und Copyright: Moser Albert, Fotograf, 5201 Seekirchen, Weinbergstiege 1, Tel.: 0043-676-7550526 mailto:albert.moser@sbg.at  www.moser.zenfolio.com\"\n\t\t\t\t\tsrc=\"https:\/\/www.verlag-doppelpunkt.at\/bilderserien\/wp-content\/gallery\/goldene-zeiten\/thumbs\/thumbs_2023-05-26_082-mus-en-goldene-zeiten-premiere.jpg\"\n\t\t\t\t\twidth=\"100\"\n\t\t\t\t\theight=\"75\"\n\t\t\t\t\tstyle=\"max-width:100%;\"\n\t\t\t\t\/>\n\t\t\t<\/a>\n\t\t<\/div>\n\t\t\t\t\t\t\t<\/div> \n\t\t\t\n\t\t\t\t<div id=\"ngg-image-14\" class=\"ngg-gallery-thumbnail-box \n\t\t\t\t\t\t\t\t\t\t\t\" \n\t\t\t>\n\t\t\t\t\t\t<div class=\"ngg-gallery-thumbnail\">\n\t\t\t<a href=\"https:\/\/www.verlag-doppelpunkt.at\/bilderserien\/wp-content\/gallery\/goldene-zeiten\/2023-05-26_092-mus-en-goldene-zeiten-premiere.jpg\"\n\t\t\t\ttitle=\"Weltpremiere des Musical &quot;Goldene Zeiten&quot;, aufgef\u00fchrt von den Mus-en, im K.U.L.T in Hof bei Salzburg am 26.05.2023  Foto und Copyright: Moser Albert, Fotograf, 5201 Seekirchen, Weinbergstiege 1, Tel.: 0043-676-7550526 mailto:albert.moser@sbg.at  www.moser.zenfolio.com\"\n\t\t\t\tdata-src=\"https:\/\/www.verlag-doppelpunkt.at\/bilderserien\/wp-content\/gallery\/goldene-zeiten\/2023-05-26_092-mus-en-goldene-zeiten-premiere.jpg\"\n\t\t\t\tdata-thumbnail=\"https:\/\/www.verlag-doppelpunkt.at\/bilderserien\/wp-content\/gallery\/goldene-zeiten\/thumbs\/thumbs_2023-05-26_092-mus-en-goldene-zeiten-premiere.jpg\"\n\t\t\t\tdata-image-id=\"21738\"\n\t\t\t\tdata-title=\"Weltpremiere des Musical &quot;Goldene Zeiten&quot;, aufgef\u00c3\u00bchrt von den Mus-en, im K.U.L.T in Hof bei Salzburg am 26.05.2023  \nFoto und Copyright: Moser Albert, Fotograf, 5201 Seekirchen, Weinbergstiege 1, Tel.: 0043-676-7550526 mailto:albert.moser@sbg.at  www.moser.zenfolio.com\"\n\t\t\t\tdata-description=\"Weltpremiere des Musical &quot;Goldene Zeiten&quot;, aufgef\u00fchrt von den Mus-en, im K.U.L.T in Hof bei Salzburg am 26.05.2023  Foto und Copyright: Moser Albert, Fotograf, 5201 Seekirchen, Weinbergstiege 1, Tel.: 0043-676-7550526 mailto:albert.moser@sbg.at  www.moser.zenfolio.com\"\n\t\t\t\tdata-image-slug=\"2023-05-26_092-mus-en-goldene-zeiten-premiere\"\n\t\t\t\tclass=\"shutterset_5c45020b5c0191cd8af3e662ca216882\">\n\t\t\t\t<img\n\t\t\t\t\ttitle=\"Weltpremiere des Musical &quot;Goldene Zeiten&quot;, aufgef\u00c3\u00bchrt von den Mus-en, im K.U.L.T in Hof bei Salzburg am 26.05.2023  \nFoto und Copyright: Moser Albert, Fotograf, 5201 Seekirchen, Weinbergstiege 1, Tel.: 0043-676-7550526 mailto:albert.moser@sbg.at  www.moser.zenfolio.com\"\n\t\t\t\t\talt=\"Weltpremiere des Musical &quot;Goldene Zeiten&quot;, aufgef\u00c3\u00bchrt von den Mus-en, im K.U.L.T in Hof bei Salzburg am 26.05.2023  \nFoto und Copyright: Moser Albert, Fotograf, 5201 Seekirchen, Weinbergstiege 1, Tel.: 0043-676-7550526 mailto:albert.moser@sbg.at  www.moser.zenfolio.com\"\n\t\t\t\t\tsrc=\"https:\/\/www.verlag-doppelpunkt.at\/bilderserien\/wp-content\/gallery\/goldene-zeiten\/thumbs\/thumbs_2023-05-26_092-mus-en-goldene-zeiten-premiere.jpg\"\n\t\t\t\t\twidth=\"100\"\n\t\t\t\t\theight=\"75\"\n\t\t\t\t\tstyle=\"max-width:100%;\"\n\t\t\t\t\/>\n\t\t\t<\/a>\n\t\t<\/div>\n\t\t\t\t\t\t\t<\/div> \n\t\t\t\n\t\t\t\t<div id=\"ngg-image-15\" class=\"ngg-gallery-thumbnail-box \n\t\t\t\t\t\t\t\t\t\t\t\" \n\t\t\t>\n\t\t\t\t\t\t<div class=\"ngg-gallery-thumbnail\">\n\t\t\t<a href=\"https:\/\/www.verlag-doppelpunkt.at\/bilderserien\/wp-content\/gallery\/goldene-zeiten\/2023-05-26_097-mus-en-goldene-zeiten-premiere.jpg\"\n\t\t\t\ttitle=\"Weltpremiere des Musical &quot;Goldene Zeiten&quot;, aufgef\u00fchrt von den Mus-en, im K.U.L.T in Hof bei Salzburg am 26.05.2023  Foto und Copyright: Moser Albert, Fotograf, 5201 Seekirchen, Weinbergstiege 1, Tel.: 0043-676-7550526 mailto:albert.moser@sbg.at  www.moser.zenfolio.com\"\n\t\t\t\tdata-src=\"https:\/\/www.verlag-doppelpunkt.at\/bilderserien\/wp-content\/gallery\/goldene-zeiten\/2023-05-26_097-mus-en-goldene-zeiten-premiere.jpg\"\n\t\t\t\tdata-thumbnail=\"https:\/\/www.verlag-doppelpunkt.at\/bilderserien\/wp-content\/gallery\/goldene-zeiten\/thumbs\/thumbs_2023-05-26_097-mus-en-goldene-zeiten-premiere.jpg\"\n\t\t\t\tdata-image-id=\"21739\"\n\t\t\t\tdata-title=\"Weltpremiere des Musical &quot;Goldene Zeiten&quot;, aufgef\u00c3\u00bchrt von den Mus-en, im K.U.L.T in Hof bei Salzburg am 26.05.2023  \nFoto und Copyright: Moser Albert, Fotograf, 5201 Seekirchen, Weinbergstiege 1, Tel.: 0043-676-7550526 mailto:albert.moser@sbg.at  www.moser.zenfolio.com\"\n\t\t\t\tdata-description=\"Weltpremiere des Musical &quot;Goldene Zeiten&quot;, aufgef\u00fchrt von den Mus-en, im K.U.L.T in Hof bei Salzburg am 26.05.2023  Foto und Copyright: Moser Albert, Fotograf, 5201 Seekirchen, Weinbergstiege 1, Tel.: 0043-676-7550526 mailto:albert.moser@sbg.at  www.moser.zenfolio.com\"\n\t\t\t\tdata-image-slug=\"2023-05-26_097-mus-en-goldene-zeiten-premiere\"\n\t\t\t\tclass=\"shutterset_5c45020b5c0191cd8af3e662ca216882\">\n\t\t\t\t<img\n\t\t\t\t\ttitle=\"Weltpremiere des Musical &quot;Goldene Zeiten&quot;, aufgef\u00c3\u00bchrt von den Mus-en, im K.U.L.T in Hof bei Salzburg am 26.05.2023  \nFoto und Copyright: Moser Albert, Fotograf, 5201 Seekirchen, Weinbergstiege 1, Tel.: 0043-676-7550526 mailto:albert.moser@sbg.at  www.moser.zenfolio.com\"\n\t\t\t\t\talt=\"Weltpremiere des Musical &quot;Goldene Zeiten&quot;, aufgef\u00c3\u00bchrt von den Mus-en, im K.U.L.T in Hof bei Salzburg am 26.05.2023  \nFoto und Copyright: Moser Albert, Fotograf, 5201 Seekirchen, Weinbergstiege 1, Tel.: 0043-676-7550526 mailto:albert.moser@sbg.at  www.moser.zenfolio.com\"\n\t\t\t\t\tsrc=\"https:\/\/www.verlag-doppelpunkt.at\/bilderserien\/wp-content\/gallery\/goldene-zeiten\/thumbs\/thumbs_2023-05-26_097-mus-en-goldene-zeiten-premiere.jpg\"\n\t\t\t\t\twidth=\"100\"\n\t\t\t\t\theight=\"75\"\n\t\t\t\t\tstyle=\"max-width:100%;\"\n\t\t\t\t\/>\n\t\t\t<\/a>\n\t\t<\/div>\n\t\t\t\t\t\t\t<\/div> \n\t\t\t\n\t\t\t\t<div id=\"ngg-image-16\" class=\"ngg-gallery-thumbnail-box \n\t\t\t\t\t\t\t\t\t\t\t\" \n\t\t\t>\n\t\t\t\t\t\t<div class=\"ngg-gallery-thumbnail\">\n\t\t\t<a href=\"https:\/\/www.verlag-doppelpunkt.at\/bilderserien\/wp-content\/gallery\/goldene-zeiten\/2023-05-26_112-mus-en-goldene-zeiten-premiere.jpg\"\n\t\t\t\ttitle=\"Weltpremiere des Musical &quot;Goldene Zeiten&quot;, aufgef\u00fchrt von den Mus-en, im K.U.L.T in Hof bei Salzburg am 26.05.2023  Foto und Copyright: Moser Albert, Fotograf, 5201 Seekirchen, Weinbergstiege 1, Tel.: 0043-676-7550526 mailto:albert.moser@sbg.at  www.moser.zenfolio.com\"\n\t\t\t\tdata-src=\"https:\/\/www.verlag-doppelpunkt.at\/bilderserien\/wp-content\/gallery\/goldene-zeiten\/2023-05-26_112-mus-en-goldene-zeiten-premiere.jpg\"\n\t\t\t\tdata-thumbnail=\"https:\/\/www.verlag-doppelpunkt.at\/bilderserien\/wp-content\/gallery\/goldene-zeiten\/thumbs\/thumbs_2023-05-26_112-mus-en-goldene-zeiten-premiere.jpg\"\n\t\t\t\tdata-image-id=\"21740\"\n\t\t\t\tdata-title=\"Weltpremiere des Musical &quot;Goldene Zeiten&quot;, aufgef\u00c3\u00bchrt von den Mus-en, im K.U.L.T in Hof bei Salzburg am 26.05.2023  \nFoto und Copyright: Moser Albert, Fotograf, 5201 Seekirchen, Weinbergstiege 1, Tel.: 0043-676-7550526 mailto:albert.moser@sbg.at  www.moser.zenfolio.com\"\n\t\t\t\tdata-description=\"Weltpremiere des Musical &quot;Goldene Zeiten&quot;, aufgef\u00fchrt von den Mus-en, im K.U.L.T in Hof bei Salzburg am 26.05.2023  Foto und Copyright: Moser Albert, Fotograf, 5201 Seekirchen, Weinbergstiege 1, Tel.: 0043-676-7550526 mailto:albert.moser@sbg.at  www.moser.zenfolio.com\"\n\t\t\t\tdata-image-slug=\"2023-05-26_112-mus-en-goldene-zeiten-premiere\"\n\t\t\t\tclass=\"shutterset_5c45020b5c0191cd8af3e662ca216882\">\n\t\t\t\t<img\n\t\t\t\t\ttitle=\"Weltpremiere des Musical &quot;Goldene Zeiten&quot;, aufgef\u00c3\u00bchrt von den Mus-en, im K.U.L.T in Hof bei Salzburg am 26.05.2023  \nFoto und Copyright: Moser Albert, Fotograf, 5201 Seekirchen, Weinbergstiege 1, Tel.: 0043-676-7550526 mailto:albert.moser@sbg.at  www.moser.zenfolio.com\"\n\t\t\t\t\talt=\"Weltpremiere des Musical &quot;Goldene Zeiten&quot;, aufgef\u00c3\u00bchrt von den Mus-en, im K.U.L.T in Hof bei Salzburg am 26.05.2023  \nFoto und Copyright: Moser Albert, Fotograf, 5201 Seekirchen, Weinbergstiege 1, Tel.: 0043-676-7550526 mailto:albert.moser@sbg.at  www.moser.zenfolio.com\"\n\t\t\t\t\tsrc=\"https:\/\/www.verlag-doppelpunkt.at\/bilderserien\/wp-content\/gallery\/goldene-zeiten\/thumbs\/thumbs_2023-05-26_112-mus-en-goldene-zeiten-premiere.jpg\"\n\t\t\t\t\twidth=\"100\"\n\t\t\t\t\theight=\"75\"\n\t\t\t\t\tstyle=\"max-width:100%;\"\n\t\t\t\t\/>\n\t\t\t<\/a>\n\t\t<\/div>\n\t\t\t\t\t\t\t<\/div> \n\t\t\t\n\t\t\t\t<div id=\"ngg-image-17\" class=\"ngg-gallery-thumbnail-box \n\t\t\t\t\t\t\t\t\t\t\t\" \n\t\t\t>\n\t\t\t\t\t\t<div class=\"ngg-gallery-thumbnail\">\n\t\t\t<a href=\"https:\/\/www.verlag-doppelpunkt.at\/bilderserien\/wp-content\/gallery\/goldene-zeiten\/2023-05-26_123-mus-en-goldene-zeiten-premiere.jpg\"\n\t\t\t\ttitle=\"Weltpremiere des Musical &quot;Goldene Zeiten&quot;, aufgef\u00fchrt von den Mus-en, im K.U.L.T in Hof bei Salzburg am 26.05.2023  Foto und Copyright: Moser Albert, Fotograf, 5201 Seekirchen, Weinbergstiege 1, Tel.: 0043-676-7550526 mailto:albert.moser@sbg.at  www.moser.zenfolio.com\"\n\t\t\t\tdata-src=\"https:\/\/www.verlag-doppelpunkt.at\/bilderserien\/wp-content\/gallery\/goldene-zeiten\/2023-05-26_123-mus-en-goldene-zeiten-premiere.jpg\"\n\t\t\t\tdata-thumbnail=\"https:\/\/www.verlag-doppelpunkt.at\/bilderserien\/wp-content\/gallery\/goldene-zeiten\/thumbs\/thumbs_2023-05-26_123-mus-en-goldene-zeiten-premiere.jpg\"\n\t\t\t\tdata-image-id=\"21741\"\n\t\t\t\tdata-title=\"Weltpremiere des Musical &quot;Goldene Zeiten&quot;, aufgef\u00c3\u00bchrt von den Mus-en, im K.U.L.T in Hof bei Salzburg am 26.05.2023  \nFoto und Copyright: Moser Albert, Fotograf, 5201 Seekirchen, Weinbergstiege 1, Tel.: 0043-676-7550526 mailto:albert.moser@sbg.at  www.moser.zenfolio.com\"\n\t\t\t\tdata-description=\"Weltpremiere des Musical &quot;Goldene Zeiten&quot;, aufgef\u00fchrt von den Mus-en, im K.U.L.T in Hof bei Salzburg am 26.05.2023  Foto und Copyright: Moser Albert, Fotograf, 5201 Seekirchen, Weinbergstiege 1, Tel.: 0043-676-7550526 mailto:albert.moser@sbg.at  www.moser.zenfolio.com\"\n\t\t\t\tdata-image-slug=\"2023-05-26_123-mus-en-goldene-zeiten-premiere\"\n\t\t\t\tclass=\"shutterset_5c45020b5c0191cd8af3e662ca216882\">\n\t\t\t\t<img\n\t\t\t\t\ttitle=\"Weltpremiere des Musical &quot;Goldene Zeiten&quot;, aufgef\u00c3\u00bchrt von den Mus-en, im K.U.L.T in Hof bei Salzburg am 26.05.2023  \nFoto und Copyright: Moser Albert, Fotograf, 5201 Seekirchen, Weinbergstiege 1, Tel.: 0043-676-7550526 mailto:albert.moser@sbg.at  www.moser.zenfolio.com\"\n\t\t\t\t\talt=\"Weltpremiere des Musical &quot;Goldene Zeiten&quot;, aufgef\u00c3\u00bchrt von den Mus-en, im K.U.L.T in Hof bei Salzburg am 26.05.2023  \nFoto und Copyright: Moser Albert, Fotograf, 5201 Seekirchen, Weinbergstiege 1, Tel.: 0043-676-7550526 mailto:albert.moser@sbg.at  www.moser.zenfolio.com\"\n\t\t\t\t\tsrc=\"https:\/\/www.verlag-doppelpunkt.at\/bilderserien\/wp-content\/gallery\/goldene-zeiten\/thumbs\/thumbs_2023-05-26_123-mus-en-goldene-zeiten-premiere.jpg\"\n\t\t\t\t\twidth=\"100\"\n\t\t\t\t\theight=\"75\"\n\t\t\t\t\tstyle=\"max-width:100%;\"\n\t\t\t\t\/>\n\t\t\t<\/a>\n\t\t<\/div>\n\t\t\t\t\t\t\t<\/div> \n\t\t\t\n\t\t\t\t<div id=\"ngg-image-18\" class=\"ngg-gallery-thumbnail-box \n\t\t\t\t\t\t\t\t\t\t\t\" \n\t\t\t>\n\t\t\t\t\t\t<div class=\"ngg-gallery-thumbnail\">\n\t\t\t<a href=\"https:\/\/www.verlag-doppelpunkt.at\/bilderserien\/wp-content\/gallery\/goldene-zeiten\/2023-05-26_126-mus-en-goldene-zeiten-premiere.jpg\"\n\t\t\t\ttitle=\"Weltpremiere des Musical &quot;Goldene Zeiten&quot;, aufgef\u00fchrt von den Mus-en, im K.U.L.T in Hof bei Salzburg am 26.05.2023  Foto und Copyright: Moser Albert, Fotograf, 5201 Seekirchen, Weinbergstiege 1, Tel.: 0043-676-7550526 mailto:albert.moser@sbg.at  www.moser.zenfolio.com\"\n\t\t\t\tdata-src=\"https:\/\/www.verlag-doppelpunkt.at\/bilderserien\/wp-content\/gallery\/goldene-zeiten\/2023-05-26_126-mus-en-goldene-zeiten-premiere.jpg\"\n\t\t\t\tdata-thumbnail=\"https:\/\/www.verlag-doppelpunkt.at\/bilderserien\/wp-content\/gallery\/goldene-zeiten\/thumbs\/thumbs_2023-05-26_126-mus-en-goldene-zeiten-premiere.jpg\"\n\t\t\t\tdata-image-id=\"21742\"\n\t\t\t\tdata-title=\"Weltpremiere des Musical &quot;Goldene Zeiten&quot;, aufgef\u00c3\u00bchrt von den Mus-en, im K.U.L.T in Hof bei Salzburg am 26.05.2023  \nFoto und Copyright: Moser Albert, Fotograf, 5201 Seekirchen, Weinbergstiege 1, Tel.: 0043-676-7550526 mailto:albert.moser@sbg.at  www.moser.zenfolio.com\"\n\t\t\t\tdata-description=\"Weltpremiere des Musical &quot;Goldene Zeiten&quot;, aufgef\u00fchrt von den Mus-en, im K.U.L.T in Hof bei Salzburg am 26.05.2023  Foto und Copyright: Moser Albert, Fotograf, 5201 Seekirchen, Weinbergstiege 1, Tel.: 0043-676-7550526 mailto:albert.moser@sbg.at  www.moser.zenfolio.com\"\n\t\t\t\tdata-image-slug=\"2023-05-26_126-mus-en-goldene-zeiten-premiere\"\n\t\t\t\tclass=\"shutterset_5c45020b5c0191cd8af3e662ca216882\">\n\t\t\t\t<img\n\t\t\t\t\ttitle=\"Weltpremiere des Musical &quot;Goldene Zeiten&quot;, aufgef\u00c3\u00bchrt von den Mus-en, im K.U.L.T in Hof bei Salzburg am 26.05.2023  \nFoto und Copyright: Moser Albert, Fotograf, 5201 Seekirchen, Weinbergstiege 1, Tel.: 0043-676-7550526 mailto:albert.moser@sbg.at  www.moser.zenfolio.com\"\n\t\t\t\t\talt=\"Weltpremiere des Musical &quot;Goldene Zeiten&quot;, aufgef\u00c3\u00bchrt von den Mus-en, im K.U.L.T in Hof bei Salzburg am 26.05.2023  \nFoto und Copyright: Moser Albert, Fotograf, 5201 Seekirchen, Weinbergstiege 1, Tel.: 0043-676-7550526 mailto:albert.moser@sbg.at  www.moser.zenfolio.com\"\n\t\t\t\t\tsrc=\"https:\/\/www.verlag-doppelpunkt.at\/bilderserien\/wp-content\/gallery\/goldene-zeiten\/thumbs\/thumbs_2023-05-26_126-mus-en-goldene-zeiten-premiere.jpg\"\n\t\t\t\t\twidth=\"100\"\n\t\t\t\t\theight=\"75\"\n\t\t\t\t\tstyle=\"max-width:100%;\"\n\t\t\t\t\/>\n\t\t\t<\/a>\n\t\t<\/div>\n\t\t\t\t\t\t\t<\/div> \n\t\t\t\n\t\t\t\t<div id=\"ngg-image-19\" class=\"ngg-gallery-thumbnail-box \n\t\t\t\t\t\t\t\t\t\t\t\" \n\t\t\t>\n\t\t\t\t\t\t<div class=\"ngg-gallery-thumbnail\">\n\t\t\t<a href=\"https:\/\/www.verlag-doppelpunkt.at\/bilderserien\/wp-content\/gallery\/goldene-zeiten\/2023-05-26_135-mus-en-goldene-zeiten-premiere.jpg\"\n\t\t\t\ttitle=\"Weltpremiere des Musical &quot;Goldene Zeiten&quot;, aufgef\u00fchrt von den Mus-en, im K.U.L.T in Hof bei Salzburg am 26.05.2023  Foto und Copyright: Moser Albert, Fotograf, 5201 Seekirchen, Weinbergstiege 1, Tel.: 0043-676-7550526 mailto:albert.moser@sbg.at  www.moser.zenfolio.com\"\n\t\t\t\tdata-src=\"https:\/\/www.verlag-doppelpunkt.at\/bilderserien\/wp-content\/gallery\/goldene-zeiten\/2023-05-26_135-mus-en-goldene-zeiten-premiere.jpg\"\n\t\t\t\tdata-thumbnail=\"https:\/\/www.verlag-doppelpunkt.at\/bilderserien\/wp-content\/gallery\/goldene-zeiten\/thumbs\/thumbs_2023-05-26_135-mus-en-goldene-zeiten-premiere.jpg\"\n\t\t\t\tdata-image-id=\"21743\"\n\t\t\t\tdata-title=\"Weltpremiere des Musical &quot;Goldene Zeiten&quot;, aufgef\u00c3\u00bchrt von den Mus-en, im K.U.L.T in Hof bei Salzburg am 26.05.2023  \nFoto und Copyright: Moser Albert, Fotograf, 5201 Seekirchen, Weinbergstiege 1, Tel.: 0043-676-7550526 mailto:albert.moser@sbg.at  www.moser.zenfolio.com\"\n\t\t\t\tdata-description=\"Weltpremiere des Musical &quot;Goldene Zeiten&quot;, aufgef\u00fchrt von den Mus-en, im K.U.L.T in Hof bei Salzburg am 26.05.2023  Foto und Copyright: Moser Albert, Fotograf, 5201 Seekirchen, Weinbergstiege 1, Tel.: 0043-676-7550526 mailto:albert.moser@sbg.at  www.moser.zenfolio.com\"\n\t\t\t\tdata-image-slug=\"2023-05-26_135-mus-en-goldene-zeiten-premiere\"\n\t\t\t\tclass=\"shutterset_5c45020b5c0191cd8af3e662ca216882\">\n\t\t\t\t<img\n\t\t\t\t\ttitle=\"Weltpremiere des Musical &quot;Goldene Zeiten&quot;, aufgef\u00c3\u00bchrt von den Mus-en, im K.U.L.T in Hof bei Salzburg am 26.05.2023  \nFoto und Copyright: Moser Albert, Fotograf, 5201 Seekirchen, Weinbergstiege 1, Tel.: 0043-676-7550526 mailto:albert.moser@sbg.at  www.moser.zenfolio.com\"\n\t\t\t\t\talt=\"Weltpremiere des Musical &quot;Goldene Zeiten&quot;, aufgef\u00c3\u00bchrt von den Mus-en, im K.U.L.T in Hof bei Salzburg am 26.05.2023  \nFoto und Copyright: Moser Albert, Fotograf, 5201 Seekirchen, Weinbergstiege 1, Tel.: 0043-676-7550526 mailto:albert.moser@sbg.at  www.moser.zenfolio.com\"\n\t\t\t\t\tsrc=\"https:\/\/www.verlag-doppelpunkt.at\/bilderserien\/wp-content\/gallery\/goldene-zeiten\/thumbs\/thumbs_2023-05-26_135-mus-en-goldene-zeiten-premiere.jpg\"\n\t\t\t\t\twidth=\"100\"\n\t\t\t\t\theight=\"75\"\n\t\t\t\t\tstyle=\"max-width:100%;\"\n\t\t\t\t\/>\n\t\t\t<\/a>\n\t\t<\/div>\n\t\t\t\t\t\t\t<\/div> \n\t\t\t\n\t\t\t\t<div id=\"ngg-image-20\" class=\"ngg-gallery-thumbnail-box \n\t\t\t\t\t\t\t\t\t\t\t\" \n\t\t\tstyle=\"display: none;\">\n\t\t\t\t\t\t<div class=\"ngg-gallery-thumbnail\">\n\t\t\t<a href=\"https:\/\/www.verlag-doppelpunkt.at\/bilderserien\/wp-content\/gallery\/goldene-zeiten\/2023-05-26_147-mus-en-goldene-zeiten-premiere.jpg\"\n\t\t\t\ttitle=\"Weltpremiere des Musical &quot;Goldene Zeiten&quot;, aufgef\u00fchrt von den Mus-en, im K.U.L.T in Hof bei Salzburg am 26.05.2023  Foto und Copyright: Moser Albert, Fotograf, 5201 Seekirchen, Weinbergstiege 1, Tel.: 0043-676-7550526 mailto:albert.moser@sbg.at  www.moser.zenfolio.com\"\n\t\t\t\tdata-src=\"https:\/\/www.verlag-doppelpunkt.at\/bilderserien\/wp-content\/gallery\/goldene-zeiten\/2023-05-26_147-mus-en-goldene-zeiten-premiere.jpg\"\n\t\t\t\tdata-thumbnail=\"https:\/\/www.verlag-doppelpunkt.at\/bilderserien\/wp-content\/gallery\/goldene-zeiten\/thumbs\/thumbs_2023-05-26_147-mus-en-goldene-zeiten-premiere.jpg\"\n\t\t\t\tdata-image-id=\"21744\"\n\t\t\t\tdata-title=\"Weltpremiere des Musical &quot;Goldene Zeiten&quot;, aufgef\u00c3\u00bchrt von den Mus-en, im K.U.L.T in Hof bei Salzburg am 26.05.2023  \nFoto und Copyright: Moser Albert, Fotograf, 5201 Seekirchen, Weinbergstiege 1, Tel.: 0043-676-7550526 mailto:albert.moser@sbg.at  www.moser.zenfolio.com\"\n\t\t\t\tdata-description=\"Weltpremiere des Musical &quot;Goldene Zeiten&quot;, aufgef\u00fchrt von den Mus-en, im K.U.L.T in Hof bei Salzburg am 26.05.2023  Foto und Copyright: Moser Albert, Fotograf, 5201 Seekirchen, Weinbergstiege 1, Tel.: 0043-676-7550526 mailto:albert.moser@sbg.at  www.moser.zenfolio.com\"\n\t\t\t\tdata-image-slug=\"2023-05-26_147-mus-en-goldene-zeiten-premiere\"\n\t\t\t\tclass=\"shutterset_5c45020b5c0191cd8af3e662ca216882\">\n\t\t\t\t<img\n\t\t\t\t\ttitle=\"Weltpremiere des Musical &quot;Goldene Zeiten&quot;, aufgef\u00c3\u00bchrt von den Mus-en, im K.U.L.T in Hof bei Salzburg am 26.05.2023  \nFoto und Copyright: Moser Albert, Fotograf, 5201 Seekirchen, Weinbergstiege 1, Tel.: 0043-676-7550526 mailto:albert.moser@sbg.at  www.moser.zenfolio.com\"\n\t\t\t\t\talt=\"Weltpremiere des Musical &quot;Goldene Zeiten&quot;, aufgef\u00c3\u00bchrt von den Mus-en, im K.U.L.T in Hof bei Salzburg am 26.05.2023  \nFoto und Copyright: Moser Albert, Fotograf, 5201 Seekirchen, Weinbergstiege 1, Tel.: 0043-676-7550526 mailto:albert.moser@sbg.at  www.moser.zenfolio.com\"\n\t\t\t\t\tsrc=\"https:\/\/www.verlag-doppelpunkt.at\/bilderserien\/wp-content\/gallery\/goldene-zeiten\/thumbs\/thumbs_2023-05-26_147-mus-en-goldene-zeiten-premiere.jpg\"\n\t\t\t\t\twidth=\"100\"\n\t\t\t\t\theight=\"75\"\n\t\t\t\t\tstyle=\"max-width:100%;\"\n\t\t\t\t\/>\n\t\t\t<\/a>\n\t\t<\/div>\n\t\t\t\t\t\t\t<\/div> \n\t\t\t\n\t\t\t\t<div id=\"ngg-image-21\" class=\"ngg-gallery-thumbnail-box \n\t\t\t\t\t\t\t\t\t\t\t\" \n\t\t\tstyle=\"display: none;\">\n\t\t\t\t\t\t<div class=\"ngg-gallery-thumbnail\">\n\t\t\t<a href=\"https:\/\/www.verlag-doppelpunkt.at\/bilderserien\/wp-content\/gallery\/goldene-zeiten\/2023-05-26_149-mus-en-goldene-zeiten-premiere.jpg\"\n\t\t\t\ttitle=\"Weltpremiere des Musical &quot;Goldene Zeiten&quot;, aufgef\u00fchrt von den Mus-en, im K.U.L.T in Hof bei Salzburg am 26.05.2023  Foto und Copyright: Moser Albert, Fotograf, 5201 Seekirchen, Weinbergstiege 1, Tel.: 0043-676-7550526 mailto:albert.moser@sbg.at  www.moser.zenfolio.com\"\n\t\t\t\tdata-src=\"https:\/\/www.verlag-doppelpunkt.at\/bilderserien\/wp-content\/gallery\/goldene-zeiten\/2023-05-26_149-mus-en-goldene-zeiten-premiere.jpg\"\n\t\t\t\tdata-thumbnail=\"https:\/\/www.verlag-doppelpunkt.at\/bilderserien\/wp-content\/gallery\/goldene-zeiten\/thumbs\/thumbs_2023-05-26_149-mus-en-goldene-zeiten-premiere.jpg\"\n\t\t\t\tdata-image-id=\"21745\"\n\t\t\t\tdata-title=\"Weltpremiere des Musical &quot;Goldene Zeiten&quot;, aufgef\u00c3\u00bchrt von den Mus-en, im K.U.L.T in Hof bei Salzburg am 26.05.2023  \nFoto und Copyright: Moser Albert, Fotograf, 5201 Seekirchen, Weinbergstiege 1, Tel.: 0043-676-7550526 mailto:albert.moser@sbg.at  www.moser.zenfolio.com\"\n\t\t\t\tdata-description=\"Weltpremiere des Musical &quot;Goldene Zeiten&quot;, aufgef\u00fchrt von den Mus-en, im K.U.L.T in Hof bei Salzburg am 26.05.2023  Foto und Copyright: Moser Albert, Fotograf, 5201 Seekirchen, Weinbergstiege 1, Tel.: 0043-676-7550526 mailto:albert.moser@sbg.at  www.moser.zenfolio.com\"\n\t\t\t\tdata-image-slug=\"2023-05-26_149-mus-en-goldene-zeiten-premiere\"\n\t\t\t\tclass=\"shutterset_5c45020b5c0191cd8af3e662ca216882\">\n\t\t\t\t<img\n\t\t\t\t\ttitle=\"Weltpremiere des Musical &quot;Goldene Zeiten&quot;, aufgef\u00c3\u00bchrt von den Mus-en, im K.U.L.T in Hof bei Salzburg am 26.05.2023  \nFoto und Copyright: Moser Albert, Fotograf, 5201 Seekirchen, Weinbergstiege 1, Tel.: 0043-676-7550526 mailto:albert.moser@sbg.at  www.moser.zenfolio.com\"\n\t\t\t\t\talt=\"Weltpremiere des Musical &quot;Goldene Zeiten&quot;, aufgef\u00c3\u00bchrt von den Mus-en, im K.U.L.T in Hof bei Salzburg am 26.05.2023  \nFoto und Copyright: Moser Albert, Fotograf, 5201 Seekirchen, Weinbergstiege 1, Tel.: 0043-676-7550526 mailto:albert.moser@sbg.at  www.moser.zenfolio.com\"\n\t\t\t\t\tsrc=\"https:\/\/www.verlag-doppelpunkt.at\/bilderserien\/wp-content\/gallery\/goldene-zeiten\/thumbs\/thumbs_2023-05-26_149-mus-en-goldene-zeiten-premiere.jpg\"\n\t\t\t\t\twidth=\"100\"\n\t\t\t\t\theight=\"75\"\n\t\t\t\t\tstyle=\"max-width:100%;\"\n\t\t\t\t\/>\n\t\t\t<\/a>\n\t\t<\/div>\n\t\t\t\t\t\t\t<\/div> \n\t\t\t\n\t\t\t\t<div id=\"ngg-image-22\" class=\"ngg-gallery-thumbnail-box \n\t\t\t\t\t\t\t\t\t\t\t\" \n\t\t\tstyle=\"display: none;\">\n\t\t\t\t\t\t<div class=\"ngg-gallery-thumbnail\">\n\t\t\t<a href=\"https:\/\/www.verlag-doppelpunkt.at\/bilderserien\/wp-content\/gallery\/goldene-zeiten\/2023-05-26_151-mus-en-goldene-zeiten-premiere.jpg\"\n\t\t\t\ttitle=\"Weltpremiere des Musical &quot;Goldene Zeiten&quot;, aufgef\u00fchrt von den Mus-en, im K.U.L.T in Hof bei Salzburg am 26.05.2023  Foto und Copyright: Moser Albert, Fotograf, 5201 Seekirchen, Weinbergstiege 1, Tel.: 0043-676-7550526 mailto:albert.moser@sbg.at  www.moser.zenfolio.com\"\n\t\t\t\tdata-src=\"https:\/\/www.verlag-doppelpunkt.at\/bilderserien\/wp-content\/gallery\/goldene-zeiten\/2023-05-26_151-mus-en-goldene-zeiten-premiere.jpg\"\n\t\t\t\tdata-thumbnail=\"https:\/\/www.verlag-doppelpunkt.at\/bilderserien\/wp-content\/gallery\/goldene-zeiten\/thumbs\/thumbs_2023-05-26_151-mus-en-goldene-zeiten-premiere.jpg\"\n\t\t\t\tdata-image-id=\"21746\"\n\t\t\t\tdata-title=\"Weltpremiere des Musical &quot;Goldene Zeiten&quot;, aufgef\u00c3\u00bchrt von den Mus-en, im K.U.L.T in Hof bei Salzburg am 26.05.2023  \nFoto und Copyright: Moser Albert, Fotograf, 5201 Seekirchen, Weinbergstiege 1, Tel.: 0043-676-7550526 mailto:albert.moser@sbg.at  www.moser.zenfolio.com\"\n\t\t\t\tdata-description=\"Weltpremiere des Musical &quot;Goldene Zeiten&quot;, aufgef\u00fchrt von den Mus-en, im K.U.L.T in Hof bei Salzburg am 26.05.2023  Foto und Copyright: Moser Albert, Fotograf, 5201 Seekirchen, Weinbergstiege 1, Tel.: 0043-676-7550526 mailto:albert.moser@sbg.at  www.moser.zenfolio.com\"\n\t\t\t\tdata-image-slug=\"2023-05-26_151-mus-en-goldene-zeiten-premiere\"\n\t\t\t\tclass=\"shutterset_5c45020b5c0191cd8af3e662ca216882\">\n\t\t\t\t<img\n\t\t\t\t\ttitle=\"Weltpremiere des Musical &quot;Goldene Zeiten&quot;, aufgef\u00c3\u00bchrt von den Mus-en, im K.U.L.T in Hof bei Salzburg am 26.05.2023  \nFoto und Copyright: Moser Albert, Fotograf, 5201 Seekirchen, Weinbergstiege 1, Tel.: 0043-676-7550526 mailto:albert.moser@sbg.at  www.moser.zenfolio.com\"\n\t\t\t\t\talt=\"Weltpremiere des Musical &quot;Goldene Zeiten&quot;, aufgef\u00c3\u00bchrt von den Mus-en, im K.U.L.T in Hof bei Salzburg am 26.05.2023  \nFoto und Copyright: Moser Albert, Fotograf, 5201 Seekirchen, Weinbergstiege 1, Tel.: 0043-676-7550526 mailto:albert.moser@sbg.at  www.moser.zenfolio.com\"\n\t\t\t\t\tsrc=\"https:\/\/www.verlag-doppelpunkt.at\/bilderserien\/wp-content\/gallery\/goldene-zeiten\/thumbs\/thumbs_2023-05-26_151-mus-en-goldene-zeiten-premiere.jpg\"\n\t\t\t\t\twidth=\"100\"\n\t\t\t\t\theight=\"75\"\n\t\t\t\t\tstyle=\"max-width:100%;\"\n\t\t\t\t\/>\n\t\t\t<\/a>\n\t\t<\/div>\n\t\t\t\t\t\t\t<\/div> \n\t\t\t\n\t\t\t\t<div id=\"ngg-image-23\" class=\"ngg-gallery-thumbnail-box \n\t\t\t\t\t\t\t\t\t\t\t\" \n\t\t\tstyle=\"display: none;\">\n\t\t\t\t\t\t<div class=\"ngg-gallery-thumbnail\">\n\t\t\t<a href=\"https:\/\/www.verlag-doppelpunkt.at\/bilderserien\/wp-content\/gallery\/goldene-zeiten\/2023-05-26_163-mus-en-goldene-zeiten-premiere.jpg\"\n\t\t\t\ttitle=\"Weltpremiere des Musical &quot;Goldene Zeiten&quot;, aufgef\u00fchrt von den Mus-en, im K.U.L.T in Hof bei Salzburg am 26.05.2023  Foto und Copyright: Moser Albert, Fotograf, 5201 Seekirchen, Weinbergstiege 1, Tel.: 0043-676-7550526 mailto:albert.moser@sbg.at  www.moser.zenfolio.com\"\n\t\t\t\tdata-src=\"https:\/\/www.verlag-doppelpunkt.at\/bilderserien\/wp-content\/gallery\/goldene-zeiten\/2023-05-26_163-mus-en-goldene-zeiten-premiere.jpg\"\n\t\t\t\tdata-thumbnail=\"https:\/\/www.verlag-doppelpunkt.at\/bilderserien\/wp-content\/gallery\/goldene-zeiten\/thumbs\/thumbs_2023-05-26_163-mus-en-goldene-zeiten-premiere.jpg\"\n\t\t\t\tdata-image-id=\"21747\"\n\t\t\t\tdata-title=\"Weltpremiere des Musical &quot;Goldene Zeiten&quot;, aufgef\u00c3\u00bchrt von den Mus-en, im K.U.L.T in Hof bei Salzburg am 26.05.2023  \nFoto und Copyright: Moser Albert, Fotograf, 5201 Seekirchen, Weinbergstiege 1, Tel.: 0043-676-7550526 mailto:albert.moser@sbg.at  www.moser.zenfolio.com\"\n\t\t\t\tdata-description=\"Weltpremiere des Musical &quot;Goldene Zeiten&quot;, aufgef\u00fchrt von den Mus-en, im K.U.L.T in Hof bei Salzburg am 26.05.2023  Foto und Copyright: Moser Albert, Fotograf, 5201 Seekirchen, Weinbergstiege 1, Tel.: 0043-676-7550526 mailto:albert.moser@sbg.at  www.moser.zenfolio.com\"\n\t\t\t\tdata-image-slug=\"2023-05-26_163-mus-en-goldene-zeiten-premiere\"\n\t\t\t\tclass=\"shutterset_5c45020b5c0191cd8af3e662ca216882\">\n\t\t\t\t<img\n\t\t\t\t\ttitle=\"Weltpremiere des Musical &quot;Goldene Zeiten&quot;, aufgef\u00c3\u00bchrt von den Mus-en, im K.U.L.T in Hof bei Salzburg am 26.05.2023  \nFoto und Copyright: Moser Albert, Fotograf, 5201 Seekirchen, Weinbergstiege 1, Tel.: 0043-676-7550526 mailto:albert.moser@sbg.at  www.moser.zenfolio.com\"\n\t\t\t\t\talt=\"Weltpremiere des Musical &quot;Goldene Zeiten&quot;, aufgef\u00c3\u00bchrt von den Mus-en, im K.U.L.T in Hof bei Salzburg am 26.05.2023  \nFoto und Copyright: Moser Albert, Fotograf, 5201 Seekirchen, Weinbergstiege 1, Tel.: 0043-676-7550526 mailto:albert.moser@sbg.at  www.moser.zenfolio.com\"\n\t\t\t\t\tsrc=\"https:\/\/www.verlag-doppelpunkt.at\/bilderserien\/wp-content\/gallery\/goldene-zeiten\/thumbs\/thumbs_2023-05-26_163-mus-en-goldene-zeiten-premiere.jpg\"\n\t\t\t\t\twidth=\"100\"\n\t\t\t\t\theight=\"75\"\n\t\t\t\t\tstyle=\"max-width:100%;\"\n\t\t\t\t\/>\n\t\t\t<\/a>\n\t\t<\/div>\n\t\t\t\t\t\t\t<\/div> \n\t\t\t\n\t\t\t\t<div id=\"ngg-image-24\" class=\"ngg-gallery-thumbnail-box \n\t\t\t\t\t\t\t\t\t\t\t\" \n\t\t\tstyle=\"display: none;\">\n\t\t\t\t\t\t<div class=\"ngg-gallery-thumbnail\">\n\t\t\t<a href=\"https:\/\/www.verlag-doppelpunkt.at\/bilderserien\/wp-content\/gallery\/goldene-zeiten\/2023-05-26_171-mus-en-goldene-zeiten-premiere.jpg\"\n\t\t\t\ttitle=\"Weltpremiere des Musical &quot;Goldene Zeiten&quot;, aufgef\u00fchrt von den Mus-en, im K.U.L.T in Hof bei Salzburg am 26.05.2023  Foto und Copyright: Moser Albert, Fotograf, 5201 Seekirchen, Weinbergstiege 1, Tel.: 0043-676-7550526 mailto:albert.moser@sbg.at  www.moser.zenfolio.com\"\n\t\t\t\tdata-src=\"https:\/\/www.verlag-doppelpunkt.at\/bilderserien\/wp-content\/gallery\/goldene-zeiten\/2023-05-26_171-mus-en-goldene-zeiten-premiere.jpg\"\n\t\t\t\tdata-thumbnail=\"https:\/\/www.verlag-doppelpunkt.at\/bilderserien\/wp-content\/gallery\/goldene-zeiten\/thumbs\/thumbs_2023-05-26_171-mus-en-goldene-zeiten-premiere.jpg\"\n\t\t\t\tdata-image-id=\"21748\"\n\t\t\t\tdata-title=\"Weltpremiere des Musical &quot;Goldene Zeiten&quot;, aufgef\u00c3\u00bchrt von den Mus-en, im K.U.L.T in Hof bei Salzburg am 26.05.2023  \nFoto und Copyright: Moser Albert, Fotograf, 5201 Seekirchen, Weinbergstiege 1, Tel.: 0043-676-7550526 mailto:albert.moser@sbg.at  www.moser.zenfolio.com\"\n\t\t\t\tdata-description=\"Weltpremiere des Musical &quot;Goldene Zeiten&quot;, aufgef\u00fchrt von den Mus-en, im K.U.L.T in Hof bei Salzburg am 26.05.2023  Foto und Copyright: Moser Albert, Fotograf, 5201 Seekirchen, Weinbergstiege 1, Tel.: 0043-676-7550526 mailto:albert.moser@sbg.at  www.moser.zenfolio.com\"\n\t\t\t\tdata-image-slug=\"2023-05-26_171-mus-en-goldene-zeiten-premiere\"\n\t\t\t\tclass=\"shutterset_5c45020b5c0191cd8af3e662ca216882\">\n\t\t\t\t<img\n\t\t\t\t\ttitle=\"Weltpremiere des Musical &quot;Goldene Zeiten&quot;, aufgef\u00c3\u00bchrt von den Mus-en, im K.U.L.T in Hof bei Salzburg am 26.05.2023  \nFoto und Copyright: Moser Albert, Fotograf, 5201 Seekirchen, Weinbergstiege 1, Tel.: 0043-676-7550526 mailto:albert.moser@sbg.at  www.moser.zenfolio.com\"\n\t\t\t\t\talt=\"Weltpremiere des Musical &quot;Goldene Zeiten&quot;, aufgef\u00c3\u00bchrt von den Mus-en, im K.U.L.T in Hof bei Salzburg am 26.05.2023  \nFoto und Copyright: Moser Albert, Fotograf, 5201 Seekirchen, Weinbergstiege 1, Tel.: 0043-676-7550526 mailto:albert.moser@sbg.at  www.moser.zenfolio.com\"\n\t\t\t\t\tsrc=\"https:\/\/www.verlag-doppelpunkt.at\/bilderserien\/wp-content\/gallery\/goldene-zeiten\/thumbs\/thumbs_2023-05-26_171-mus-en-goldene-zeiten-premiere.jpg\"\n\t\t\t\t\twidth=\"100\"\n\t\t\t\t\theight=\"75\"\n\t\t\t\t\tstyle=\"max-width:100%;\"\n\t\t\t\t\/>\n\t\t\t<\/a>\n\t\t<\/div>\n\t\t\t\t\t\t\t<\/div> \n\t\t\t\n\t\t\t\t<div id=\"ngg-image-25\" class=\"ngg-gallery-thumbnail-box \n\t\t\t\t\t\t\t\t\t\t\t\" \n\t\t\tstyle=\"display: none;\">\n\t\t\t\t\t\t<div class=\"ngg-gallery-thumbnail\">\n\t\t\t<a href=\"https:\/\/www.verlag-doppelpunkt.at\/bilderserien\/wp-content\/gallery\/goldene-zeiten\/2023-05-26_180-mus-en-goldene-zeiten-premiere.jpg\"\n\t\t\t\ttitle=\"Weltpremiere des Musical &quot;Goldene Zeiten&quot;, aufgef\u00fchrt von den Mus-en, im K.U.L.T in Hof bei Salzburg am 26.05.2023  Foto und Copyright: Moser Albert, Fotograf, 5201 Seekirchen, Weinbergstiege 1, Tel.: 0043-676-7550526 mailto:albert.moser@sbg.at  www.moser.zenfolio.com\"\n\t\t\t\tdata-src=\"https:\/\/www.verlag-doppelpunkt.at\/bilderserien\/wp-content\/gallery\/goldene-zeiten\/2023-05-26_180-mus-en-goldene-zeiten-premiere.jpg\"\n\t\t\t\tdata-thumbnail=\"https:\/\/www.verlag-doppelpunkt.at\/bilderserien\/wp-content\/gallery\/goldene-zeiten\/thumbs\/thumbs_2023-05-26_180-mus-en-goldene-zeiten-premiere.jpg\"\n\t\t\t\tdata-image-id=\"21749\"\n\t\t\t\tdata-title=\"Weltpremiere des Musical &quot;Goldene Zeiten&quot;, aufgef\u00c3\u00bchrt von den Mus-en, im K.U.L.T in Hof bei Salzburg am 26.05.2023  \nFoto und Copyright: Moser Albert, Fotograf, 5201 Seekirchen, Weinbergstiege 1, Tel.: 0043-676-7550526 mailto:albert.moser@sbg.at  www.moser.zenfolio.com\"\n\t\t\t\tdata-description=\"Weltpremiere des Musical &quot;Goldene Zeiten&quot;, aufgef\u00fchrt von den Mus-en, im K.U.L.T in Hof bei Salzburg am 26.05.2023  Foto und Copyright: Moser Albert, Fotograf, 5201 Seekirchen, Weinbergstiege 1, Tel.: 0043-676-7550526 mailto:albert.moser@sbg.at  www.moser.zenfolio.com\"\n\t\t\t\tdata-image-slug=\"2023-05-26_180-mus-en-goldene-zeiten-premiere\"\n\t\t\t\tclass=\"shutterset_5c45020b5c0191cd8af3e662ca216882\">\n\t\t\t\t<img\n\t\t\t\t\ttitle=\"Weltpremiere des Musical &quot;Goldene Zeiten&quot;, aufgef\u00c3\u00bchrt von den Mus-en, im K.U.L.T in Hof bei Salzburg am 26.05.2023  \nFoto und Copyright: Moser Albert, Fotograf, 5201 Seekirchen, Weinbergstiege 1, Tel.: 0043-676-7550526 mailto:albert.moser@sbg.at  www.moser.zenfolio.com\"\n\t\t\t\t\talt=\"Weltpremiere des Musical &quot;Goldene Zeiten&quot;, aufgef\u00c3\u00bchrt von den Mus-en, im K.U.L.T in Hof bei Salzburg am 26.05.2023  \nFoto und Copyright: Moser Albert, Fotograf, 5201 Seekirchen, Weinbergstiege 1, Tel.: 0043-676-7550526 mailto:albert.moser@sbg.at  www.moser.zenfolio.com\"\n\t\t\t\t\tsrc=\"https:\/\/www.verlag-doppelpunkt.at\/bilderserien\/wp-content\/gallery\/goldene-zeiten\/thumbs\/thumbs_2023-05-26_180-mus-en-goldene-zeiten-premiere.jpg\"\n\t\t\t\t\twidth=\"100\"\n\t\t\t\t\theight=\"75\"\n\t\t\t\t\tstyle=\"max-width:100%;\"\n\t\t\t\t\/>\n\t\t\t<\/a>\n\t\t<\/div>\n\t\t\t\t\t\t\t<\/div> \n\t\t\t\n\t\n\t<br style=\"clear: both\" \/>\n\n\t\n\t\t<!-- Pagination -->\n\t\t<div class='ngg-navigation'><span class='current'>1<\/span>\n<a class='page-numbers' data-pageid='2' href='https:\/\/www.verlag-doppelpunkt.at\/bilderserien\/gelungene-weltpremiere-in-hof\/nggallery\/page\/2'>2<\/a>\n<a class='prev' href='https:\/\/www.verlag-doppelpunkt.at\/bilderserien\/gelungene-weltpremiere-in-hof\/nggallery\/page\/2' data-pageid=2>&#9658;<\/a><\/div>\t<\/div>\n<\/strong><\/p>\n\n\n\n<figure class=\"wp-block-image is-resized\"><a href=\"https:\/\/www.verlag-doppelpunkt.at\/bilderserien\/\"><img loading=\"lazy\" decoding=\"async\" src=\"https:\/\/www.verlag-doppelpunkt.at\/bilderserien\/wp-content\/uploads\/Mehr-Bilder-Kopie-300x106.png\" alt=\"\" class=\"wp-image-6700\" width=\"300\" height=\"106\" srcset=\"https:\/\/www.verlag-doppelpunkt.at\/bilderserien\/wp-content\/uploads\/Mehr-Bilder-Kopie-300x106.png 300w, https:\/\/www.verlag-doppelpunkt.at\/bilderserien\/wp-content\/uploads\/Mehr-Bilder-Kopie-768x272.png 768w, https:\/\/www.verlag-doppelpunkt.at\/bilderserien\/wp-content\/uploads\/Mehr-Bilder-Kopie-730x258.png 730w, https:\/\/www.verlag-doppelpunkt.at\/bilderserien\/wp-content\/uploads\/Mehr-Bilder-Kopie-435x154.png 435w, https:\/\/www.verlag-doppelpunkt.at\/bilderserien\/wp-content\/uploads\/Mehr-Bilder-Kopie.png 831w\" sizes=\"(max-width: 300px) 100vw, 300px\" \/><\/a><\/figure>\n\n\n<p><!--EndFragment--><\/p>\n<p><\/p>","protected":false},"excerpt":{"rendered":"<p>Im K.U.L.T. in Hof fand eine Weltpremiere statt und wurde vom Publikum frenetisch gefeiert: Die MUS-EN pr\u00e4sentieren im 13. Bestandsjahr ihr erstes Auftragswerk mit dem Titel \u201eGoldene Zeiten\u201c. Das Autor-Duo [&hellip;]<\/p>\n","protected":false},"author":3,"featured_media":6819,"comment_status":"closed","ping_status":"open","sticky":false,"template":"","format":"standard","meta":{"ngg_post_thumbnail":0,"footnotes":""},"categories":[332],"tags":[],"_links":{"self":[{"href":"https:\/\/www.verlag-doppelpunkt.at\/bilderserien\/wp-json\/wp\/v2\/posts\/6818"}],"collection":[{"href":"https:\/\/www.verlag-doppelpunkt.at\/bilderserien\/wp-json\/wp\/v2\/posts"}],"about":[{"href":"https:\/\/www.verlag-doppelpunkt.at\/bilderserien\/wp-json\/wp\/v2\/types\/post"}],"author":[{"embeddable":true,"href":"https:\/\/www.verlag-doppelpunkt.at\/bilderserien\/wp-json\/wp\/v2\/users\/3"}],"replies":[{"embeddable":true,"href":"https:\/\/www.verlag-doppelpunkt.at\/bilderserien\/wp-json\/wp\/v2\/comments?post=6818"}],"version-history":[{"count":2,"href":"https:\/\/www.verlag-doppelpunkt.at\/bilderserien\/wp-json\/wp\/v2\/posts\/6818\/revisions"}],"predecessor-version":[{"id":6821,"href":"https:\/\/www.verlag-doppelpunkt.at\/bilderserien\/wp-json\/wp\/v2\/posts\/6818\/revisions\/6821"}],"wp:featuredmedia":[{"embeddable":true,"href":"https:\/\/www.verlag-doppelpunkt.at\/bilderserien\/wp-json\/wp\/v2\/media\/6819"}],"wp:attachment":[{"href":"https:\/\/www.verlag-doppelpunkt.at\/bilderserien\/wp-json\/wp\/v2\/media?parent=6818"}],"wp:term":[{"taxonomy":"category","embeddable":true,"href":"https:\/\/www.verlag-doppelpunkt.at\/bilderserien\/wp-json\/wp\/v2\/categories?post=6818"},{"taxonomy":"post_tag","embeddable":true,"href":"https:\/\/www.verlag-doppelpunkt.at\/bilderserien\/wp-json\/wp\/v2\/tags?post=6818"}],"curies":[{"name":"wp","href":"https:\/\/api.w.org\/{rel}","templated":true}]}}