{"id":6860,"date":"2023-09-04T10:40:54","date_gmt":"2023-09-04T08:40:54","guid":{"rendered":"https:\/\/www.verlag-doppelpunkt.at\/bilderserien\/?p=6860"},"modified":"2023-09-04T10:40:54","modified_gmt":"2023-09-04T08:40:54","slug":"skulpturenpark-fahrner-schrott-rostet-zur-kunst","status":"publish","type":"post","link":"https:\/\/www.verlag-doppelpunkt.at\/bilderserien\/skulpturenpark-fahrner-schrott-rostet-zur-kunst\/","title":{"rendered":"Skulpturenpark Fahrner: Schrott rostet zur Kunst"},"content":{"rendered":"<p>Wer aufmerksam am Donauufer entlang f\u00e4hrt, kann die riesigen Skulpturen auf einem Hang nahe Wesenufer gar nicht \u00fcbersehen. Seit neun Jahren gibt es diesen Skulpturenpark von Annemarie und G\u00fcnther Fahrner. Die beiden kommen urspr\u00fcnglich aus Tirol und haben sich hier auf einem alten Bauernhof nur wenige Kilometer vor der Donauschlinge Schl\u00f6gen ihren Lebenstraum erf\u00fcllt. Ihre Skulturen entstehen aus Schrott. Und weil die Figuren riesengro\u00df sind, fragt sich der Betrachter schon: Wie kommt das K\u00fcnstlerpaar permanent zu so viel Schrott?<\/p>\n<p><a href=\"https:\/\/www.verlag-doppelpunkt.at\/flachgauTV\/an-der-donau-in-wesenufer-rostet-schrott-zur-kunst\/\">H\u00f6ren Sie dazu auch einen Podcast&gt;&gt;&gt;<\/a><\/p>\n\n\n<p>Bilder: Rule<br><\/p>\n\n\n\n<p><strong><!-- default-view.php -->\n<div\n\tclass=\"ngg-galleryoverview default-view \n\t\t\"\n\tid=\"ngg-gallery-3f9f735cb625fc449944f4affc334dd3-1\">\n\n\t\t<!-- Thumbnails -->\n\t\t\t\t<div id=\"ngg-image-0\" class=\"ngg-gallery-thumbnail-box \n\t\t\t\t\t\t\t\t\t\t\t\" \n\t\t\t>\n\t\t\t\t\t\t<div class=\"ngg-gallery-thumbnail\">\n\t\t\t<a href=\"https:\/\/www.verlag-doppelpunkt.at\/bilderserien\/wp-content\/gallery\/skulpturenpark\/skulpturenpark-wernstein-1.jpg\"\n\t\t\t\ttitle=\"\"\n\t\t\t\tdata-src=\"https:\/\/www.verlag-doppelpunkt.at\/bilderserien\/wp-content\/gallery\/skulpturenpark\/skulpturenpark-wernstein-1.jpg\"\n\t\t\t\tdata-thumbnail=\"https:\/\/www.verlag-doppelpunkt.at\/bilderserien\/wp-content\/gallery\/skulpturenpark\/thumbs\/thumbs_skulpturenpark-wernstein-1.jpg\"\n\t\t\t\tdata-image-id=\"21924\"\n\t\t\t\tdata-title=\"skulpturenpark-wernstein-1\"\n\t\t\t\tdata-description=\"\"\n\t\t\t\tdata-image-slug=\"skulpturenpark-wernstein-1\"\n\t\t\t\tclass=\"shutterset_3f9f735cb625fc449944f4affc334dd3\">\n\t\t\t\t<img\n\t\t\t\t\ttitle=\"skulpturenpark-wernstein-1\"\n\t\t\t\t\talt=\"skulpturenpark-wernstein-1\"\n\t\t\t\t\tsrc=\"https:\/\/www.verlag-doppelpunkt.at\/bilderserien\/wp-content\/gallery\/skulpturenpark\/thumbs\/thumbs_skulpturenpark-wernstein-1.jpg\"\n\t\t\t\t\twidth=\"100\"\n\t\t\t\t\theight=\"75\"\n\t\t\t\t\tstyle=\"max-width:100%;\"\n\t\t\t\t\/>\n\t\t\t<\/a>\n\t\t<\/div>\n\t\t\t\t\t\t\t<\/div> \n\t\t\t\n\t\t\t\t<div id=\"ngg-image-1\" class=\"ngg-gallery-thumbnail-box \n\t\t\t\t\t\t\t\t\t\t\t\" \n\t\t\t>\n\t\t\t\t\t\t<div class=\"ngg-gallery-thumbnail\">\n\t\t\t<a href=\"https:\/\/www.verlag-doppelpunkt.at\/bilderserien\/wp-content\/gallery\/skulpturenpark\/skulpturenpark-wernstein-10.jpg\"\n\t\t\t\ttitle=\"\"\n\t\t\t\tdata-src=\"https:\/\/www.verlag-doppelpunkt.at\/bilderserien\/wp-content\/gallery\/skulpturenpark\/skulpturenpark-wernstein-10.jpg\"\n\t\t\t\tdata-thumbnail=\"https:\/\/www.verlag-doppelpunkt.at\/bilderserien\/wp-content\/gallery\/skulpturenpark\/thumbs\/thumbs_skulpturenpark-wernstein-10.jpg\"\n\t\t\t\tdata-image-id=\"21925\"\n\t\t\t\tdata-title=\"skulpturenpark-wernstein-10\"\n\t\t\t\tdata-description=\"\"\n\t\t\t\tdata-image-slug=\"skulpturenpark-wernstein-10\"\n\t\t\t\tclass=\"shutterset_3f9f735cb625fc449944f4affc334dd3\">\n\t\t\t\t<img\n\t\t\t\t\ttitle=\"skulpturenpark-wernstein-10\"\n\t\t\t\t\talt=\"skulpturenpark-wernstein-10\"\n\t\t\t\t\tsrc=\"https:\/\/www.verlag-doppelpunkt.at\/bilderserien\/wp-content\/gallery\/skulpturenpark\/thumbs\/thumbs_skulpturenpark-wernstein-10.jpg\"\n\t\t\t\t\twidth=\"100\"\n\t\t\t\t\theight=\"75\"\n\t\t\t\t\tstyle=\"max-width:100%;\"\n\t\t\t\t\/>\n\t\t\t<\/a>\n\t\t<\/div>\n\t\t\t\t\t\t\t<\/div> \n\t\t\t\n\t\t\t\t<div id=\"ngg-image-2\" class=\"ngg-gallery-thumbnail-box \n\t\t\t\t\t\t\t\t\t\t\t\" \n\t\t\t>\n\t\t\t\t\t\t<div class=\"ngg-gallery-thumbnail\">\n\t\t\t<a href=\"https:\/\/www.verlag-doppelpunkt.at\/bilderserien\/wp-content\/gallery\/skulpturenpark\/skulpturenpark-wernstein-12.jpg\"\n\t\t\t\ttitle=\"\"\n\t\t\t\tdata-src=\"https:\/\/www.verlag-doppelpunkt.at\/bilderserien\/wp-content\/gallery\/skulpturenpark\/skulpturenpark-wernstein-12.jpg\"\n\t\t\t\tdata-thumbnail=\"https:\/\/www.verlag-doppelpunkt.at\/bilderserien\/wp-content\/gallery\/skulpturenpark\/thumbs\/thumbs_skulpturenpark-wernstein-12.jpg\"\n\t\t\t\tdata-image-id=\"21926\"\n\t\t\t\tdata-title=\"skulpturenpark-wernstein-12\"\n\t\t\t\tdata-description=\"\"\n\t\t\t\tdata-image-slug=\"skulpturenpark-wernstein-12\"\n\t\t\t\tclass=\"shutterset_3f9f735cb625fc449944f4affc334dd3\">\n\t\t\t\t<img\n\t\t\t\t\ttitle=\"skulpturenpark-wernstein-12\"\n\t\t\t\t\talt=\"skulpturenpark-wernstein-12\"\n\t\t\t\t\tsrc=\"https:\/\/www.verlag-doppelpunkt.at\/bilderserien\/wp-content\/gallery\/skulpturenpark\/thumbs\/thumbs_skulpturenpark-wernstein-12.jpg\"\n\t\t\t\t\twidth=\"100\"\n\t\t\t\t\theight=\"75\"\n\t\t\t\t\tstyle=\"max-width:100%;\"\n\t\t\t\t\/>\n\t\t\t<\/a>\n\t\t<\/div>\n\t\t\t\t\t\t\t<\/div> \n\t\t\t\n\t\t\t\t<div id=\"ngg-image-3\" class=\"ngg-gallery-thumbnail-box \n\t\t\t\t\t\t\t\t\t\t\t\" \n\t\t\t>\n\t\t\t\t\t\t<div class=\"ngg-gallery-thumbnail\">\n\t\t\t<a href=\"https:\/\/www.verlag-doppelpunkt.at\/bilderserien\/wp-content\/gallery\/skulpturenpark\/skulpturenpark-wernstein-18.jpg\"\n\t\t\t\ttitle=\"\"\n\t\t\t\tdata-src=\"https:\/\/www.verlag-doppelpunkt.at\/bilderserien\/wp-content\/gallery\/skulpturenpark\/skulpturenpark-wernstein-18.jpg\"\n\t\t\t\tdata-thumbnail=\"https:\/\/www.verlag-doppelpunkt.at\/bilderserien\/wp-content\/gallery\/skulpturenpark\/thumbs\/thumbs_skulpturenpark-wernstein-18.jpg\"\n\t\t\t\tdata-image-id=\"21927\"\n\t\t\t\tdata-title=\"skulpturenpark-wernstein-18\"\n\t\t\t\tdata-description=\"\"\n\t\t\t\tdata-image-slug=\"skulpturenpark-wernstein-18\"\n\t\t\t\tclass=\"shutterset_3f9f735cb625fc449944f4affc334dd3\">\n\t\t\t\t<img\n\t\t\t\t\ttitle=\"skulpturenpark-wernstein-18\"\n\t\t\t\t\talt=\"skulpturenpark-wernstein-18\"\n\t\t\t\t\tsrc=\"https:\/\/www.verlag-doppelpunkt.at\/bilderserien\/wp-content\/gallery\/skulpturenpark\/thumbs\/thumbs_skulpturenpark-wernstein-18.jpg\"\n\t\t\t\t\twidth=\"100\"\n\t\t\t\t\theight=\"75\"\n\t\t\t\t\tstyle=\"max-width:100%;\"\n\t\t\t\t\/>\n\t\t\t<\/a>\n\t\t<\/div>\n\t\t\t\t\t\t\t<\/div> \n\t\t\t\n\t\t\t\t<div id=\"ngg-image-4\" class=\"ngg-gallery-thumbnail-box \n\t\t\t\t\t\t\t\t\t\t\t\" \n\t\t\t>\n\t\t\t\t\t\t<div class=\"ngg-gallery-thumbnail\">\n\t\t\t<a href=\"https:\/\/www.verlag-doppelpunkt.at\/bilderserien\/wp-content\/gallery\/skulpturenpark\/skulpturenpark-wernstein-19.jpg\"\n\t\t\t\ttitle=\"\"\n\t\t\t\tdata-src=\"https:\/\/www.verlag-doppelpunkt.at\/bilderserien\/wp-content\/gallery\/skulpturenpark\/skulpturenpark-wernstein-19.jpg\"\n\t\t\t\tdata-thumbnail=\"https:\/\/www.verlag-doppelpunkt.at\/bilderserien\/wp-content\/gallery\/skulpturenpark\/thumbs\/thumbs_skulpturenpark-wernstein-19.jpg\"\n\t\t\t\tdata-image-id=\"21928\"\n\t\t\t\tdata-title=\"skulpturenpark-wernstein-19\"\n\t\t\t\tdata-description=\"\"\n\t\t\t\tdata-image-slug=\"skulpturenpark-wernstein-19\"\n\t\t\t\tclass=\"shutterset_3f9f735cb625fc449944f4affc334dd3\">\n\t\t\t\t<img\n\t\t\t\t\ttitle=\"skulpturenpark-wernstein-19\"\n\t\t\t\t\talt=\"skulpturenpark-wernstein-19\"\n\t\t\t\t\tsrc=\"https:\/\/www.verlag-doppelpunkt.at\/bilderserien\/wp-content\/gallery\/skulpturenpark\/thumbs\/thumbs_skulpturenpark-wernstein-19.jpg\"\n\t\t\t\t\twidth=\"100\"\n\t\t\t\t\theight=\"75\"\n\t\t\t\t\tstyle=\"max-width:100%;\"\n\t\t\t\t\/>\n\t\t\t<\/a>\n\t\t<\/div>\n\t\t\t\t\t\t\t<\/div> \n\t\t\t\n\t\t\t\t<div id=\"ngg-image-5\" class=\"ngg-gallery-thumbnail-box \n\t\t\t\t\t\t\t\t\t\t\t\" \n\t\t\t>\n\t\t\t\t\t\t<div class=\"ngg-gallery-thumbnail\">\n\t\t\t<a href=\"https:\/\/www.verlag-doppelpunkt.at\/bilderserien\/wp-content\/gallery\/skulpturenpark\/skulpturenpark-wernstein-2.jpg\"\n\t\t\t\ttitle=\"\"\n\t\t\t\tdata-src=\"https:\/\/www.verlag-doppelpunkt.at\/bilderserien\/wp-content\/gallery\/skulpturenpark\/skulpturenpark-wernstein-2.jpg\"\n\t\t\t\tdata-thumbnail=\"https:\/\/www.verlag-doppelpunkt.at\/bilderserien\/wp-content\/gallery\/skulpturenpark\/thumbs\/thumbs_skulpturenpark-wernstein-2.jpg\"\n\t\t\t\tdata-image-id=\"21929\"\n\t\t\t\tdata-title=\"skulpturenpark-wernstein-2\"\n\t\t\t\tdata-description=\"\"\n\t\t\t\tdata-image-slug=\"skulpturenpark-wernstein-2\"\n\t\t\t\tclass=\"shutterset_3f9f735cb625fc449944f4affc334dd3\">\n\t\t\t\t<img\n\t\t\t\t\ttitle=\"skulpturenpark-wernstein-2\"\n\t\t\t\t\talt=\"skulpturenpark-wernstein-2\"\n\t\t\t\t\tsrc=\"https:\/\/www.verlag-doppelpunkt.at\/bilderserien\/wp-content\/gallery\/skulpturenpark\/thumbs\/thumbs_skulpturenpark-wernstein-2.jpg\"\n\t\t\t\t\twidth=\"100\"\n\t\t\t\t\theight=\"75\"\n\t\t\t\t\tstyle=\"max-width:100%;\"\n\t\t\t\t\/>\n\t\t\t<\/a>\n\t\t<\/div>\n\t\t\t\t\t\t\t<\/div> \n\t\t\t\n\t\t\t\t<div id=\"ngg-image-6\" class=\"ngg-gallery-thumbnail-box \n\t\t\t\t\t\t\t\t\t\t\t\" \n\t\t\t>\n\t\t\t\t\t\t<div class=\"ngg-gallery-thumbnail\">\n\t\t\t<a href=\"https:\/\/www.verlag-doppelpunkt.at\/bilderserien\/wp-content\/gallery\/skulpturenpark\/skulpturenpark-wernstein-22.jpg\"\n\t\t\t\ttitle=\"\"\n\t\t\t\tdata-src=\"https:\/\/www.verlag-doppelpunkt.at\/bilderserien\/wp-content\/gallery\/skulpturenpark\/skulpturenpark-wernstein-22.jpg\"\n\t\t\t\tdata-thumbnail=\"https:\/\/www.verlag-doppelpunkt.at\/bilderserien\/wp-content\/gallery\/skulpturenpark\/thumbs\/thumbs_skulpturenpark-wernstein-22.jpg\"\n\t\t\t\tdata-image-id=\"21930\"\n\t\t\t\tdata-title=\"skulpturenpark-wernstein-22\"\n\t\t\t\tdata-description=\"\"\n\t\t\t\tdata-image-slug=\"skulpturenpark-wernstein-22\"\n\t\t\t\tclass=\"shutterset_3f9f735cb625fc449944f4affc334dd3\">\n\t\t\t\t<img\n\t\t\t\t\ttitle=\"skulpturenpark-wernstein-22\"\n\t\t\t\t\talt=\"skulpturenpark-wernstein-22\"\n\t\t\t\t\tsrc=\"https:\/\/www.verlag-doppelpunkt.at\/bilderserien\/wp-content\/gallery\/skulpturenpark\/thumbs\/thumbs_skulpturenpark-wernstein-22.jpg\"\n\t\t\t\t\twidth=\"100\"\n\t\t\t\t\theight=\"75\"\n\t\t\t\t\tstyle=\"max-width:100%;\"\n\t\t\t\t\/>\n\t\t\t<\/a>\n\t\t<\/div>\n\t\t\t\t\t\t\t<\/div> \n\t\t\t\n\t\t\t\t<div id=\"ngg-image-7\" class=\"ngg-gallery-thumbnail-box \n\t\t\t\t\t\t\t\t\t\t\t\" \n\t\t\t>\n\t\t\t\t\t\t<div class=\"ngg-gallery-thumbnail\">\n\t\t\t<a href=\"https:\/\/www.verlag-doppelpunkt.at\/bilderserien\/wp-content\/gallery\/skulpturenpark\/skulpturenpark-wernstein-24.jpg\"\n\t\t\t\ttitle=\"\"\n\t\t\t\tdata-src=\"https:\/\/www.verlag-doppelpunkt.at\/bilderserien\/wp-content\/gallery\/skulpturenpark\/skulpturenpark-wernstein-24.jpg\"\n\t\t\t\tdata-thumbnail=\"https:\/\/www.verlag-doppelpunkt.at\/bilderserien\/wp-content\/gallery\/skulpturenpark\/thumbs\/thumbs_skulpturenpark-wernstein-24.jpg\"\n\t\t\t\tdata-image-id=\"21931\"\n\t\t\t\tdata-title=\"skulpturenpark-wernstein-24\"\n\t\t\t\tdata-description=\"\"\n\t\t\t\tdata-image-slug=\"skulpturenpark-wernstein-24\"\n\t\t\t\tclass=\"shutterset_3f9f735cb625fc449944f4affc334dd3\">\n\t\t\t\t<img\n\t\t\t\t\ttitle=\"skulpturenpark-wernstein-24\"\n\t\t\t\t\talt=\"skulpturenpark-wernstein-24\"\n\t\t\t\t\tsrc=\"https:\/\/www.verlag-doppelpunkt.at\/bilderserien\/wp-content\/gallery\/skulpturenpark\/thumbs\/thumbs_skulpturenpark-wernstein-24.jpg\"\n\t\t\t\t\twidth=\"100\"\n\t\t\t\t\theight=\"75\"\n\t\t\t\t\tstyle=\"max-width:100%;\"\n\t\t\t\t\/>\n\t\t\t<\/a>\n\t\t<\/div>\n\t\t\t\t\t\t\t<\/div> \n\t\t\t\n\t\t\t\t<div id=\"ngg-image-8\" class=\"ngg-gallery-thumbnail-box \n\t\t\t\t\t\t\t\t\t\t\t\" \n\t\t\t>\n\t\t\t\t\t\t<div class=\"ngg-gallery-thumbnail\">\n\t\t\t<a href=\"https:\/\/www.verlag-doppelpunkt.at\/bilderserien\/wp-content\/gallery\/skulpturenpark\/skulpturenpark-wernstein-25.jpg\"\n\t\t\t\ttitle=\"\"\n\t\t\t\tdata-src=\"https:\/\/www.verlag-doppelpunkt.at\/bilderserien\/wp-content\/gallery\/skulpturenpark\/skulpturenpark-wernstein-25.jpg\"\n\t\t\t\tdata-thumbnail=\"https:\/\/www.verlag-doppelpunkt.at\/bilderserien\/wp-content\/gallery\/skulpturenpark\/thumbs\/thumbs_skulpturenpark-wernstein-25.jpg\"\n\t\t\t\tdata-image-id=\"21932\"\n\t\t\t\tdata-title=\"skulpturenpark-wernstein-25\"\n\t\t\t\tdata-description=\"\"\n\t\t\t\tdata-image-slug=\"skulpturenpark-wernstein-25\"\n\t\t\t\tclass=\"shutterset_3f9f735cb625fc449944f4affc334dd3\">\n\t\t\t\t<img\n\t\t\t\t\ttitle=\"skulpturenpark-wernstein-25\"\n\t\t\t\t\talt=\"skulpturenpark-wernstein-25\"\n\t\t\t\t\tsrc=\"https:\/\/www.verlag-doppelpunkt.at\/bilderserien\/wp-content\/gallery\/skulpturenpark\/thumbs\/thumbs_skulpturenpark-wernstein-25.jpg\"\n\t\t\t\t\twidth=\"100\"\n\t\t\t\t\theight=\"75\"\n\t\t\t\t\tstyle=\"max-width:100%;\"\n\t\t\t\t\/>\n\t\t\t<\/a>\n\t\t<\/div>\n\t\t\t\t\t\t\t<\/div> \n\t\t\t\n\t\t\t\t<div id=\"ngg-image-9\" class=\"ngg-gallery-thumbnail-box \n\t\t\t\t\t\t\t\t\t\t\t\" \n\t\t\t>\n\t\t\t\t\t\t<div class=\"ngg-gallery-thumbnail\">\n\t\t\t<a href=\"https:\/\/www.verlag-doppelpunkt.at\/bilderserien\/wp-content\/gallery\/skulpturenpark\/skulpturenpark-wernstein-28.jpg\"\n\t\t\t\ttitle=\"\"\n\t\t\t\tdata-src=\"https:\/\/www.verlag-doppelpunkt.at\/bilderserien\/wp-content\/gallery\/skulpturenpark\/skulpturenpark-wernstein-28.jpg\"\n\t\t\t\tdata-thumbnail=\"https:\/\/www.verlag-doppelpunkt.at\/bilderserien\/wp-content\/gallery\/skulpturenpark\/thumbs\/thumbs_skulpturenpark-wernstein-28.jpg\"\n\t\t\t\tdata-image-id=\"21933\"\n\t\t\t\tdata-title=\"skulpturenpark-wernstein-28\"\n\t\t\t\tdata-description=\"\"\n\t\t\t\tdata-image-slug=\"skulpturenpark-wernstein-28\"\n\t\t\t\tclass=\"shutterset_3f9f735cb625fc449944f4affc334dd3\">\n\t\t\t\t<img\n\t\t\t\t\ttitle=\"skulpturenpark-wernstein-28\"\n\t\t\t\t\talt=\"skulpturenpark-wernstein-28\"\n\t\t\t\t\tsrc=\"https:\/\/www.verlag-doppelpunkt.at\/bilderserien\/wp-content\/gallery\/skulpturenpark\/thumbs\/thumbs_skulpturenpark-wernstein-28.jpg\"\n\t\t\t\t\twidth=\"100\"\n\t\t\t\t\theight=\"75\"\n\t\t\t\t\tstyle=\"max-width:100%;\"\n\t\t\t\t\/>\n\t\t\t<\/a>\n\t\t<\/div>\n\t\t\t\t\t\t\t<\/div> \n\t\t\t\n\t\t\t\t<div id=\"ngg-image-10\" class=\"ngg-gallery-thumbnail-box \n\t\t\t\t\t\t\t\t\t\t\t\" \n\t\t\t>\n\t\t\t\t\t\t<div class=\"ngg-gallery-thumbnail\">\n\t\t\t<a href=\"https:\/\/www.verlag-doppelpunkt.at\/bilderserien\/wp-content\/gallery\/skulpturenpark\/skulpturenpark-wernstein-3.jpg\"\n\t\t\t\ttitle=\"\"\n\t\t\t\tdata-src=\"https:\/\/www.verlag-doppelpunkt.at\/bilderserien\/wp-content\/gallery\/skulpturenpark\/skulpturenpark-wernstein-3.jpg\"\n\t\t\t\tdata-thumbnail=\"https:\/\/www.verlag-doppelpunkt.at\/bilderserien\/wp-content\/gallery\/skulpturenpark\/thumbs\/thumbs_skulpturenpark-wernstein-3.jpg\"\n\t\t\t\tdata-image-id=\"21934\"\n\t\t\t\tdata-title=\"skulpturenpark-wernstein-3\"\n\t\t\t\tdata-description=\"\"\n\t\t\t\tdata-image-slug=\"skulpturenpark-wernstein-3\"\n\t\t\t\tclass=\"shutterset_3f9f735cb625fc449944f4affc334dd3\">\n\t\t\t\t<img\n\t\t\t\t\ttitle=\"skulpturenpark-wernstein-3\"\n\t\t\t\t\talt=\"skulpturenpark-wernstein-3\"\n\t\t\t\t\tsrc=\"https:\/\/www.verlag-doppelpunkt.at\/bilderserien\/wp-content\/gallery\/skulpturenpark\/thumbs\/thumbs_skulpturenpark-wernstein-3.jpg\"\n\t\t\t\t\twidth=\"100\"\n\t\t\t\t\theight=\"75\"\n\t\t\t\t\tstyle=\"max-width:100%;\"\n\t\t\t\t\/>\n\t\t\t<\/a>\n\t\t<\/div>\n\t\t\t\t\t\t\t<\/div> \n\t\t\t\n\t\t\t\t<div id=\"ngg-image-11\" class=\"ngg-gallery-thumbnail-box \n\t\t\t\t\t\t\t\t\t\t\t\" \n\t\t\t>\n\t\t\t\t\t\t<div class=\"ngg-gallery-thumbnail\">\n\t\t\t<a href=\"https:\/\/www.verlag-doppelpunkt.at\/bilderserien\/wp-content\/gallery\/skulpturenpark\/skulpturenpark-wernstein-30.jpg\"\n\t\t\t\ttitle=\"\"\n\t\t\t\tdata-src=\"https:\/\/www.verlag-doppelpunkt.at\/bilderserien\/wp-content\/gallery\/skulpturenpark\/skulpturenpark-wernstein-30.jpg\"\n\t\t\t\tdata-thumbnail=\"https:\/\/www.verlag-doppelpunkt.at\/bilderserien\/wp-content\/gallery\/skulpturenpark\/thumbs\/thumbs_skulpturenpark-wernstein-30.jpg\"\n\t\t\t\tdata-image-id=\"21935\"\n\t\t\t\tdata-title=\"skulpturenpark-wernstein-30\"\n\t\t\t\tdata-description=\"\"\n\t\t\t\tdata-image-slug=\"skulpturenpark-wernstein-30\"\n\t\t\t\tclass=\"shutterset_3f9f735cb625fc449944f4affc334dd3\">\n\t\t\t\t<img\n\t\t\t\t\ttitle=\"skulpturenpark-wernstein-30\"\n\t\t\t\t\talt=\"skulpturenpark-wernstein-30\"\n\t\t\t\t\tsrc=\"https:\/\/www.verlag-doppelpunkt.at\/bilderserien\/wp-content\/gallery\/skulpturenpark\/thumbs\/thumbs_skulpturenpark-wernstein-30.jpg\"\n\t\t\t\t\twidth=\"100\"\n\t\t\t\t\theight=\"75\"\n\t\t\t\t\tstyle=\"max-width:100%;\"\n\t\t\t\t\/>\n\t\t\t<\/a>\n\t\t<\/div>\n\t\t\t\t\t\t\t<\/div> \n\t\t\t\n\t\t\t\t<div id=\"ngg-image-12\" class=\"ngg-gallery-thumbnail-box \n\t\t\t\t\t\t\t\t\t\t\t\" \n\t\t\t>\n\t\t\t\t\t\t<div class=\"ngg-gallery-thumbnail\">\n\t\t\t<a href=\"https:\/\/www.verlag-doppelpunkt.at\/bilderserien\/wp-content\/gallery\/skulpturenpark\/skulpturenpark-wernstein-31.jpg\"\n\t\t\t\ttitle=\"\"\n\t\t\t\tdata-src=\"https:\/\/www.verlag-doppelpunkt.at\/bilderserien\/wp-content\/gallery\/skulpturenpark\/skulpturenpark-wernstein-31.jpg\"\n\t\t\t\tdata-thumbnail=\"https:\/\/www.verlag-doppelpunkt.at\/bilderserien\/wp-content\/gallery\/skulpturenpark\/thumbs\/thumbs_skulpturenpark-wernstein-31.jpg\"\n\t\t\t\tdata-image-id=\"21936\"\n\t\t\t\tdata-title=\"skulpturenpark-wernstein-31\"\n\t\t\t\tdata-description=\"\"\n\t\t\t\tdata-image-slug=\"skulpturenpark-wernstein-31\"\n\t\t\t\tclass=\"shutterset_3f9f735cb625fc449944f4affc334dd3\">\n\t\t\t\t<img\n\t\t\t\t\ttitle=\"skulpturenpark-wernstein-31\"\n\t\t\t\t\talt=\"skulpturenpark-wernstein-31\"\n\t\t\t\t\tsrc=\"https:\/\/www.verlag-doppelpunkt.at\/bilderserien\/wp-content\/gallery\/skulpturenpark\/thumbs\/thumbs_skulpturenpark-wernstein-31.jpg\"\n\t\t\t\t\twidth=\"100\"\n\t\t\t\t\theight=\"75\"\n\t\t\t\t\tstyle=\"max-width:100%;\"\n\t\t\t\t\/>\n\t\t\t<\/a>\n\t\t<\/div>\n\t\t\t\t\t\t\t<\/div> \n\t\t\t\n\t\t\t\t<div id=\"ngg-image-13\" class=\"ngg-gallery-thumbnail-box \n\t\t\t\t\t\t\t\t\t\t\t\" \n\t\t\t>\n\t\t\t\t\t\t<div class=\"ngg-gallery-thumbnail\">\n\t\t\t<a href=\"https:\/\/www.verlag-doppelpunkt.at\/bilderserien\/wp-content\/gallery\/skulpturenpark\/skulpturenpark-wernstein-32.jpg\"\n\t\t\t\ttitle=\"\"\n\t\t\t\tdata-src=\"https:\/\/www.verlag-doppelpunkt.at\/bilderserien\/wp-content\/gallery\/skulpturenpark\/skulpturenpark-wernstein-32.jpg\"\n\t\t\t\tdata-thumbnail=\"https:\/\/www.verlag-doppelpunkt.at\/bilderserien\/wp-content\/gallery\/skulpturenpark\/thumbs\/thumbs_skulpturenpark-wernstein-32.jpg\"\n\t\t\t\tdata-image-id=\"21937\"\n\t\t\t\tdata-title=\"skulpturenpark-wernstein-32\"\n\t\t\t\tdata-description=\"\"\n\t\t\t\tdata-image-slug=\"skulpturenpark-wernstein-32\"\n\t\t\t\tclass=\"shutterset_3f9f735cb625fc449944f4affc334dd3\">\n\t\t\t\t<img\n\t\t\t\t\ttitle=\"skulpturenpark-wernstein-32\"\n\t\t\t\t\talt=\"skulpturenpark-wernstein-32\"\n\t\t\t\t\tsrc=\"https:\/\/www.verlag-doppelpunkt.at\/bilderserien\/wp-content\/gallery\/skulpturenpark\/thumbs\/thumbs_skulpturenpark-wernstein-32.jpg\"\n\t\t\t\t\twidth=\"100\"\n\t\t\t\t\theight=\"75\"\n\t\t\t\t\tstyle=\"max-width:100%;\"\n\t\t\t\t\/>\n\t\t\t<\/a>\n\t\t<\/div>\n\t\t\t\t\t\t\t<\/div> \n\t\t\t\n\t\t\t\t<div id=\"ngg-image-14\" class=\"ngg-gallery-thumbnail-box \n\t\t\t\t\t\t\t\t\t\t\t\" \n\t\t\t>\n\t\t\t\t\t\t<div class=\"ngg-gallery-thumbnail\">\n\t\t\t<a href=\"https:\/\/www.verlag-doppelpunkt.at\/bilderserien\/wp-content\/gallery\/skulpturenpark\/skulpturenpark-wernstein-33.jpg\"\n\t\t\t\ttitle=\"\"\n\t\t\t\tdata-src=\"https:\/\/www.verlag-doppelpunkt.at\/bilderserien\/wp-content\/gallery\/skulpturenpark\/skulpturenpark-wernstein-33.jpg\"\n\t\t\t\tdata-thumbnail=\"https:\/\/www.verlag-doppelpunkt.at\/bilderserien\/wp-content\/gallery\/skulpturenpark\/thumbs\/thumbs_skulpturenpark-wernstein-33.jpg\"\n\t\t\t\tdata-image-id=\"21938\"\n\t\t\t\tdata-title=\"skulpturenpark-wernstein-33\"\n\t\t\t\tdata-description=\"\"\n\t\t\t\tdata-image-slug=\"skulpturenpark-wernstein-33\"\n\t\t\t\tclass=\"shutterset_3f9f735cb625fc449944f4affc334dd3\">\n\t\t\t\t<img\n\t\t\t\t\ttitle=\"skulpturenpark-wernstein-33\"\n\t\t\t\t\talt=\"skulpturenpark-wernstein-33\"\n\t\t\t\t\tsrc=\"https:\/\/www.verlag-doppelpunkt.at\/bilderserien\/wp-content\/gallery\/skulpturenpark\/thumbs\/thumbs_skulpturenpark-wernstein-33.jpg\"\n\t\t\t\t\twidth=\"100\"\n\t\t\t\t\theight=\"75\"\n\t\t\t\t\tstyle=\"max-width:100%;\"\n\t\t\t\t\/>\n\t\t\t<\/a>\n\t\t<\/div>\n\t\t\t\t\t\t\t<\/div> \n\t\t\t\n\t\t\t\t<div id=\"ngg-image-15\" class=\"ngg-gallery-thumbnail-box \n\t\t\t\t\t\t\t\t\t\t\t\" \n\t\t\t>\n\t\t\t\t\t\t<div class=\"ngg-gallery-thumbnail\">\n\t\t\t<a href=\"https:\/\/www.verlag-doppelpunkt.at\/bilderserien\/wp-content\/gallery\/skulpturenpark\/skulpturenpark-wernstein-34.jpg\"\n\t\t\t\ttitle=\"\"\n\t\t\t\tdata-src=\"https:\/\/www.verlag-doppelpunkt.at\/bilderserien\/wp-content\/gallery\/skulpturenpark\/skulpturenpark-wernstein-34.jpg\"\n\t\t\t\tdata-thumbnail=\"https:\/\/www.verlag-doppelpunkt.at\/bilderserien\/wp-content\/gallery\/skulpturenpark\/thumbs\/thumbs_skulpturenpark-wernstein-34.jpg\"\n\t\t\t\tdata-image-id=\"21939\"\n\t\t\t\tdata-title=\"skulpturenpark-wernstein-34\"\n\t\t\t\tdata-description=\"\"\n\t\t\t\tdata-image-slug=\"skulpturenpark-wernstein-34\"\n\t\t\t\tclass=\"shutterset_3f9f735cb625fc449944f4affc334dd3\">\n\t\t\t\t<img\n\t\t\t\t\ttitle=\"skulpturenpark-wernstein-34\"\n\t\t\t\t\talt=\"skulpturenpark-wernstein-34\"\n\t\t\t\t\tsrc=\"https:\/\/www.verlag-doppelpunkt.at\/bilderserien\/wp-content\/gallery\/skulpturenpark\/thumbs\/thumbs_skulpturenpark-wernstein-34.jpg\"\n\t\t\t\t\twidth=\"100\"\n\t\t\t\t\theight=\"75\"\n\t\t\t\t\tstyle=\"max-width:100%;\"\n\t\t\t\t\/>\n\t\t\t<\/a>\n\t\t<\/div>\n\t\t\t\t\t\t\t<\/div> \n\t\t\t\n\t\t\t\t<div id=\"ngg-image-16\" class=\"ngg-gallery-thumbnail-box \n\t\t\t\t\t\t\t\t\t\t\t\" \n\t\t\t>\n\t\t\t\t\t\t<div class=\"ngg-gallery-thumbnail\">\n\t\t\t<a href=\"https:\/\/www.verlag-doppelpunkt.at\/bilderserien\/wp-content\/gallery\/skulpturenpark\/skulpturenpark-wernstein-35.jpg\"\n\t\t\t\ttitle=\"\"\n\t\t\t\tdata-src=\"https:\/\/www.verlag-doppelpunkt.at\/bilderserien\/wp-content\/gallery\/skulpturenpark\/skulpturenpark-wernstein-35.jpg\"\n\t\t\t\tdata-thumbnail=\"https:\/\/www.verlag-doppelpunkt.at\/bilderserien\/wp-content\/gallery\/skulpturenpark\/thumbs\/thumbs_skulpturenpark-wernstein-35.jpg\"\n\t\t\t\tdata-image-id=\"21940\"\n\t\t\t\tdata-title=\"skulpturenpark-wernstein-35\"\n\t\t\t\tdata-description=\"\"\n\t\t\t\tdata-image-slug=\"skulpturenpark-wernstein-35\"\n\t\t\t\tclass=\"shutterset_3f9f735cb625fc449944f4affc334dd3\">\n\t\t\t\t<img\n\t\t\t\t\ttitle=\"skulpturenpark-wernstein-35\"\n\t\t\t\t\talt=\"skulpturenpark-wernstein-35\"\n\t\t\t\t\tsrc=\"https:\/\/www.verlag-doppelpunkt.at\/bilderserien\/wp-content\/gallery\/skulpturenpark\/thumbs\/thumbs_skulpturenpark-wernstein-35.jpg\"\n\t\t\t\t\twidth=\"100\"\n\t\t\t\t\theight=\"75\"\n\t\t\t\t\tstyle=\"max-width:100%;\"\n\t\t\t\t\/>\n\t\t\t<\/a>\n\t\t<\/div>\n\t\t\t\t\t\t\t<\/div> \n\t\t\t\n\t\t\t\t<div id=\"ngg-image-17\" class=\"ngg-gallery-thumbnail-box \n\t\t\t\t\t\t\t\t\t\t\t\" \n\t\t\t>\n\t\t\t\t\t\t<div class=\"ngg-gallery-thumbnail\">\n\t\t\t<a href=\"https:\/\/www.verlag-doppelpunkt.at\/bilderserien\/wp-content\/gallery\/skulpturenpark\/skulpturenpark-wernstein-38.jpg\"\n\t\t\t\ttitle=\"\"\n\t\t\t\tdata-src=\"https:\/\/www.verlag-doppelpunkt.at\/bilderserien\/wp-content\/gallery\/skulpturenpark\/skulpturenpark-wernstein-38.jpg\"\n\t\t\t\tdata-thumbnail=\"https:\/\/www.verlag-doppelpunkt.at\/bilderserien\/wp-content\/gallery\/skulpturenpark\/thumbs\/thumbs_skulpturenpark-wernstein-38.jpg\"\n\t\t\t\tdata-image-id=\"21941\"\n\t\t\t\tdata-title=\"skulpturenpark-wernstein-38\"\n\t\t\t\tdata-description=\"\"\n\t\t\t\tdata-image-slug=\"skulpturenpark-wernstein-38\"\n\t\t\t\tclass=\"shutterset_3f9f735cb625fc449944f4affc334dd3\">\n\t\t\t\t<img\n\t\t\t\t\ttitle=\"skulpturenpark-wernstein-38\"\n\t\t\t\t\talt=\"skulpturenpark-wernstein-38\"\n\t\t\t\t\tsrc=\"https:\/\/www.verlag-doppelpunkt.at\/bilderserien\/wp-content\/gallery\/skulpturenpark\/thumbs\/thumbs_skulpturenpark-wernstein-38.jpg\"\n\t\t\t\t\twidth=\"100\"\n\t\t\t\t\theight=\"75\"\n\t\t\t\t\tstyle=\"max-width:100%;\"\n\t\t\t\t\/>\n\t\t\t<\/a>\n\t\t<\/div>\n\t\t\t\t\t\t\t<\/div> \n\t\t\t\n\t\t\t\t<div id=\"ngg-image-18\" class=\"ngg-gallery-thumbnail-box \n\t\t\t\t\t\t\t\t\t\t\t\" \n\t\t\t>\n\t\t\t\t\t\t<div class=\"ngg-gallery-thumbnail\">\n\t\t\t<a href=\"https:\/\/www.verlag-doppelpunkt.at\/bilderserien\/wp-content\/gallery\/skulpturenpark\/skulpturenpark-wernstein-39.jpg\"\n\t\t\t\ttitle=\"\"\n\t\t\t\tdata-src=\"https:\/\/www.verlag-doppelpunkt.at\/bilderserien\/wp-content\/gallery\/skulpturenpark\/skulpturenpark-wernstein-39.jpg\"\n\t\t\t\tdata-thumbnail=\"https:\/\/www.verlag-doppelpunkt.at\/bilderserien\/wp-content\/gallery\/skulpturenpark\/thumbs\/thumbs_skulpturenpark-wernstein-39.jpg\"\n\t\t\t\tdata-image-id=\"21942\"\n\t\t\t\tdata-title=\"skulpturenpark-wernstein-39\"\n\t\t\t\tdata-description=\"\"\n\t\t\t\tdata-image-slug=\"skulpturenpark-wernstein-39\"\n\t\t\t\tclass=\"shutterset_3f9f735cb625fc449944f4affc334dd3\">\n\t\t\t\t<img\n\t\t\t\t\ttitle=\"skulpturenpark-wernstein-39\"\n\t\t\t\t\talt=\"skulpturenpark-wernstein-39\"\n\t\t\t\t\tsrc=\"https:\/\/www.verlag-doppelpunkt.at\/bilderserien\/wp-content\/gallery\/skulpturenpark\/thumbs\/thumbs_skulpturenpark-wernstein-39.jpg\"\n\t\t\t\t\twidth=\"100\"\n\t\t\t\t\theight=\"75\"\n\t\t\t\t\tstyle=\"max-width:100%;\"\n\t\t\t\t\/>\n\t\t\t<\/a>\n\t\t<\/div>\n\t\t\t\t\t\t\t<\/div> \n\t\t\t\n\t\t\t\t<div id=\"ngg-image-19\" class=\"ngg-gallery-thumbnail-box \n\t\t\t\t\t\t\t\t\t\t\t\" \n\t\t\t>\n\t\t\t\t\t\t<div class=\"ngg-gallery-thumbnail\">\n\t\t\t<a href=\"https:\/\/www.verlag-doppelpunkt.at\/bilderserien\/wp-content\/gallery\/skulpturenpark\/skulpturenpark-wernstein-4.jpg\"\n\t\t\t\ttitle=\"\"\n\t\t\t\tdata-src=\"https:\/\/www.verlag-doppelpunkt.at\/bilderserien\/wp-content\/gallery\/skulpturenpark\/skulpturenpark-wernstein-4.jpg\"\n\t\t\t\tdata-thumbnail=\"https:\/\/www.verlag-doppelpunkt.at\/bilderserien\/wp-content\/gallery\/skulpturenpark\/thumbs\/thumbs_skulpturenpark-wernstein-4.jpg\"\n\t\t\t\tdata-image-id=\"21943\"\n\t\t\t\tdata-title=\"skulpturenpark-wernstein-4\"\n\t\t\t\tdata-description=\"\"\n\t\t\t\tdata-image-slug=\"skulpturenpark-wernstein-4\"\n\t\t\t\tclass=\"shutterset_3f9f735cb625fc449944f4affc334dd3\">\n\t\t\t\t<img\n\t\t\t\t\ttitle=\"skulpturenpark-wernstein-4\"\n\t\t\t\t\talt=\"skulpturenpark-wernstein-4\"\n\t\t\t\t\tsrc=\"https:\/\/www.verlag-doppelpunkt.at\/bilderserien\/wp-content\/gallery\/skulpturenpark\/thumbs\/thumbs_skulpturenpark-wernstein-4.jpg\"\n\t\t\t\t\twidth=\"100\"\n\t\t\t\t\theight=\"75\"\n\t\t\t\t\tstyle=\"max-width:100%;\"\n\t\t\t\t\/>\n\t\t\t<\/a>\n\t\t<\/div>\n\t\t\t\t\t\t\t<\/div> \n\t\t\t\n\t\t\t\t<div id=\"ngg-image-20\" class=\"ngg-gallery-thumbnail-box \n\t\t\t\t\t\t\t\t\t\t\t\" \n\t\t\tstyle=\"display: none;\">\n\t\t\t\t\t\t<div class=\"ngg-gallery-thumbnail\">\n\t\t\t<a href=\"https:\/\/www.verlag-doppelpunkt.at\/bilderserien\/wp-content\/gallery\/skulpturenpark\/skulpturenpark-wernstein-5.jpg\"\n\t\t\t\ttitle=\"\"\n\t\t\t\tdata-src=\"https:\/\/www.verlag-doppelpunkt.at\/bilderserien\/wp-content\/gallery\/skulpturenpark\/skulpturenpark-wernstein-5.jpg\"\n\t\t\t\tdata-thumbnail=\"https:\/\/www.verlag-doppelpunkt.at\/bilderserien\/wp-content\/gallery\/skulpturenpark\/thumbs\/thumbs_skulpturenpark-wernstein-5.jpg\"\n\t\t\t\tdata-image-id=\"21944\"\n\t\t\t\tdata-title=\"skulpturenpark-wernstein-5\"\n\t\t\t\tdata-description=\"\"\n\t\t\t\tdata-image-slug=\"skulpturenpark-wernstein-5\"\n\t\t\t\tclass=\"shutterset_3f9f735cb625fc449944f4affc334dd3\">\n\t\t\t\t<img\n\t\t\t\t\ttitle=\"skulpturenpark-wernstein-5\"\n\t\t\t\t\talt=\"skulpturenpark-wernstein-5\"\n\t\t\t\t\tsrc=\"https:\/\/www.verlag-doppelpunkt.at\/bilderserien\/wp-content\/gallery\/skulpturenpark\/thumbs\/thumbs_skulpturenpark-wernstein-5.jpg\"\n\t\t\t\t\twidth=\"100\"\n\t\t\t\t\theight=\"75\"\n\t\t\t\t\tstyle=\"max-width:100%;\"\n\t\t\t\t\/>\n\t\t\t<\/a>\n\t\t<\/div>\n\t\t\t\t\t\t\t<\/div> \n\t\t\t\n\t\t\t\t<div id=\"ngg-image-21\" class=\"ngg-gallery-thumbnail-box \n\t\t\t\t\t\t\t\t\t\t\t\" \n\t\t\tstyle=\"display: none;\">\n\t\t\t\t\t\t<div class=\"ngg-gallery-thumbnail\">\n\t\t\t<a href=\"https:\/\/www.verlag-doppelpunkt.at\/bilderserien\/wp-content\/gallery\/skulpturenpark\/skulpturenpark-wernstein-6.jpg\"\n\t\t\t\ttitle=\"\"\n\t\t\t\tdata-src=\"https:\/\/www.verlag-doppelpunkt.at\/bilderserien\/wp-content\/gallery\/skulpturenpark\/skulpturenpark-wernstein-6.jpg\"\n\t\t\t\tdata-thumbnail=\"https:\/\/www.verlag-doppelpunkt.at\/bilderserien\/wp-content\/gallery\/skulpturenpark\/thumbs\/thumbs_skulpturenpark-wernstein-6.jpg\"\n\t\t\t\tdata-image-id=\"21945\"\n\t\t\t\tdata-title=\"skulpturenpark-wernstein-6\"\n\t\t\t\tdata-description=\"\"\n\t\t\t\tdata-image-slug=\"skulpturenpark-wernstein-6\"\n\t\t\t\tclass=\"shutterset_3f9f735cb625fc449944f4affc334dd3\">\n\t\t\t\t<img\n\t\t\t\t\ttitle=\"skulpturenpark-wernstein-6\"\n\t\t\t\t\talt=\"skulpturenpark-wernstein-6\"\n\t\t\t\t\tsrc=\"https:\/\/www.verlag-doppelpunkt.at\/bilderserien\/wp-content\/gallery\/skulpturenpark\/thumbs\/thumbs_skulpturenpark-wernstein-6.jpg\"\n\t\t\t\t\twidth=\"100\"\n\t\t\t\t\theight=\"75\"\n\t\t\t\t\tstyle=\"max-width:100%;\"\n\t\t\t\t\/>\n\t\t\t<\/a>\n\t\t<\/div>\n\t\t\t\t\t\t\t<\/div> \n\t\t\t\n\t\t\t\t<div id=\"ngg-image-22\" class=\"ngg-gallery-thumbnail-box \n\t\t\t\t\t\t\t\t\t\t\t\" \n\t\t\tstyle=\"display: none;\">\n\t\t\t\t\t\t<div class=\"ngg-gallery-thumbnail\">\n\t\t\t<a href=\"https:\/\/www.verlag-doppelpunkt.at\/bilderserien\/wp-content\/gallery\/skulpturenpark\/skulpturenpark-wernstein-8.jpg\"\n\t\t\t\ttitle=\"\"\n\t\t\t\tdata-src=\"https:\/\/www.verlag-doppelpunkt.at\/bilderserien\/wp-content\/gallery\/skulpturenpark\/skulpturenpark-wernstein-8.jpg\"\n\t\t\t\tdata-thumbnail=\"https:\/\/www.verlag-doppelpunkt.at\/bilderserien\/wp-content\/gallery\/skulpturenpark\/thumbs\/thumbs_skulpturenpark-wernstein-8.jpg\"\n\t\t\t\tdata-image-id=\"21946\"\n\t\t\t\tdata-title=\"skulpturenpark-wernstein-8\"\n\t\t\t\tdata-description=\"\"\n\t\t\t\tdata-image-slug=\"skulpturenpark-wernstein-8\"\n\t\t\t\tclass=\"shutterset_3f9f735cb625fc449944f4affc334dd3\">\n\t\t\t\t<img\n\t\t\t\t\ttitle=\"skulpturenpark-wernstein-8\"\n\t\t\t\t\talt=\"skulpturenpark-wernstein-8\"\n\t\t\t\t\tsrc=\"https:\/\/www.verlag-doppelpunkt.at\/bilderserien\/wp-content\/gallery\/skulpturenpark\/thumbs\/thumbs_skulpturenpark-wernstein-8.jpg\"\n\t\t\t\t\twidth=\"100\"\n\t\t\t\t\theight=\"75\"\n\t\t\t\t\tstyle=\"max-width:100%;\"\n\t\t\t\t\/>\n\t\t\t<\/a>\n\t\t<\/div>\n\t\t\t\t\t\t\t<\/div> \n\t\t\t\n\t\t\t\t<div id=\"ngg-image-23\" class=\"ngg-gallery-thumbnail-box \n\t\t\t\t\t\t\t\t\t\t\t\" \n\t\t\tstyle=\"display: none;\">\n\t\t\t\t\t\t<div class=\"ngg-gallery-thumbnail\">\n\t\t\t<a href=\"https:\/\/www.verlag-doppelpunkt.at\/bilderserien\/wp-content\/gallery\/skulpturenpark\/skulpturenpark-wernstein-9.jpg\"\n\t\t\t\ttitle=\"\"\n\t\t\t\tdata-src=\"https:\/\/www.verlag-doppelpunkt.at\/bilderserien\/wp-content\/gallery\/skulpturenpark\/skulpturenpark-wernstein-9.jpg\"\n\t\t\t\tdata-thumbnail=\"https:\/\/www.verlag-doppelpunkt.at\/bilderserien\/wp-content\/gallery\/skulpturenpark\/thumbs\/thumbs_skulpturenpark-wernstein-9.jpg\"\n\t\t\t\tdata-image-id=\"21947\"\n\t\t\t\tdata-title=\"skulpturenpark-wernstein-9\"\n\t\t\t\tdata-description=\"\"\n\t\t\t\tdata-image-slug=\"skulpturenpark-wernstein-9\"\n\t\t\t\tclass=\"shutterset_3f9f735cb625fc449944f4affc334dd3\">\n\t\t\t\t<img\n\t\t\t\t\ttitle=\"skulpturenpark-wernstein-9\"\n\t\t\t\t\talt=\"skulpturenpark-wernstein-9\"\n\t\t\t\t\tsrc=\"https:\/\/www.verlag-doppelpunkt.at\/bilderserien\/wp-content\/gallery\/skulpturenpark\/thumbs\/thumbs_skulpturenpark-wernstein-9.jpg\"\n\t\t\t\t\twidth=\"100\"\n\t\t\t\t\theight=\"75\"\n\t\t\t\t\tstyle=\"max-width:100%;\"\n\t\t\t\t\/>\n\t\t\t<\/a>\n\t\t<\/div>\n\t\t\t\t\t\t\t<\/div> \n\t\t\t\n\t\n\t<br style=\"clear: both\" \/>\n\n\t\n\t\t<!-- Pagination -->\n\t\t<div class='ngg-navigation'><span class='current'>1<\/span>\n<a class='page-numbers' data-pageid='2' href='https:\/\/www.verlag-doppelpunkt.at\/bilderserien\/skulpturenpark-fahrner-schrott-rostet-zur-kunst\/nggallery\/page\/2'>2<\/a>\n<a class='prev' href='https:\/\/www.verlag-doppelpunkt.at\/bilderserien\/skulpturenpark-fahrner-schrott-rostet-zur-kunst\/nggallery\/page\/2' data-pageid=2>&#9658;<\/a><\/div>\t<\/div>\n<\/strong><\/p>\n\n\n\n<figure class=\"wp-block-image is-resized\"><a href=\"https:\/\/www.verlag-doppelpunkt.at\/bilderserien\/\"><img loading=\"lazy\" decoding=\"async\" src=\"https:\/\/www.verlag-doppelpunkt.at\/bilderserien\/wp-content\/uploads\/Mehr-Bilder-Kopie-300x106.png\" alt=\"\" class=\"wp-image-6700\" width=\"300\" height=\"106\" srcset=\"https:\/\/www.verlag-doppelpunkt.at\/bilderserien\/wp-content\/uploads\/Mehr-Bilder-Kopie-300x106.png 300w, https:\/\/www.verlag-doppelpunkt.at\/bilderserien\/wp-content\/uploads\/Mehr-Bilder-Kopie-768x272.png 768w, https:\/\/www.verlag-doppelpunkt.at\/bilderserien\/wp-content\/uploads\/Mehr-Bilder-Kopie-730x258.png 730w, https:\/\/www.verlag-doppelpunkt.at\/bilderserien\/wp-content\/uploads\/Mehr-Bilder-Kopie-435x154.png 435w, https:\/\/www.verlag-doppelpunkt.at\/bilderserien\/wp-content\/uploads\/Mehr-Bilder-Kopie.png 831w\" sizes=\"(max-width: 300px) 100vw, 300px\" \/><\/a><\/figure>\n\n\n<p><!--EndFragment--><br>\n<br>\n<\/p>","protected":false},"excerpt":{"rendered":"<p>Wer aufmerksam am Donauufer entlang f\u00e4hrt, kann die riesigen Skulpturen auf einem Hang nahe Wesenufer gar nicht \u00fcbersehen. Seit neun Jahren gibt es diesen Skulpturenpark von Annemarie und G\u00fcnther Fahrner. [&hellip;]<\/p>\n","protected":false},"author":3,"featured_media":6861,"comment_status":"closed","ping_status":"open","sticky":false,"template":"","format":"standard","meta":{"ngg_post_thumbnail":0,"footnotes":""},"categories":[332],"tags":[],"_links":{"self":[{"href":"https:\/\/www.verlag-doppelpunkt.at\/bilderserien\/wp-json\/wp\/v2\/posts\/6860"}],"collection":[{"href":"https:\/\/www.verlag-doppelpunkt.at\/bilderserien\/wp-json\/wp\/v2\/posts"}],"about":[{"href":"https:\/\/www.verlag-doppelpunkt.at\/bilderserien\/wp-json\/wp\/v2\/types\/post"}],"author":[{"embeddable":true,"href":"https:\/\/www.verlag-doppelpunkt.at\/bilderserien\/wp-json\/wp\/v2\/users\/3"}],"replies":[{"embeddable":true,"href":"https:\/\/www.verlag-doppelpunkt.at\/bilderserien\/wp-json\/wp\/v2\/comments?post=6860"}],"version-history":[{"count":1,"href":"https:\/\/www.verlag-doppelpunkt.at\/bilderserien\/wp-json\/wp\/v2\/posts\/6860\/revisions"}],"predecessor-version":[{"id":6862,"href":"https:\/\/www.verlag-doppelpunkt.at\/bilderserien\/wp-json\/wp\/v2\/posts\/6860\/revisions\/6862"}],"wp:featuredmedia":[{"embeddable":true,"href":"https:\/\/www.verlag-doppelpunkt.at\/bilderserien\/wp-json\/wp\/v2\/media\/6861"}],"wp:attachment":[{"href":"https:\/\/www.verlag-doppelpunkt.at\/bilderserien\/wp-json\/wp\/v2\/media?parent=6860"}],"wp:term":[{"taxonomy":"category","embeddable":true,"href":"https:\/\/www.verlag-doppelpunkt.at\/bilderserien\/wp-json\/wp\/v2\/categories?post=6860"},{"taxonomy":"post_tag","embeddable":true,"href":"https:\/\/www.verlag-doppelpunkt.at\/bilderserien\/wp-json\/wp\/v2\/tags?post=6860"}],"curies":[{"name":"wp","href":"https:\/\/api.w.org\/{rel}","templated":true}]}}