{"id":1028,"date":"2018-11-26T14:29:42","date_gmt":"2018-11-26T13:29:42","guid":{"rendered":"https:\/\/www.verlag-doppelpunkt.at\/flachgauTV\/?p=1028"},"modified":"2018-11-26T14:32:35","modified_gmt":"2018-11-26T13:32:35","slug":"bierkabarett-startet-mit-flotten-dreier-in-die-neue-saison","status":"publish","type":"post","link":"https:\/\/www.verlag-doppelpunkt.at\/flachgauTV\/bierkabarett-startet-mit-flotten-dreier-in-die-neue-saison\/","title":{"rendered":"Bierkabarett startet mit \u201eflotten Dreier\u201d in die neue Saison"},"content":{"rendered":"<p>Carola und Gudrun, besser bekannt, als die Kern\u00f6lamazonen, sind gerne gesehene Stammg\u00e4ste bei den Flachgauer Kabarettfreunden. Und so war auch der Abend in Eugendorf schon Wochen vor dem Auftritt der beiden Grazien ausverkauft.<br \/>\nEs hat bereits Tradition, dass der Skiclub Eugendorf einmal j\u00e4hrlich zu einem Kabarett l\u00e4dt. Diesmal waren es die Kern\u00f6l-amazonen, die das Publikum mit ihrem \u201eBest of\u201c-Programm bestens unterhalten haben. Aus schr\u00e4gen Dialogen, fetzigen musikalischen Darbietungen und vielen H\u00f6hepunkten vergangener Jahre zauberten die Kern\u00f6lamazonen einen h\u00f6chst unterhaltsamen Abend.<br \/>\nWer den Abend mit den Kern\u00f6lamazonen vers\u00e4umt hat oder die beiden mit dem Programm \u201eWas w\u00e4re wenn \u2013 ein utopisches Musikkabarett\u201c sehen m\u00f6chte, hat dazu am 31. M\u00e4rz im Bierkabarett in Obertrum die M\u00f6glichkeit.<br \/>\nDieser Tage hat Raoul Grabner das Programm f\u00fcr sein Bierkabarett im kommenden Jahr pr\u00e4sentiert und bietet damit den Freunden der launigen Kleinkunst \u00fcber\u00b4s Jahr verteilt gleich mehrere Leckerbissen.<br \/>\nUnd so schaut\u00b4s aus, das 2019er-Programm im Obertrumer Bierkabarett:<br \/>\n> 25. J\u00e4nner: Kultkabarett mit <strong>Blaikner, Messner und Baumann<\/strong> mit dem Programm \u201eFlotter Dreier\u201c.<br \/>\n> 28. Februar: <strong>Winfried Klima <\/strong>mit dem Programm \u201eVoll Verappled\u201c.<br \/>\n> 31. M\u00e4rz: Die <strong>Kern\u00f6lamazonen<\/strong> mit dem Programm \u201eWas w\u00e4re wenn \u2013 ein utopisches Musikkabarett\u201d.<br \/>\n> 26. April: <strong>Markus Langer<\/strong> mit dem Programm \u201eSpassvogeln\u201c.<br \/>\n> 26. Mai: <strong>Drei M\u00e4nner mit Gitarre<\/strong> und ihrem \u201eKapitel II\u201c.<br \/>\n> 28. Juni: <strong>Michael Altinger<\/strong> mit dem Programm \u201eHell\u201c.<br \/>\n> 30. September:<strong> Martin Frank<\/strong> mit \u201eEs kommt wie\u00b4s kommt\u201c.<br \/>\n> 24. Oktober: <strong>Reinhard Nowak &#038; Roman Gregory<\/strong> mit ihrem Programm \u201eVoll am Start\u201c.<br \/>\n> 29. November: <strong>Joesi Prokopetz<\/strong> mit seinem Programm \u201eG\u00fcrteltiere brauchen keine Hosentr\u00e4ger\u201c.<br \/>\nBeginn aller Veranstaltungen ist um 20 Uhr, Einlass jeweils ab 19 Uhr. Vorverkaufskarten gibt es bei der Raiba Obertrum. Au\u00dferdem verlost DOPPELPUNKT laufend Eintrittskarten zu den Kabarettabenden. Wer mitspielen m\u00f6chte, kann das im Internet unter www.flachgau24.at im Bereich \u201eGewinnspiele\u201c.<\/p>\n","protected":false},"excerpt":{"rendered":"<p>Carola und Gudrun, besser bekannt, als die Kern\u00f6lamazonen, sind gerne gesehene Stammg\u00e4ste bei den Flachgauer Kabarettfreunden. Und so war auch der Abend in Eugendorf schon Wochen vor dem Auftritt der [&hellip;]<\/p>\n","protected":false},"author":5,"featured_media":1029,"comment_status":"open","ping_status":"open","sticky":false,"template":"","format":"standard","meta":{"jetpack_post_was_ever_published":false,"_jetpack_newsletter_access":"","_jetpack_dont_email_post_to_subs":false,"_jetpack_newsletter_tier_id":0,"_jetpack_memberships_contains_paywalled_content":false,"_jetpack_memberships_contains_paid_content":false,"footnotes":"","jetpack_publicize_message":"","jetpack_publicize_feature_enabled":true,"jetpack_social_post_already_shared":false,"jetpack_social_options":{"image_generator_settings":{"template":"highway","enabled":false}},"_links_to":"","_links_to_target":""},"categories":[15],"tags":[],"jetpack_publicize_connections":[],"jetpack_featured_media_url":"https:\/\/www.verlag-doppelpunkt.at\/flachgauTV\/wp-content\/uploads\/2018\/11\/Kern\u00f6lamazonen-33.jpg","jetpack_sharing_enabled":true,"jetpack_shortlink":"https:\/\/wp.me\/paDzeQ-gA","_links":{"self":[{"href":"https:\/\/www.verlag-doppelpunkt.at\/flachgauTV\/wp-json\/wp\/v2\/posts\/1028"}],"collection":[{"href":"https:\/\/www.verlag-doppelpunkt.at\/flachgauTV\/wp-json\/wp\/v2\/posts"}],"about":[{"href":"https:\/\/www.verlag-doppelpunkt.at\/flachgauTV\/wp-json\/wp\/v2\/types\/post"}],"author":[{"embeddable":true,"href":"https:\/\/www.verlag-doppelpunkt.at\/flachgauTV\/wp-json\/wp\/v2\/users\/5"}],"replies":[{"embeddable":true,"href":"https:\/\/www.verlag-doppelpunkt.at\/flachgauTV\/wp-json\/wp\/v2\/comments?post=1028"}],"version-history":[{"count":4,"href":"https:\/\/www.verlag-doppelpunkt.at\/flachgauTV\/wp-json\/wp\/v2\/posts\/1028\/revisions"}],"predecessor-version":[{"id":1033,"href":"https:\/\/www.verlag-doppelpunkt.at\/flachgauTV\/wp-json\/wp\/v2\/posts\/1028\/revisions\/1033"}],"wp:featuredmedia":[{"embeddable":true,"href":"https:\/\/www.verlag-doppelpunkt.at\/flachgauTV\/wp-json\/wp\/v2\/media\/1029"}],"wp:attachment":[{"href":"https:\/\/www.verlag-doppelpunkt.at\/flachgauTV\/wp-json\/wp\/v2\/media?parent=1028"}],"wp:term":[{"taxonomy":"category","embeddable":true,"href":"https:\/\/www.verlag-doppelpunkt.at\/flachgauTV\/wp-json\/wp\/v2\/categories?post=1028"},{"taxonomy":"post_tag","embeddable":true,"href":"https:\/\/www.verlag-doppelpunkt.at\/flachgauTV\/wp-json\/wp\/v2\/tags?post=1028"}],"curies":[{"name":"wp","href":"https:\/\/api.w.org\/{rel}","templated":true}]}}