{"id":1051,"date":"2018-11-28T14:37:29","date_gmt":"2018-11-28T13:37:29","guid":{"rendered":"https:\/\/www.verlag-doppelpunkt.at\/flachgauTV\/?p=1051"},"modified":"2019-01-20T19:29:38","modified_gmt":"2019-01-20T18:29:38","slug":"weihnachten-seit-sommer","status":"publish","type":"post","link":"https:\/\/www.verlag-doppelpunkt.at\/flachgauTV\/weihnachten-seit-sommer\/","title":{"rendered":"Weihnachten seit Sommer"},"content":{"rendered":"<p>F\u00fcr den Schlagers\u00e4nger Johann Rosenhammer aus Munderfing ist der Advent garantiert nicht die stillste Zeit im Jahr. Im Gegenteil: Rosenhammers Terminkalender platzt beinahe aus allen N\u00e4hten. Er sorgt nicht nur bei Adventm\u00e4rkten f\u00fcr Stimmung, sondern pr\u00e4sentiert vielerorts auch seine neue Weihnachts CD.<\/p>\n<p><em>W\u00e4hrend im heurigen Sommer alle \u00fcber die Hitze gest\u00f6hnt haben, standen Sie im dunklen Studio und haben Weihnachtslieder gesungen &#8230;<\/em><\/p>\n<p><strong>Rosenhammer:<\/strong> \u201eJa, manchmal war das schon irgendwie witzig. Aber tats\u00e4chlich ist es mir nicht allzu schwer gefallen. Ich habe mich auf dieses Projekt gefreut und mein ganzes Herzblut hineingelegt. Wenn man so konzentriert bei der Arbeit ist, vergisst man alles um sich herum.\u201c<\/p>\n<p><em>Die CD ist jetzt fertig. Was erwartet da den H\u00f6rer?<\/em><\/p>\n<p><strong>Rosenhammer:<\/strong> \u201e13 Weihnachtslieder. Von ,S\u00fcsser die Glocken nie klingen, bis ,O du Fr\u00f6hliche,. Von ,Stille Nacht, Heilige Nacht, bis zum ,Ave Maria,, das man in deutscher Sprache ganz selten h\u00f6rt.\u201c<\/p>\n<p><em>Die Weihnachtslieder sind alle auf deutsch?<\/em><\/p>\n<p><strong>Rosenhammer:<\/strong> \u201eJa, bis auf ein einziges Lied. Wir wollen uns damit ganz bewusst von allen anderen Weihnachts-CDs abheben. Wir haben auch alle Lieder neu arrangiert und genau auf meine Stimmlage hin zugeschnitten. Insgesamt stecken rund 300 Arbeitsstunden in dieser CD. Aber damit alleine war es nicht getan. Wir haben rund um die CD auch ein Konzertprogramm auf die Beine gestellt, mit dem ich bis zum Heiligen Abend zw\u00f6lfmal auftreten werde.\u201c<\/p>\n<p>Wo werden diese Konzerte sein?<\/p>\n<p><strong>Rosenhammer:<\/strong> \u201eAlle in der n\u00e4heren Umgebung. Am 1. Dezember zum Beispiel beim Adventmarkt in Mattighofen, am 16. Dezember beim Weihnachtsmarkt in Mattsee und am 23. Dezember am Christkindlmarkt auf dem Salzburger Domplatz.\u201c<\/p>\n<p><em>Und da kann man dann auch die CD kaufen?<\/em><\/p>\n<p><strong>Rosenhammer: <\/strong>\u201eJa, nat\u00fcrlich, da werden wir auch CDs mithaben. Die bietet nicht nur die sch\u00f6nste Musik zum Einstimmen daheim, sondern ist auch ein perfektes Weihnachtsgeschenk. Selbstverst\u00e4ndlich ist die CD aber auch auf iTunes, bei Amazon oder Spotify und allen sonstigen Download-Diensten zu haben.\u201c<\/p>\n<p><em>Sie sind bisher vor allem als Musicaldarsteller bekannt. Bleibt daf\u00fcr auch noch Zeit?<\/em><\/p>\n<p><strong>Rosenhammer:<\/strong> \u201eNein. Ich konzentriere mich jetzt gemeinsam mit meinem Produzenten Edgar Pelz ganz auf meine Solokarriere. Dazu geht\u00b4s schon in den n\u00e4chsten Monaten wieder ins Studio, wo wir eine Schlager CD aufnehmen werden. Mit eigenen Liedern. Das ist wieder etwas ganz anderes und darauf freue ich mich schon.\u201c<br \/>\nInterview: Rupert Lenzenweger<\/p>\n<p><a href=\"http:\/\/www.johann-rosenhammer.com\/\" target=\"_blank\" rel=\"noopener\">www.johann-rosenhammer.com\/<\/a><\/p>\n","protected":false},"excerpt":{"rendered":"<p>F\u00fcr den Schlagers\u00e4nger Johann Rosenhammer aus Munderfing ist der Advent garantiert nicht die stillste Zeit im Jahr. Im Gegenteil: Rosenhammers Terminkalender platzt beinahe aus allen N\u00e4hten. Er sorgt nicht nur [&hellip;]<\/p>\n","protected":false},"author":5,"featured_media":1054,"comment_status":"open","ping_status":"open","sticky":false,"template":"","format":"standard","meta":{"jetpack_post_was_ever_published":false,"_jetpack_newsletter_access":"","_jetpack_dont_email_post_to_subs":false,"_jetpack_newsletter_tier_id":0,"_jetpack_memberships_contains_paywalled_content":false,"_jetpack_memberships_contains_paid_content":false,"footnotes":"","jetpack_publicize_message":"","jetpack_publicize_feature_enabled":true,"jetpack_social_post_already_shared":false,"jetpack_social_options":{"image_generator_settings":{"template":"highway","enabled":false}},"_links_to":"","_links_to_target":""},"categories":[15],"tags":[],"jetpack_publicize_connections":[],"jetpack_featured_media_url":"https:\/\/www.verlag-doppelpunkt.at\/flachgauTV\/wp-content\/uploads\/2018\/11\/Pr\u00e4sentation-der-Weihnachts-CD-6.jpg","jetpack_sharing_enabled":true,"jetpack_shortlink":"https:\/\/wp.me\/paDzeQ-gX","_links":{"self":[{"href":"https:\/\/www.verlag-doppelpunkt.at\/flachgauTV\/wp-json\/wp\/v2\/posts\/1051"}],"collection":[{"href":"https:\/\/www.verlag-doppelpunkt.at\/flachgauTV\/wp-json\/wp\/v2\/posts"}],"about":[{"href":"https:\/\/www.verlag-doppelpunkt.at\/flachgauTV\/wp-json\/wp\/v2\/types\/post"}],"author":[{"embeddable":true,"href":"https:\/\/www.verlag-doppelpunkt.at\/flachgauTV\/wp-json\/wp\/v2\/users\/5"}],"replies":[{"embeddable":true,"href":"https:\/\/www.verlag-doppelpunkt.at\/flachgauTV\/wp-json\/wp\/v2\/comments?post=1051"}],"version-history":[{"count":2,"href":"https:\/\/www.verlag-doppelpunkt.at\/flachgauTV\/wp-json\/wp\/v2\/posts\/1051\/revisions"}],"predecessor-version":[{"id":1164,"href":"https:\/\/www.verlag-doppelpunkt.at\/flachgauTV\/wp-json\/wp\/v2\/posts\/1051\/revisions\/1164"}],"wp:featuredmedia":[{"embeddable":true,"href":"https:\/\/www.verlag-doppelpunkt.at\/flachgauTV\/wp-json\/wp\/v2\/media\/1054"}],"wp:attachment":[{"href":"https:\/\/www.verlag-doppelpunkt.at\/flachgauTV\/wp-json\/wp\/v2\/media?parent=1051"}],"wp:term":[{"taxonomy":"category","embeddable":true,"href":"https:\/\/www.verlag-doppelpunkt.at\/flachgauTV\/wp-json\/wp\/v2\/categories?post=1051"},{"taxonomy":"post_tag","embeddable":true,"href":"https:\/\/www.verlag-doppelpunkt.at\/flachgauTV\/wp-json\/wp\/v2\/tags?post=1051"}],"curies":[{"name":"wp","href":"https:\/\/api.w.org\/{rel}","templated":true}]}}