{"id":1062,"date":"2018-12-12T14:30:14","date_gmt":"2018-12-12T13:30:14","guid":{"rendered":"https:\/\/www.verlag-doppelpunkt.at\/flachgauTV\/?p=1062"},"modified":"2018-12-17T09:42:56","modified_gmt":"2018-12-17T08:42:56","slug":"1062-2","status":"publish","type":"post","link":"https:\/\/www.verlag-doppelpunkt.at\/flachgauTV\/1062-2\/","title":{"rendered":"Seit 10 Jahren: Kindern eine Chance"},"content":{"rendered":"<p>Das Projekt \u201eKindern einer Chance\u201d feierte dieser Tage seinen zehnten Geburtstag. Von Anfang an mit dabei ist Hans Ziller aus Seeham. Er sammelt nicht nur regelm\u00e4ss\u00dfige Spender aller Art, sondern ist auch immer wieder selbst vor Ort in Uganda.<\/p>\n<p><em>Was ist in diesen zehn Jahren geschehen?<\/em><\/p>\n<p><strong>Ziller:<\/strong> \u201eIn Uganda arbeiten zur Zeit mehr als 210 lokale Vollzeitkr\u00e4fte f\u00fcr unsere Organisation. Diesen werden lokal \u00fcbliche Geh\u00e4lter gezahlt und keine ,internationalen NGO Geh\u00e4lter,, um einem Auseinanderdriften der mit internationalen Geldern finanzierten \u201eNGO &#8211; Szene\u201c und der lokalen \u201eNormalbev\u00f6lkerung\u201c zu verhindern. Dass in \u00d6sterreich alle Mitarbeiterinnen und Mitarbeiter\u00a0ehrenamtlich arbeiten, muss ich der Vollst\u00e4ndigkeit halber hier noch einmal erw\u00e4hnen. Das gilt nat\u00fcrlich auch f\u00fcr unsere Arbeit vor Ort in Uganda.\u201c<\/p>\n<p><em>Und was macht \u201eKindern eine Chance\u201c?<\/em><\/p>\n<p><strong>Ziller: <\/strong>\u201eA Chance for Children betreibt sieben Kinderg\u00e4rten, elf Schulen, zwei Behinderteneinrichtungen und eine Geh\u00f6rlosenschule. Das Patenkinderprogramm f\u00fcr etwa 1.200 Kinder, das Schuljausen Programm f\u00fcr etwa 17.500 Kinder. Das HIV+ Programm f\u00fcr etwa 120 Kinder wird immer gr\u00f6\u00dfer. Daher suchen wir Patinnen und Paten. Details dazu unter www.kinderneinechance.at. Wir bauten und betreiben Lehrwerkst\u00e4tten f\u00fcr Schlosserei, Tischlerei, Schneiderei, Schusterei und Friseur, dazu zwei Lehrbauernh\u00f6fe. Wir glauben, dass Uganda vor allem gut ausgebildete Handwerker, Bauern und Lehrer braucht, die bereit sind, aktiv an der Verbesserung der Lebensumst\u00e4nde in ihrem Land mitzuwirken.\u201c<br \/>\nGem\u00e4\u00df unserem Motto \u201eIhre Spende kommt zu 100% vor Ort an!\u201c macht \u201eKindern eine Chance\u201c keine mit finanziellen Ausgaben verbundene PR, die sich gerade vor Weihnachten geh\u00e4uft in Ihrem Postfach ansammeln wird. Jede Spende ist steuerlich absetzbar (die Registrierungsnummer lautet\u00a0SO 1381).<br \/>\nAlle Infos zum Projekt:<a href=\"http:\/\/www.hziller.at\"> www.hziller.at<\/p>\n","protected":false},"excerpt":{"rendered":"<p>Das Projekt \u201eKindern einer Chance\u201d feierte dieser Tage seinen zehnten Geburtstag. Von Anfang an mit dabei ist Hans Ziller aus Seeham. Er sammelt nicht nur regelm\u00e4ss\u00dfige Spender aller Art, sondern [&hellip;]<\/p>\n","protected":false},"author":5,"featured_media":1063,"comment_status":"open","ping_status":"open","sticky":false,"template":"","format":"standard","meta":{"jetpack_post_was_ever_published":false,"_jetpack_newsletter_access":"","_jetpack_dont_email_post_to_subs":false,"_jetpack_newsletter_tier_id":0,"_jetpack_memberships_contains_paywalled_content":false,"_jetpack_memberships_contains_paid_content":false,"footnotes":"","jetpack_publicize_message":"","jetpack_publicize_feature_enabled":true,"jetpack_social_post_already_shared":false,"jetpack_social_options":{"image_generator_settings":{"template":"highway","enabled":false}},"_links_to":"","_links_to_target":""},"categories":[1],"tags":[25,23,24,26,22],"jetpack_publicize_connections":[],"jetpack_featured_media_url":"https:\/\/www.verlag-doppelpunkt.at\/flachgauTV\/wp-content\/uploads\/2018\/12\/Kindern-eine-Chance.jpg","jetpack_sharing_enabled":true,"jetpack_shortlink":"https:\/\/wp.me\/paDzeQ-h8","_links":{"self":[{"href":"https:\/\/www.verlag-doppelpunkt.at\/flachgauTV\/wp-json\/wp\/v2\/posts\/1062"}],"collection":[{"href":"https:\/\/www.verlag-doppelpunkt.at\/flachgauTV\/wp-json\/wp\/v2\/posts"}],"about":[{"href":"https:\/\/www.verlag-doppelpunkt.at\/flachgauTV\/wp-json\/wp\/v2\/types\/post"}],"author":[{"embeddable":true,"href":"https:\/\/www.verlag-doppelpunkt.at\/flachgauTV\/wp-json\/wp\/v2\/users\/5"}],"replies":[{"embeddable":true,"href":"https:\/\/www.verlag-doppelpunkt.at\/flachgauTV\/wp-json\/wp\/v2\/comments?post=1062"}],"version-history":[{"count":7,"href":"https:\/\/www.verlag-doppelpunkt.at\/flachgauTV\/wp-json\/wp\/v2\/posts\/1062\/revisions"}],"predecessor-version":[{"id":1071,"href":"https:\/\/www.verlag-doppelpunkt.at\/flachgauTV\/wp-json\/wp\/v2\/posts\/1062\/revisions\/1071"}],"wp:featuredmedia":[{"embeddable":true,"href":"https:\/\/www.verlag-doppelpunkt.at\/flachgauTV\/wp-json\/wp\/v2\/media\/1063"}],"wp:attachment":[{"href":"https:\/\/www.verlag-doppelpunkt.at\/flachgauTV\/wp-json\/wp\/v2\/media?parent=1062"}],"wp:term":[{"taxonomy":"category","embeddable":true,"href":"https:\/\/www.verlag-doppelpunkt.at\/flachgauTV\/wp-json\/wp\/v2\/categories?post=1062"},{"taxonomy":"post_tag","embeddable":true,"href":"https:\/\/www.verlag-doppelpunkt.at\/flachgauTV\/wp-json\/wp\/v2\/tags?post=1062"}],"curies":[{"name":"wp","href":"https:\/\/api.w.org\/{rel}","templated":true}]}}