{"id":1072,"date":"2018-12-17T09:47:03","date_gmt":"2018-12-17T08:47:03","guid":{"rendered":"https:\/\/www.verlag-doppelpunkt.at\/flachgauTV\/?p=1072"},"modified":"2018-12-18T14:09:15","modified_gmt":"2018-12-18T13:09:15","slug":"wo-ist-eigentlich-der-schnee-zu-weihnachten","status":"publish","type":"post","link":"https:\/\/www.verlag-doppelpunkt.at\/flachgauTV\/wo-ist-eigentlich-der-schnee-zu-weihnachten\/","title":{"rendered":"Wo ist eigentlich der Schnee zu Weihnachten"},"content":{"rendered":"<p>Frag mich jetzt bitte nicht. Ich wei\u00df genau wovon ich rede. Seit sieben Jahren gehe ich am 24. Dezember durch das Wenger Moor von Neumarkt nach Seekirchen. Sechs Mal davon war ich im T-Shirt unterwegs. Nur im Vorjahr habe ich auf den letzten Metern die Regenjacke gebraucht. Von wei\u00dfen Weihnachten war aber all die Jahre \u00fcber keine Spur.<br \/>\nEin Blick auf die Wetterstatistik zeigt. Es war 2010, als wir zum letzten Mal an den Weihnachtsfeiertagen so etwas wie eine geschlossene wei\u00dfe Decke im Land liegen hatten. Um es kurz zu machen. Bei uns zu Weihnachten hei\u00dft es eher \u201ees gr\u00fcnt so gr\u00fcn\u201c als \u201eleise rieselt der Schnee\u201c.<br \/>\nFr\u00fcher, erz\u00e4hlen ganz alte Leute, soll es ganz anders gewesen sein. Schnee bis zum Bauch, Eiszapfen an der Nase und angefrorene Zehen nach dem Gang von der Mette heim.<br \/>\nAlso Klimaerw\u00e4rmung? Nicht wirklich, wissen die Meteorologen und lassen uns wissen: Tauwetter zu Weihnachten ist v\u00f6llig normal. Wei\u00dfe Weihnachten sind eher Ausrei\u00dfer.<br \/>\nWieso aber ist das so? Die globale Erw\u00e4rmung ist defintiv nicht die Ursache f\u00fcr die gr\u00fcnen Weihnachten bei uns. Dieses typische Nicht-Winterwetter bei uns hat sogar einen eigenen Namen: Es ist das Weihnachts-Tauwetter, das meist vom 24. Dezember bis Silvester herrscht. Es ist ein so typisches, regelhaftes Witterungsverhalten, dass es Meteorologen als Singularit\u00e4t (eine vom normalen Verlauf abweichende Wetterentwicklung) bezeichnen. Etwa wie die Eisheiligen im Mai oder die Schafsk\u00e4lte im Juni. Und dass das keine Erscheinung unserer Zeit ist, zeigt ein Blick in die Chroniken: Angeblich sind die Menschen schon im Mittelalter im s\u00fcdlichen Rhein an den Weihnachtsfeiertagen schwimmen gegangen. Nun, so wild treibe ich es auf meinen Weihnachtsspazierg\u00e4ngen durch das Wenger Moor jetzt auch wieder nicht. Aber Eis h\u00e4tte mich noch nie daran gehindert, in die Fluten des Wallersees zu steigen.<br \/>\nAber werden wir wieder wissenschaftlich und machen wir uns auf die Suche nach der Ursache f\u00fcr den W\u00e4rmeeinbruch Ende Dezember: Dabei trifft polare Kaltluft von Osten auf subtropische Warmluft aus S\u00fcdwesten. Und schon ist es da, das leidige Islandtief. Gegen den Uhrzeigersinn dreht sich das Tiefdruckgebiet, schaufelt die Kaltluft weiter nach Norden und saugt die feuchtwarme Atlantikluft mit regenreichen Westwinden zu uns heran und beschert uns somit unser typisches Weihnachtswetter. Vor allem Bayern und \u00d6sterreich erwischt die feuchtwarme Witterung, w\u00e4hrend der Nordosten Europas noch eher Chancen auf die polare Kaltluft hat. Manchmal verl\u00e4uft eine scharfe Trennlinie zwischen den kalten und warmen Luftmassen. Dann wird es turbulent: Starke Schneef\u00e4lle, Eisregen und Blitzeis treten auf. Ein Grauen f\u00fcr alle, die zum famili\u00e4ren Weihnachtsfest unterwegs sind. Au\u00dfer sie marschieren nur, so wie ich, durch das Wenger Moor von Neumarkt nach Seekirchen. Das k\u00f6nnte auch zur Abwechslung einmal bei Schneefall und eisigen Temperaturen recht reizvoll sein.<br \/>\n\u00dcbrigens: Auch heuer schaut es nicht unbedingt nach tiefwei\u00dfen Weihnachten aus. Und f\u00fcr das n\u00e4chste Jahr wissen die Meotorologen jetzt schon, dass sich El Nino, was \u00fcbersetzt witzigerweise \u201eChristuskind\u201c hei\u00dft, wieder recht kr\u00e4ftig zu Wort melden wird. Und wenn die Wetterk\u00fcche zwischen der s\u00fcdamerikanischen Westk\u00fcste und der Ostk\u00fcste Australiens verr\u00fcckt spielt, dann k\u00f6nnen wir uns wei\u00dfe Weihnachten praktisch abschminken.<br \/>\n<em>Rupert Lenzenweger<\/em><\/p>\n","protected":false},"excerpt":{"rendered":"<p>Frag mich jetzt bitte nicht. Ich wei\u00df genau wovon ich rede. Seit sieben Jahren gehe ich am 24. Dezember durch das Wenger Moor von Neumarkt nach Seekirchen. Sechs Mal davon [&hellip;]<\/p>\n","protected":false},"author":5,"featured_media":1073,"comment_status":"open","ping_status":"open","sticky":false,"template":"","format":"standard","meta":{"jetpack_post_was_ever_published":false,"_jetpack_newsletter_access":"","_jetpack_dont_email_post_to_subs":false,"_jetpack_newsletter_tier_id":0,"_jetpack_memberships_contains_paywalled_content":false,"_jetpack_memberships_contains_paid_content":false,"footnotes":"","jetpack_publicize_message":"","jetpack_publicize_feature_enabled":true,"jetpack_social_post_already_shared":false,"jetpack_social_options":{"image_generator_settings":{"template":"highway","enabled":false}},"_links_to":"","_links_to_target":""},"categories":[1],"tags":[27,30,28,29],"jetpack_publicize_connections":[],"jetpack_featured_media_url":"https:\/\/www.verlag-doppelpunkt.at\/flachgauTV\/wp-content\/uploads\/2018\/12\/Advent-Mondsee-2018-34.jpg","jetpack_sharing_enabled":true,"jetpack_shortlink":"https:\/\/wp.me\/paDzeQ-hi","_links":{"self":[{"href":"https:\/\/www.verlag-doppelpunkt.at\/flachgauTV\/wp-json\/wp\/v2\/posts\/1072"}],"collection":[{"href":"https:\/\/www.verlag-doppelpunkt.at\/flachgauTV\/wp-json\/wp\/v2\/posts"}],"about":[{"href":"https:\/\/www.verlag-doppelpunkt.at\/flachgauTV\/wp-json\/wp\/v2\/types\/post"}],"author":[{"embeddable":true,"href":"https:\/\/www.verlag-doppelpunkt.at\/flachgauTV\/wp-json\/wp\/v2\/users\/5"}],"replies":[{"embeddable":true,"href":"https:\/\/www.verlag-doppelpunkt.at\/flachgauTV\/wp-json\/wp\/v2\/comments?post=1072"}],"version-history":[{"count":1,"href":"https:\/\/www.verlag-doppelpunkt.at\/flachgauTV\/wp-json\/wp\/v2\/posts\/1072\/revisions"}],"predecessor-version":[{"id":1074,"href":"https:\/\/www.verlag-doppelpunkt.at\/flachgauTV\/wp-json\/wp\/v2\/posts\/1072\/revisions\/1074"}],"wp:featuredmedia":[{"embeddable":true,"href":"https:\/\/www.verlag-doppelpunkt.at\/flachgauTV\/wp-json\/wp\/v2\/media\/1073"}],"wp:attachment":[{"href":"https:\/\/www.verlag-doppelpunkt.at\/flachgauTV\/wp-json\/wp\/v2\/media?parent=1072"}],"wp:term":[{"taxonomy":"category","embeddable":true,"href":"https:\/\/www.verlag-doppelpunkt.at\/flachgauTV\/wp-json\/wp\/v2\/categories?post=1072"},{"taxonomy":"post_tag","embeddable":true,"href":"https:\/\/www.verlag-doppelpunkt.at\/flachgauTV\/wp-json\/wp\/v2\/tags?post=1072"}],"curies":[{"name":"wp","href":"https:\/\/api.w.org\/{rel}","templated":true}]}}