{"id":1077,"date":"2018-12-18T14:46:02","date_gmt":"2018-12-18T13:46:02","guid":{"rendered":"https:\/\/www.verlag-doppelpunkt.at\/flachgauTV\/?p=1077"},"modified":"2018-12-24T10:36:36","modified_gmt":"2018-12-24T09:36:36","slug":"honzi-kocht-fuer-weihnachten","status":"publish","type":"post","link":"https:\/\/www.verlag-doppelpunkt.at\/flachgauTV\/honzi-kocht-fuer-weihnachten\/","title":{"rendered":"Honzi kocht f\u00fcr Weihnachten"},"content":{"rendered":"<p><video id=\"my-video\" class=\"video-js vjs-big-play-centered\" controls preload=\"auto\" width=\"100%\" padding-top=\"56.25%\" poster='.. \n<source src='..\/wp-content\/uploads\/2018\/12\/Weihnachten_mit_Honzi.mp4' type='video\/mp4'><source src='..\/wp-content\/uploads\/2018\/12\/Weihnachten_mit_Honzi.webm' type='video\/webm'><\/video> <script src=\"https:\/\/vjs.zencdn.net\/6.9.0\/video.js\"><\/script><br \/>\nW\u00fcrstel sind ein traditionelles Weihnachtsessen. Auch f\u00fcr Honzi. W\u00e4hrend aber die meisten Leute die W\u00fcrstel in der Nudelsuppe oder mit Erd\u00e4pfelsalat essen, hat Honzi sein eigenes Rezept. Und als Draufgabe gibt\u00b4s auch noch ein Weihnachtsgedicht.<\/p>\n","protected":false},"excerpt":{"rendered":"","protected":false},"author":3,"featured_media":1079,"comment_status":"open","ping_status":"open","sticky":false,"template":"","format":"video","meta":{"jetpack_post_was_ever_published":false,"_jetpack_newsletter_access":"","_jetpack_dont_email_post_to_subs":false,"_jetpack_newsletter_tier_id":0,"_jetpack_memberships_contains_paywalled_content":false,"_jetpack_memberships_contains_paid_content":false,"footnotes":"","jetpack_publicize_message":"","jetpack_publicize_feature_enabled":true,"jetpack_social_post_already_shared":false,"jetpack_social_options":{"image_generator_settings":{"template":"highway","enabled":false}},"_links_to":"","_links_to_target":""},"categories":[9],"tags":[],"jetpack_publicize_connections":[],"jetpack_featured_media_url":"https:\/\/www.verlag-doppelpunkt.at\/flachgauTV\/wp-content\/uploads\/2018\/12\/Honzi-Weihnachten.jpg","jetpack_sharing_enabled":true,"jetpack_shortlink":"https:\/\/wp.me\/paDzeQ-hn","_links":{"self":[{"href":"https:\/\/www.verlag-doppelpunkt.at\/flachgauTV\/wp-json\/wp\/v2\/posts\/1077"}],"collection":[{"href":"https:\/\/www.verlag-doppelpunkt.at\/flachgauTV\/wp-json\/wp\/v2\/posts"}],"about":[{"href":"https:\/\/www.verlag-doppelpunkt.at\/flachgauTV\/wp-json\/wp\/v2\/types\/post"}],"author":[{"embeddable":true,"href":"https:\/\/www.verlag-doppelpunkt.at\/flachgauTV\/wp-json\/wp\/v2\/users\/3"}],"replies":[{"embeddable":true,"href":"https:\/\/www.verlag-doppelpunkt.at\/flachgauTV\/wp-json\/wp\/v2\/comments?post=1077"}],"version-history":[{"count":4,"href":"https:\/\/www.verlag-doppelpunkt.at\/flachgauTV\/wp-json\/wp\/v2\/posts\/1077\/revisions"}],"predecessor-version":[{"id":1095,"href":"https:\/\/www.verlag-doppelpunkt.at\/flachgauTV\/wp-json\/wp\/v2\/posts\/1077\/revisions\/1095"}],"wp:featuredmedia":[{"embeddable":true,"href":"https:\/\/www.verlag-doppelpunkt.at\/flachgauTV\/wp-json\/wp\/v2\/media\/1079"}],"wp:attachment":[{"href":"https:\/\/www.verlag-doppelpunkt.at\/flachgauTV\/wp-json\/wp\/v2\/media?parent=1077"}],"wp:term":[{"taxonomy":"category","embeddable":true,"href":"https:\/\/www.verlag-doppelpunkt.at\/flachgauTV\/wp-json\/wp\/v2\/categories?post=1077"},{"taxonomy":"post_tag","embeddable":true,"href":"https:\/\/www.verlag-doppelpunkt.at\/flachgauTV\/wp-json\/wp\/v2\/tags?post=1077"}],"curies":[{"name":"wp","href":"https:\/\/api.w.org\/{rel}","templated":true}]}}