{"id":1443,"date":"2019-02-19T06:00:44","date_gmt":"2019-02-19T05:00:44","guid":{"rendered":"https:\/\/www.verlag-doppelpunkt.at\/flachgauTV\/?p=1443"},"modified":"2019-02-19T08:11:36","modified_gmt":"2019-02-19T07:11:36","slug":"30-jahre-sozialer-hilfsdienst-seekirchen","status":"publish","type":"post","link":"https:\/\/www.verlag-doppelpunkt.at\/flachgauTV\/30-jahre-sozialer-hilfsdienst-seekirchen\/","title":{"rendered":"30 Jahre Sozialer Hilfsdienst Seekirchen"},"content":{"rendered":"\n<p>Sein 30 Jahre Jubil\u00e4um feierte der \u201eSoziale Hilfsdienst  Seekirchen\u201c. Er wurde damals von B\u00fcrgermeister Hans Spatzenegger,  Dr. Leonhard Laimb\u00f6ck, Pfarrer Andrea Radauer zusammen mit Anni Berner, Renate Furtlehner und Getrude Haslauer ins Leben gerufen.<\/p>\n\n\n\n<p>Ganz am Beginn des Vereins stand die\nDurchf\u00fchrung von \u201eEssen auf R\u00e4dern\u201c. Auch heute noch wird dies\nvon einer gro\u00dfen Zahl von ehrenamtlichen Mitgliedern intensiv\nbetrieben. T\u00e4glich werden 40 bis 50 Seniorinnen und Senioren in\nSeekirchen mit warmen Essen versorgt. Auch der Aufbau der\n\u201eFamilienhilfe\u201c, also etwa die Weiterf\u00fchrung des Haushalts in\nKrisenf\u00e4llen, oder die Gr\u00fcndung des Tageszentrums f\u00fcr Seniorinnen\nund Senioren im Altersheim Seekirchen waren Initiativen des \u201eSozialen\nHilfsdienstes Seekirchen\u201c.<\/p>\n\n\n\n<p>Renate Furtlehner, die seit 2015 Obfrau\ndes Vereins ist, konnte zur Feierstunde auch B\u00fcrgermeisterin Mag.\nMonika Schwaiger und Landtagsabgeordneten Dr. Josef Sch\u00f6chl\nbegr\u00fc\u00dfen.<\/p>\n\n\n\n<p>B\u00fcrgermeistrin Monika Schwaiger\nbedankte sich im Namen der Stadtgemeinde und betonte, dass sich der\n\u201eSoziale Hilfsdienst Seekirchen\u201c in den drei Jahrzehnten als eine\nsehr bedeutsame \u201eAnlaufstelle\u201c in vielen Sozialfragen etabliert\nhat. Die Hilfe bei Notlagen ist immer l\u00f6sungsorientiert, rasch und\ndiskret, was im Sozialbereich von besonderer Bedeutung ist. \n<\/p>\n\n\n\n<p>Landtagsabgeordenter Josef Sch\u00f6chl hob die Ehrenamtlichkeit hervor: \u201eDie t\u00e4gliche Arbeit der Vereinsmitglieder ist gelebte Solidarit\u00e4t und verk\u00f6rpert soziale N\u00e4he. Von dieser freiwilligen Beteiligung lebt unser Gemeinwesen.\u201c<\/p>\n\n\n\n<p><em>Im Bild von links: B\u00fcrgermeisterin Mag. Monika Schwaiger, Renate Furtlehner, Anni Berner und Dr. Josef Sch\u00f6chl.<\/em><\/p>\n","protected":false},"excerpt":{"rendered":"<p>Sein 30 Jahre Jubil\u00e4um feierte der \u201eSoziale Hilfsdienst Seekirchen\u201c. Er wurde damals von B\u00fcrgermeister Hans Spatzenegger, Dr. Leonhard Laimb\u00f6ck, Pfarrer Andrea Radauer zusammen mit Anni Berner, Renate Furtlehner und Getrude [&hellip;]<\/p>\n","protected":false},"author":5,"featured_media":1444,"comment_status":"open","ping_status":"open","sticky":false,"template":"","format":"standard","meta":{"jetpack_post_was_ever_published":false,"_jetpack_newsletter_access":"","_jetpack_dont_email_post_to_subs":false,"_jetpack_newsletter_tier_id":0,"_jetpack_memberships_contains_paywalled_content":false,"_jetpack_memberships_contains_paid_content":false,"footnotes":"","jetpack_publicize_message":"","jetpack_publicize_feature_enabled":true,"jetpack_social_post_already_shared":true,"jetpack_social_options":{"image_generator_settings":{"template":"highway","enabled":false}},"_links_to":"","_links_to_target":""},"categories":[1],"tags":[],"jetpack_publicize_connections":[],"jetpack_featured_media_url":"https:\/\/www.verlag-doppelpunkt.at\/flachgauTV\/wp-content\/uploads\/2019\/02\/Sozialer-Hilfsdienst-Seekirchen-30-Jahre.jpg","jetpack_sharing_enabled":true,"jetpack_shortlink":"https:\/\/wp.me\/paDzeQ-nh","_links":{"self":[{"href":"https:\/\/www.verlag-doppelpunkt.at\/flachgauTV\/wp-json\/wp\/v2\/posts\/1443"}],"collection":[{"href":"https:\/\/www.verlag-doppelpunkt.at\/flachgauTV\/wp-json\/wp\/v2\/posts"}],"about":[{"href":"https:\/\/www.verlag-doppelpunkt.at\/flachgauTV\/wp-json\/wp\/v2\/types\/post"}],"author":[{"embeddable":true,"href":"https:\/\/www.verlag-doppelpunkt.at\/flachgauTV\/wp-json\/wp\/v2\/users\/5"}],"replies":[{"embeddable":true,"href":"https:\/\/www.verlag-doppelpunkt.at\/flachgauTV\/wp-json\/wp\/v2\/comments?post=1443"}],"version-history":[{"count":3,"href":"https:\/\/www.verlag-doppelpunkt.at\/flachgauTV\/wp-json\/wp\/v2\/posts\/1443\/revisions"}],"predecessor-version":[{"id":1456,"href":"https:\/\/www.verlag-doppelpunkt.at\/flachgauTV\/wp-json\/wp\/v2\/posts\/1443\/revisions\/1456"}],"wp:featuredmedia":[{"embeddable":true,"href":"https:\/\/www.verlag-doppelpunkt.at\/flachgauTV\/wp-json\/wp\/v2\/media\/1444"}],"wp:attachment":[{"href":"https:\/\/www.verlag-doppelpunkt.at\/flachgauTV\/wp-json\/wp\/v2\/media?parent=1443"}],"wp:term":[{"taxonomy":"category","embeddable":true,"href":"https:\/\/www.verlag-doppelpunkt.at\/flachgauTV\/wp-json\/wp\/v2\/categories?post=1443"},{"taxonomy":"post_tag","embeddable":true,"href":"https:\/\/www.verlag-doppelpunkt.at\/flachgauTV\/wp-json\/wp\/v2\/tags?post=1443"}],"curies":[{"name":"wp","href":"https:\/\/api.w.org\/{rel}","templated":true}]}}