{"id":1448,"date":"2019-02-21T06:00:51","date_gmt":"2019-02-21T05:00:51","guid":{"rendered":"https:\/\/www.verlag-doppelpunkt.at\/flachgauTV\/?p=1448"},"modified":"2019-02-19T10:17:21","modified_gmt":"2019-02-19T09:17:21","slug":"munderfing-erste-gemeinde-mit-co2-ausweis","status":"publish","type":"post","link":"https:\/\/www.verlag-doppelpunkt.at\/flachgauTV\/munderfing-erste-gemeinde-mit-co2-ausweis\/","title":{"rendered":"Munderfing erste Gemeinde mit CO2-Ausweis"},"content":{"rendered":"\n<p>Wieder einmal sind die Munderfinger\nVorreiter und seit kurzem ist die Koberau\u00dferwaldgemeinde die erste\nKommune in \u00d6sterreich, die f\u00fcr sich einen vollst\u00e4ndigen\nCO2-Ausweis erstellen lie\u00df.<\/p>\n\n\n\n<p>Munderfing hat mit dem ersten\nGemeindewindpark \u00d6sterreichs und weiteren Umweltma\u00dfnahmen bereits\nviel Erfahrung mit wirtschaftlichen Energieprojekten. Da aber laut\nWirtschaftskammer aufgrund von Klimaziel-Verfehlungen in den n\u00e4chsten\nJahren Milliardenstrafen f\u00fcr \u00d6sterreich drohen und davon auszugehen\nist, dass Gemeinden fr\u00fcher oder sp\u00e4ter vom Staat zur Kasse gebeten\nwerden, wollte es Munderfing nun genau wissen und hat die Gemeinde\nunter die \u201eCO2-Lupe\u201c nehmen lassen.<\/p>\n\n\n\n<p>Die EWS DeCarb hat daher die vorhandenen CO2-Emissionen der Gemeinde berechnet und anschaulich aufbereitet, damit diese schnell und verst\u00e4ndlich einen \u00dcberblick geben. Ersichtlich ist nun, wo mit einfachen Ma\u00dfnahmen Geld verdient und gleichzeitig ein Beitrag zur Erhaltung einer lebenswerten Umwelt geleistet werden kann. \u201eUnser Ziel in den n\u00e4chsten Jahren ist, zu 100 Prozent den gesamten Energiebedarf der Gemeindegeb\u00e4ude und -fahrzeuge komplett fossilfrei und selbst in der Region zu erzeugen\u201c, stellt B\u00fcrgermeister Martin Voggenberger klar. Nur von Zielen hat das Weltklima nichts, auch wenn sie noch so hochgesteckt sind. Was z\u00e4hlt, sind Umsetzungen. \u201eDie Aufgabe der Gemeinde besteht daher darin vorzuleben, wie ein nachhaltiges Energiesystem funktionieren kann, ohne dass Energiekosten explodieren. Der von EWS DeCarb ermittelte \u201eCarbon Footprint\u201c liefert die Grundlagen, konkrete Ma\u00dfnahmen f\u00fcr den Ausstieg aus fossilen Energien zu planen und macht diese Bem\u00fchungen messbar\u201c, Joachim Payr von der EWS DeCarb.<\/p>\n\n\n\n<figure class=\"wp-block-image\"><img loading=\"lazy\" decoding=\"async\" width=\"1024\" height=\"540\" src=\"https:\/\/www.verlag-doppelpunkt.at\/flachgauTV\/wp-content\/uploads\/2019\/02\/munderfing_co2_szenarien-1024x540.jpg\" alt=\"\" class=\"wp-image-1449\" srcset=\"https:\/\/www.verlag-doppelpunkt.at\/flachgauTV\/wp-content\/uploads\/2019\/02\/munderfing_co2_szenarien-1024x540.jpg 1024w, https:\/\/www.verlag-doppelpunkt.at\/flachgauTV\/wp-content\/uploads\/2019\/02\/munderfing_co2_szenarien-300x158.jpg 300w, https:\/\/www.verlag-doppelpunkt.at\/flachgauTV\/wp-content\/uploads\/2019\/02\/munderfing_co2_szenarien-768x405.jpg 768w, https:\/\/www.verlag-doppelpunkt.at\/flachgauTV\/wp-content\/uploads\/2019\/02\/munderfing_co2_szenarien-730x385.jpg 730w, https:\/\/www.verlag-doppelpunkt.at\/flachgauTV\/wp-content\/uploads\/2019\/02\/munderfing_co2_szenarien-435x230.jpg 435w, https:\/\/www.verlag-doppelpunkt.at\/flachgauTV\/wp-content\/uploads\/2019\/02\/munderfing_co2_szenarien.jpg 1920w\" sizes=\"(max-width: 1024px) 100vw, 1024px\" \/><figcaption><em>Munderfings Fahrplan in die Energiezukunft.<\/em><\/figcaption><\/figure>\n","protected":false},"excerpt":{"rendered":"<p>Wieder einmal sind die Munderfinger Vorreiter und seit kurzem ist die Koberau\u00dferwaldgemeinde die erste Kommune in \u00d6sterreich, die f\u00fcr sich einen vollst\u00e4ndigen CO2-Ausweis erstellen lie\u00df. Munderfing hat mit dem ersten [&hellip;]<\/p>\n","protected":false},"author":5,"featured_media":1450,"comment_status":"open","ping_status":"open","sticky":false,"template":"","format":"standard","meta":{"jetpack_post_was_ever_published":false,"_jetpack_newsletter_access":"","_jetpack_dont_email_post_to_subs":false,"_jetpack_newsletter_tier_id":0,"_jetpack_memberships_contains_paywalled_content":false,"_jetpack_memberships_contains_paid_content":false,"footnotes":"","jetpack_publicize_message":"","jetpack_publicize_feature_enabled":true,"jetpack_social_post_already_shared":true,"jetpack_social_options":{"image_generator_settings":{"template":"highway","enabled":false}},"_links_to":"","_links_to_target":""},"categories":[1],"tags":[],"jetpack_publicize_connections":[],"jetpack_featured_media_url":"https:\/\/www.verlag-doppelpunkt.at\/flachgauTV\/wp-content\/uploads\/2019\/02\/Windrad-Munderfing.jpg","jetpack_sharing_enabled":true,"jetpack_shortlink":"https:\/\/wp.me\/paDzeQ-nm","_links":{"self":[{"href":"https:\/\/www.verlag-doppelpunkt.at\/flachgauTV\/wp-json\/wp\/v2\/posts\/1448"}],"collection":[{"href":"https:\/\/www.verlag-doppelpunkt.at\/flachgauTV\/wp-json\/wp\/v2\/posts"}],"about":[{"href":"https:\/\/www.verlag-doppelpunkt.at\/flachgauTV\/wp-json\/wp\/v2\/types\/post"}],"author":[{"embeddable":true,"href":"https:\/\/www.verlag-doppelpunkt.at\/flachgauTV\/wp-json\/wp\/v2\/users\/5"}],"replies":[{"embeddable":true,"href":"https:\/\/www.verlag-doppelpunkt.at\/flachgauTV\/wp-json\/wp\/v2\/comments?post=1448"}],"version-history":[{"count":3,"href":"https:\/\/www.verlag-doppelpunkt.at\/flachgauTV\/wp-json\/wp\/v2\/posts\/1448\/revisions"}],"predecessor-version":[{"id":1453,"href":"https:\/\/www.verlag-doppelpunkt.at\/flachgauTV\/wp-json\/wp\/v2\/posts\/1448\/revisions\/1453"}],"wp:featuredmedia":[{"embeddable":true,"href":"https:\/\/www.verlag-doppelpunkt.at\/flachgauTV\/wp-json\/wp\/v2\/media\/1450"}],"wp:attachment":[{"href":"https:\/\/www.verlag-doppelpunkt.at\/flachgauTV\/wp-json\/wp\/v2\/media?parent=1448"}],"wp:term":[{"taxonomy":"category","embeddable":true,"href":"https:\/\/www.verlag-doppelpunkt.at\/flachgauTV\/wp-json\/wp\/v2\/categories?post=1448"},{"taxonomy":"post_tag","embeddable":true,"href":"https:\/\/www.verlag-doppelpunkt.at\/flachgauTV\/wp-json\/wp\/v2\/tags?post=1448"}],"curies":[{"name":"wp","href":"https:\/\/api.w.org\/{rel}","templated":true}]}}