{"id":1477,"date":"2019-02-22T09:53:58","date_gmt":"2019-02-22T08:53:58","guid":{"rendered":"https:\/\/www.verlag-doppelpunkt.at\/flachgauTV\/?p=1477"},"modified":"2019-02-22T09:54:02","modified_gmt":"2019-02-22T08:54:02","slug":"los-gehts-mit-dem-bahnhof-umbau","status":"publish","type":"post","link":"https:\/\/www.verlag-doppelpunkt.at\/flachgauTV\/los-gehts-mit-dem-bahnhof-umbau\/","title":{"rendered":"Los geht\u00b4s mit dem Bahnhof-Umbau"},"content":{"rendered":"\n<p>Nun f\u00e4llt der endg\u00fcltige Startschuss f\u00fcr die Umbauten am Bahnhof in Neumarkt am Wallersee. In dieser Woche hat die naturschutzrechtliche Verhandlung stattgefunden, das Beh\u00f6rdenverfahren steht damit kurz vor dem Abschluss. \u201eDamit steht einem Baubeginn, der heuer im August erfolgen soll, nichts mehr im Wege\u201d, freut sich Neumarkts B\u00fcrgermeister Adi Rieger. Auf dem Plan stehen der Neubau der Bahnhaltestelle mit der Verl\u00e4ngerung der Braunauer Mattigtalbahn von Steindorf bis Neumarkt und ein moderner Busterminal. Die ersten Vorarbeiten der \u00d6BB starten bereits im M\u00e4rz. Die Bauma\u00dfnahmen in Neumarkt sollten bis Ende 2020 fertiggestellt sein. <br>\u201eUnser Bahnhof verf\u00fcgt \u00fcber ein enormes Einzugsgebiet mit starkem Entwicklungspotenzial. Der dreigleisige Ausbau der Achse zwischen Steindorf bei Stra\u00dfwalchen und Neumarkt schafft auf \u00f6konomische Weise die besten Voraussetzungen, um den \u00f6ffentlichen Nahverkehr f\u00fcr so viele Menschen wie m\u00f6glich attraktiv zu gestalten. Dabei soll Neumarkt-K\u00f6stendorf die zentrale Verkehrsdrehscheibe im Flachgau werden\u201d, erkl\u00e4rt B\u00fcrgermeister Rieger.  <\/p>\n\n\n\n<figure class=\"wp-block-image\"><img loading=\"lazy\" decoding=\"async\" width=\"1024\" height=\"576\" src=\"https:\/\/www.verlag-doppelpunkt.at\/flachgauTV\/wp-content\/uploads\/2019\/02\/Bahnhof-Neumarkt1-1-1024x576.jpg\" alt=\"\" class=\"wp-image-1478\" srcset=\"https:\/\/www.verlag-doppelpunkt.at\/flachgauTV\/wp-content\/uploads\/2019\/02\/Bahnhof-Neumarkt1-1-1024x576.jpg 1024w, https:\/\/www.verlag-doppelpunkt.at\/flachgauTV\/wp-content\/uploads\/2019\/02\/Bahnhof-Neumarkt1-1-300x169.jpg 300w, https:\/\/www.verlag-doppelpunkt.at\/flachgauTV\/wp-content\/uploads\/2019\/02\/Bahnhof-Neumarkt1-1-768x432.jpg 768w, https:\/\/www.verlag-doppelpunkt.at\/flachgauTV\/wp-content\/uploads\/2019\/02\/Bahnhof-Neumarkt1-1-730x411.jpg 730w, https:\/\/www.verlag-doppelpunkt.at\/flachgauTV\/wp-content\/uploads\/2019\/02\/Bahnhof-Neumarkt1-1-435x245.jpg 435w, https:\/\/www.verlag-doppelpunkt.at\/flachgauTV\/wp-content\/uploads\/2019\/02\/Bahnhof-Neumarkt1-1.jpg 1920w\" sizes=\"(max-width: 1024px) 100vw, 1024px\" \/><figcaption>B\u00fcrgermeister Adi Rieger am Bahnhof Neumarkt\/K\u00f6stendorf.<\/figcaption><\/figure>\n","protected":false},"excerpt":{"rendered":"<p>Nun f\u00e4llt der endg\u00fcltige Startschuss f\u00fcr die Umbauten am Bahnhof in Neumarkt am Wallersee. In dieser Woche hat die naturschutzrechtliche Verhandlung stattgefunden, das Beh\u00f6rdenverfahren steht damit kurz vor dem Abschluss. [&hellip;]<\/p>\n","protected":false},"author":5,"featured_media":1475,"comment_status":"open","ping_status":"open","sticky":false,"template":"","format":"standard","meta":{"jetpack_post_was_ever_published":false,"_jetpack_newsletter_access":"","_jetpack_dont_email_post_to_subs":false,"_jetpack_newsletter_tier_id":0,"_jetpack_memberships_contains_paywalled_content":false,"_jetpack_memberships_contains_paid_content":false,"footnotes":"","jetpack_publicize_message":"","jetpack_publicize_feature_enabled":true,"jetpack_social_post_already_shared":true,"jetpack_social_options":{"image_generator_settings":{"template":"highway","enabled":false}},"_links_to":"","_links_to_target":""},"categories":[1],"tags":[],"jetpack_publicize_connections":[],"jetpack_featured_media_url":"https:\/\/www.verlag-doppelpunkt.at\/flachgauTV\/wp-content\/uploads\/2019\/02\/Bahnhof-Neumarkt.jpg","jetpack_sharing_enabled":true,"jetpack_shortlink":"https:\/\/wp.me\/paDzeQ-nP","_links":{"self":[{"href":"https:\/\/www.verlag-doppelpunkt.at\/flachgauTV\/wp-json\/wp\/v2\/posts\/1477"}],"collection":[{"href":"https:\/\/www.verlag-doppelpunkt.at\/flachgauTV\/wp-json\/wp\/v2\/posts"}],"about":[{"href":"https:\/\/www.verlag-doppelpunkt.at\/flachgauTV\/wp-json\/wp\/v2\/types\/post"}],"author":[{"embeddable":true,"href":"https:\/\/www.verlag-doppelpunkt.at\/flachgauTV\/wp-json\/wp\/v2\/users\/5"}],"replies":[{"embeddable":true,"href":"https:\/\/www.verlag-doppelpunkt.at\/flachgauTV\/wp-json\/wp\/v2\/comments?post=1477"}],"version-history":[{"count":1,"href":"https:\/\/www.verlag-doppelpunkt.at\/flachgauTV\/wp-json\/wp\/v2\/posts\/1477\/revisions"}],"predecessor-version":[{"id":1479,"href":"https:\/\/www.verlag-doppelpunkt.at\/flachgauTV\/wp-json\/wp\/v2\/posts\/1477\/revisions\/1479"}],"wp:featuredmedia":[{"embeddable":true,"href":"https:\/\/www.verlag-doppelpunkt.at\/flachgauTV\/wp-json\/wp\/v2\/media\/1475"}],"wp:attachment":[{"href":"https:\/\/www.verlag-doppelpunkt.at\/flachgauTV\/wp-json\/wp\/v2\/media?parent=1477"}],"wp:term":[{"taxonomy":"category","embeddable":true,"href":"https:\/\/www.verlag-doppelpunkt.at\/flachgauTV\/wp-json\/wp\/v2\/categories?post=1477"},{"taxonomy":"post_tag","embeddable":true,"href":"https:\/\/www.verlag-doppelpunkt.at\/flachgauTV\/wp-json\/wp\/v2\/tags?post=1477"}],"curies":[{"name":"wp","href":"https:\/\/api.w.org\/{rel}","templated":true}]}}