{"id":2548,"date":"2019-12-27T06:00:26","date_gmt":"2019-12-27T05:00:26","guid":{"rendered":"https:\/\/www.verlag-doppelpunkt.at\/flachgauTV\/?p=2548"},"modified":"2019-12-23T10:56:11","modified_gmt":"2019-12-23T09:56:11","slug":"am-kulmspitz-ist-der-blick-schier-grenzenlos","status":"publish","type":"post","link":"https:\/\/www.verlag-doppelpunkt.at\/flachgauTV\/am-kulmspitz-ist-der-blick-schier-grenzenlos\/","title":{"rendered":"Am Kulmspitz ist der Blick schier grenzenlos"},"content":{"rendered":"\n<p>Das Mondseeland hat eine neue\nAttraktion: Seit wenigen Wochen kann der neue Aussichtsturm am\nKulmspitz bestiegen werden.<\/p>\n\n\n\n<p>Wer diese kleine M\u00fche auf sich nimmt,\nwird in rund 25 Meter H\u00f6he mit einer unglaublichen Aussicht und\neinem schier endlosen Blick in die grenzenlose Ferne belohnt.<\/p>\n\n\n\n<p>M\u00f6glich war die Errichtung dieses\nAussichtsturmes erst durch Gelder aus dem Leader F\u00f6rderungstopf.\nDazu wurde der Tourismusverband Mondseeland Mondsee\u2013Irrsee mit der\nErrichtung des Turmes in enger Absprache mit den Gemeinden\nInnerschwand und Oberwang betraut.<\/p>\n\n\n\n<p>Ein Aussichtsturm an dieser Stelle hat bereits Tradition. Denn bereits 1875 gab es Pl\u00e4ne, hier eine Aussichtspyramide zu errichtet. Die Pl\u00e4ne wurden rasch umgesetzt und bis 1904 stand diese Pyramide. Dann war sie so bauf\u00e4llig, dass sich eine Sanierung nicht mehr lohnte.<\/p>\n\n\n\n<p><a href=\"https:\/\/www.google.com\/maps\/place\/Kulmspitze\/@47.8688772,13.3719929,12.75z\/data=!4m5!3m4!1s0x4776a5d45ac3251d:0x3af41d1ab169281e!8m2!3d47.85!4d13.4\">So kommen Sie auf den Kulmspitz&gt;&gt;<\/a>&gt;<br><\/p>\n\n\n\n<ul class=\"wp-block-gallery columns-2 is-cropped wp-block-gallery-1 is-layout-flex wp-block-gallery-is-layout-flex\"><li class=\"blocks-gallery-item\"><figure><img loading=\"lazy\" decoding=\"async\" width=\"1024\" height=\"576\" src=\"https:\/\/www.verlag-doppelpunkt.at\/flachgauTV\/wp-content\/uploads\/2019\/10\/Turmtitel-1024x576.jpg\" alt=\"\" data-id=\"2550\" data-link=\"https:\/\/www.verlag-doppelpunkt.at\/flachgauTV\/?attachment_id=2550\" class=\"wp-image-2550\" srcset=\"https:\/\/www.verlag-doppelpunkt.at\/flachgauTV\/wp-content\/uploads\/2019\/10\/Turmtitel-1024x576.jpg 1024w, https:\/\/www.verlag-doppelpunkt.at\/flachgauTV\/wp-content\/uploads\/2019\/10\/Turmtitel-300x169.jpg 300w, https:\/\/www.verlag-doppelpunkt.at\/flachgauTV\/wp-content\/uploads\/2019\/10\/Turmtitel-768x432.jpg 768w, https:\/\/www.verlag-doppelpunkt.at\/flachgauTV\/wp-content\/uploads\/2019\/10\/Turmtitel-730x411.jpg 730w, https:\/\/www.verlag-doppelpunkt.at\/flachgauTV\/wp-content\/uploads\/2019\/10\/Turmtitel-435x245.jpg 435w, https:\/\/www.verlag-doppelpunkt.at\/flachgauTV\/wp-content\/uploads\/2019\/10\/Turmtitel.jpg 1920w\" sizes=\"(max-width: 1024px) 100vw, 1024px\" \/><\/figure><\/li><li class=\"blocks-gallery-item\"><figure><img loading=\"lazy\" decoding=\"async\" width=\"1024\" height=\"768\" src=\"https:\/\/www.verlag-doppelpunkt.at\/flachgauTV\/wp-content\/uploads\/2019\/10\/Turm2-1024x768.jpg\" alt=\"\" data-id=\"2551\" data-link=\"https:\/\/www.verlag-doppelpunkt.at\/flachgauTV\/?attachment_id=2551\" class=\"wp-image-2551\" srcset=\"https:\/\/www.verlag-doppelpunkt.at\/flachgauTV\/wp-content\/uploads\/2019\/10\/Turm2-1024x768.jpg 1024w, https:\/\/www.verlag-doppelpunkt.at\/flachgauTV\/wp-content\/uploads\/2019\/10\/Turm2-300x225.jpg 300w, https:\/\/www.verlag-doppelpunkt.at\/flachgauTV\/wp-content\/uploads\/2019\/10\/Turm2-768x576.jpg 768w, https:\/\/www.verlag-doppelpunkt.at\/flachgauTV\/wp-content\/uploads\/2019\/10\/Turm2-730x548.jpg 730w, https:\/\/www.verlag-doppelpunkt.at\/flachgauTV\/wp-content\/uploads\/2019\/10\/Turm2-435x326.jpg 435w, https:\/\/www.verlag-doppelpunkt.at\/flachgauTV\/wp-content\/uploads\/2019\/10\/Turm2-80x60.jpg 80w, https:\/\/www.verlag-doppelpunkt.at\/flachgauTV\/wp-content\/uploads\/2019\/10\/Turm2.jpg 1920w\" sizes=\"(max-width: 1024px) 100vw, 1024px\" \/><\/figure><\/li><li class=\"blocks-gallery-item\"><figure><img loading=\"lazy\" decoding=\"async\" width=\"559\" height=\"1024\" src=\"https:\/\/www.verlag-doppelpunkt.at\/flachgauTV\/wp-content\/uploads\/2019\/10\/Turm-559x1024.jpg\" alt=\"\" data-id=\"2552\" data-link=\"https:\/\/www.verlag-doppelpunkt.at\/flachgauTV\/?attachment_id=2552\" class=\"wp-image-2552\" srcset=\"https:\/\/www.verlag-doppelpunkt.at\/flachgauTV\/wp-content\/uploads\/2019\/10\/Turm-559x1024.jpg 559w, https:\/\/www.verlag-doppelpunkt.at\/flachgauTV\/wp-content\/uploads\/2019\/10\/Turm-164x300.jpg 164w, https:\/\/www.verlag-doppelpunkt.at\/flachgauTV\/wp-content\/uploads\/2019\/10\/Turm.jpg 768w, https:\/\/www.verlag-doppelpunkt.at\/flachgauTV\/wp-content\/uploads\/2019\/10\/Turm-730x1337.jpg 730w, https:\/\/www.verlag-doppelpunkt.at\/flachgauTV\/wp-content\/uploads\/2019\/10\/Turm-435x797.jpg 435w\" sizes=\"(max-width: 559px) 100vw, 559px\" \/><\/figure><\/li><\/ul>\n","protected":false},"excerpt":{"rendered":"<p>Das Mondseeland hat eine neue Attraktion: Seit wenigen Wochen kann der neue Aussichtsturm am Kulmspitz bestiegen werden. Wer diese kleine M\u00fche auf sich nimmt, wird in rund 25 Meter H\u00f6he [&hellip;]<\/p>\n","protected":false},"author":5,"featured_media":2553,"comment_status":"open","ping_status":"open","sticky":false,"template":"","format":"standard","meta":{"jetpack_post_was_ever_published":false,"_jetpack_newsletter_access":"","_jetpack_dont_email_post_to_subs":false,"_jetpack_newsletter_tier_id":0,"_jetpack_memberships_contains_paywalled_content":false,"_jetpack_memberships_contains_paid_content":false,"footnotes":"","jetpack_publicize_message":"","jetpack_publicize_feature_enabled":true,"jetpack_social_post_already_shared":true,"jetpack_social_options":{"image_generator_settings":{"template":"highway","enabled":false}},"_links_to":"","_links_to_target":""},"categories":[9],"tags":[],"jetpack_publicize_connections":[],"jetpack_featured_media_url":"https:\/\/www.verlag-doppelpunkt.at\/flachgauTV\/wp-content\/uploads\/2019\/10\/Turmtitel-1.jpg","jetpack_sharing_enabled":true,"jetpack_shortlink":"https:\/\/wp.me\/paDzeQ-F6","_links":{"self":[{"href":"https:\/\/www.verlag-doppelpunkt.at\/flachgauTV\/wp-json\/wp\/v2\/posts\/2548"}],"collection":[{"href":"https:\/\/www.verlag-doppelpunkt.at\/flachgauTV\/wp-json\/wp\/v2\/posts"}],"about":[{"href":"https:\/\/www.verlag-doppelpunkt.at\/flachgauTV\/wp-json\/wp\/v2\/types\/post"}],"author":[{"embeddable":true,"href":"https:\/\/www.verlag-doppelpunkt.at\/flachgauTV\/wp-json\/wp\/v2\/users\/5"}],"replies":[{"embeddable":true,"href":"https:\/\/www.verlag-doppelpunkt.at\/flachgauTV\/wp-json\/wp\/v2\/comments?post=2548"}],"version-history":[{"count":4,"href":"https:\/\/www.verlag-doppelpunkt.at\/flachgauTV\/wp-json\/wp\/v2\/posts\/2548\/revisions"}],"predecessor-version":[{"id":2570,"href":"https:\/\/www.verlag-doppelpunkt.at\/flachgauTV\/wp-json\/wp\/v2\/posts\/2548\/revisions\/2570"}],"wp:featuredmedia":[{"embeddable":true,"href":"https:\/\/www.verlag-doppelpunkt.at\/flachgauTV\/wp-json\/wp\/v2\/media\/2553"}],"wp:attachment":[{"href":"https:\/\/www.verlag-doppelpunkt.at\/flachgauTV\/wp-json\/wp\/v2\/media?parent=2548"}],"wp:term":[{"taxonomy":"category","embeddable":true,"href":"https:\/\/www.verlag-doppelpunkt.at\/flachgauTV\/wp-json\/wp\/v2\/categories?post=2548"},{"taxonomy":"post_tag","embeddable":true,"href":"https:\/\/www.verlag-doppelpunkt.at\/flachgauTV\/wp-json\/wp\/v2\/tags?post=2548"}],"curies":[{"name":"wp","href":"https:\/\/api.w.org\/{rel}","templated":true}]}}