{"id":2605,"date":"2019-11-18T08:52:14","date_gmt":"2019-11-18T07:52:14","guid":{"rendered":"https:\/\/www.verlag-doppelpunkt.at\/flachgauTV\/?p=2605"},"modified":"2019-11-18T10:39:44","modified_gmt":"2019-11-18T09:39:44","slug":"archaeologen-entdeckten-tarnantone","status":"publish","type":"post","link":"https:\/\/www.verlag-doppelpunkt.at\/flachgauTV\/archaeologen-entdeckten-tarnantone\/","title":{"rendered":"Arch\u00e4ologen entdeckten Tarnantone"},"content":{"rendered":"<p><video id=\"my-video\" class=\"video-js vjs-big-play-centered\" poster=\"..\/wp-content\/uploads\/2019\/10\/Tarnantone.jpg\" preload=\"auto\" controls=\"controls\" data-setup=\"{}\" width=\"100%\" height=\"150\"><source src=\"..\/wp-content\/uploads\/2019\/10\/Tarnantone.mp4\" type=\"video\/mp4\"><source src=\"..\/wp-content\/uploads\/2019\/10\/Tarnantone.webm\" type=\"video\/webm\"><\/video> <script src=\"https:\/\/vjs.zencdn.net\/6.9.0\/video.js\"><\/script><br \/>\nEs ist nur ein lapidarer Satz und trotzdem eine arch\u00e4ologische Sensation: Wir haben Tarnantone gefunden, sagte Landesarch\u00e4ologe Raimund Kastler bei einer Pressekonferenz in der Neumarkter Fronfeste und verriet damit die L\u00f6sung f\u00fcr ein R\u00e4tsel, das die Geschichtsforscher seit mehr als hundert Jahren besch\u00e4ftigt.<\/p>\n","protected":false},"excerpt":{"rendered":"<p>Es ist nur ein lapidarer Satz und trotzdem eine arch\u00e4ologische Sensation: Wir haben Tarnantone gefunden, sagte Landesarch\u00e4ologe Raimund Kastler bei einer Pressekonferenz in der Neumarkter Fronfeste und verriet damit die [&hellip;]<\/p>\n","protected":false},"author":5,"featured_media":2606,"comment_status":"open","ping_status":"open","sticky":false,"template":"","format":"video","meta":{"jetpack_post_was_ever_published":false,"_jetpack_newsletter_access":"","_jetpack_dont_email_post_to_subs":false,"_jetpack_newsletter_tier_id":0,"_jetpack_memberships_contains_paywalled_content":false,"_jetpack_memberships_contains_paid_content":false,"footnotes":"","jetpack_publicize_message":"","jetpack_publicize_feature_enabled":true,"jetpack_social_post_already_shared":true,"jetpack_social_options":{"image_generator_settings":{"template":"highway","enabled":false}},"_links_to":"","_links_to_target":""},"categories":[1],"tags":[],"jetpack_publicize_connections":[],"jetpack_featured_media_url":"https:\/\/www.verlag-doppelpunkt.at\/flachgauTV\/wp-content\/uploads\/2019\/10\/Tarnantone.jpg","jetpack_sharing_enabled":true,"jetpack_shortlink":"https:\/\/wp.me\/paDzeQ-G1","_links":{"self":[{"href":"https:\/\/www.verlag-doppelpunkt.at\/flachgauTV\/wp-json\/wp\/v2\/posts\/2605"}],"collection":[{"href":"https:\/\/www.verlag-doppelpunkt.at\/flachgauTV\/wp-json\/wp\/v2\/posts"}],"about":[{"href":"https:\/\/www.verlag-doppelpunkt.at\/flachgauTV\/wp-json\/wp\/v2\/types\/post"}],"author":[{"embeddable":true,"href":"https:\/\/www.verlag-doppelpunkt.at\/flachgauTV\/wp-json\/wp\/v2\/users\/5"}],"replies":[{"embeddable":true,"href":"https:\/\/www.verlag-doppelpunkt.at\/flachgauTV\/wp-json\/wp\/v2\/comments?post=2605"}],"version-history":[{"count":2,"href":"https:\/\/www.verlag-doppelpunkt.at\/flachgauTV\/wp-json\/wp\/v2\/posts\/2605\/revisions"}],"predecessor-version":[{"id":2610,"href":"https:\/\/www.verlag-doppelpunkt.at\/flachgauTV\/wp-json\/wp\/v2\/posts\/2605\/revisions\/2610"}],"wp:featuredmedia":[{"embeddable":true,"href":"https:\/\/www.verlag-doppelpunkt.at\/flachgauTV\/wp-json\/wp\/v2\/media\/2606"}],"wp:attachment":[{"href":"https:\/\/www.verlag-doppelpunkt.at\/flachgauTV\/wp-json\/wp\/v2\/media?parent=2605"}],"wp:term":[{"taxonomy":"category","embeddable":true,"href":"https:\/\/www.verlag-doppelpunkt.at\/flachgauTV\/wp-json\/wp\/v2\/categories?post=2605"},{"taxonomy":"post_tag","embeddable":true,"href":"https:\/\/www.verlag-doppelpunkt.at\/flachgauTV\/wp-json\/wp\/v2\/tags?post=2605"}],"curies":[{"name":"wp","href":"https:\/\/api.w.org\/{rel}","templated":true}]}}