{"id":2790,"date":"2020-02-04T10:54:55","date_gmt":"2020-02-04T09:54:55","guid":{"rendered":"https:\/\/www.verlag-doppelpunkt.at\/flachgauTV\/?p=2790"},"modified":"2020-02-04T10:54:56","modified_gmt":"2020-02-04T09:54:56","slug":"walter-kraus-preis-fuer-lisl-pollstaetter","status":"publish","type":"post","link":"https:\/\/www.verlag-doppelpunkt.at\/flachgauTV\/walter-kraus-preis-fuer-lisl-pollstaetter\/","title":{"rendered":"Walter-Kraus-Preis f\u00fcr Lisl Pollst\u00e4tter"},"content":{"rendered":"\n<p>Der Walter-Kraus-Mundartpreis geht 2020\neinstimmig an die Mundartautorin Elisabeth (Lisl) Pollst\u00e4tter. Ihre\nTexte ragen aus dem breiten Angebot der Salzburger Mundartliteratur\nhervor und stehen f\u00fcr qualit\u00e4tsvolle Literatur. Die Auszeichnung in\nErinnerung an den Salzburger Mundartdichter Walter Kraus wird alle\ndrei Jahre vergeben.<\/p>\n\n\n\n<p>Die Neumarkterin Elisabeth Pollst\u00e4tter\nist im Salzburger Raum f\u00fcr ihre vielf\u00e4ltigen Texte \u2013 vor allem\nGedichte und Prosa \u2013 in Dialekt und Standardsprache bekannt\ngeworden. \n<\/p>\n\n\n\n<p>Im Mittelpunkt ihrer Werke steht vor\nallem der Mensch in allen Lebenslagen, mit allen H\u00f6hen und Tiefen.\nVer\u00e4nderungen, die das Dorfleben ber\u00fchren, der Jahreskreis und\nvielfach Erlebnisse ihrer Kindheit in der Nachkriegszeit erz\u00e4hlt sie\neinf\u00fchlsam, lebendig und oft mit hintergr\u00fcndigem Humor. Die\nLeserinnen und Leser r\u00fchrt sie mit ihren einfachen und schlichten\nWorten an. \n<\/p>\n\n\n\n<p>Pollst\u00e4tter stellt Erfahrungen von\ntiefem Leid, Entfremdung sowie mitmenschlicher N\u00e4he und Hoffnung\ndar. Dabei vermitteln ihre Texte stets eine positive\nLebenseinstellung, der gegenseitiges Verstehen und Mitmenschlichkeit\nzugrunde liegt. Mit bewegenden und auf-r\u00fcttelnden Worte behandelt\nsie sogar die Fl\u00fcchtlingskrise von 2015.<\/p>\n\n\n\n<p>\u201eIhre Texte vereinen in Aussage und\nGehalt alle Bereiche des menschlichen Lebens in zeitgem\u00e4\u00dfer Form\u201c,\nmeint Jurymitglied Mag. Peter Haudum. Der Jury geh\u00f6rten dar\u00fcber\nhinaus B\u00fcrgermeisterin Waltraud Brandstetter aus Nu\u00dfdorf, Dir. i.R.\nFritz Schw\u00e4rz (Raiffeisenverband Salzburg), Gerlinde Allmayer\n(Preistr\u00e4gerin 2017 und Leiterin des Arbeitskreises \u201eRegionale\nSprache und Literatur\u201c), Dir. Dipl. Ing. Richard Breschar\n(Salzburger Bildungswerk) sowie Max Faistauer als Fachberater an.<\/p>\n\n\n\n<p>Der Preis wird am 24. Juni in Nu\u00dfdorf,\nder Heimat von Walter Kraus, verliehen. \n<\/p>\n","protected":false},"excerpt":{"rendered":"<p>Der Walter-Kraus-Mundartpreis geht 2020 einstimmig an die Mundartautorin Elisabeth (Lisl) Pollst\u00e4tter. Ihre Texte ragen aus dem breiten Angebot der Salzburger Mundartliteratur hervor und stehen f\u00fcr qualit\u00e4tsvolle Literatur. Die Auszeichnung in [&hellip;]<\/p>\n","protected":false},"author":5,"featured_media":2791,"comment_status":"open","ping_status":"open","sticky":false,"template":"","format":"standard","meta":{"jetpack_post_was_ever_published":false,"_jetpack_newsletter_access":"","_jetpack_dont_email_post_to_subs":false,"_jetpack_newsletter_tier_id":0,"_jetpack_memberships_contains_paywalled_content":false,"_jetpack_memberships_contains_paid_content":false,"footnotes":"","jetpack_publicize_message":"","jetpack_publicize_feature_enabled":true,"jetpack_social_post_already_shared":false,"jetpack_social_options":{"image_generator_settings":{"template":"highway","enabled":false}},"_links_to":"","_links_to_target":""},"categories":[15],"tags":[],"jetpack_publicize_connections":[],"jetpack_featured_media_url":"https:\/\/www.verlag-doppelpunkt.at\/flachgauTV\/wp-content\/uploads\/2020\/02\/Polst\u00e4tter.jpg","jetpack_sharing_enabled":true,"jetpack_shortlink":"https:\/\/wp.me\/paDzeQ-J0","_links":{"self":[{"href":"https:\/\/www.verlag-doppelpunkt.at\/flachgauTV\/wp-json\/wp\/v2\/posts\/2790"}],"collection":[{"href":"https:\/\/www.verlag-doppelpunkt.at\/flachgauTV\/wp-json\/wp\/v2\/posts"}],"about":[{"href":"https:\/\/www.verlag-doppelpunkt.at\/flachgauTV\/wp-json\/wp\/v2\/types\/post"}],"author":[{"embeddable":true,"href":"https:\/\/www.verlag-doppelpunkt.at\/flachgauTV\/wp-json\/wp\/v2\/users\/5"}],"replies":[{"embeddable":true,"href":"https:\/\/www.verlag-doppelpunkt.at\/flachgauTV\/wp-json\/wp\/v2\/comments?post=2790"}],"version-history":[{"count":1,"href":"https:\/\/www.verlag-doppelpunkt.at\/flachgauTV\/wp-json\/wp\/v2\/posts\/2790\/revisions"}],"predecessor-version":[{"id":2792,"href":"https:\/\/www.verlag-doppelpunkt.at\/flachgauTV\/wp-json\/wp\/v2\/posts\/2790\/revisions\/2792"}],"wp:featuredmedia":[{"embeddable":true,"href":"https:\/\/www.verlag-doppelpunkt.at\/flachgauTV\/wp-json\/wp\/v2\/media\/2791"}],"wp:attachment":[{"href":"https:\/\/www.verlag-doppelpunkt.at\/flachgauTV\/wp-json\/wp\/v2\/media?parent=2790"}],"wp:term":[{"taxonomy":"category","embeddable":true,"href":"https:\/\/www.verlag-doppelpunkt.at\/flachgauTV\/wp-json\/wp\/v2\/categories?post=2790"},{"taxonomy":"post_tag","embeddable":true,"href":"https:\/\/www.verlag-doppelpunkt.at\/flachgauTV\/wp-json\/wp\/v2\/tags?post=2790"}],"curies":[{"name":"wp","href":"https:\/\/api.w.org\/{rel}","templated":true}]}}