{"id":2905,"date":"2020-03-09T14:07:00","date_gmt":"2020-03-09T13:07:00","guid":{"rendered":"https:\/\/www.verlag-doppelpunkt.at\/flachgauTV\/?p=2905"},"modified":"2020-03-09T16:35:36","modified_gmt":"2020-03-09T15:35:36","slug":"dorfklang-koestendorf-bei-opera-out-of-opera","status":"publish","type":"post","link":"https:\/\/www.verlag-doppelpunkt.at\/flachgauTV\/dorfklang-koestendorf-bei-opera-out-of-opera\/","title":{"rendered":"Dorfklang K\u00f6stendorf bei \u201eOpera Out Of Opera\u201c"},"content":{"rendered":"<p><video id=\"my-video\" class=\"video-js vjs-big-play-centered\" poster=\"..\/wp-content\/uploads\/2020\/03\/Chor.jpg\" preload=\"auto\" controls=\"controls\" data-setup=\"{}\" width=\"100%\" height=\"150\"><source src=\"..\/wp-content\/uploads\/2020\/03\/Chor.mp4\" type=\"video\/mp4\"><source src=\"..\/wp-content\/uploads\/2020\/03\/Chor.webm\" type=\"video\/webm\"><\/video> <script src=\"https:\/\/vjs.zencdn.net\/6.9.0\/video.js\"><\/script><\/p>\n<p>\u201eOpera Out Of Opera\u201c nennt sich ein Projekt, bei dem bei Livekonzerten Opern auf gro\u00dfen Pl\u00e4tzen gesungen werden. Am 7. M\u00e4rz gastierte \u201eOpera Out Of Opera\u201c im Europark und mit dabei waren die S\u00e4ngerinnen und S\u00e4nger des \u201eDorfklang K\u00f6stendorf\u201c. Gemeinsam mit Sinfonieorchester und Solisten der Universit\u00e4t Mozarteum Salzburg pr\u00e4sentierten sagen die K\u00f6stendorfer Arien aus ber\u00fchmten Opern von G. Verdi, W.A. Mozart, G. Puccini und G. Bizet.<\/p>\n","protected":false},"excerpt":{"rendered":"<p>\u201eOpera Out Of Opera\u201c nennt sich ein Projekt, bei dem bei Livekonzerten Opern auf gro\u00dfen Pl\u00e4tzen gesungen werden. Am 7. M\u00e4rz gastierte \u201eOpera Out Of Opera\u201c im Europark und mit [&hellip;]<\/p>\n","protected":false},"author":5,"featured_media":2906,"comment_status":"open","ping_status":"open","sticky":false,"template":"","format":"video","meta":{"jetpack_post_was_ever_published":false,"_jetpack_newsletter_access":"","_jetpack_dont_email_post_to_subs":false,"_jetpack_newsletter_tier_id":0,"_jetpack_memberships_contains_paywalled_content":false,"_jetpack_memberships_contains_paid_content":false,"footnotes":"","jetpack_publicize_message":"","jetpack_publicize_feature_enabled":true,"jetpack_social_post_already_shared":false,"jetpack_social_options":{"image_generator_settings":{"template":"highway","enabled":false}},"_links_to":"","_links_to_target":""},"categories":[15],"tags":[],"jetpack_publicize_connections":[],"jetpack_featured_media_url":"https:\/\/www.verlag-doppelpunkt.at\/flachgauTV\/wp-content\/uploads\/2020\/03\/Chor.jpg","jetpack_sharing_enabled":true,"jetpack_shortlink":"https:\/\/wp.me\/paDzeQ-KR","_links":{"self":[{"href":"https:\/\/www.verlag-doppelpunkt.at\/flachgauTV\/wp-json\/wp\/v2\/posts\/2905"}],"collection":[{"href":"https:\/\/www.verlag-doppelpunkt.at\/flachgauTV\/wp-json\/wp\/v2\/posts"}],"about":[{"href":"https:\/\/www.verlag-doppelpunkt.at\/flachgauTV\/wp-json\/wp\/v2\/types\/post"}],"author":[{"embeddable":true,"href":"https:\/\/www.verlag-doppelpunkt.at\/flachgauTV\/wp-json\/wp\/v2\/users\/5"}],"replies":[{"embeddable":true,"href":"https:\/\/www.verlag-doppelpunkt.at\/flachgauTV\/wp-json\/wp\/v2\/comments?post=2905"}],"version-history":[{"count":2,"href":"https:\/\/www.verlag-doppelpunkt.at\/flachgauTV\/wp-json\/wp\/v2\/posts\/2905\/revisions"}],"predecessor-version":[{"id":2910,"href":"https:\/\/www.verlag-doppelpunkt.at\/flachgauTV\/wp-json\/wp\/v2\/posts\/2905\/revisions\/2910"}],"wp:featuredmedia":[{"embeddable":true,"href":"https:\/\/www.verlag-doppelpunkt.at\/flachgauTV\/wp-json\/wp\/v2\/media\/2906"}],"wp:attachment":[{"href":"https:\/\/www.verlag-doppelpunkt.at\/flachgauTV\/wp-json\/wp\/v2\/media?parent=2905"}],"wp:term":[{"taxonomy":"category","embeddable":true,"href":"https:\/\/www.verlag-doppelpunkt.at\/flachgauTV\/wp-json\/wp\/v2\/categories?post=2905"},{"taxonomy":"post_tag","embeddable":true,"href":"https:\/\/www.verlag-doppelpunkt.at\/flachgauTV\/wp-json\/wp\/v2\/tags?post=2905"}],"curies":[{"name":"wp","href":"https:\/\/api.w.org\/{rel}","templated":true}]}}