{"id":2933,"date":"2020-03-22T06:45:00","date_gmt":"2020-03-22T05:45:00","guid":{"rendered":"https:\/\/www.verlag-doppelpunkt.at\/flachgauTV\/?p=2933"},"modified":"2020-03-23T08:12:35","modified_gmt":"2020-03-23T07:12:35","slug":"welle-der-solidaritaet-in-neumarkt","status":"publish","type":"post","link":"https:\/\/www.verlag-doppelpunkt.at\/flachgauTV\/welle-der-solidaritaet-in-neumarkt\/","title":{"rendered":"Welle der Solidarit\u00e4t in Neumarkt"},"content":{"rendered":"\n<p>Auch in Neumarkt am Wallersee zeigt sich in der aktuellen Krise gro\u00dfe Solidarit\u00e4t unter der Bev\u00f6lkerung. B\u00fcrgermeister Adi Rieger (Bild) rief \u00fcber soziale Medien zu vermehrter \u201eNachbarschaftshilfe\u201c auf und erntete umgehend zahlreiche R\u00fcckmeldungen. Deshalb bietet die Flachgauer Stadtgemeinde an, die Koordination zwischen hilfsbed\u00fcrftigen Menschen und Personen, die etwas Sinnvolles tun m\u00f6chten, zu \u00fcbernehmen. Sowohl Helfer als auch Hilfesuchende k\u00f6nnen sich beim Stadtamt Neumarkt telefonisch (06216\/5212) oder per E-Mail <a href=\"mailto:stadt@neumarkt.at\">stadt@neumarkt.at<\/a> melden und werden dann m\u00f6glichst effektiv zusammengef\u00fchrt.<\/p>\n\n\n\n<p>\u201eIch bin wirklich \u00fcberw\u00e4ltigt, wie schnell sich viele, vorwiegend j\u00fcngere Menschen auf meinen ersten Aufruf per Facebook und WhatsApp gemeldet haben\u201c, freut sich B\u00fcrgermeister Adi Rieger. \u201eNach nur wenigen Stunden standen bereits mehr als 30 Freiwillige auf unserer Liste, auch die Landjugend ist mit an Bord. Wir werden diese Helfer in den n\u00e4chsten Wochen auch sicher brauchen, denn um sich nicht mit dem Virus anzustecken, sollten ja vor allem Senioren und kranke Personen momentan ihr Haus nicht verlassen. Die Nachbarschaftshelfer \u00fcbernehmen zum Beispiel den Einkauf oder besorgen ben\u00f6tigte Medikamente.\u201c<br>Der Neumarkter B\u00fcrgermeister appelliert an alle Bewohner der Stadt, Nachbarschaftshilfe \u00fcberall zu leisten, wo es aufgrund der rechtlichen und hygienischen Rahmenbedingungen auch m\u00f6glich ist. Auch das Angebot der Koordination \u00fcber das Stadtamt sollte m\u00f6glichst von allen B\u00fcrgern weiterverbreitet werden.<\/p>\n","protected":false},"excerpt":{"rendered":"<p>Auch in Neumarkt am Wallersee zeigt sich in der aktuellen Krise gro\u00dfe Solidarit\u00e4t unter der Bev\u00f6lkerung. B\u00fcrgermeister Adi Rieger (Bild) rief \u00fcber soziale Medien zu vermehrter \u201eNachbarschaftshilfe\u201c auf und erntete [&hellip;]<\/p>\n","protected":false},"author":5,"featured_media":2934,"comment_status":"open","ping_status":"open","sticky":false,"template":"","format":"standard","meta":{"jetpack_post_was_ever_published":false,"_jetpack_newsletter_access":"","_jetpack_dont_email_post_to_subs":false,"_jetpack_newsletter_tier_id":0,"_jetpack_memberships_contains_paywalled_content":false,"_jetpack_memberships_contains_paid_content":false,"footnotes":"","jetpack_publicize_message":"","jetpack_publicize_feature_enabled":true,"jetpack_social_post_already_shared":true,"jetpack_social_options":{"image_generator_settings":{"template":"highway","enabled":false}},"_links_to":"","_links_to_target":""},"categories":[1],"tags":[],"jetpack_publicize_connections":[],"jetpack_featured_media_url":"https:\/\/www.verlag-doppelpunkt.at\/flachgauTV\/wp-content\/uploads\/2020\/03\/Adi-Rieger.jpg","jetpack_sharing_enabled":true,"jetpack_shortlink":"https:\/\/wp.me\/paDzeQ-Lj","_links":{"self":[{"href":"https:\/\/www.verlag-doppelpunkt.at\/flachgauTV\/wp-json\/wp\/v2\/posts\/2933"}],"collection":[{"href":"https:\/\/www.verlag-doppelpunkt.at\/flachgauTV\/wp-json\/wp\/v2\/posts"}],"about":[{"href":"https:\/\/www.verlag-doppelpunkt.at\/flachgauTV\/wp-json\/wp\/v2\/types\/post"}],"author":[{"embeddable":true,"href":"https:\/\/www.verlag-doppelpunkt.at\/flachgauTV\/wp-json\/wp\/v2\/users\/5"}],"replies":[{"embeddable":true,"href":"https:\/\/www.verlag-doppelpunkt.at\/flachgauTV\/wp-json\/wp\/v2\/comments?post=2933"}],"version-history":[{"count":2,"href":"https:\/\/www.verlag-doppelpunkt.at\/flachgauTV\/wp-json\/wp\/v2\/posts\/2933\/revisions"}],"predecessor-version":[{"id":2936,"href":"https:\/\/www.verlag-doppelpunkt.at\/flachgauTV\/wp-json\/wp\/v2\/posts\/2933\/revisions\/2936"}],"wp:featuredmedia":[{"embeddable":true,"href":"https:\/\/www.verlag-doppelpunkt.at\/flachgauTV\/wp-json\/wp\/v2\/media\/2934"}],"wp:attachment":[{"href":"https:\/\/www.verlag-doppelpunkt.at\/flachgauTV\/wp-json\/wp\/v2\/media?parent=2933"}],"wp:term":[{"taxonomy":"category","embeddable":true,"href":"https:\/\/www.verlag-doppelpunkt.at\/flachgauTV\/wp-json\/wp\/v2\/categories?post=2933"},{"taxonomy":"post_tag","embeddable":true,"href":"https:\/\/www.verlag-doppelpunkt.at\/flachgauTV\/wp-json\/wp\/v2\/tags?post=2933"}],"curies":[{"name":"wp","href":"https:\/\/api.w.org\/{rel}","templated":true}]}}