{"id":3210,"date":"2020-09-11T06:00:00","date_gmt":"2020-09-11T04:00:00","guid":{"rendered":"https:\/\/www.verlag-doppelpunkt.at\/flachgauTV\/?p=3210"},"modified":"2020-09-10T11:23:49","modified_gmt":"2020-09-10T09:23:49","slug":"im-september-gaert-in-obertrum-die-kultur","status":"publish","type":"post","link":"https:\/\/www.verlag-doppelpunkt.at\/flachgauTV\/im-september-gaert-in-obertrum-die-kultur\/","title":{"rendered":"Im September \u201eg\u00e4rt\u201c in Obertrum die Kultur"},"content":{"rendered":"\n<p>In Obertrum am See \u201eg\u00e4rt\u201c in den\nkommenden zwei Wochen die Kultur. An f\u00fcnf Veranstaltungstagen sind\nbis 26. September acht Projekte aus unterschiedlichen Sparten zu\nsehen. Bespielt werden die ehemaligen G\u00e4rhallen der Trumer\nPrivatbrauerei, der \u00f6ffentliche Raum in der Gemeinde, der digitale\nRaum und auch der \u00e4therische, also das Radio.<\/p>\n\n\n\n<p>\u201eBesonders in den Bezirken sind\nstarke Initiativen wie der Kulturseptember in Obertrum wichtig. Mit\nEngagement, Beharrlichkeit und Leidenschaft f\u00fcr die Kunst k\u00f6nnen\nVeranstaltungen auch bei gleichzeitiger strenger Einhaltung der\nCovid-19-Vorschriften zum unbeschwerten kulturellen Genuss sowohl f\u00fcr\nBesucher als auch f\u00fcr K\u00fcnstler werden\u201c, so\nLandeshauptmann-Stellvertreter Heinrich Schellhorn bei der Er\u00f6ffnung.<\/p>\n\n\n\n<p>\u201eUnser Ziel ist, nicht nur Kunst und\nKultur nach Obertrum zu bringen, sondern mit den Obertrumern zu\nverkn\u00fcpfen\u201c, so Anita Thanhofer von der Kulturinitiative drum5162.\nAus 46 Einreichungen w\u00e4hlte die Initiative f\u00fcr das diesj\u00e4hrige\nFestival sechs Kunstschaffende (Alpine Gothic, Beate Ronacher, Dorit\nEhlers, Do:It, Evi Leuchtgelb und Miriam Raggam) sowie zwei\nGastkunstschaffende (Nick Acorne, Potpourri) aus.<\/p>\n\n\n\n<p>Zum Programm unter dem Thema Schaulust(IG) z\u00e4hlen unter anderem ein Tanz-Workshop, eine interaktive Konzert-Performance, die dem Publikum die Kontrolle \u00fcber den Verlauf gibt und es unterschiedliche Musikformate ausprobieren l\u00e4sst sowie ein Rasenm\u00e4her-Laubbl\u00e4ser-Konzert.  <\/p>\n\n\n\n<div class=\"wp-block-image\"><figure class=\"alignleft size-large\"><img loading=\"lazy\" decoding=\"async\" width=\"1024\" height=\"599\" src=\"https:\/\/www.verlag-doppelpunkt.at\/flachgauTV\/wp-content\/uploads\/2020\/09\/KulturSeptember-1024x599.jpg\" alt=\"\" class=\"wp-image-3211\" srcset=\"https:\/\/www.verlag-doppelpunkt.at\/flachgauTV\/wp-content\/uploads\/2020\/09\/KulturSeptember-1024x599.jpg 1024w, https:\/\/www.verlag-doppelpunkt.at\/flachgauTV\/wp-content\/uploads\/2020\/09\/KulturSeptember-300x176.jpg 300w, https:\/\/www.verlag-doppelpunkt.at\/flachgauTV\/wp-content\/uploads\/2020\/09\/KulturSeptember-768x450.jpg 768w, https:\/\/www.verlag-doppelpunkt.at\/flachgauTV\/wp-content\/uploads\/2020\/09\/KulturSeptember-1536x899.jpg 1536w, https:\/\/www.verlag-doppelpunkt.at\/flachgauTV\/wp-content\/uploads\/2020\/09\/KulturSeptember-730x427.jpg 730w, https:\/\/www.verlag-doppelpunkt.at\/flachgauTV\/wp-content\/uploads\/2020\/09\/KulturSeptember-435x255.jpg 435w, https:\/\/www.verlag-doppelpunkt.at\/flachgauTV\/wp-content\/uploads\/2020\/09\/KulturSeptember.jpg 1920w\" sizes=\"(max-width: 1024px) 100vw, 1024px\" \/><figcaption>Er\u00f6ffnung \u201eKultur September&#8220; in der Brauerei Obertrum Im Bild v.l. Obmann Matthias Strasser, Brauereibesitzer Josef Sigl jun., Landeshauptmannstellvertreter Heinrich Schellhorn und B\u00fcrgermeister Simon Wallner. Im Vordergrund das Kunstwerk &#8222;Gefallene Statue&#8220; Foto: Land Salzburg \/ Franz Neumayr   <\/figcaption><\/figure><\/div>\n","protected":false},"excerpt":{"rendered":"<p>In Obertrum am See \u201eg\u00e4rt\u201c in den kommenden zwei Wochen die Kultur. An f\u00fcnf Veranstaltungstagen sind bis 26. September acht Projekte aus unterschiedlichen Sparten zu sehen. Bespielt werden die ehemaligen [&hellip;]<\/p>\n","protected":false},"author":5,"featured_media":3212,"comment_status":"open","ping_status":"open","sticky":false,"template":"","format":"standard","meta":{"jetpack_post_was_ever_published":false,"_jetpack_newsletter_access":"","_jetpack_dont_email_post_to_subs":false,"_jetpack_newsletter_tier_id":0,"_jetpack_memberships_contains_paywalled_content":false,"_jetpack_memberships_contains_paid_content":false,"footnotes":"","jetpack_publicize_message":"","jetpack_publicize_feature_enabled":true,"jetpack_social_post_already_shared":true,"jetpack_social_options":{"image_generator_settings":{"template":"highway","enabled":false}},"_links_to":"","_links_to_target":""},"categories":[15],"tags":[],"jetpack_publicize_connections":[],"jetpack_featured_media_url":"https:\/\/www.verlag-doppelpunkt.at\/flachgauTV\/wp-content\/uploads\/2020\/09\/Brauerei.jpg","jetpack_sharing_enabled":true,"jetpack_shortlink":"https:\/\/wp.me\/paDzeQ-PM","_links":{"self":[{"href":"https:\/\/www.verlag-doppelpunkt.at\/flachgauTV\/wp-json\/wp\/v2\/posts\/3210"}],"collection":[{"href":"https:\/\/www.verlag-doppelpunkt.at\/flachgauTV\/wp-json\/wp\/v2\/posts"}],"about":[{"href":"https:\/\/www.verlag-doppelpunkt.at\/flachgauTV\/wp-json\/wp\/v2\/types\/post"}],"author":[{"embeddable":true,"href":"https:\/\/www.verlag-doppelpunkt.at\/flachgauTV\/wp-json\/wp\/v2\/users\/5"}],"replies":[{"embeddable":true,"href":"https:\/\/www.verlag-doppelpunkt.at\/flachgauTV\/wp-json\/wp\/v2\/comments?post=3210"}],"version-history":[{"count":1,"href":"https:\/\/www.verlag-doppelpunkt.at\/flachgauTV\/wp-json\/wp\/v2\/posts\/3210\/revisions"}],"predecessor-version":[{"id":3213,"href":"https:\/\/www.verlag-doppelpunkt.at\/flachgauTV\/wp-json\/wp\/v2\/posts\/3210\/revisions\/3213"}],"wp:featuredmedia":[{"embeddable":true,"href":"https:\/\/www.verlag-doppelpunkt.at\/flachgauTV\/wp-json\/wp\/v2\/media\/3212"}],"wp:attachment":[{"href":"https:\/\/www.verlag-doppelpunkt.at\/flachgauTV\/wp-json\/wp\/v2\/media?parent=3210"}],"wp:term":[{"taxonomy":"category","embeddable":true,"href":"https:\/\/www.verlag-doppelpunkt.at\/flachgauTV\/wp-json\/wp\/v2\/categories?post=3210"},{"taxonomy":"post_tag","embeddable":true,"href":"https:\/\/www.verlag-doppelpunkt.at\/flachgauTV\/wp-json\/wp\/v2\/tags?post=3210"}],"curies":[{"name":"wp","href":"https:\/\/api.w.org\/{rel}","templated":true}]}}