{"id":3214,"date":"2020-09-12T06:00:00","date_gmt":"2020-09-12T04:00:00","guid":{"rendered":"https:\/\/www.verlag-doppelpunkt.at\/flachgauTV\/?p=3214"},"modified":"2020-09-29T08:33:48","modified_gmt":"2020-09-29T06:33:48","slug":"das-weiss-roessl-im-k-u-l-t-in-hof","status":"publish","type":"post","link":"https:\/\/www.verlag-doppelpunkt.at\/flachgauTV\/das-weiss-roessl-im-k-u-l-t-in-hof\/","title":{"rendered":"Das wei\u00dfe R\u00f6ssl im K.U.L.T. in Hof"},"content":{"rendered":"\n<p>\u201eIm wei\u00dfen R\u00f6ssl\u201c hei\u00dft die aktuelle Produktion des Musical-Vereins \u201eMUS-EN\u201c. Die Operette ist unter anderem auch im K.U.L.T. in Hof zu sehen. Unser Fotograf Albert Moser besuchte die Generalprobe. Mehr Infos<a href=\"http:\/\/www.mus-en.at\/\"> hier&gt;&gt;&gt;<\/a><\/p>\n\n\n\n<figure class=\"wp-block-gallery columns-1 is-cropped wp-block-gallery-1 is-layout-flex wp-block-gallery-is-layout-flex\"><ul class=\"blocks-gallery-grid\"><li class=\"blocks-gallery-item\"><figure><img loading=\"lazy\" decoding=\"async\" width=\"800\" height=\"532\" src=\"https:\/\/www.verlag-doppelpunkt.at\/flachgauTV\/wp-content\/uploads\/2020\/09\/2020-09-10_01-Mus-en-Im-Wei\u00dfen-R\u00f6ssl.jpg\" alt=\"\" data-id=\"3216\" data-full-url=\"https:\/\/www.verlag-doppelpunkt.at\/flachgauTV\/wp-content\/uploads\/2020\/09\/2020-09-10_01-Mus-en-Im-Wei\u00dfen-R\u00f6ssl.jpg\" data-link=\"https:\/\/www.verlag-doppelpunkt.at\/flachgauTV\/?attachment_id=3216\" class=\"wp-image-3216\" srcset=\"https:\/\/www.verlag-doppelpunkt.at\/flachgauTV\/wp-content\/uploads\/2020\/09\/2020-09-10_01-Mus-en-Im-Wei\u00dfen-R\u00f6ssl.jpg 800w, https:\/\/www.verlag-doppelpunkt.at\/flachgauTV\/wp-content\/uploads\/2020\/09\/2020-09-10_01-Mus-en-Im-Wei\u00dfen-R\u00f6ssl-300x200.jpg 300w, https:\/\/www.verlag-doppelpunkt.at\/flachgauTV\/wp-content\/uploads\/2020\/09\/2020-09-10_01-Mus-en-Im-Wei\u00dfen-R\u00f6ssl-768x511.jpg 768w, https:\/\/www.verlag-doppelpunkt.at\/flachgauTV\/wp-content\/uploads\/2020\/09\/2020-09-10_01-Mus-en-Im-Wei\u00dfen-R\u00f6ssl-730x485.jpg 730w, https:\/\/www.verlag-doppelpunkt.at\/flachgauTV\/wp-content\/uploads\/2020\/09\/2020-09-10_01-Mus-en-Im-Wei\u00dfen-R\u00f6ssl-435x289.jpg 435w\" sizes=\"(max-width: 800px) 100vw, 800px\" \/><\/figure><\/li><li class=\"blocks-gallery-item\"><figure><img loading=\"lazy\" decoding=\"async\" width=\"800\" height=\"532\" src=\"https:\/\/www.verlag-doppelpunkt.at\/flachgauTV\/wp-content\/uploads\/2020\/09\/2020-09-10_03-Mus-en-Im-Wei\u00dfen-R\u00f6ssl.jpg\" alt=\"\" data-id=\"3218\" data-full-url=\"https:\/\/www.verlag-doppelpunkt.at\/flachgauTV\/wp-content\/uploads\/2020\/09\/2020-09-10_03-Mus-en-Im-Wei\u00dfen-R\u00f6ssl.jpg\" data-link=\"https:\/\/www.verlag-doppelpunkt.at\/flachgauTV\/?attachment_id=3218\" class=\"wp-image-3218\" srcset=\"https:\/\/www.verlag-doppelpunkt.at\/flachgauTV\/wp-content\/uploads\/2020\/09\/2020-09-10_03-Mus-en-Im-Wei\u00dfen-R\u00f6ssl.jpg 800w, https:\/\/www.verlag-doppelpunkt.at\/flachgauTV\/wp-content\/uploads\/2020\/09\/2020-09-10_03-Mus-en-Im-Wei\u00dfen-R\u00f6ssl-300x200.jpg 300w, https:\/\/www.verlag-doppelpunkt.at\/flachgauTV\/wp-content\/uploads\/2020\/09\/2020-09-10_03-Mus-en-Im-Wei\u00dfen-R\u00f6ssl-768x511.jpg 768w, https:\/\/www.verlag-doppelpunkt.at\/flachgauTV\/wp-content\/uploads\/2020\/09\/2020-09-10_03-Mus-en-Im-Wei\u00dfen-R\u00f6ssl-730x485.jpg 730w, https:\/\/www.verlag-doppelpunkt.at\/flachgauTV\/wp-content\/uploads\/2020\/09\/2020-09-10_03-Mus-en-Im-Wei\u00dfen-R\u00f6ssl-435x289.jpg 435w\" sizes=\"(max-width: 800px) 100vw, 800px\" \/><\/figure><\/li><li class=\"blocks-gallery-item\"><figure><img loading=\"lazy\" decoding=\"async\" width=\"800\" height=\"532\" src=\"https:\/\/www.verlag-doppelpunkt.at\/flachgauTV\/wp-content\/uploads\/2020\/09\/2020-09-10_02-Mus-en-Im-Wei\u00dfen-R\u00f6ssl.jpg\" alt=\"\" data-id=\"3217\" data-full-url=\"https:\/\/www.verlag-doppelpunkt.at\/flachgauTV\/wp-content\/uploads\/2020\/09\/2020-09-10_02-Mus-en-Im-Wei\u00dfen-R\u00f6ssl.jpg\" data-link=\"https:\/\/www.verlag-doppelpunkt.at\/flachgauTV\/?attachment_id=3217\" class=\"wp-image-3217\" srcset=\"https:\/\/www.verlag-doppelpunkt.at\/flachgauTV\/wp-content\/uploads\/2020\/09\/2020-09-10_02-Mus-en-Im-Wei\u00dfen-R\u00f6ssl.jpg 800w, https:\/\/www.verlag-doppelpunkt.at\/flachgauTV\/wp-content\/uploads\/2020\/09\/2020-09-10_02-Mus-en-Im-Wei\u00dfen-R\u00f6ssl-300x200.jpg 300w, https:\/\/www.verlag-doppelpunkt.at\/flachgauTV\/wp-content\/uploads\/2020\/09\/2020-09-10_02-Mus-en-Im-Wei\u00dfen-R\u00f6ssl-768x511.jpg 768w, https:\/\/www.verlag-doppelpunkt.at\/flachgauTV\/wp-content\/uploads\/2020\/09\/2020-09-10_02-Mus-en-Im-Wei\u00dfen-R\u00f6ssl-730x485.jpg 730w, https:\/\/www.verlag-doppelpunkt.at\/flachgauTV\/wp-content\/uploads\/2020\/09\/2020-09-10_02-Mus-en-Im-Wei\u00dfen-R\u00f6ssl-435x289.jpg 435w\" sizes=\"(max-width: 800px) 100vw, 800px\" \/><\/figure><\/li><li class=\"blocks-gallery-item\"><figure><img loading=\"lazy\" decoding=\"async\" width=\"800\" height=\"532\" src=\"https:\/\/www.verlag-doppelpunkt.at\/flachgauTV\/wp-content\/uploads\/2020\/09\/2020-09-10_04-Mus-en-Im-Wei\u00dfen-R\u00f6ssl.jpg\" alt=\"\" data-id=\"3219\" data-full-url=\"https:\/\/www.verlag-doppelpunkt.at\/flachgauTV\/wp-content\/uploads\/2020\/09\/2020-09-10_04-Mus-en-Im-Wei\u00dfen-R\u00f6ssl.jpg\" data-link=\"https:\/\/www.verlag-doppelpunkt.at\/flachgauTV\/?attachment_id=3219\" class=\"wp-image-3219\" srcset=\"https:\/\/www.verlag-doppelpunkt.at\/flachgauTV\/wp-content\/uploads\/2020\/09\/2020-09-10_04-Mus-en-Im-Wei\u00dfen-R\u00f6ssl.jpg 800w, https:\/\/www.verlag-doppelpunkt.at\/flachgauTV\/wp-content\/uploads\/2020\/09\/2020-09-10_04-Mus-en-Im-Wei\u00dfen-R\u00f6ssl-300x200.jpg 300w, https:\/\/www.verlag-doppelpunkt.at\/flachgauTV\/wp-content\/uploads\/2020\/09\/2020-09-10_04-Mus-en-Im-Wei\u00dfen-R\u00f6ssl-768x511.jpg 768w, https:\/\/www.verlag-doppelpunkt.at\/flachgauTV\/wp-content\/uploads\/2020\/09\/2020-09-10_04-Mus-en-Im-Wei\u00dfen-R\u00f6ssl-730x485.jpg 730w, https:\/\/www.verlag-doppelpunkt.at\/flachgauTV\/wp-content\/uploads\/2020\/09\/2020-09-10_04-Mus-en-Im-Wei\u00dfen-R\u00f6ssl-435x289.jpg 435w\" sizes=\"(max-width: 800px) 100vw, 800px\" \/><\/figure><\/li><li class=\"blocks-gallery-item\"><figure><img loading=\"lazy\" decoding=\"async\" width=\"800\" height=\"532\" src=\"https:\/\/www.verlag-doppelpunkt.at\/flachgauTV\/wp-content\/uploads\/2020\/09\/2020-09-10_05-Mus-en-Im-Wei\u00dfen-R\u00f6ssl.jpg\" alt=\"\" data-id=\"3220\" data-full-url=\"https:\/\/www.verlag-doppelpunkt.at\/flachgauTV\/wp-content\/uploads\/2020\/09\/2020-09-10_05-Mus-en-Im-Wei\u00dfen-R\u00f6ssl.jpg\" data-link=\"https:\/\/www.verlag-doppelpunkt.at\/flachgauTV\/?attachment_id=3220\" class=\"wp-image-3220\" srcset=\"https:\/\/www.verlag-doppelpunkt.at\/flachgauTV\/wp-content\/uploads\/2020\/09\/2020-09-10_05-Mus-en-Im-Wei\u00dfen-R\u00f6ssl.jpg 800w, https:\/\/www.verlag-doppelpunkt.at\/flachgauTV\/wp-content\/uploads\/2020\/09\/2020-09-10_05-Mus-en-Im-Wei\u00dfen-R\u00f6ssl-300x200.jpg 300w, https:\/\/www.verlag-doppelpunkt.at\/flachgauTV\/wp-content\/uploads\/2020\/09\/2020-09-10_05-Mus-en-Im-Wei\u00dfen-R\u00f6ssl-768x511.jpg 768w, https:\/\/www.verlag-doppelpunkt.at\/flachgauTV\/wp-content\/uploads\/2020\/09\/2020-09-10_05-Mus-en-Im-Wei\u00dfen-R\u00f6ssl-730x485.jpg 730w, https:\/\/www.verlag-doppelpunkt.at\/flachgauTV\/wp-content\/uploads\/2020\/09\/2020-09-10_05-Mus-en-Im-Wei\u00dfen-R\u00f6ssl-435x289.jpg 435w\" sizes=\"(max-width: 800px) 100vw, 800px\" \/><\/figure><\/li><li class=\"blocks-gallery-item\"><figure><img loading=\"lazy\" decoding=\"async\" width=\"800\" height=\"532\" src=\"https:\/\/www.verlag-doppelpunkt.at\/flachgauTV\/wp-content\/uploads\/2020\/09\/2020-09-10_06-Mus-en-Im-Wei\u00dfen-R\u00f6ssl.jpg\" alt=\"\" data-id=\"3221\" data-full-url=\"https:\/\/www.verlag-doppelpunkt.at\/flachgauTV\/wp-content\/uploads\/2020\/09\/2020-09-10_06-Mus-en-Im-Wei\u00dfen-R\u00f6ssl.jpg\" data-link=\"https:\/\/www.verlag-doppelpunkt.at\/flachgauTV\/?attachment_id=3221\" class=\"wp-image-3221\" srcset=\"https:\/\/www.verlag-doppelpunkt.at\/flachgauTV\/wp-content\/uploads\/2020\/09\/2020-09-10_06-Mus-en-Im-Wei\u00dfen-R\u00f6ssl.jpg 800w, https:\/\/www.verlag-doppelpunkt.at\/flachgauTV\/wp-content\/uploads\/2020\/09\/2020-09-10_06-Mus-en-Im-Wei\u00dfen-R\u00f6ssl-300x200.jpg 300w, https:\/\/www.verlag-doppelpunkt.at\/flachgauTV\/wp-content\/uploads\/2020\/09\/2020-09-10_06-Mus-en-Im-Wei\u00dfen-R\u00f6ssl-768x511.jpg 768w, https:\/\/www.verlag-doppelpunkt.at\/flachgauTV\/wp-content\/uploads\/2020\/09\/2020-09-10_06-Mus-en-Im-Wei\u00dfen-R\u00f6ssl-730x485.jpg 730w, https:\/\/www.verlag-doppelpunkt.at\/flachgauTV\/wp-content\/uploads\/2020\/09\/2020-09-10_06-Mus-en-Im-Wei\u00dfen-R\u00f6ssl-435x289.jpg 435w\" sizes=\"(max-width: 800px) 100vw, 800px\" \/><\/figure><\/li><li class=\"blocks-gallery-item\"><figure><img loading=\"lazy\" decoding=\"async\" width=\"800\" height=\"532\" src=\"https:\/\/www.verlag-doppelpunkt.at\/flachgauTV\/wp-content\/uploads\/2020\/09\/2020-09-10_07-Mus-en-Im-Wei\u00dfen-R\u00f6ssl.jpg\" alt=\"\" data-id=\"3222\" data-full-url=\"https:\/\/www.verlag-doppelpunkt.at\/flachgauTV\/wp-content\/uploads\/2020\/09\/2020-09-10_07-Mus-en-Im-Wei\u00dfen-R\u00f6ssl.jpg\" data-link=\"https:\/\/www.verlag-doppelpunkt.at\/flachgauTV\/?attachment_id=3222\" class=\"wp-image-3222\" srcset=\"https:\/\/www.verlag-doppelpunkt.at\/flachgauTV\/wp-content\/uploads\/2020\/09\/2020-09-10_07-Mus-en-Im-Wei\u00dfen-R\u00f6ssl.jpg 800w, https:\/\/www.verlag-doppelpunkt.at\/flachgauTV\/wp-content\/uploads\/2020\/09\/2020-09-10_07-Mus-en-Im-Wei\u00dfen-R\u00f6ssl-300x200.jpg 300w, https:\/\/www.verlag-doppelpunkt.at\/flachgauTV\/wp-content\/uploads\/2020\/09\/2020-09-10_07-Mus-en-Im-Wei\u00dfen-R\u00f6ssl-768x511.jpg 768w, https:\/\/www.verlag-doppelpunkt.at\/flachgauTV\/wp-content\/uploads\/2020\/09\/2020-09-10_07-Mus-en-Im-Wei\u00dfen-R\u00f6ssl-730x485.jpg 730w, https:\/\/www.verlag-doppelpunkt.at\/flachgauTV\/wp-content\/uploads\/2020\/09\/2020-09-10_07-Mus-en-Im-Wei\u00dfen-R\u00f6ssl-435x289.jpg 435w\" sizes=\"(max-width: 800px) 100vw, 800px\" \/><\/figure><\/li><li class=\"blocks-gallery-item\"><figure><img loading=\"lazy\" decoding=\"async\" width=\"800\" height=\"532\" src=\"https:\/\/www.verlag-doppelpunkt.at\/flachgauTV\/wp-content\/uploads\/2020\/09\/2020-09-10_08-Mus-en-Im-Wei\u00dfen-R\u00f6ssl.jpg\" alt=\"\" data-id=\"3223\" data-full-url=\"https:\/\/www.verlag-doppelpunkt.at\/flachgauTV\/wp-content\/uploads\/2020\/09\/2020-09-10_08-Mus-en-Im-Wei\u00dfen-R\u00f6ssl.jpg\" data-link=\"https:\/\/www.verlag-doppelpunkt.at\/flachgauTV\/?attachment_id=3223\" class=\"wp-image-3223\" srcset=\"https:\/\/www.verlag-doppelpunkt.at\/flachgauTV\/wp-content\/uploads\/2020\/09\/2020-09-10_08-Mus-en-Im-Wei\u00dfen-R\u00f6ssl.jpg 800w, https:\/\/www.verlag-doppelpunkt.at\/flachgauTV\/wp-content\/uploads\/2020\/09\/2020-09-10_08-Mus-en-Im-Wei\u00dfen-R\u00f6ssl-300x200.jpg 300w, https:\/\/www.verlag-doppelpunkt.at\/flachgauTV\/wp-content\/uploads\/2020\/09\/2020-09-10_08-Mus-en-Im-Wei\u00dfen-R\u00f6ssl-768x511.jpg 768w, https:\/\/www.verlag-doppelpunkt.at\/flachgauTV\/wp-content\/uploads\/2020\/09\/2020-09-10_08-Mus-en-Im-Wei\u00dfen-R\u00f6ssl-730x485.jpg 730w, https:\/\/www.verlag-doppelpunkt.at\/flachgauTV\/wp-content\/uploads\/2020\/09\/2020-09-10_08-Mus-en-Im-Wei\u00dfen-R\u00f6ssl-435x289.jpg 435w\" sizes=\"(max-width: 800px) 100vw, 800px\" \/><\/figure><\/li><li class=\"blocks-gallery-item\"><figure><img loading=\"lazy\" decoding=\"async\" width=\"800\" height=\"532\" src=\"https:\/\/www.verlag-doppelpunkt.at\/flachgauTV\/wp-content\/uploads\/2020\/09\/2020-09-10_09-Mus-en-Im-Wei\u00dfen-R\u00f6ssl.jpg\" alt=\"\" data-id=\"3224\" data-full-url=\"https:\/\/www.verlag-doppelpunkt.at\/flachgauTV\/wp-content\/uploads\/2020\/09\/2020-09-10_09-Mus-en-Im-Wei\u00dfen-R\u00f6ssl.jpg\" data-link=\"https:\/\/www.verlag-doppelpunkt.at\/flachgauTV\/?attachment_id=3224\" class=\"wp-image-3224\" srcset=\"https:\/\/www.verlag-doppelpunkt.at\/flachgauTV\/wp-content\/uploads\/2020\/09\/2020-09-10_09-Mus-en-Im-Wei\u00dfen-R\u00f6ssl.jpg 800w, https:\/\/www.verlag-doppelpunkt.at\/flachgauTV\/wp-content\/uploads\/2020\/09\/2020-09-10_09-Mus-en-Im-Wei\u00dfen-R\u00f6ssl-300x200.jpg 300w, https:\/\/www.verlag-doppelpunkt.at\/flachgauTV\/wp-content\/uploads\/2020\/09\/2020-09-10_09-Mus-en-Im-Wei\u00dfen-R\u00f6ssl-768x511.jpg 768w, https:\/\/www.verlag-doppelpunkt.at\/flachgauTV\/wp-content\/uploads\/2020\/09\/2020-09-10_09-Mus-en-Im-Wei\u00dfen-R\u00f6ssl-730x485.jpg 730w, https:\/\/www.verlag-doppelpunkt.at\/flachgauTV\/wp-content\/uploads\/2020\/09\/2020-09-10_09-Mus-en-Im-Wei\u00dfen-R\u00f6ssl-435x289.jpg 435w\" sizes=\"(max-width: 800px) 100vw, 800px\" \/><\/figure><\/li><li class=\"blocks-gallery-item\"><figure><img loading=\"lazy\" decoding=\"async\" width=\"800\" height=\"532\" src=\"https:\/\/www.verlag-doppelpunkt.at\/flachgauTV\/wp-content\/uploads\/2020\/09\/2020-09-10_10-Mus-en-Im-Wei\u00dfen-R\u00f6ssl.jpg\" alt=\"\" data-id=\"3225\" data-full-url=\"https:\/\/www.verlag-doppelpunkt.at\/flachgauTV\/wp-content\/uploads\/2020\/09\/2020-09-10_10-Mus-en-Im-Wei\u00dfen-R\u00f6ssl.jpg\" data-link=\"https:\/\/www.verlag-doppelpunkt.at\/flachgauTV\/?attachment_id=3225\" class=\"wp-image-3225\" srcset=\"https:\/\/www.verlag-doppelpunkt.at\/flachgauTV\/wp-content\/uploads\/2020\/09\/2020-09-10_10-Mus-en-Im-Wei\u00dfen-R\u00f6ssl.jpg 800w, https:\/\/www.verlag-doppelpunkt.at\/flachgauTV\/wp-content\/uploads\/2020\/09\/2020-09-10_10-Mus-en-Im-Wei\u00dfen-R\u00f6ssl-300x200.jpg 300w, https:\/\/www.verlag-doppelpunkt.at\/flachgauTV\/wp-content\/uploads\/2020\/09\/2020-09-10_10-Mus-en-Im-Wei\u00dfen-R\u00f6ssl-768x511.jpg 768w, https:\/\/www.verlag-doppelpunkt.at\/flachgauTV\/wp-content\/uploads\/2020\/09\/2020-09-10_10-Mus-en-Im-Wei\u00dfen-R\u00f6ssl-730x485.jpg 730w, https:\/\/www.verlag-doppelpunkt.at\/flachgauTV\/wp-content\/uploads\/2020\/09\/2020-09-10_10-Mus-en-Im-Wei\u00dfen-R\u00f6ssl-435x289.jpg 435w\" sizes=\"(max-width: 800px) 100vw, 800px\" \/><figcaption class=\"blocks-gallery-item__caption\">&#8222;Im Wei\u00dfen R\u00f6ssl&#8220; Singspiel, aufgef\u00fchrt von den Mus-en; Generalprobe im K.U.L.T in Hof bei Salzburg am 10.09.2020;  \nFoto und Copyright: Moser Albert, Fotograf, 5201 Seekirchen, Weinbergstiege 1, Tel.: 0043-676-7550526 mailto:albert.moser@sbg.at  www.moser.zenfolio.com<\/figcaption><\/figure><\/li><\/ul><\/figure>\n","protected":false},"excerpt":{"rendered":"<p>\u201eIm wei\u00dfen R\u00f6ssl\u201c hei\u00dft die aktuelle Produktion des Musical-Vereins \u201eMUS-EN\u201c. Die Operette ist unter anderem auch im K.U.L.T. in Hof zu sehen. Unser Fotograf Albert Moser besuchte die Generalprobe. Mehr [&hellip;]<\/p>\n","protected":false},"author":5,"featured_media":3215,"comment_status":"open","ping_status":"open","sticky":false,"template":"","format":"standard","meta":{"jetpack_post_was_ever_published":false,"_jetpack_newsletter_access":"","_jetpack_dont_email_post_to_subs":false,"_jetpack_newsletter_tier_id":0,"_jetpack_memberships_contains_paywalled_content":false,"_jetpack_memberships_contains_paid_content":false,"footnotes":"","jetpack_publicize_message":"","jetpack_publicize_feature_enabled":true,"jetpack_social_post_already_shared":true,"jetpack_social_options":{"image_generator_settings":{"template":"highway","enabled":false}},"_links_to":"","_links_to_target":""},"categories":[15],"tags":[],"jetpack_publicize_connections":[],"jetpack_featured_media_url":"https:\/\/www.verlag-doppelpunkt.at\/flachgauTV\/wp-content\/uploads\/2020\/09\/Titelbild-2.jpg","jetpack_sharing_enabled":true,"jetpack_shortlink":"https:\/\/wp.me\/paDzeQ-PQ","_links":{"self":[{"href":"https:\/\/www.verlag-doppelpunkt.at\/flachgauTV\/wp-json\/wp\/v2\/posts\/3214"}],"collection":[{"href":"https:\/\/www.verlag-doppelpunkt.at\/flachgauTV\/wp-json\/wp\/v2\/posts"}],"about":[{"href":"https:\/\/www.verlag-doppelpunkt.at\/flachgauTV\/wp-json\/wp\/v2\/types\/post"}],"author":[{"embeddable":true,"href":"https:\/\/www.verlag-doppelpunkt.at\/flachgauTV\/wp-json\/wp\/v2\/users\/5"}],"replies":[{"embeddable":true,"href":"https:\/\/www.verlag-doppelpunkt.at\/flachgauTV\/wp-json\/wp\/v2\/comments?post=3214"}],"version-history":[{"count":4,"href":"https:\/\/www.verlag-doppelpunkt.at\/flachgauTV\/wp-json\/wp\/v2\/posts\/3214\/revisions"}],"predecessor-version":[{"id":3245,"href":"https:\/\/www.verlag-doppelpunkt.at\/flachgauTV\/wp-json\/wp\/v2\/posts\/3214\/revisions\/3245"}],"wp:featuredmedia":[{"embeddable":true,"href":"https:\/\/www.verlag-doppelpunkt.at\/flachgauTV\/wp-json\/wp\/v2\/media\/3215"}],"wp:attachment":[{"href":"https:\/\/www.verlag-doppelpunkt.at\/flachgauTV\/wp-json\/wp\/v2\/media?parent=3214"}],"wp:term":[{"taxonomy":"category","embeddable":true,"href":"https:\/\/www.verlag-doppelpunkt.at\/flachgauTV\/wp-json\/wp\/v2\/categories?post=3214"},{"taxonomy":"post_tag","embeddable":true,"href":"https:\/\/www.verlag-doppelpunkt.at\/flachgauTV\/wp-json\/wp\/v2\/tags?post=3214"}],"curies":[{"name":"wp","href":"https:\/\/api.w.org\/{rel}","templated":true}]}}