{"id":3379,"date":"2021-01-24T06:01:00","date_gmt":"2021-01-24T05:01:00","guid":{"rendered":"https:\/\/www.verlag-doppelpunkt.at\/flachgauTV\/?p=3379"},"modified":"2021-01-22T09:07:10","modified_gmt":"2021-01-22T08:07:10","slug":"henndorfer-kuenstler-stellen-im-rathaus-aus","status":"publish","type":"post","link":"https:\/\/www.verlag-doppelpunkt.at\/flachgauTV\/henndorfer-kuenstler-stellen-im-rathaus-aus\/","title":{"rendered":"Henndorfer K\u00fcnstler stellen im Rathaus aus"},"content":{"rendered":"\n<p>Was tun, wenn man eigentlich nix tun\ndarf? \u00dcberhaupt dann, wenn man zu jenen \u201eKulturverliebten\u201c \ngeh\u00f6rt, auf die man laut unserem Bundeskanzler Sebastian Kurz in\ndieser Situation kaum R\u00fccksicht nehmen kann. Man stellt sich\ntrotzdem auf die Beine und sucht nach neuen Wegen.<\/p>\n\n\n\n<p>So wie jene zw\u00f6lf K\u00fcnstlerinnen und\nK\u00fcnstler des Henndorfer Kulturkreises, die ab kommender Woche ihre\nBilder in der Stadtgalerie im Salzburger Rathaus zeigen. Unter dem\nTitel \u201eStadtansichten\u201c zeigen die K\u00fcnstler auf malerische Weise\nneue Stadtansichten und das zum Teil aus v\u00f6llig neuen Blickwinkeln.<\/p>\n\n\n\n<p>Vernissage? Gibt\u00b4s nat\u00fcrlich keine. Er\u00f6ffnet wird die Ausstellung am 3. Februar von 16 bis 19 Uhr. Die Bilder sind dann bis 26. M\u00e4rz jeden Montag bis Donnerstag von 8 bis 17 Uhr und an den Freitagen von 8 bis 13.30 Uhr zu sehen. Au\u00dferdem kann die Ausstellung auch virtuell besucht werden: www.flachgau.tv\/Kultur.<\/p>\n\n\n\n<p><a href=\"http:\/\/www.blickwinkel-salzburg.at\/\">Hier geht\u00b4s zur Ausstellung>>><\/a><\/p>\n","protected":false},"excerpt":{"rendered":"<p>Was tun, wenn man eigentlich nix tun darf? \u00dcberhaupt dann, wenn man zu jenen \u201eKulturverliebten\u201c geh\u00f6rt, auf die man laut unserem Bundeskanzler Sebastian Kurz in dieser Situation kaum R\u00fccksicht nehmen [&hellip;]<\/p>\n","protected":false},"author":5,"featured_media":3380,"comment_status":"open","ping_status":"open","sticky":false,"template":"","format":"standard","meta":{"jetpack_post_was_ever_published":false,"_jetpack_newsletter_access":"","_jetpack_dont_email_post_to_subs":false,"_jetpack_newsletter_tier_id":0,"_jetpack_memberships_contains_paywalled_content":false,"_jetpack_memberships_contains_paid_content":false,"footnotes":"","jetpack_publicize_message":"","jetpack_publicize_feature_enabled":true,"jetpack_social_post_already_shared":true,"jetpack_social_options":{"image_generator_settings":{"template":"highway","enabled":false}},"_links_to":"","_links_to_target":""},"categories":[15],"tags":[],"jetpack_publicize_connections":[],"jetpack_featured_media_url":"https:\/\/www.verlag-doppelpunkt.at\/flachgauTV\/wp-content\/uploads\/2021\/01\/Waltraud-Schmiesser.jpg","jetpack_sharing_enabled":true,"jetpack_shortlink":"https:\/\/wp.me\/paDzeQ-Sv","_links":{"self":[{"href":"https:\/\/www.verlag-doppelpunkt.at\/flachgauTV\/wp-json\/wp\/v2\/posts\/3379"}],"collection":[{"href":"https:\/\/www.verlag-doppelpunkt.at\/flachgauTV\/wp-json\/wp\/v2\/posts"}],"about":[{"href":"https:\/\/www.verlag-doppelpunkt.at\/flachgauTV\/wp-json\/wp\/v2\/types\/post"}],"author":[{"embeddable":true,"href":"https:\/\/www.verlag-doppelpunkt.at\/flachgauTV\/wp-json\/wp\/v2\/users\/5"}],"replies":[{"embeddable":true,"href":"https:\/\/www.verlag-doppelpunkt.at\/flachgauTV\/wp-json\/wp\/v2\/comments?post=3379"}],"version-history":[{"count":1,"href":"https:\/\/www.verlag-doppelpunkt.at\/flachgauTV\/wp-json\/wp\/v2\/posts\/3379\/revisions"}],"predecessor-version":[{"id":3381,"href":"https:\/\/www.verlag-doppelpunkt.at\/flachgauTV\/wp-json\/wp\/v2\/posts\/3379\/revisions\/3381"}],"wp:featuredmedia":[{"embeddable":true,"href":"https:\/\/www.verlag-doppelpunkt.at\/flachgauTV\/wp-json\/wp\/v2\/media\/3380"}],"wp:attachment":[{"href":"https:\/\/www.verlag-doppelpunkt.at\/flachgauTV\/wp-json\/wp\/v2\/media?parent=3379"}],"wp:term":[{"taxonomy":"category","embeddable":true,"href":"https:\/\/www.verlag-doppelpunkt.at\/flachgauTV\/wp-json\/wp\/v2\/categories?post=3379"},{"taxonomy":"post_tag","embeddable":true,"href":"https:\/\/www.verlag-doppelpunkt.at\/flachgauTV\/wp-json\/wp\/v2\/tags?post=3379"}],"curies":[{"name":"wp","href":"https:\/\/api.w.org\/{rel}","templated":true}]}}