{"id":3382,"date":"2021-01-23T06:00:00","date_gmt":"2021-01-23T05:00:00","guid":{"rendered":"https:\/\/www.verlag-doppelpunkt.at\/flachgauTV\/?p=3382"},"modified":"2021-01-22T09:40:30","modified_gmt":"2021-01-22T08:40:30","slug":"lengauer-laden-hat-jetzt-laenger-offen","status":"publish","type":"post","link":"https:\/\/www.verlag-doppelpunkt.at\/flachgauTV\/lengauer-laden-hat-jetzt-laenger-offen\/","title":{"rendered":"Lengauer Laden hat jetzt l\u00e4nger offen"},"content":{"rendered":"\n<p>Der Hofladen der Lebenshilfe\nOber\u00f6sterreich in Lengau reagiert auf die W\u00fcnsche seiner Kunden und\ndas Interesse der Menschen mit Beeintr\u00e4chtigung nach mehr\nBesch\u00e4ftigungsm\u00f6glichkeiten und erweitert seine \u00d6ffnungszeiten. Ab\nsofort k\u00f6nnen auch Montagnachmittag, Mittwochvormittag sowie am\nAbend l\u00e4nger regionale Schmankerl eingekauft werden. \n<\/p>\n\n\n\n<p>Dominik Reitmair r\u00e4umt die Kartoffeln\nein, Helga Kronberger schlichtet die Nudeln im Regal nach und Sandra\nLobner k\u00fcmmert sich ums Anpreisen der Produkte. Die Besch\u00e4ftigten\nder Lebenshilfe-Werkst\u00e4tte Mattighofen bereiten alles f\u00fcr den\nanstehenden Einkaufstag im Lengauer Laden vor und sind sich dabei\neinig: \u201eWir arbeiten sehr gerne hier, wir lieben die\nunterschiedlichen Aufgaben und den Kontakt mit unseren Kunden.\u201c \n<\/p>\n\n\n\n<p>Die Besonderheit des Ladens ist seine\npers\u00f6nliche Beziehung zu den Kunden. \u201eUnsere Besch\u00e4ftigten wissen\nvon allen unseren Stammkunden die Namen, helfen ihnen beim Einkaufen\nund tragen den \u00e4lteren Menschen, die in der N\u00e4he des Ladens wohnen,\ndie Eink\u00e4ufe auch gerne nach Hause\u201c, erz\u00e4hlt Theresia L\u00fcrzer,\nVerantwortliche des Ladens. \n<\/p>\n\n\n\n<p>Es werden saisonale Produkte regionaler\nDirektvermarkter verkauft. Das Sortiment ist mittlerweile auf knapp\n70 verschiedenen Lieferanten aus der Region angewachsen. \u201eWir\nrichten uns nach der Nachfrage unserer und passen unser Angebot immer\nwieder an.\u201c Es gibt das gesamte Lebensmittelsortiment. Fleisch ist\nauf Vorbestellung erh\u00e4ltlich. \n<\/p>\n\n\n\n<p>Neuen \u00d6ffnungszeiten des Lengauer Ladens Montag und Dienstag: 13 Uhr &#8211; 17.30 Uhr Mittwoch und Donnerstag: 9.30 Uhr &#8211; 12 Uhr und 13 &#8211; 17.30 Uhr  <\/p>\n\n\n\n<figure class=\"wp-block-image size-large\"><img loading=\"lazy\" decoding=\"async\" width=\"1024\" height=\"653\" src=\"https:\/\/www.verlag-doppelpunkt.at\/flachgauTV\/wp-content\/uploads\/2021\/01\/Lengauer-Laden1-1024x653.jpg\" alt=\"\" class=\"wp-image-3383\" srcset=\"https:\/\/www.verlag-doppelpunkt.at\/flachgauTV\/wp-content\/uploads\/2021\/01\/Lengauer-Laden1-1024x653.jpg 1024w, https:\/\/www.verlag-doppelpunkt.at\/flachgauTV\/wp-content\/uploads\/2021\/01\/Lengauer-Laden1-300x191.jpg 300w, https:\/\/www.verlag-doppelpunkt.at\/flachgauTV\/wp-content\/uploads\/2021\/01\/Lengauer-Laden1-768x490.jpg 768w, https:\/\/www.verlag-doppelpunkt.at\/flachgauTV\/wp-content\/uploads\/2021\/01\/Lengauer-Laden1-1536x979.jpg 1536w, https:\/\/www.verlag-doppelpunkt.at\/flachgauTV\/wp-content\/uploads\/2021\/01\/Lengauer-Laden1-730x465.jpg 730w, https:\/\/www.verlag-doppelpunkt.at\/flachgauTV\/wp-content\/uploads\/2021\/01\/Lengauer-Laden1-410x260.jpg 410w, https:\/\/www.verlag-doppelpunkt.at\/flachgauTV\/wp-content\/uploads\/2021\/01\/Lengauer-Laden1-435x277.jpg 435w, https:\/\/www.verlag-doppelpunkt.at\/flachgauTV\/wp-content\/uploads\/2021\/01\/Lengauer-Laden1.jpg 1920w\" sizes=\"(max-width: 1024px) 100vw, 1024px\" \/><figcaption>70 verschiedene Lieferanten beliefern inzwischen den Lengauer Laden, der von Klienten der Lebenshilfe Mattighofen gef\u00fchrt wird.<\/figcaption><\/figure>\n","protected":false},"excerpt":{"rendered":"<p>Der Hofladen der Lebenshilfe Ober\u00f6sterreich in Lengau reagiert auf die W\u00fcnsche seiner Kunden und das Interesse der Menschen mit Beeintr\u00e4chtigung nach mehr Besch\u00e4ftigungsm\u00f6glichkeiten und erweitert seine \u00d6ffnungszeiten. Ab sofort k\u00f6nnen [&hellip;]<\/p>\n","protected":false},"author":5,"featured_media":3384,"comment_status":"open","ping_status":"open","sticky":false,"template":"","format":"standard","meta":{"jetpack_post_was_ever_published":false,"_jetpack_newsletter_access":"","_jetpack_dont_email_post_to_subs":false,"_jetpack_newsletter_tier_id":0,"_jetpack_memberships_contains_paywalled_content":false,"_jetpack_memberships_contains_paid_content":false,"footnotes":"","jetpack_publicize_message":"","jetpack_publicize_feature_enabled":true,"jetpack_social_post_already_shared":true,"jetpack_social_options":{"image_generator_settings":{"template":"highway","enabled":false}},"_links_to":"","_links_to_target":""},"categories":[1],"tags":[],"jetpack_publicize_connections":[],"jetpack_featured_media_url":"https:\/\/www.verlag-doppelpunkt.at\/flachgauTV\/wp-content\/uploads\/2021\/01\/Lengauer-Laden.jpg","jetpack_sharing_enabled":true,"jetpack_shortlink":"https:\/\/wp.me\/paDzeQ-Sy","_links":{"self":[{"href":"https:\/\/www.verlag-doppelpunkt.at\/flachgauTV\/wp-json\/wp\/v2\/posts\/3382"}],"collection":[{"href":"https:\/\/www.verlag-doppelpunkt.at\/flachgauTV\/wp-json\/wp\/v2\/posts"}],"about":[{"href":"https:\/\/www.verlag-doppelpunkt.at\/flachgauTV\/wp-json\/wp\/v2\/types\/post"}],"author":[{"embeddable":true,"href":"https:\/\/www.verlag-doppelpunkt.at\/flachgauTV\/wp-json\/wp\/v2\/users\/5"}],"replies":[{"embeddable":true,"href":"https:\/\/www.verlag-doppelpunkt.at\/flachgauTV\/wp-json\/wp\/v2\/comments?post=3382"}],"version-history":[{"count":1,"href":"https:\/\/www.verlag-doppelpunkt.at\/flachgauTV\/wp-json\/wp\/v2\/posts\/3382\/revisions"}],"predecessor-version":[{"id":3385,"href":"https:\/\/www.verlag-doppelpunkt.at\/flachgauTV\/wp-json\/wp\/v2\/posts\/3382\/revisions\/3385"}],"wp:featuredmedia":[{"embeddable":true,"href":"https:\/\/www.verlag-doppelpunkt.at\/flachgauTV\/wp-json\/wp\/v2\/media\/3384"}],"wp:attachment":[{"href":"https:\/\/www.verlag-doppelpunkt.at\/flachgauTV\/wp-json\/wp\/v2\/media?parent=3382"}],"wp:term":[{"taxonomy":"category","embeddable":true,"href":"https:\/\/www.verlag-doppelpunkt.at\/flachgauTV\/wp-json\/wp\/v2\/categories?post=3382"},{"taxonomy":"post_tag","embeddable":true,"href":"https:\/\/www.verlag-doppelpunkt.at\/flachgauTV\/wp-json\/wp\/v2\/tags?post=3382"}],"curies":[{"name":"wp","href":"https:\/\/api.w.org\/{rel}","templated":true}]}}