{"id":3430,"date":"2021-02-12T10:42:59","date_gmt":"2021-02-12T09:42:59","guid":{"rendered":"https:\/\/www.verlag-doppelpunkt.at\/flachgauTV\/?p=3430"},"modified":"2021-02-15T09:39:26","modified_gmt":"2021-02-15T08:39:26","slug":"keine-deponie-vor-unserer-haustuere","status":"publish","type":"post","link":"https:\/\/www.verlag-doppelpunkt.at\/flachgauTV\/keine-deponie-vor-unserer-haustuere\/","title":{"rendered":"Keine Deponie vor unserer Haust\u00fcre"},"content":{"rendered":"\n<p>Irgendwie ist das Ganze schon ziemlich\nparadox. Auf der einen Seite werden die \u00d6sterreichischen\nBundesbahnen nicht m\u00fcde daf\u00fcr zu werben, dass der Schwerverkehr weg\nvon der Stra\u00dfe auf die Schienen geh\u00f6rt. Auf der anderen Seite\nscheint das f\u00fcr eigene Projekte nicht zu gelten. Denn bei der\ngeplanten Gro\u00dfbaustelle der Hochleistungsbahn durch den Flachgau ist\nnicht daran gedacht, den Schwertransport auf die Schiene zu verlegen.\nDa sch\u00fcttet man lieber den Anrainern eine Deponie vor die Haust\u00fcre\nund gef\u00e4hrdet damit auch das Naturschutzgebiet Wenger Moor.<\/p>\n\n\n\n<p>Aber der Reihe nach: Abtransport und\nLagerung des Tunnel-Aushubmaterial sind schon seit l\u00e4ngerer Zeit\neine schier unendlich Geschichte. Letzter Plan, der sich gerade der\nUmweltvertr\u00e4glichkeitspr\u00fcfung unterziehen muss, ist die Errichtung\neiner riesigen Deponie f\u00fcr das Aushubmaterial im Ortsteil Karlsreit\nzwischen T\u00f6dleinsdorf und Helming. Um bis zu 5 Millionen Tonnen\nMaterial zu lagern, werden 40 Hektar ben\u00f6tigt. Au\u00dferdem ist dazu\ndie Errichtungen eines Dammes notwendig, der auf einer L\u00e4nge von\neinem Kilometer bis zu 24 Meter hoch sein soll und in letzter\nKonsequenz aus dem jetzigen H\u00fcgel ein riesiges Plateau machen wird.\nAn Spitzentagen k\u00e4me es dadurch bis zu 800 Lastwagenfahrten.<\/p>\n\n\n\n<p>F\u00fcr die Gemeinde K\u00f6stendorf und den\nB\u00fcrgerinitiativen ist dieses Szenario schlichtweg unvorstellbar.\n\u201eWir m\u00fcssen uns jetzt gemeinsam auf die Beine stellen. Und das\n\u00fcber Grenzen hinweg, denn auch unsere Nachbargemeinden w\u00e4ren von\ndieser Gro\u00dfbaustelle und dem damit verbundenen LKW-Verkehr massiv\nbetroffen\u201c, sagt K\u00f6stendorfs B\u00fcrgermeister Wolfgang Wagner, der\nWiderstand ank\u00fcndigt, sobald es ein Ergebnis der\nUmweltvertr\u00e4glichkeitspr\u00fcfung geben wird: \u201eErst dann haben wir\nals B\u00fcrgerinitiative Parteienstellung.\u201c<\/p>\n\n\n\n<p>In unmittelbarer N\u00e4he der jetzt geplanten Deponie sind auch das Naturschutzgebiet Wenger Moor und der Wallersee. Wie sich auf diese sensiblen Gebiete so eine riesige Deponie auswirkt ist noch gar nicht gekl\u00e4rt. \u201eAuf jeden Fall haben wir massive Bedenken, dass hier auch an der Natur schwere Sch\u00e4den angerichtet werden\u201c, sagt B\u00fcrgermeister Wagner,<\/p>\n\n\n\n<p>Und was w\u00e4re die Alternative? F\u00fcr die\nB\u00fcrgerinitiativen und die Gemeinde K\u00f6stendorf liegt die klar auf\nder Hand: Abtransport des Aushubmaterial \u00fcber die Schiene und eine\ngefahrlose Entsorgung in gr\u00f6\u00dferer Entfernung.<\/p>\n\n\n\n<p>Eines der Argument der Bahn dagegen: Beim t\u00e4glichen Verkehr von 400 Z\u00fcgen auf der Westbahnstrecke ist es kaum m\u00f6glich, Zeitfenster f\u00fcr bis zu sechs Z\u00fcge f\u00fcr den Abtransport des Aushubmaterials zu finden.<\/p>\n\n\n\n<div class=\"wp-block-image\"><figure class=\"alignleft size-large\"><img loading=\"lazy\" decoding=\"async\" width=\"1024\" height=\"683\" src=\"https:\/\/www.verlag-doppelpunkt.at\/flachgauTV\/wp-content\/uploads\/2021\/02\/K\u00f6stendorf2-1024x683.jpg\" alt=\"\" class=\"wp-image-3433\" srcset=\"https:\/\/www.verlag-doppelpunkt.at\/flachgauTV\/wp-content\/uploads\/2021\/02\/K\u00f6stendorf2-1024x683.jpg 1024w, https:\/\/www.verlag-doppelpunkt.at\/flachgauTV\/wp-content\/uploads\/2021\/02\/K\u00f6stendorf2-300x200.jpg 300w, https:\/\/www.verlag-doppelpunkt.at\/flachgauTV\/wp-content\/uploads\/2021\/02\/K\u00f6stendorf2-768x512.jpg 768w, https:\/\/www.verlag-doppelpunkt.at\/flachgauTV\/wp-content\/uploads\/2021\/02\/K\u00f6stendorf2-1536x1024.jpg 1536w, https:\/\/www.verlag-doppelpunkt.at\/flachgauTV\/wp-content\/uploads\/2021\/02\/K\u00f6stendorf2-730x487.jpg 730w, https:\/\/www.verlag-doppelpunkt.at\/flachgauTV\/wp-content\/uploads\/2021\/02\/K\u00f6stendorf2-435x290.jpg 435w, https:\/\/www.verlag-doppelpunkt.at\/flachgauTV\/wp-content\/uploads\/2021\/02\/K\u00f6stendorf2.jpg 1920w\" sizes=\"(max-width: 1024px) 100vw, 1024px\" \/><figcaption>Dieser Bereich w\u00e4re von der 40 Hektar gro\u00dfen Deponie betroffen.<\/figcaption><\/figure><\/div>\n\n\n\n<div class=\"wp-block-image\"><figure class=\"alignleft size-large\"><img loading=\"lazy\" decoding=\"async\" width=\"1024\" height=\"678\" src=\"https:\/\/www.verlag-doppelpunkt.at\/flachgauTV\/wp-content\/uploads\/2021\/02\/Pr\u00e4sentation-Dammsch\u00fcttung-7-1024x678.jpg\" alt=\"\" class=\"wp-image-3435\" srcset=\"https:\/\/www.verlag-doppelpunkt.at\/flachgauTV\/wp-content\/uploads\/2021\/02\/Pr\u00e4sentation-Dammsch\u00fcttung-7-1024x678.jpg 1024w, https:\/\/www.verlag-doppelpunkt.at\/flachgauTV\/wp-content\/uploads\/2021\/02\/Pr\u00e4sentation-Dammsch\u00fcttung-7-300x199.jpg 300w, https:\/\/www.verlag-doppelpunkt.at\/flachgauTV\/wp-content\/uploads\/2021\/02\/Pr\u00e4sentation-Dammsch\u00fcttung-7-768x509.jpg 768w, https:\/\/www.verlag-doppelpunkt.at\/flachgauTV\/wp-content\/uploads\/2021\/02\/Pr\u00e4sentation-Dammsch\u00fcttung-7-1536x1018.jpg 1536w, https:\/\/www.verlag-doppelpunkt.at\/flachgauTV\/wp-content\/uploads\/2021\/02\/Pr\u00e4sentation-Dammsch\u00fcttung-7-730x484.jpg 730w, https:\/\/www.verlag-doppelpunkt.at\/flachgauTV\/wp-content\/uploads\/2021\/02\/Pr\u00e4sentation-Dammsch\u00fcttung-7-435x288.jpg 435w, https:\/\/www.verlag-doppelpunkt.at\/flachgauTV\/wp-content\/uploads\/2021\/02\/Pr\u00e4sentation-Dammsch\u00fcttung-7.jpg 1920w\" sizes=\"(max-width: 1024px) 100vw, 1024px\" \/><figcaption>Die Landesstra\u00dfe jetzt, im Bereich von Helming. <\/figcaption><\/figure><\/div>\n\n\n\n<div class=\"wp-block-image\"><figure class=\"alignleft size-large\"><img loading=\"lazy\" decoding=\"async\" width=\"1024\" height=\"678\" src=\"https:\/\/www.verlag-doppelpunkt.at\/flachgauTV\/wp-content\/uploads\/2021\/02\/Montage-K\u00f6stendorf-1024x678.jpg\" alt=\"\" class=\"wp-image-3434\" srcset=\"https:\/\/www.verlag-doppelpunkt.at\/flachgauTV\/wp-content\/uploads\/2021\/02\/Montage-K\u00f6stendorf-1024x678.jpg 1024w, https:\/\/www.verlag-doppelpunkt.at\/flachgauTV\/wp-content\/uploads\/2021\/02\/Montage-K\u00f6stendorf-300x199.jpg 300w, https:\/\/www.verlag-doppelpunkt.at\/flachgauTV\/wp-content\/uploads\/2021\/02\/Montage-K\u00f6stendorf-768x509.jpg 768w, https:\/\/www.verlag-doppelpunkt.at\/flachgauTV\/wp-content\/uploads\/2021\/02\/Montage-K\u00f6stendorf-1536x1018.jpg 1536w, https:\/\/www.verlag-doppelpunkt.at\/flachgauTV\/wp-content\/uploads\/2021\/02\/Montage-K\u00f6stendorf-730x484.jpg 730w, https:\/\/www.verlag-doppelpunkt.at\/flachgauTV\/wp-content\/uploads\/2021\/02\/Montage-K\u00f6stendorf-435x288.jpg 435w, https:\/\/www.verlag-doppelpunkt.at\/flachgauTV\/wp-content\/uploads\/2021\/02\/Montage-K\u00f6stendorf.jpg 1920w\" sizes=\"(max-width: 1024px) 100vw, 1024px\" \/><figcaption>Entlang der Landesstra\u00dfe soll der 24 Meter hohe Damm errichtet werden. Die Stra\u00dfe w\u00fcrde dazu auch n\u00e4her an den Wallersee verlegt.<\/figcaption><\/figure><\/div>\n\n\n\n<div class=\"wp-block-image\"><figure class=\"alignleft size-large\"><img loading=\"lazy\" decoding=\"async\" width=\"854\" height=\"1024\" src=\"https:\/\/www.verlag-doppelpunkt.at\/flachgauTV\/wp-content\/uploads\/2021\/02\/K\u00f6stendorf1-854x1024.jpg\" alt=\"\" class=\"wp-image-3432\" srcset=\"https:\/\/www.verlag-doppelpunkt.at\/flachgauTV\/wp-content\/uploads\/2021\/02\/K\u00f6stendorf1-854x1024.jpg 854w, https:\/\/www.verlag-doppelpunkt.at\/flachgauTV\/wp-content\/uploads\/2021\/02\/K\u00f6stendorf1-250x300.jpg 250w, https:\/\/www.verlag-doppelpunkt.at\/flachgauTV\/wp-content\/uploads\/2021\/02\/K\u00f6stendorf1-768x920.jpg 768w, https:\/\/www.verlag-doppelpunkt.at\/flachgauTV\/wp-content\/uploads\/2021\/02\/K\u00f6stendorf1-1282x1536.jpg 1282w, https:\/\/www.verlag-doppelpunkt.at\/flachgauTV\/wp-content\/uploads\/2021\/02\/K\u00f6stendorf1-1709x2048.jpg 1709w, https:\/\/www.verlag-doppelpunkt.at\/flachgauTV\/wp-content\/uploads\/2021\/02\/K\u00f6stendorf1-730x875.jpg 730w, https:\/\/www.verlag-doppelpunkt.at\/flachgauTV\/wp-content\/uploads\/2021\/02\/K\u00f6stendorf1-435x521.jpg 435w, https:\/\/www.verlag-doppelpunkt.at\/flachgauTV\/wp-content\/uploads\/2021\/02\/K\u00f6stendorf1.jpg 1920w\" sizes=\"(max-width: 854px) 100vw, 854px\" \/><figcaption>\u201eFahrplan\u201d f\u00fcr den Baustellen-Schwerverkehr von und zur Westautobahn. Klar erkennbar: Auch Seekirchen und Eugendorf w\u00e4ren davon massiv betroffen.<\/figcaption><\/figure><\/div>\n","protected":false},"excerpt":{"rendered":"<p>Irgendwie ist das Ganze schon ziemlich paradox. Auf der einen Seite werden die \u00d6sterreichischen Bundesbahnen nicht m\u00fcde daf\u00fcr zu werben, dass der Schwerverkehr weg von der Stra\u00dfe auf die Schienen [&hellip;]<\/p>\n","protected":false},"author":5,"featured_media":3431,"comment_status":"open","ping_status":"open","sticky":false,"template":"","format":"standard","meta":{"jetpack_post_was_ever_published":false,"_jetpack_newsletter_access":"","_jetpack_dont_email_post_to_subs":false,"_jetpack_newsletter_tier_id":0,"_jetpack_memberships_contains_paywalled_content":false,"_jetpack_memberships_contains_paid_content":false,"footnotes":"","jetpack_publicize_message":"","jetpack_publicize_feature_enabled":true,"jetpack_social_post_already_shared":true,"jetpack_social_options":{"image_generator_settings":{"template":"highway","enabled":false}},"_links_to":"","_links_to_target":""},"categories":[1],"tags":[],"jetpack_publicize_connections":[],"jetpack_featured_media_url":"https:\/\/www.verlag-doppelpunkt.at\/flachgauTV\/wp-content\/uploads\/2021\/02\/K\u00f6stendorf.jpg","jetpack_sharing_enabled":true,"jetpack_shortlink":"https:\/\/wp.me\/paDzeQ-Tk","_links":{"self":[{"href":"https:\/\/www.verlag-doppelpunkt.at\/flachgauTV\/wp-json\/wp\/v2\/posts\/3430"}],"collection":[{"href":"https:\/\/www.verlag-doppelpunkt.at\/flachgauTV\/wp-json\/wp\/v2\/posts"}],"about":[{"href":"https:\/\/www.verlag-doppelpunkt.at\/flachgauTV\/wp-json\/wp\/v2\/types\/post"}],"author":[{"embeddable":true,"href":"https:\/\/www.verlag-doppelpunkt.at\/flachgauTV\/wp-json\/wp\/v2\/users\/5"}],"replies":[{"embeddable":true,"href":"https:\/\/www.verlag-doppelpunkt.at\/flachgauTV\/wp-json\/wp\/v2\/comments?post=3430"}],"version-history":[{"count":2,"href":"https:\/\/www.verlag-doppelpunkt.at\/flachgauTV\/wp-json\/wp\/v2\/posts\/3430\/revisions"}],"predecessor-version":[{"id":3437,"href":"https:\/\/www.verlag-doppelpunkt.at\/flachgauTV\/wp-json\/wp\/v2\/posts\/3430\/revisions\/3437"}],"wp:featuredmedia":[{"embeddable":true,"href":"https:\/\/www.verlag-doppelpunkt.at\/flachgauTV\/wp-json\/wp\/v2\/media\/3431"}],"wp:attachment":[{"href":"https:\/\/www.verlag-doppelpunkt.at\/flachgauTV\/wp-json\/wp\/v2\/media?parent=3430"}],"wp:term":[{"taxonomy":"category","embeddable":true,"href":"https:\/\/www.verlag-doppelpunkt.at\/flachgauTV\/wp-json\/wp\/v2\/categories?post=3430"},{"taxonomy":"post_tag","embeddable":true,"href":"https:\/\/www.verlag-doppelpunkt.at\/flachgauTV\/wp-json\/wp\/v2\/tags?post=3430"}],"curies":[{"name":"wp","href":"https:\/\/api.w.org\/{rel}","templated":true}]}}