{"id":3441,"date":"2021-02-18T12:06:00","date_gmt":"2021-02-18T11:06:00","guid":{"rendered":"https:\/\/www.verlag-doppelpunkt.at\/flachgauTV\/?p=3441"},"modified":"2021-02-18T12:37:56","modified_gmt":"2021-02-18T11:37:56","slug":"doppelpunkt-nachrichten-vom-18-februar-2021","status":"publish","type":"post","link":"https:\/\/www.verlag-doppelpunkt.at\/flachgauTV\/doppelpunkt-nachrichten-vom-18-februar-2021\/","title":{"rendered":"DOPPELPUNKT-Nachrichten vom 18. Februar 2021"},"content":{"rendered":"<video id=\"my-video\" class=\"video-js vjs-big-play-centered\" poster=\"..\/wp-content\/uploads\/2021\/02\/Doppelpunkt18.2.2021.jpg\" preload=\"auto\" controls=\"controls\" data-setup=\"{}\" width=\"100%\" height=\"150\"><source src=\"..\/wp-content\/uploads\/2021\/02\/Doppelpunkt18.2.2021.mp4\" type=\"video\/mp4\"><source src=\"..\/wp-content\/uploads\/2021\/02\/Doppelpunkt18.2.2021.webm\" type=\"video\/webm\"><\/video> <script src=\"https:\/\/vjs.zencdn.net\/6.9.0\/video.js\"><\/script>\nK\u00d6STENDORF: 200. Geburtstag des Malers Joseph M\u00f6sl + + + HOF: Vizeb\u00fcrgermeisterin Daniela Rosenegger neue Landtagsabgeordnete + + + THALGAU: Bernhard Ighauser pr\u00e4sentiert Konzertprogramm und Sagenbuch + + + MONDSEE: FUMO baut ein soziales Netzwerk auf + + + NEUMARKT: Hohe Auszeichnung mit vier \u201ee\u201d f\u00fcr die Stadtgemeinde + + + NEUMARKT: Klimawissenschaft im HAK-Klassenzimmer\n\n<!-- \/wp:preformatted -->\n\n<!-- wp:image {\"id\":1713,\"sizeSlug\":\"large\"} -->\n<figure class=\"wp-block-image size-large\"><img loading=\"lazy\" decoding=\"async\" width=\"400\" height=\"225\" src=\"https:\/\/www.verlag-doppelpunkt.at\/flachgauTV\/wp-content\/uploads\/2019\/03\/KW-Bau-klein-1.jpg\" alt=\"\" class=\"wp-image-1713\" srcset=\"https:\/\/www.verlag-doppelpunkt.at\/flachgauTV\/wp-content\/uploads\/2019\/03\/KW-Bau-klein-1.jpg 400w, https:\/\/www.verlag-doppelpunkt.at\/flachgauTV\/wp-content\/uploads\/2019\/03\/KW-Bau-klein-1-300x169.jpg 300w\" sizes=\"(max-width: 400px) 100vw, 400px\" \/><\/figure>\n<!-- \/wp:image -->","protected":false},"excerpt":{"rendered":"<p>K\u00d6STENDORF: 200. Geburtstag des Malers Joseph M\u00f6sl + + + HOF: Vizeb\u00fcrgermeisterin Daniela Rosenegger neue Landtagsabgeordnete + + + THALGAU: Bernhard Ighauser pr\u00e4sentiert Konzertprogramm und Sagenbuch + + + MONDSEE: [&hellip;]<\/p>\n","protected":false},"author":5,"featured_media":3442,"comment_status":"open","ping_status":"open","sticky":false,"template":"","format":"video","meta":{"jetpack_post_was_ever_published":false,"_jetpack_newsletter_access":"","_jetpack_dont_email_post_to_subs":false,"_jetpack_newsletter_tier_id":0,"_jetpack_memberships_contains_paywalled_content":false,"_jetpack_memberships_contains_paid_content":false,"footnotes":"","jetpack_publicize_message":"","jetpack_publicize_feature_enabled":true,"jetpack_social_post_already_shared":true,"jetpack_social_options":{"image_generator_settings":{"template":"highway","enabled":false}},"_links_to":"","_links_to_target":""},"categories":[5],"tags":[],"jetpack_publicize_connections":[],"jetpack_featured_media_url":"https:\/\/www.verlag-doppelpunkt.at\/flachgauTV\/wp-content\/uploads\/2021\/02\/Doppelpunkt18.2.2021.jpg","jetpack_sharing_enabled":true,"jetpack_shortlink":"https:\/\/wp.me\/paDzeQ-Tv","_links":{"self":[{"href":"https:\/\/www.verlag-doppelpunkt.at\/flachgauTV\/wp-json\/wp\/v2\/posts\/3441"}],"collection":[{"href":"https:\/\/www.verlag-doppelpunkt.at\/flachgauTV\/wp-json\/wp\/v2\/posts"}],"about":[{"href":"https:\/\/www.verlag-doppelpunkt.at\/flachgauTV\/wp-json\/wp\/v2\/types\/post"}],"author":[{"embeddable":true,"href":"https:\/\/www.verlag-doppelpunkt.at\/flachgauTV\/wp-json\/wp\/v2\/users\/5"}],"replies":[{"embeddable":true,"href":"https:\/\/www.verlag-doppelpunkt.at\/flachgauTV\/wp-json\/wp\/v2\/comments?post=3441"}],"version-history":[{"count":5,"href":"https:\/\/www.verlag-doppelpunkt.at\/flachgauTV\/wp-json\/wp\/v2\/posts\/3441\/revisions"}],"predecessor-version":[{"id":3452,"href":"https:\/\/www.verlag-doppelpunkt.at\/flachgauTV\/wp-json\/wp\/v2\/posts\/3441\/revisions\/3452"}],"wp:featuredmedia":[{"embeddable":true,"href":"https:\/\/www.verlag-doppelpunkt.at\/flachgauTV\/wp-json\/wp\/v2\/media\/3442"}],"wp:attachment":[{"href":"https:\/\/www.verlag-doppelpunkt.at\/flachgauTV\/wp-json\/wp\/v2\/media?parent=3441"}],"wp:term":[{"taxonomy":"category","embeddable":true,"href":"https:\/\/www.verlag-doppelpunkt.at\/flachgauTV\/wp-json\/wp\/v2\/categories?post=3441"},{"taxonomy":"post_tag","embeddable":true,"href":"https:\/\/www.verlag-doppelpunkt.at\/flachgauTV\/wp-json\/wp\/v2\/tags?post=3441"}],"curies":[{"name":"wp","href":"https:\/\/api.w.org\/{rel}","templated":true}]}}