{"id":3445,"date":"2021-02-18T09:31:37","date_gmt":"2021-02-18T08:31:37","guid":{"rendered":"https:\/\/www.verlag-doppelpunkt.at\/flachgauTV\/?p=3445"},"modified":"2021-02-18T09:31:40","modified_gmt":"2021-02-18T08:31:40","slug":"vier-e-fuer-die-gemeinde-neumarkt","status":"publish","type":"post","link":"https:\/\/www.verlag-doppelpunkt.at\/flachgauTV\/vier-e-fuer-die-gemeinde-neumarkt\/","title":{"rendered":"Vier \u201ee\u201c f\u00fcr die Gemeinde Neumarkt"},"content":{"rendered":"<p>Wichtige Auszeichnung f\u00fcr Neumarkt f\u00fcr erfolgreiche Ma\u00dfnahmen im Umweltschutz: Das Land Salzburg w\u00fcrdigte die zahlreichen Projekte der Flachgauer Stadtgemeinde im Rahmen des sogenannten \u201ee5-Programms\u201c mit insgesamt vier \u201ee\u201c. Dabei werden unter Einbindung der Bev\u00f6lkerung die Themen Energiesparen, regionale W\u00e4rme und Klimaschutz betont. Neumarkt stach in den vergangenen Jahren beispielsweise durch den klimaneutralen Neubau der Krabbelstube Sighartstein, den Ausbau des Radwegenetzes oder die Revitalisierung des Sighartsteiner Weihers hervor. Aktuell wird die \u201eKinderstadt Neumarkt\u201c im \u201eklimaaktiv Gold Standard\u201c errichtet, im st\u00e4dtischen Bauhof soll noch heuer eine neue Pelletsheizanlage die alte \u00d6lheizung ersetzen.<br \/>\n\u201eWir haben uns selbst hohe Qualit\u00e4tskriterien bei Gemeindegeb\u00e4uden auferlegt. Als generelle Vorgabe gilt, dass bei Neubauten der klimaaktiv-Geb\u00e4udestandard einzuhalten ist\u201d, betont B\u00fcrgermeister Adi Rieger. \u201eWeitere Themen, die dem Team um die e5-Beauftragte Julia Wanghofer und Bauamtsleiter Andreas Burger wichtig sind: Eine naturnahe Bepflanzung \u00f6ffentlicher Gr\u00fcnfl\u00e4chen, mehr Naturbezug bei der Kinderbetreuung, stetige Umr\u00fcstung auf LED-Stra\u00dfenbeleuchtung und ein umfassendes Ausbauprogramm f\u00fcr den \u00f6ffentlichen Verkehr.\u201d<br \/>\nKlimaaktiver Neubau der Kinderstadt im \u201eGoldstandard\u201c<br \/>\nErstmals wurde die besondere Bauqualit\u00e4t im klimaaktiv-Standard beim Neubau der Krabbelstube in Stadtteil Sighartstein realisiert. Das Energiekonzept umfasst eine klimaneutrale W\u00e4rmeversorgung \u00fcber eine Luftw\u00e4rmepumpe sowie Strom aus der Photovoltaik-Anlage am begr\u00fcntem Flachdach. Der Baustoff Holz f\u00fchrt zu einer angenehmen Atmosph\u00e4re im Inneren, gew\u00fcrdigt mit einem Anerkennungspreis der Holzwirtschaft. Der nun anstehende Neubau der Kinderbetreuung im Stadtzentrum &#8211; die \u201cKinderstadt Neumarkt\u201d &#8211; wird ebenfalls nach klimaaktiv-Kriterien geplant, angestrebt wird der Goldstandard.<br \/>\nRadwegenetz geschlossen, E-Auto angeschafft, \u00f6ffentlichen Verkehr gef\u00f6rdert<br \/>\n\u201eZudem haben wir uns in den vergangenen beiden Jahren intensiv beim Ausbau des Flachgauer Verkehrsknotens eingebracht \u2013 inklusive dem Bau von modernen Park+Ride-Anlagen, dem Bau eines Busterminals mit sechs Haltestellen am Bahnhof sowie dem Ausbau des Radwegenetzes rund um den Bahnhof\u201d, so B\u00fcrgermeister Rieger. \u201eEbenso stolz sind wir auf Errichtung von neuen Buswarteh\u00e4uschen im Schulzentrum und an der Linie 133 zur Attraktivierung des \u00f6ffentlichen Verkehrs, den L\u00fcckenschluss des Radweges zwischen Neumarkt und Steindorf, die Anschaffung eines E-Autos beim Reinhalteverband sowie den dortigen Ausbau der PV-Anlage.\u201d F\u00fcr die Vielzahl der umgesetzten Ma\u00dfnahmen erreichte die Stadt Neumarkt im e5-Audit des Landes erneut die hochwertige Auszeichnung mit \u201e4e\u201c.<br \/>\nIm Bild oben freuen sich Bauamtsleiter Andreas Burger, B\u00fcrgermeister Adi Rieger und e5-Beauftragte Julia Wanghofer \u00fcber die Auszeichnung des Landes Salzburg f\u00fcr die vielen Umweltschutzma\u00dfnahmen in Neumarkt.<\/p>\n","protected":false},"excerpt":{"rendered":"<p>Wichtige Auszeichnung f\u00fcr Neumarkt f\u00fcr erfolgreiche Ma\u00dfnahmen im Umweltschutz: Das Land Salzburg w\u00fcrdigte die zahlreichen Projekte der Flachgauer Stadtgemeinde im Rahmen des sogenannten \u201ee5-Programms\u201c mit insgesamt vier \u201ee\u201c. Dabei werden [&hellip;]<\/p>\n","protected":false},"author":5,"featured_media":3446,"comment_status":"open","ping_status":"open","sticky":false,"template":"","format":"standard","meta":{"jetpack_post_was_ever_published":false,"_jetpack_newsletter_access":"","_jetpack_dont_email_post_to_subs":false,"_jetpack_newsletter_tier_id":0,"_jetpack_memberships_contains_paywalled_content":false,"_jetpack_memberships_contains_paid_content":false,"footnotes":"","jetpack_publicize_message":"","jetpack_publicize_feature_enabled":true,"jetpack_social_post_already_shared":true,"jetpack_social_options":{"image_generator_settings":{"template":"highway","enabled":false}},"_links_to":"","_links_to_target":""},"categories":[1],"tags":[],"jetpack_publicize_connections":[],"jetpack_featured_media_url":"https:\/\/www.verlag-doppelpunkt.at\/flachgauTV\/wp-content\/uploads\/2021\/02\/4e.jpg","jetpack_sharing_enabled":true,"jetpack_shortlink":"https:\/\/wp.me\/paDzeQ-Tz","_links":{"self":[{"href":"https:\/\/www.verlag-doppelpunkt.at\/flachgauTV\/wp-json\/wp\/v2\/posts\/3445"}],"collection":[{"href":"https:\/\/www.verlag-doppelpunkt.at\/flachgauTV\/wp-json\/wp\/v2\/posts"}],"about":[{"href":"https:\/\/www.verlag-doppelpunkt.at\/flachgauTV\/wp-json\/wp\/v2\/types\/post"}],"author":[{"embeddable":true,"href":"https:\/\/www.verlag-doppelpunkt.at\/flachgauTV\/wp-json\/wp\/v2\/users\/5"}],"replies":[{"embeddable":true,"href":"https:\/\/www.verlag-doppelpunkt.at\/flachgauTV\/wp-json\/wp\/v2\/comments?post=3445"}],"version-history":[{"count":1,"href":"https:\/\/www.verlag-doppelpunkt.at\/flachgauTV\/wp-json\/wp\/v2\/posts\/3445\/revisions"}],"predecessor-version":[{"id":3447,"href":"https:\/\/www.verlag-doppelpunkt.at\/flachgauTV\/wp-json\/wp\/v2\/posts\/3445\/revisions\/3447"}],"wp:featuredmedia":[{"embeddable":true,"href":"https:\/\/www.verlag-doppelpunkt.at\/flachgauTV\/wp-json\/wp\/v2\/media\/3446"}],"wp:attachment":[{"href":"https:\/\/www.verlag-doppelpunkt.at\/flachgauTV\/wp-json\/wp\/v2\/media?parent=3445"}],"wp:term":[{"taxonomy":"category","embeddable":true,"href":"https:\/\/www.verlag-doppelpunkt.at\/flachgauTV\/wp-json\/wp\/v2\/categories?post=3445"},{"taxonomy":"post_tag","embeddable":true,"href":"https:\/\/www.verlag-doppelpunkt.at\/flachgauTV\/wp-json\/wp\/v2\/tags?post=3445"}],"curies":[{"name":"wp","href":"https:\/\/api.w.org\/{rel}","templated":true}]}}