{"id":3576,"date":"2021-06-29T06:00:00","date_gmt":"2021-06-29T04:00:00","guid":{"rendered":"https:\/\/www.verlag-doppelpunkt.at\/flachgauTV\/?p=3576"},"modified":"2021-06-29T08:06:43","modified_gmt":"2021-06-29T06:06:43","slug":"lena-raidel-hebt-oesterreichischen-rekord","status":"publish","type":"post","link":"https:\/\/www.verlag-doppelpunkt.at\/flachgauTV\/lena-raidel-hebt-oesterreichischen-rekord\/","title":{"rendered":"Lena Raidel hebt \u00f6sterreichische Rekorde"},"content":{"rendered":"\n<p>Bravo Lena Raidel. Die Lochener Gewichtheberin startete mit dem \u00f6sterreichischen Nachwuchs Team war beim European Union Cup in Malta und kehrte mit drei \u00f6sterreichischen Rekord in der Klasse U 17 (Kategorie bis 64 Kilo) heim. Im letzten Versuch schaffte Lena im Sto\u00dfen 89 Kilogramm und verbesserte sich damit in der Gesamtwertung mit 260,62 Punkten auf den hervorragenden f\u00fcnften Rang.  Im Zweikampf stellte sie mit 157 kg und 159 kg zwei weitere  \u00d6sterreichische U17 Rekorde auf. <\/p>\n\n\n\n<p>Dabei begann der Wettkampf f\u00fcr die 16-J\u00e4hrige zun\u00e4chst gar nicht nach Wunsch: Im Reissen scheitere sie zweimal an 73 Kilogramm.<\/p>\n","protected":false},"excerpt":{"rendered":"<p>Bravo Lena Raidel. Die Lochener Gewichtheberin startete mit dem \u00f6sterreichischen Nachwuchs Team war beim European Union Cup in Malta und kehrte mit drei \u00f6sterreichischen Rekord in der Klasse U 17 [&hellip;]<\/p>\n","protected":false},"author":5,"featured_media":3577,"comment_status":"open","ping_status":"open","sticky":false,"template":"","format":"standard","meta":{"jetpack_post_was_ever_published":false,"_jetpack_newsletter_access":"","_jetpack_dont_email_post_to_subs":false,"_jetpack_newsletter_tier_id":0,"_jetpack_memberships_contains_paywalled_content":false,"_jetpack_memberships_contains_paid_content":false,"footnotes":"","jetpack_publicize_message":"","jetpack_publicize_feature_enabled":true,"jetpack_social_post_already_shared":true,"jetpack_social_options":{"image_generator_settings":{"template":"highway","enabled":false}},"_links_to":"","_links_to_target":""},"categories":[4],"tags":[],"jetpack_publicize_connections":[],"jetpack_featured_media_url":"https:\/\/www.verlag-doppelpunkt.at\/flachgauTV\/wp-content\/uploads\/2021\/06\/Lena-Raidl.jpg","jetpack_sharing_enabled":true,"jetpack_shortlink":"https:\/\/wp.me\/paDzeQ-VG","_links":{"self":[{"href":"https:\/\/www.verlag-doppelpunkt.at\/flachgauTV\/wp-json\/wp\/v2\/posts\/3576"}],"collection":[{"href":"https:\/\/www.verlag-doppelpunkt.at\/flachgauTV\/wp-json\/wp\/v2\/posts"}],"about":[{"href":"https:\/\/www.verlag-doppelpunkt.at\/flachgauTV\/wp-json\/wp\/v2\/types\/post"}],"author":[{"embeddable":true,"href":"https:\/\/www.verlag-doppelpunkt.at\/flachgauTV\/wp-json\/wp\/v2\/users\/5"}],"replies":[{"embeddable":true,"href":"https:\/\/www.verlag-doppelpunkt.at\/flachgauTV\/wp-json\/wp\/v2\/comments?post=3576"}],"version-history":[{"count":3,"href":"https:\/\/www.verlag-doppelpunkt.at\/flachgauTV\/wp-json\/wp\/v2\/posts\/3576\/revisions"}],"predecessor-version":[{"id":3581,"href":"https:\/\/www.verlag-doppelpunkt.at\/flachgauTV\/wp-json\/wp\/v2\/posts\/3576\/revisions\/3581"}],"wp:featuredmedia":[{"embeddable":true,"href":"https:\/\/www.verlag-doppelpunkt.at\/flachgauTV\/wp-json\/wp\/v2\/media\/3577"}],"wp:attachment":[{"href":"https:\/\/www.verlag-doppelpunkt.at\/flachgauTV\/wp-json\/wp\/v2\/media?parent=3576"}],"wp:term":[{"taxonomy":"category","embeddable":true,"href":"https:\/\/www.verlag-doppelpunkt.at\/flachgauTV\/wp-json\/wp\/v2\/categories?post=3576"},{"taxonomy":"post_tag","embeddable":true,"href":"https:\/\/www.verlag-doppelpunkt.at\/flachgauTV\/wp-json\/wp\/v2\/tags?post=3576"}],"curies":[{"name":"wp","href":"https:\/\/api.w.org\/{rel}","templated":true}]}}