{"id":3586,"date":"2021-07-08T09:25:15","date_gmt":"2021-07-08T07:25:15","guid":{"rendered":"https:\/\/www.verlag-doppelpunkt.at\/flachgauTV\/?p=3586"},"modified":"2021-07-08T09:25:17","modified_gmt":"2021-07-08T07:25:17","slug":"kultursommer-in-strasswalchen","status":"publish","type":"post","link":"https:\/\/www.verlag-doppelpunkt.at\/flachgauTV\/kultursommer-in-strasswalchen\/","title":{"rendered":"Kultursommer in Stra\u00dfwalchen"},"content":{"rendered":"<p>Der Stra\u00dfwalchner Kultursommer geht in die n\u00e4chste Runde. Das Programm umfasst zehn unterschiedliche Veranstaltungen. Damit ist ein vielf\u00e4ltiges und spannendes Angebot sichergestellt.<br \/>Was vergangenen Sommer als spontane Idee von Gemeindehistoriker Franz Bachleiter geboren wurde, wird dieses Jahr erfolgreich fortgesetzt. Das Programm f\u00fcr den Stra\u00dfwalchner Kultursommer ist vielf\u00e4ltig und abwechslungsreich. Neben den traditionellen Spazierg\u00e4ngen, bei denen die Teilnehmer die Geschichte der Gemeinde zu Fu\u00df erforschen, wird es auch eine Gemeinderundfahrt mit dem Fahrrad und dem Bus geben.<br \/>Dieses Jahr warten die Organisatoren aber auch mit zwei Highlights auf. Der Gewinner des \u00d61-Literaturwettbewerbes von 2017, Anton Badinger, wird aus seinem Roman \u201eZwei unter einem Schirm\u201c Ausz\u00fcge vorlesen und die Besucherinnen und Besucher mit seinen Kurzgeschichten begeistern. Des Weiteren wird es ein Klavierkonzert mit Liedern von Joseph Woelfl, dargeboten von Univ.-Prof. Dr. Margit Haider-Dechant (Pr\u00e4sidentin der internationalen Woelfl-Stiftung in Bonn) und Univ.-Prof. Dr. Hermann Dechant sowie Dr. Helmut Gugerbauer und der Sopranistin Susanne Kapfer, welche bereits mit zahlreichen internationalen Musikpreisen ausgezeichnet wurde.<br \/>Die einzelnen Veranstaltungen haben auch ein attraktives Rahmenprogramm, das Musik, Speis und Trank beinhaltet. Denn es soll auch das Miteinander und das pers\u00f6nliche Gespr\u00e4ch gef\u00f6rdert werden. Dies ist nach den Einschnitten der vergangenen Monate aus Sicht der Organisatoren bittern\u00f6tig.<br \/>Die Karten f\u00fcr die Veranstaltungen k\u00f6nnen beim B\u00fcro des Tourismusverbandes f\u00fcr 10 Euro\/Person und Termin bezogen werden.<br \/>Im Bild pr\u00e4sentieren Gemeinderat Sebastian Leitl (SP\u00d6), B\u00fcrgermeisterin Tanja Kreer (SP\u00d6), Gemeindehistoriker Franz Bachleitner und Martin Perwein vom Tourismusverband das Programm f\u00fcr den Kultursommer 2021.<\/p>\n<h4><strong>Das detailierte Programm des Kultursommers<\/strong><\/h4>\n\n\n<figure class=\"wp-block-image size-large\"><img loading=\"lazy\" decoding=\"async\" width=\"819\" height=\"1024\" src=\"https:\/\/www.verlag-doppelpunkt.at\/flachgauTV\/wp-content\/uploads\/2021\/07\/Kultursommer1-819x1024.jpg\" alt=\"\" class=\"wp-image-3588\" srcset=\"https:\/\/www.verlag-doppelpunkt.at\/flachgauTV\/wp-content\/uploads\/2021\/07\/Kultursommer1-819x1024.jpg 819w, https:\/\/www.verlag-doppelpunkt.at\/flachgauTV\/wp-content\/uploads\/2021\/07\/Kultursommer1-240x300.jpg 240w, https:\/\/www.verlag-doppelpunkt.at\/flachgauTV\/wp-content\/uploads\/2021\/07\/Kultursommer1-768x960.jpg 768w, https:\/\/www.verlag-doppelpunkt.at\/flachgauTV\/wp-content\/uploads\/2021\/07\/Kultursommer1-1228x1536.jpg 1228w, https:\/\/www.verlag-doppelpunkt.at\/flachgauTV\/wp-content\/uploads\/2021\/07\/Kultursommer1-1638x2048.jpg 1638w, https:\/\/www.verlag-doppelpunkt.at\/flachgauTV\/wp-content\/uploads\/2021\/07\/Kultursommer1-730x913.jpg 730w, https:\/\/www.verlag-doppelpunkt.at\/flachgauTV\/wp-content\/uploads\/2021\/07\/Kultursommer1-435x544.jpg 435w, https:\/\/www.verlag-doppelpunkt.at\/flachgauTV\/wp-content\/uploads\/2021\/07\/Kultursommer1.jpg 1920w\" sizes=\"(max-width: 819px) 100vw, 819px\" \/><\/figure>\n\n\n\n<figure class=\"wp-block-image size-large\"><img loading=\"lazy\" decoding=\"async\" width=\"903\" height=\"1024\" src=\"https:\/\/www.verlag-doppelpunkt.at\/flachgauTV\/wp-content\/uploads\/2021\/07\/Kultursommer2-903x1024.jpg\" alt=\"\" class=\"wp-image-3589\" srcset=\"https:\/\/www.verlag-doppelpunkt.at\/flachgauTV\/wp-content\/uploads\/2021\/07\/Kultursommer2-903x1024.jpg 903w, https:\/\/www.verlag-doppelpunkt.at\/flachgauTV\/wp-content\/uploads\/2021\/07\/Kultursommer2-264x300.jpg 264w, https:\/\/www.verlag-doppelpunkt.at\/flachgauTV\/wp-content\/uploads\/2021\/07\/Kultursommer2-768x871.jpg 768w, https:\/\/www.verlag-doppelpunkt.at\/flachgauTV\/wp-content\/uploads\/2021\/07\/Kultursommer2-1354x1536.jpg 1354w, https:\/\/www.verlag-doppelpunkt.at\/flachgauTV\/wp-content\/uploads\/2021\/07\/Kultursommer2-1805x2048.jpg 1805w, https:\/\/www.verlag-doppelpunkt.at\/flachgauTV\/wp-content\/uploads\/2021\/07\/Kultursommer2-730x828.jpg 730w, https:\/\/www.verlag-doppelpunkt.at\/flachgauTV\/wp-content\/uploads\/2021\/07\/Kultursommer2-435x493.jpg 435w, https:\/\/www.verlag-doppelpunkt.at\/flachgauTV\/wp-content\/uploads\/2021\/07\/Kultursommer2.jpg 1920w\" sizes=\"(max-width: 903px) 100vw, 903px\" \/><\/figure>\n","protected":false},"excerpt":{"rendered":"<p>Der Stra\u00dfwalchner Kultursommer geht in die n\u00e4chste Runde. Das Programm umfasst zehn unterschiedliche Veranstaltungen. Damit ist ein vielf\u00e4ltiges und spannendes Angebot sichergestellt.Was vergangenen Sommer als spontane Idee von Gemeindehistoriker Franz [&hellip;]<\/p>\n","protected":false},"author":5,"featured_media":3587,"comment_status":"open","ping_status":"open","sticky":false,"template":"","format":"standard","meta":{"jetpack_post_was_ever_published":false,"_jetpack_newsletter_access":"","_jetpack_dont_email_post_to_subs":false,"_jetpack_newsletter_tier_id":0,"_jetpack_memberships_contains_paywalled_content":false,"_jetpack_memberships_contains_paid_content":false,"footnotes":"","jetpack_publicize_message":"","jetpack_publicize_feature_enabled":true,"jetpack_social_post_already_shared":true,"jetpack_social_options":{"image_generator_settings":{"template":"highway","enabled":false}},"_links_to":"","_links_to_target":""},"categories":[15],"tags":[],"jetpack_publicize_connections":[],"jetpack_featured_media_url":"https:\/\/www.verlag-doppelpunkt.at\/flachgauTV\/wp-content\/uploads\/2021\/07\/Stra\u00dfwalchen_Kultursommer.jpg","jetpack_sharing_enabled":true,"jetpack_shortlink":"https:\/\/wp.me\/paDzeQ-VQ","_links":{"self":[{"href":"https:\/\/www.verlag-doppelpunkt.at\/flachgauTV\/wp-json\/wp\/v2\/posts\/3586"}],"collection":[{"href":"https:\/\/www.verlag-doppelpunkt.at\/flachgauTV\/wp-json\/wp\/v2\/posts"}],"about":[{"href":"https:\/\/www.verlag-doppelpunkt.at\/flachgauTV\/wp-json\/wp\/v2\/types\/post"}],"author":[{"embeddable":true,"href":"https:\/\/www.verlag-doppelpunkt.at\/flachgauTV\/wp-json\/wp\/v2\/users\/5"}],"replies":[{"embeddable":true,"href":"https:\/\/www.verlag-doppelpunkt.at\/flachgauTV\/wp-json\/wp\/v2\/comments?post=3586"}],"version-history":[{"count":1,"href":"https:\/\/www.verlag-doppelpunkt.at\/flachgauTV\/wp-json\/wp\/v2\/posts\/3586\/revisions"}],"predecessor-version":[{"id":3590,"href":"https:\/\/www.verlag-doppelpunkt.at\/flachgauTV\/wp-json\/wp\/v2\/posts\/3586\/revisions\/3590"}],"wp:featuredmedia":[{"embeddable":true,"href":"https:\/\/www.verlag-doppelpunkt.at\/flachgauTV\/wp-json\/wp\/v2\/media\/3587"}],"wp:attachment":[{"href":"https:\/\/www.verlag-doppelpunkt.at\/flachgauTV\/wp-json\/wp\/v2\/media?parent=3586"}],"wp:term":[{"taxonomy":"category","embeddable":true,"href":"https:\/\/www.verlag-doppelpunkt.at\/flachgauTV\/wp-json\/wp\/v2\/categories?post=3586"},{"taxonomy":"post_tag","embeddable":true,"href":"https:\/\/www.verlag-doppelpunkt.at\/flachgauTV\/wp-json\/wp\/v2\/tags?post=3586"}],"curies":[{"name":"wp","href":"https:\/\/api.w.org\/{rel}","templated":true}]}}