{"id":3854,"date":"2022-01-31T05:35:00","date_gmt":"2022-01-31T04:35:00","guid":{"rendered":"https:\/\/www.verlag-doppelpunkt.at\/flachgauTV\/?p=3854"},"modified":"2022-01-30T18:18:15","modified_gmt":"2022-01-30T17:18:15","slug":"neuer-kapellmeister-bei-der-buergermusik-mondsee","status":"publish","type":"post","link":"https:\/\/www.verlag-doppelpunkt.at\/flachgauTV\/neuer-kapellmeister-bei-der-buergermusik-mondsee\/","title":{"rendered":"Neuer Kapellmeister bei der B\u00fcrgermusik Mondsee"},"content":{"rendered":"<p><strong>Nach mehr als sechs Jahren gab Christina Ellmauer ihren R\u00fccktritt als Kapellmeisterin bekannt und \u00fcbergab den Taktstock an ihren Nachfolger Daniel Laganda.<\/strong><\/p>\n<p>Beim Jahresschlusskonzert 2015 \u00fcbernahm die damals 22-j\u00e4hrige Klarinettistin Christina Ellmauer die Kapelle von Kapellmeister Georg Mayrhofer, der zuvor 17 Jahre lang am Dirigentenpult stand.<br \/>\nAls erste Frau am Taktstock setzte Christina Ellmauer mit ihrer jungen und motivierten Art zahlreiche musikalische Projekte um und begleitete die B\u00fcrgermusikkapelle Mondsee auf einem bedeutenden Schritt ihrer musikalischen Entwicklung. Deshalb gilt ihr ein gro\u00dfer Dank f\u00fcr die vorbildliche Arbeit und ihr besonderes Engagement f\u00fcr die Kapelle. Erfreulicherweise bleibt Christina Ellmauer der Musikkapelle als Klarinettistin erhalten.<br \/>\nIm Zuge der heurigen Jahreshauptversammlung wurde Daniel Laganda einstimmig zum neuen Kapellmeister gew\u00e4hlt.<br \/>\nNun startet die Musikkapelle Mondsee mit Daniel Laganda in eine neue \u00c4ra. Der vielseitig begabte, 25-j\u00e4hrige Innerschwandner arbeitet unter anderem als Musikschullehrer f\u00fcr steirische Harmonika, ist ein ambitionierter Schlagwerker und hat bereits fr\u00fch bemerkt, dass er sich auch am Taktstock sehr wohl f\u00fchlt. Sein musikalisches Gesp\u00fcr hat er bereits in fr\u00fchen Jahren als Leiter des vereinsinternen Jugendblasorchesters unter Beweis gestellt. Von 2019-2021 Leitete Daniel Laganda die Trachtenmusikkapelle Zell am Moos und kehrt nun als Kapellmeister zur\u00fcck in die eigenen Reihen. F\u00fcr die bevorstehende Arbeit mit der B\u00fcrgermusikkapelle Mondsee nimmt er sich viel vor und schmiedet bereits Pl\u00e4ne f\u00fcr die kommenden Jahre.<br \/>\n\u201eUnseren Verein freut es nat\u00fcrlich ganz besonders, dass sich nach Christina erneut ein Musiker aus unsren eigenen Reihen f\u00fcr das Amt als Kapellmeister bereit erkl\u00e4rt. Dass dieser Wechsel so l\u00fcckenlos \u00fcber die B\u00fchne gehen kann, macht uns alle sehr stolz.\u201c, so Obmann Markus Niederbrucker.<\/p>\n","protected":false},"excerpt":{"rendered":"<p>Nach mehr als sechs Jahren gab Christina Ellmauer ihren R\u00fccktritt als Kapellmeisterin bekannt und \u00fcbergab den Taktstock an ihren Nachfolger Daniel Laganda. Beim Jahresschlusskonzert 2015 \u00fcbernahm die damals 22-j\u00e4hrige Klarinettistin [&hellip;]<\/p>\n","protected":false},"author":5,"featured_media":3855,"comment_status":"open","ping_status":"open","sticky":false,"template":"","format":"standard","meta":{"jetpack_post_was_ever_published":false,"_jetpack_newsletter_access":"","_jetpack_dont_email_post_to_subs":false,"_jetpack_newsletter_tier_id":0,"_jetpack_memberships_contains_paywalled_content":false,"_jetpack_memberships_contains_paid_content":false,"footnotes":"","jetpack_publicize_message":"","jetpack_publicize_feature_enabled":true,"jetpack_social_post_already_shared":true,"jetpack_social_options":{"image_generator_settings":{"template":"highway","enabled":false}},"_links_to":"","_links_to_target":""},"categories":[15],"tags":[],"jetpack_publicize_connections":[],"jetpack_featured_media_url":"https:\/\/www.verlag-doppelpunkt.at\/flachgauTV\/wp-content\/uploads\/2022\/01\/Takstock1.jpg","jetpack_sharing_enabled":true,"jetpack_shortlink":"https:\/\/wp.me\/paDzeQ-10a","_links":{"self":[{"href":"https:\/\/www.verlag-doppelpunkt.at\/flachgauTV\/wp-json\/wp\/v2\/posts\/3854"}],"collection":[{"href":"https:\/\/www.verlag-doppelpunkt.at\/flachgauTV\/wp-json\/wp\/v2\/posts"}],"about":[{"href":"https:\/\/www.verlag-doppelpunkt.at\/flachgauTV\/wp-json\/wp\/v2\/types\/post"}],"author":[{"embeddable":true,"href":"https:\/\/www.verlag-doppelpunkt.at\/flachgauTV\/wp-json\/wp\/v2\/users\/5"}],"replies":[{"embeddable":true,"href":"https:\/\/www.verlag-doppelpunkt.at\/flachgauTV\/wp-json\/wp\/v2\/comments?post=3854"}],"version-history":[{"count":1,"href":"https:\/\/www.verlag-doppelpunkt.at\/flachgauTV\/wp-json\/wp\/v2\/posts\/3854\/revisions"}],"predecessor-version":[{"id":3856,"href":"https:\/\/www.verlag-doppelpunkt.at\/flachgauTV\/wp-json\/wp\/v2\/posts\/3854\/revisions\/3856"}],"wp:featuredmedia":[{"embeddable":true,"href":"https:\/\/www.verlag-doppelpunkt.at\/flachgauTV\/wp-json\/wp\/v2\/media\/3855"}],"wp:attachment":[{"href":"https:\/\/www.verlag-doppelpunkt.at\/flachgauTV\/wp-json\/wp\/v2\/media?parent=3854"}],"wp:term":[{"taxonomy":"category","embeddable":true,"href":"https:\/\/www.verlag-doppelpunkt.at\/flachgauTV\/wp-json\/wp\/v2\/categories?post=3854"},{"taxonomy":"post_tag","embeddable":true,"href":"https:\/\/www.verlag-doppelpunkt.at\/flachgauTV\/wp-json\/wp\/v2\/tags?post=3854"}],"curies":[{"name":"wp","href":"https:\/\/api.w.org\/{rel}","templated":true}]}}