{"id":3860,"date":"2022-01-28T09:42:35","date_gmt":"2022-01-28T08:42:35","guid":{"rendered":"https:\/\/www.verlag-doppelpunkt.at\/flachgauTV\/?p=3860"},"modified":"2022-01-28T21:33:29","modified_gmt":"2022-01-28T20:33:29","slug":"vom-rottkaeppchen-bis-zum-almbauern","status":"publish","type":"post","link":"https:\/\/www.verlag-doppelpunkt.at\/flachgauTV\/vom-rottkaeppchen-bis-zum-almbauern\/","title":{"rendered":"Vom Rotk\u00e4ppchen bis zum Almbauern"},"content":{"rendered":"\n<p>So kann das 30-Jahre-Jubil\u00e4umsjahr im\nBierkabarett f\u00fcr die Kabarett-Freunde ruhig weitergehen: Der Start\nin die neue Saison war ein h\u00f6chst vergn\u00fcglicher Abend, an dem sich\nFritz Messner, Peter Blaikner und Manfred Baumann als \u201eKultkabarett\u201c\nin Bestform pr\u00e4sentierten.<\/p>\n\n\n\n<p>Ach, wie war das erl\u00f6send: endlich einen Abend lang kein Corona. Kleine Schreckensmeldungen \u00fcber Intensivstationen und keine politische Panikmache f\u00fcr ungeimpfte Menschen. Einfach nur unbeschwertes Lachen \u00fcber deftigen und dennoch hintergr\u00fcndigen Humor. Und den haben Messner, Blaikner und Baumann wirklich drauf. Sie nehmen den Alltag aufs Korn und halten uns den Spiegel vor. Wir erfahren beispielsweise, dass f\u00fcr M\u00e4nner im gesetzten Alter und den entsprechend ausufernden Figuren nicht mehr die Harley Davidson das Ma\u00df aller Dingen ist. Vielmehr sind es jetzt ein viel zu enges Tour de France-Trikot und ein E-Bike.<\/p>\n\n\n\n<p>\u201ePlauschangriff\u201c ist der Titel des\naktuellen Programms, bei dem die drei Kultkabarettisten aufbrechen in\nden Dschungel des modernen Kommunikationsverhalten. Facebook und\nInstagram, Twitter und Konsorten sind allgegenw\u00e4rtig und haben uns\ngefangen genommen. Aber nicht nur das. Auch die Geheimdienste sind\nnicht weit und k\u00f6nnen sich sogar in Form der allzu neugierigen\nNachbarin n\u00e4hern.<\/p>\n\n\n\n<p>Es wird gebl\u00f6delt beim Kultkabarett\nund es wird auch gesungen. Dabei ist es ganz egal, ob Gstanzln oder\nweltbekannte Schlager von den Dreien einen neuen Text verpasst\nbekommen: Einfach nur k\u00f6stlich. Dazu schl\u00fcpfen Messner, Blaikner\nund Baumann immer wieder in unterschiedliche Kost\u00fcme. Sie stehen als\nRotk\u00e4ppchen und der b\u00f6se Wolf auf der B\u00fchne, musizieren mit\nTrichtern als Trompeten oder treffen sich hoch oben auf einer Alm\nwieder, als Bergbauer, Scheich und \u00fcbereifriger Beamter der\naufgestiegen ist, um sich von der Korrektheit eines F\u00f6rderansuchens\nzu \u00fcberzeugen.<\/p>\n\n\n\n<p>Die Stimmung an diesem Abend im\nBierkabarett war gro\u00dfartig und Messner, Blaikner und Baumann haben\ndie Latte hoch gelegt f\u00fcr all jene die im heurigen\n30-Jahre-Jubil\u00e4umsjahr noch nach Obertrum kommen werden. So wie\nChristoph F\u00e4lbl, der uns am 24. Februar seine \u201eF\u00e4lbl Melange\u201c\nservieren wird.<\/p>\n\n\n\n<p><em>Rupert Lenzenweger<\/em><\/p>\n\n\n\n<p>Mehr Infos zum Bierkabarett finden Sie auf <a href=\"http:\/\/www.flachgau24,at\">www.flachgau24.at<\/a>. Dort k\u00f6nnen Sie auch laufend Eintrittskarten f\u00fcr die Kabarett-Abende gewinnen.<\/p>\n\n\n\n<div class=\"wp-block-image\"><figure class=\"alignleft size-large\"><img loading=\"lazy\" decoding=\"async\" width=\"1024\" height=\"678\" src=\"https:\/\/www.verlag-doppelpunkt.at\/flachgauTV\/wp-content\/uploads\/2022\/01\/Plauschangriff-22-1024x678.jpg\" alt=\"\" class=\"wp-image-3857\" srcset=\"https:\/\/www.verlag-doppelpunkt.at\/flachgauTV\/wp-content\/uploads\/2022\/01\/Plauschangriff-22-1024x678.jpg 1024w, https:\/\/www.verlag-doppelpunkt.at\/flachgauTV\/wp-content\/uploads\/2022\/01\/Plauschangriff-22-300x199.jpg 300w, https:\/\/www.verlag-doppelpunkt.at\/flachgauTV\/wp-content\/uploads\/2022\/01\/Plauschangriff-22-768x509.jpg 768w, https:\/\/www.verlag-doppelpunkt.at\/flachgauTV\/wp-content\/uploads\/2022\/01\/Plauschangriff-22-1536x1018.jpg 1536w, https:\/\/www.verlag-doppelpunkt.at\/flachgauTV\/wp-content\/uploads\/2022\/01\/Plauschangriff-22-730x484.jpg 730w, https:\/\/www.verlag-doppelpunkt.at\/flachgauTV\/wp-content\/uploads\/2022\/01\/Plauschangriff-22-435x288.jpg 435w, https:\/\/www.verlag-doppelpunkt.at\/flachgauTV\/wp-content\/uploads\/2022\/01\/Plauschangriff-22.jpg 1920w\" sizes=\"(max-width: 1024px) 100vw, 1024px\" \/><figcaption><em>Peter Blaikner ist nicht nur ein Urgestein der Salzburger Kulturszene. Er war auch der erste Kabarettist der vor 30 Jahren beim Bierkabarett auf der B\u00fchne stand.                                                Bilder: Rule<\/em><\/figcaption><\/figure><\/div>\n\n\n\n<figure class=\"wp-block-image size-large\"><img loading=\"lazy\" decoding=\"async\" width=\"1024\" height=\"678\" src=\"https:\/\/www.verlag-doppelpunkt.at\/flachgauTV\/wp-content\/uploads\/2022\/01\/Plauschangriff-57-1024x678.jpg\" alt=\"\" class=\"wp-image-3859\" srcset=\"https:\/\/www.verlag-doppelpunkt.at\/flachgauTV\/wp-content\/uploads\/2022\/01\/Plauschangriff-57-1024x678.jpg 1024w, https:\/\/www.verlag-doppelpunkt.at\/flachgauTV\/wp-content\/uploads\/2022\/01\/Plauschangriff-57-300x199.jpg 300w, https:\/\/www.verlag-doppelpunkt.at\/flachgauTV\/wp-content\/uploads\/2022\/01\/Plauschangriff-57-768x509.jpg 768w, https:\/\/www.verlag-doppelpunkt.at\/flachgauTV\/wp-content\/uploads\/2022\/01\/Plauschangriff-57-1536x1018.jpg 1536w, https:\/\/www.verlag-doppelpunkt.at\/flachgauTV\/wp-content\/uploads\/2022\/01\/Plauschangriff-57-730x484.jpg 730w, https:\/\/www.verlag-doppelpunkt.at\/flachgauTV\/wp-content\/uploads\/2022\/01\/Plauschangriff-57-435x288.jpg 435w, https:\/\/www.verlag-doppelpunkt.at\/flachgauTV\/wp-content\/uploads\/2022\/01\/Plauschangriff-57.jpg 1920w\" sizes=\"(max-width: 1024px) 100vw, 1024px\" \/><figcaption><em>Fritz Messner als Rotk\u00e4ppchen und Manfred Baumann als dessen Oma.<\/em><\/figcaption><\/figure>\n","protected":false},"excerpt":{"rendered":"<p>So kann das 30-Jahre-Jubil\u00e4umsjahr im Bierkabarett f\u00fcr die Kabarett-Freunde ruhig weitergehen: Der Start in die neue Saison war ein h\u00f6chst vergn\u00fcglicher Abend, an dem sich Fritz Messner, Peter Blaikner und [&hellip;]<\/p>\n","protected":false},"author":5,"featured_media":3858,"comment_status":"open","ping_status":"open","sticky":false,"template":"","format":"standard","meta":{"jetpack_post_was_ever_published":false,"_jetpack_newsletter_access":"","_jetpack_dont_email_post_to_subs":false,"_jetpack_newsletter_tier_id":0,"_jetpack_memberships_contains_paywalled_content":false,"_jetpack_memberships_contains_paid_content":false,"footnotes":"","jetpack_publicize_message":"","jetpack_publicize_feature_enabled":true,"jetpack_social_post_already_shared":true,"jetpack_social_options":{"image_generator_settings":{"template":"highway","enabled":false}},"_links_to":"","_links_to_target":""},"categories":[15],"tags":[],"jetpack_publicize_connections":[],"jetpack_featured_media_url":"https:\/\/www.verlag-doppelpunkt.at\/flachgauTV\/wp-content\/uploads\/2022\/01\/Plauschangriff-51.jpg","jetpack_sharing_enabled":true,"jetpack_shortlink":"https:\/\/wp.me\/paDzeQ-10g","_links":{"self":[{"href":"https:\/\/www.verlag-doppelpunkt.at\/flachgauTV\/wp-json\/wp\/v2\/posts\/3860"}],"collection":[{"href":"https:\/\/www.verlag-doppelpunkt.at\/flachgauTV\/wp-json\/wp\/v2\/posts"}],"about":[{"href":"https:\/\/www.verlag-doppelpunkt.at\/flachgauTV\/wp-json\/wp\/v2\/types\/post"}],"author":[{"embeddable":true,"href":"https:\/\/www.verlag-doppelpunkt.at\/flachgauTV\/wp-json\/wp\/v2\/users\/5"}],"replies":[{"embeddable":true,"href":"https:\/\/www.verlag-doppelpunkt.at\/flachgauTV\/wp-json\/wp\/v2\/comments?post=3860"}],"version-history":[{"count":6,"href":"https:\/\/www.verlag-doppelpunkt.at\/flachgauTV\/wp-json\/wp\/v2\/posts\/3860\/revisions"}],"predecessor-version":[{"id":3870,"href":"https:\/\/www.verlag-doppelpunkt.at\/flachgauTV\/wp-json\/wp\/v2\/posts\/3860\/revisions\/3870"}],"wp:featuredmedia":[{"embeddable":true,"href":"https:\/\/www.verlag-doppelpunkt.at\/flachgauTV\/wp-json\/wp\/v2\/media\/3858"}],"wp:attachment":[{"href":"https:\/\/www.verlag-doppelpunkt.at\/flachgauTV\/wp-json\/wp\/v2\/media?parent=3860"}],"wp:term":[{"taxonomy":"category","embeddable":true,"href":"https:\/\/www.verlag-doppelpunkt.at\/flachgauTV\/wp-json\/wp\/v2\/categories?post=3860"},{"taxonomy":"post_tag","embeddable":true,"href":"https:\/\/www.verlag-doppelpunkt.at\/flachgauTV\/wp-json\/wp\/v2\/tags?post=3860"}],"curies":[{"name":"wp","href":"https:\/\/api.w.org\/{rel}","templated":true}]}}