{"id":3866,"date":"2022-01-29T06:50:00","date_gmt":"2022-01-29T05:50:00","guid":{"rendered":"https:\/\/www.verlag-doppelpunkt.at\/flachgauTV\/?p=3866"},"modified":"2022-01-28T10:51:51","modified_gmt":"2022-01-28T09:51:51","slug":"obstbaeume-suchen-paten","status":"publish","type":"post","link":"https:\/\/www.verlag-doppelpunkt.at\/flachgauTV\/obstbaeume-suchen-paten\/","title":{"rendered":"Obstb\u00e4ume suchen Paten"},"content":{"rendered":"\n<p>Um den Erhalt und die Erweiterung von\nStreuobstwiesen in der Region des Naturparks Bauernland zu f\u00f6rdern,\nhat sich der Naturpark Bauernland. Irrsee Mondsee Attersee ein\nnachhaltiges und ansprechendes Modell einer \u201eObstbaum-Patenschaft\u201c\n\u00fcberlegt. \n<\/p>\n\n\n\n<p>Als Obstbaumpate haben Unternehmen und\nPrivatpersonen die M\u00f6glichkeit, eine Patenschaft \u00fcber einen oder\nmehrere Obstb\u00e4ume in der Naturpark-Region zu \u00fcbernehmen und so\neinen wichtigen Beitrag zu unserer unvergleichlich sch\u00f6nen\nLandschaft zu leisten. \n<\/p>\n\n\n\n<p>Zum einmaligen Preis von 50 Euro wird\neine Firma oder eine Privatperson f\u00fcr f\u00fcnf Jahre Pate eines\nObstbaumes in der Naturpark-Region. \n<\/p>\n\n\n\n<p>Mit diesen 50 Euro k\u00f6nnen die Kosten\nf\u00fcr einen Baum samt M\u00e4use- und Fegeschutz, einen St\u00fctzpfahl und\ndas Setzen des Baumes finanziert werden. Der Naturpark Bauernland\ngarantiert, dass im Namen des Paten oder der Patin ein Baum bei einem\nBauernhof in der Region gesetzt wird. Auf dem St\u00fctzpfahl des Baumes\nwird ein Schild mit dem Namen des Paten angebracht. Weiters erhalten\ndie Paten eine Urkunde und im ersten Jahr der Patenschaft beim gro\u00dfen\nBauernmarkt in Mondsee eine Flasche Obstsaft oder Most gratis. \n<\/p>\n\n\n\n<p>Die Gr\u00fcnde, die f\u00fcr eine solche\nPatenschaft sprechen, sind vielseitig: \n<\/p>\n\n\n\n<p>B\u00e4ume verbessern nicht nur die Luft,\nverringern die Schadstoffkonzentration und filtern aus ihr bis zu 100\nKilo Staub pro Jahr. Sie verbessern die Wasserqualit\u00e4t, dienen als\nL\u00e4rmschutz und sind Zeitzeugen, die uns alle  \n<\/p>\n\n\n\n<p>Der Naturpark Bauernland. Irrsee\nMondsee Attersee freut sich auf reges Interesse und viele Anfragen.\nTelefonisch unter 06232 90303 3606 oder per Mail an\ninfo@naturpark-bauernland.at. \n<\/p>\n","protected":false},"excerpt":{"rendered":"<p>Um den Erhalt und die Erweiterung von Streuobstwiesen in der Region des Naturparks Bauernland zu f\u00f6rdern, hat sich der Naturpark Bauernland. Irrsee Mondsee Attersee ein nachhaltiges und ansprechendes Modell einer [&hellip;]<\/p>\n","protected":false},"author":5,"featured_media":3867,"comment_status":"open","ping_status":"open","sticky":false,"template":"","format":"standard","meta":{"jetpack_post_was_ever_published":false,"_jetpack_newsletter_access":"","_jetpack_dont_email_post_to_subs":false,"_jetpack_newsletter_tier_id":0,"_jetpack_memberships_contains_paywalled_content":false,"_jetpack_memberships_contains_paid_content":false,"footnotes":"","jetpack_publicize_message":"","jetpack_publicize_feature_enabled":true,"jetpack_social_post_already_shared":true,"jetpack_social_options":{"image_generator_settings":{"template":"highway","enabled":false}},"_links_to":"","_links_to_target":""},"categories":[1],"tags":[],"jetpack_publicize_connections":[],"jetpack_featured_media_url":"https:\/\/www.verlag-doppelpunkt.at\/flachgauTV\/wp-content\/uploads\/2022\/01\/Obstbaumpaten.jpg","jetpack_sharing_enabled":true,"jetpack_shortlink":"https:\/\/wp.me\/paDzeQ-10m","_links":{"self":[{"href":"https:\/\/www.verlag-doppelpunkt.at\/flachgauTV\/wp-json\/wp\/v2\/posts\/3866"}],"collection":[{"href":"https:\/\/www.verlag-doppelpunkt.at\/flachgauTV\/wp-json\/wp\/v2\/posts"}],"about":[{"href":"https:\/\/www.verlag-doppelpunkt.at\/flachgauTV\/wp-json\/wp\/v2\/types\/post"}],"author":[{"embeddable":true,"href":"https:\/\/www.verlag-doppelpunkt.at\/flachgauTV\/wp-json\/wp\/v2\/users\/5"}],"replies":[{"embeddable":true,"href":"https:\/\/www.verlag-doppelpunkt.at\/flachgauTV\/wp-json\/wp\/v2\/comments?post=3866"}],"version-history":[{"count":2,"href":"https:\/\/www.verlag-doppelpunkt.at\/flachgauTV\/wp-json\/wp\/v2\/posts\/3866\/revisions"}],"predecessor-version":[{"id":3869,"href":"https:\/\/www.verlag-doppelpunkt.at\/flachgauTV\/wp-json\/wp\/v2\/posts\/3866\/revisions\/3869"}],"wp:featuredmedia":[{"embeddable":true,"href":"https:\/\/www.verlag-doppelpunkt.at\/flachgauTV\/wp-json\/wp\/v2\/media\/3867"}],"wp:attachment":[{"href":"https:\/\/www.verlag-doppelpunkt.at\/flachgauTV\/wp-json\/wp\/v2\/media?parent=3866"}],"wp:term":[{"taxonomy":"category","embeddable":true,"href":"https:\/\/www.verlag-doppelpunkt.at\/flachgauTV\/wp-json\/wp\/v2\/categories?post=3866"},{"taxonomy":"post_tag","embeddable":true,"href":"https:\/\/www.verlag-doppelpunkt.at\/flachgauTV\/wp-json\/wp\/v2\/tags?post=3866"}],"curies":[{"name":"wp","href":"https:\/\/api.w.org\/{rel}","templated":true}]}}