{"id":3891,"date":"2022-02-22T07:49:00","date_gmt":"2022-02-22T06:49:00","guid":{"rendered":"https:\/\/www.verlag-doppelpunkt.at\/flachgauTV\/?p=3891"},"modified":"2022-02-22T09:36:37","modified_gmt":"2022-02-22T08:36:37","slug":"hauses-der-vereine-wichtiges-vorhaben","status":"publish","type":"post","link":"https:\/\/www.verlag-doppelpunkt.at\/flachgauTV\/hauses-der-vereine-wichtiges-vorhaben\/","title":{"rendered":"\u201eHaus der Vereine\u201c wichtiges Vorhaben"},"content":{"rendered":"<p>Die Gemeindevertretung in Neumarkt am Wallersee hat das Budget f\u00fcr das Jahr 2022 sowie den mittelfristigen Finanzplan der n\u00e4chsten f\u00fcnf Jahre beschlossen. Die operative und investive Gebarung der Flachgauer Stadtgemeinde sieht im kommenden Jahr eine Gesamtsumme von rund 18,9 Mio. Euro vor. \u201eDamit werden wir den hohen infrastrukturellen Standard in Neumarkt halten und die Lebensqualit\u00e4t der hier lebenden Menschen weiter verbessern k\u00f6nnen\u201c, freut sich B\u00fcrgermeister Adi Rieger \u00fcber den einstimmigen Beschluss aller Parteien zum Budget.<br \/>\nZu den wichtigsten Vorhaben im kommenden Jahr z\u00e4hlt der Neubau des \u201eHauses der Vereine\u201c im Schulzentrum mit einem Investitionsvolumen von rund f\u00fcnf Millionen Euro. Der Baustart ist im Fr\u00fchjahr geplant, das Haus soll in einem Jahr bezugsfertig sein. Geplant ist ein Geb\u00e4ude in Hybridbauweise, mit einem besonders hohen Holzanteil. Nur das Kellergescho\u00df sowie der Stiegenhaus-, Lift- und Sanit\u00e4rkern wird in Betonbauweise errichtet.<br \/>\n<strong>Begegnungszone zwischen Haus der Vereine und Kinderstadt<\/strong><br \/>\nDas neue Haus der Vereine bietet den Gruppen auf rund 1.000 Quadratmetern Nutzfl\u00e4che gen\u00fcgend Raum f\u00fcr gemeinsame Aktivit\u00e4ten, Besprechungen, Musikunterricht und Proben sowie vieles mehr. \u201eAu\u00dferdem wird ein teilbarer Vereinssaal als Multifunktionsraum nach Bedarf f\u00fcr alle Neumarkter Vereine nutzbar sein. Im Zentrum steht zudem eine gemeinsame Platzgestaltung als Begegnungszone zwischen dem Haus der Vereine und der im Vorjahr neu er\u00f6ffneten Kinderstadt\u201d, erkl\u00e4rt B\u00fcrgermeister Rieger.<br \/>\n<strong>Geld flie\u00dft in Schulsanierung, Bahnhof und Stra\u00dfenbau<\/strong><br \/>\nWeitere wichtige Budgetposten in Neumarkt beinhalten die Sanierung der Turnhalle in der Volksschule Sighartstein, im aktuellen Jahr sind daf\u00fcr 108.000 Euro vorgesehen. Nach bisher bereits geleisteten 1,2 Millionen Euro wendet die Stadtgemeinde heuer weitere 98.000 Euro f\u00fcr ihren Kostenanteil im Projekt Verkehrsknoten Bahnhof Neumarkt auf. In den Bereich Stra\u00dfenbau flie\u00dft rund eine Millioen Euro, unter anderem f\u00fcr die Sanierung der Bahnhofstra\u00dfe, wo auch ein neuer Geh- und Radweg vorgesehen ist.<\/p>\n","protected":false},"excerpt":{"rendered":"<p>Die Gemeindevertretung in Neumarkt am Wallersee hat das Budget f\u00fcr das Jahr 2022 sowie den mittelfristigen Finanzplan der n\u00e4chsten f\u00fcnf Jahre beschlossen. Die operative und investive Gebarung der Flachgauer Stadtgemeinde [&hellip;]<\/p>\n","protected":false},"author":5,"featured_media":3892,"comment_status":"open","ping_status":"open","sticky":false,"template":"","format":"standard","meta":{"jetpack_post_was_ever_published":false,"_jetpack_newsletter_access":"","_jetpack_dont_email_post_to_subs":false,"_jetpack_newsletter_tier_id":0,"_jetpack_memberships_contains_paywalled_content":false,"_jetpack_memberships_contains_paid_content":false,"footnotes":"","jetpack_publicize_message":"","jetpack_publicize_feature_enabled":true,"jetpack_social_post_already_shared":true,"jetpack_social_options":{"image_generator_settings":{"template":"highway","enabled":false}},"_links_to":"","_links_to_target":""},"categories":[1],"tags":[],"jetpack_publicize_connections":[],"jetpack_featured_media_url":"https:\/\/www.verlag-doppelpunkt.at\/flachgauTV\/wp-content\/uploads\/2022\/02\/Haus-der-Vereine.jpg","jetpack_sharing_enabled":true,"jetpack_shortlink":"https:\/\/wp.me\/paDzeQ-10L","_links":{"self":[{"href":"https:\/\/www.verlag-doppelpunkt.at\/flachgauTV\/wp-json\/wp\/v2\/posts\/3891"}],"collection":[{"href":"https:\/\/www.verlag-doppelpunkt.at\/flachgauTV\/wp-json\/wp\/v2\/posts"}],"about":[{"href":"https:\/\/www.verlag-doppelpunkt.at\/flachgauTV\/wp-json\/wp\/v2\/types\/post"}],"author":[{"embeddable":true,"href":"https:\/\/www.verlag-doppelpunkt.at\/flachgauTV\/wp-json\/wp\/v2\/users\/5"}],"replies":[{"embeddable":true,"href":"https:\/\/www.verlag-doppelpunkt.at\/flachgauTV\/wp-json\/wp\/v2\/comments?post=3891"}],"version-history":[{"count":2,"href":"https:\/\/www.verlag-doppelpunkt.at\/flachgauTV\/wp-json\/wp\/v2\/posts\/3891\/revisions"}],"predecessor-version":[{"id":3894,"href":"https:\/\/www.verlag-doppelpunkt.at\/flachgauTV\/wp-json\/wp\/v2\/posts\/3891\/revisions\/3894"}],"wp:featuredmedia":[{"embeddable":true,"href":"https:\/\/www.verlag-doppelpunkt.at\/flachgauTV\/wp-json\/wp\/v2\/media\/3892"}],"wp:attachment":[{"href":"https:\/\/www.verlag-doppelpunkt.at\/flachgauTV\/wp-json\/wp\/v2\/media?parent=3891"}],"wp:term":[{"taxonomy":"category","embeddable":true,"href":"https:\/\/www.verlag-doppelpunkt.at\/flachgauTV\/wp-json\/wp\/v2\/categories?post=3891"},{"taxonomy":"post_tag","embeddable":true,"href":"https:\/\/www.verlag-doppelpunkt.at\/flachgauTV\/wp-json\/wp\/v2\/tags?post=3891"}],"curies":[{"name":"wp","href":"https:\/\/api.w.org\/{rel}","templated":true}]}}