{"id":3910,"date":"2022-02-22T09:45:14","date_gmt":"2022-02-22T08:45:14","guid":{"rendered":"https:\/\/www.verlag-doppelpunkt.at\/flachgauTV\/?p=3910"},"modified":"2022-02-22T09:45:18","modified_gmt":"2022-02-22T08:45:18","slug":"mint-schwerpunkt-an-mittelschule-koestendorf","status":"publish","type":"post","link":"https:\/\/www.verlag-doppelpunkt.at\/flachgauTV\/mint-schwerpunkt-an-mittelschule-koestendorf\/","title":{"rendered":"MINT-Schwerpunkt an Mittelschule K\u00f6stendorf"},"content":{"rendered":"<p>Ab dem n\u00e4chsten Schuljahr wird die Mittelschule K\u00f6stendorf mit dem neuen MINT-Schwerpunkt starten. Die Mittelschule vereint damit die F\u00e4cher Mathematik, Informatik, Naturwissenschaften und Technik zu einem neuen Gegenstand.<br \/>\nEs ist ein zukunftsweisender Weg, den die Mittelschule K\u00f6stendorf ab September 2022 gehen wird. Die Schule nimmt zusammen mit f\u00fcnf weiteren Mittelschulen im Bundesland Salzburg an einem neuen Schulschwerpunkt teil: Sie wird eine MINT-Mittelschule.<br \/>\nWas bedeutet MINT? \u201eMINT\u201c \u2013 steht f\u00fcr Mathematik, Informatik, Naturwissenschaften und Technik. Damit wird das Augenmerk vermehrt auf jene Bereiche gerichtet, die am zuk\u00fcnftigen Arbeitsmarkt einen gro\u00dfen Bedarf an Fachkr\u00e4ften er\u00f6ffnen.<br \/>\n\u201eEs ist eine gro\u00dfe Chance f\u00fcr unsere Kinder, weil ihnen die M\u00f6glichkeit geboten wird, durch praktisches, forschendes und entdeckendes Lernen Einblicke in die technologisierte Arbeitswelt zu gewinnen. Mit dem neuen MINT-Schwerpunkt k\u00f6nnen wir den Sch\u00fclern eine noch bessere Vorbereitung auf das sp\u00e4tere Berufsleben erm\u00f6glichen.\u201c, ist Direktorin Hedegger-Malzer \u00fcberzeugt.<br \/>\nNicht nur die fachliche Qualifikation steht im Fokus, auch die pers\u00f6nlichen Interessen sowie Talente der M\u00e4dchen und Burschen werden durch den neuen Schwerpunkt gef\u00f6rdert. In den MINTStunden werden die individuellen F\u00e4higkeiten und Fertigkeiten im MINT-Bereich kontinuierlich erweitert, aber auch Themen wie Nachhaltigkeit oder die Klimakrise werden behandelt. Angedacht sind auch verst\u00e4rkte Kooperationen, zum einen mit den Betrieben in und um K\u00f6stendorf, zum anderen mit h\u00f6heren Schulen aus der Region.<br \/>\n\u201eUnser Ziel ist es, am Puls der Zeit zu sein und unseren Sch\u00fclern neben einer soliden Allgemeinbildung auch fachliches Know-how zu vermitteln, um sie bestm\u00f6glich auf ihren weiteren Lebensweg vorzubereiten,\u201c so die Direktorin weiter.<\/p>\n","protected":false},"excerpt":{"rendered":"<p>Ab dem n\u00e4chsten Schuljahr wird die Mittelschule K\u00f6stendorf mit dem neuen MINT-Schwerpunkt starten. Die Mittelschule vereint damit die F\u00e4cher Mathematik, Informatik, Naturwissenschaften und Technik zu einem neuen Gegenstand. Es ist [&hellip;]<\/p>\n","protected":false},"author":5,"featured_media":3911,"comment_status":"open","ping_status":"open","sticky":false,"template":"","format":"standard","meta":{"jetpack_post_was_ever_published":false,"_jetpack_newsletter_access":"","_jetpack_dont_email_post_to_subs":false,"_jetpack_newsletter_tier_id":0,"_jetpack_memberships_contains_paywalled_content":false,"_jetpack_memberships_contains_paid_content":false,"footnotes":"","jetpack_publicize_message":"","jetpack_publicize_feature_enabled":true,"jetpack_social_post_already_shared":true,"jetpack_social_options":{"image_generator_settings":{"template":"highway","enabled":false}},"_links_to":"","_links_to_target":""},"categories":[1],"tags":[],"jetpack_publicize_connections":[],"jetpack_featured_media_url":"https:\/\/www.verlag-doppelpunkt.at\/flachgauTV\/wp-content\/uploads\/2022\/02\/MS-K\u00f6stendorf.jpg","jetpack_sharing_enabled":true,"jetpack_shortlink":"https:\/\/wp.me\/paDzeQ-114","_links":{"self":[{"href":"https:\/\/www.verlag-doppelpunkt.at\/flachgauTV\/wp-json\/wp\/v2\/posts\/3910"}],"collection":[{"href":"https:\/\/www.verlag-doppelpunkt.at\/flachgauTV\/wp-json\/wp\/v2\/posts"}],"about":[{"href":"https:\/\/www.verlag-doppelpunkt.at\/flachgauTV\/wp-json\/wp\/v2\/types\/post"}],"author":[{"embeddable":true,"href":"https:\/\/www.verlag-doppelpunkt.at\/flachgauTV\/wp-json\/wp\/v2\/users\/5"}],"replies":[{"embeddable":true,"href":"https:\/\/www.verlag-doppelpunkt.at\/flachgauTV\/wp-json\/wp\/v2\/comments?post=3910"}],"version-history":[{"count":1,"href":"https:\/\/www.verlag-doppelpunkt.at\/flachgauTV\/wp-json\/wp\/v2\/posts\/3910\/revisions"}],"predecessor-version":[{"id":3912,"href":"https:\/\/www.verlag-doppelpunkt.at\/flachgauTV\/wp-json\/wp\/v2\/posts\/3910\/revisions\/3912"}],"wp:featuredmedia":[{"embeddable":true,"href":"https:\/\/www.verlag-doppelpunkt.at\/flachgauTV\/wp-json\/wp\/v2\/media\/3911"}],"wp:attachment":[{"href":"https:\/\/www.verlag-doppelpunkt.at\/flachgauTV\/wp-json\/wp\/v2\/media?parent=3910"}],"wp:term":[{"taxonomy":"category","embeddable":true,"href":"https:\/\/www.verlag-doppelpunkt.at\/flachgauTV\/wp-json\/wp\/v2\/categories?post=3910"},{"taxonomy":"post_tag","embeddable":true,"href":"https:\/\/www.verlag-doppelpunkt.at\/flachgauTV\/wp-json\/wp\/v2\/tags?post=3910"}],"curies":[{"name":"wp","href":"https:\/\/api.w.org\/{rel}","templated":true}]}}