{"id":3919,"date":"2022-02-26T06:50:00","date_gmt":"2022-02-26T05:50:00","guid":{"rendered":"https:\/\/www.verlag-doppelpunkt.at\/flachgauTV\/?p=3919"},"modified":"2022-02-28T09:57:25","modified_gmt":"2022-02-28T08:57:25","slug":"weil-ein-mann-seinen-traum-haben-muss","status":"publish","type":"post","link":"https:\/\/www.verlag-doppelpunkt.at\/flachgauTV\/weil-ein-mann-seinen-traum-haben-muss\/","title":{"rendered":"Weil ein Mann seinen Traum haben muss"},"content":{"rendered":"<p>Jeder Mann muss seinen Traum haben. Und damit meint der Kabarettist Christoph F\u00e4lbl beileibe nicht: Baum pflanzen, Sohn zeugen, Haus bauen. F\u00e4lbls gro\u00dfer Traum ist ein eigenes Kaffeehaus. Aber bis jetzt ist immer etwas dazwischen gekommen.<br \/>\nAber nur bis jetzt. Denn sein Programm \u201eF\u00e4lbl\u00b4s Melange\u201c beginnt gewisserma\u00dfen am Ende des Traums. N\u00e4mlich bei der Er\u00f6ffnung des Kaffeehauses. Das dann zwar unmittelbar danach wieder durch den Lockdown geschlossen werden muss. Aber das ist eine andere Geschichte&#8230;<br \/>\nF\u00e4lbl hat im Obertrumer Bierkabarett seine \u201eMelange\u201c serviert und uns dabei quasi so ganz nebenbei von den vielen H\u00fcrden erz\u00e4hlt, die bis zum eigenen Kaffeehaus \u00fcbersprungen oder umgangen, aus dem Weg ger\u00e4umt oder schlichtweg niedergetrampelt werden mussten.<br \/>\nEs sind die normalen Entwicklungen des Alltags, die das Kaffeehaus immer wieder in weite Ferne r\u00fccken lassen: Frau und Kinder. Scheidung. Wieder ein Kind mit einer anderen Frau. Hund und Katze im Haushalt. Dazwischen vielleicht manchmal ein bisserl zu viel Alkohol und so eine Art Midlifecrisis, die auch nicht gerade alles leichter macht.<br \/>\nF\u00e4lbl zuzuh\u00f6ren macht viel Spa\u00df. F\u00e4lbl zuzuschauen ist ein Vergn\u00fcgen und seine \u201eMelange\u201c im Obertrumer Bierkabarett war ein kurzweiliger Abend mit vielen lauten aber auch vielen leisen Pointen. Von denen ich jetzt nicht sagen k\u00f6nnte, welche mir besser gefallen haben. Einigen wir uns darauf: Die Mischung macht\u00b4s und weil F\u00e4lbl am Ende des Programms sagte, dass er gerne wieder einmal nach Obertrum kommen m\u00f6chte, k\u00f6nnen wir nur antworten: Jederzeit herzlich willkommen.<br \/>\n<em>Rupert Lenzenweger<\/em><br \/>\nBis es aber so weit ist, geh\u00f6rt die B\u00fchne des Obertrumer Bierkabarett am 28. M\u00e4rz Walter Kammerhofer, am 28. April Roland D\u00fcringer und am 30. Mai G\u00fcnter Gr\u00fcnwald. Mehr Infos dazu auf<a href=\"http:\/\/www.flachgau24.at\"> www.flachgau24.at,<\/a> dort k\u00f6nnen Sie auch immer Eintrittskarten f\u00fcr die Kabarettabende in Obertrum gewinnen.<\/p>\n<p><a href=\"https:\/\/www.verlag-doppelpunkt.at\/bilderserien\/christoph-faelbl-im-bierkabarett\/\">Bilderserie dazu&gt;&gt;<\/a><\/p>\n","protected":false},"excerpt":{"rendered":"<p>Jeder Mann muss seinen Traum haben. Und damit meint der Kabarettist Christoph F\u00e4lbl beileibe nicht: Baum pflanzen, Sohn zeugen, Haus bauen. F\u00e4lbls gro\u00dfer Traum ist ein eigenes Kaffeehaus. Aber bis [&hellip;]<\/p>\n","protected":false},"author":5,"featured_media":3920,"comment_status":"open","ping_status":"open","sticky":false,"template":"","format":"standard","meta":{"jetpack_post_was_ever_published":false,"_jetpack_newsletter_access":"","_jetpack_dont_email_post_to_subs":false,"_jetpack_newsletter_tier_id":0,"_jetpack_memberships_contains_paywalled_content":false,"_jetpack_memberships_contains_paid_content":false,"footnotes":"","jetpack_publicize_message":"","jetpack_publicize_feature_enabled":true,"jetpack_social_post_already_shared":true,"jetpack_social_options":{"image_generator_settings":{"template":"highway","enabled":false}},"_links_to":"","_links_to_target":""},"categories":[15],"tags":[],"jetpack_publicize_connections":[],"jetpack_featured_media_url":"https:\/\/www.verlag-doppelpunkt.at\/flachgauTV\/wp-content\/uploads\/2022\/02\/Christoph-F\u00e4lbl-Melange-11.jpg","jetpack_sharing_enabled":true,"jetpack_shortlink":"https:\/\/wp.me\/paDzeQ-11d","_links":{"self":[{"href":"https:\/\/www.verlag-doppelpunkt.at\/flachgauTV\/wp-json\/wp\/v2\/posts\/3919"}],"collection":[{"href":"https:\/\/www.verlag-doppelpunkt.at\/flachgauTV\/wp-json\/wp\/v2\/posts"}],"about":[{"href":"https:\/\/www.verlag-doppelpunkt.at\/flachgauTV\/wp-json\/wp\/v2\/types\/post"}],"author":[{"embeddable":true,"href":"https:\/\/www.verlag-doppelpunkt.at\/flachgauTV\/wp-json\/wp\/v2\/users\/5"}],"replies":[{"embeddable":true,"href":"https:\/\/www.verlag-doppelpunkt.at\/flachgauTV\/wp-json\/wp\/v2\/comments?post=3919"}],"version-history":[{"count":2,"href":"https:\/\/www.verlag-doppelpunkt.at\/flachgauTV\/wp-json\/wp\/v2\/posts\/3919\/revisions"}],"predecessor-version":[{"id":3930,"href":"https:\/\/www.verlag-doppelpunkt.at\/flachgauTV\/wp-json\/wp\/v2\/posts\/3919\/revisions\/3930"}],"wp:featuredmedia":[{"embeddable":true,"href":"https:\/\/www.verlag-doppelpunkt.at\/flachgauTV\/wp-json\/wp\/v2\/media\/3920"}],"wp:attachment":[{"href":"https:\/\/www.verlag-doppelpunkt.at\/flachgauTV\/wp-json\/wp\/v2\/media?parent=3919"}],"wp:term":[{"taxonomy":"category","embeddable":true,"href":"https:\/\/www.verlag-doppelpunkt.at\/flachgauTV\/wp-json\/wp\/v2\/categories?post=3919"},{"taxonomy":"post_tag","embeddable":true,"href":"https:\/\/www.verlag-doppelpunkt.at\/flachgauTV\/wp-json\/wp\/v2\/tags?post=3919"}],"curies":[{"name":"wp","href":"https:\/\/api.w.org\/{rel}","templated":true}]}}