{"id":3942,"date":"2022-03-10T06:03:00","date_gmt":"2022-03-10T05:03:00","guid":{"rendered":"https:\/\/www.verlag-doppelpunkt.at\/flachgauTV\/?p=3942"},"modified":"2022-03-10T08:22:57","modified_gmt":"2022-03-10T07:22:57","slug":"die-bunte-energie-der-farben","status":"publish","type":"post","link":"https:\/\/www.verlag-doppelpunkt.at\/flachgauTV\/die-bunte-energie-der-farben\/","title":{"rendered":"Die bunte Energie der Farben"},"content":{"rendered":"\n<p>F\u00fcr ihre allererste Bilderausstellung\nhat sich Anna Kreuzeder reichlich Zeit gelassen. Seit \u00fcber zehn\nJahren ist die kreative Feldkirchnerin (bei Mattighofen) bereits der\nEnergie der Farben verfallen. Am 19. M\u00e4rz pr\u00e4sentiert sie ihre\nWerke in Acryltechnik und Flie\u00dftechnik sowie als Collagen nun\nerstmals der \u00d6ffentlichkeit. Die Vernissage von Anna Kreuzeder\nfindet am 19. M\u00e4rz ab 18 Uhr im Gasthaus Maria vom Guten Rat in\nGstaig statt und wird musikalisch vom Duo Doreece &amp; Arno\nbegleitet.<\/p>\n\n\n\n<p>Bilder mit tiefroten Farbexplosionen\nwechseln sich ab mit sonnengelben Fr\u00fchlings-Impressionen, dazwischen\nfinden sich Collagen mit feiner Strichf\u00fchrung. Die Werke von Anna\nKreuzeder lassen sich eben nicht so einfach in eine Schublade\nstecken, sie spiegeln vielmehr die Gef\u00fchlswelt der sympathischen\nK\u00fcnstlerin wider. \u201eWenn ich male, lasse ich die Farben einfach auf\nmich zukommen. Ich vergesse die Zeit und gehe voll und ganz auf\ndieses Farbenspiel ein\u201c, erl\u00e4utert sie, \u201edadurch entsteht eine\nganz besondere Energie. Je nach Stimmung entwickelt sich daraus ein\nBild, in dem ich mich letztlich emotional wiederfinde.\u201c<\/p>\n\n\n\n<p>Obwohl Anna schon immer eine kreative\nAder hatte, bedurfte es eines speziellen Impulses ihrer\nArbeitskollegen, um sich f\u00fcr die Malerei zu begeistern. Anl\u00e4sslich\nIhrer Pensionierung erhielt sie als Abschiedsgeschenk einen Gutschein\nf\u00fcr einen Malkurs. \u201eIch hatte zwar schon vorher einen Malkurs\nbesucht\u201c, erinnert sich Anna Kreuzeder, \u201eaber dieser Kurs kam\ngenau zum richtigen Zeitpunkt und weckte endg\u00fcltig meinen\nEnthusiasmus f\u00fcrs Malen. Ein herzliches Dankesch\u00f6n meinen\nArbeitskollegen, dass sie mir damals dieses Tor in die Welt der\nFarben er\u00f6ffnet haben!\u201c \n<\/p>\n\n\n\n<p>Es folgten diverse Kursen und Seminare, bei denen sich Anna Kreuzeder weiteres Wissen \u00fcber das Schaffen mit Farbe und Pinsel aneignen konnte. Mittlerweile hat sie daheim in Primsing ein eigenes Kelleratelier eingerichtet, in dem sie mit gro\u00dfer Freude der Malerei nachgeht. Die Unterst\u00fctzung ihrer Familie ist ihr dabei gewiss. Auch die Enkelkinder sind von der kreativen Energie ihrer Oma ganz begeistert. Die Familie war es auch, die Anna zu ihrer ersten Ausstellung ermuntert hat. Diese ist nach der Vernissage bis Ende Mai 2022 in Gstaig zu sehen.<\/p>\n\n\n\n<figure class=\"wp-block-image size-large\"><img loading=\"lazy\" decoding=\"async\" width=\"1024\" height=\"576\" src=\"https:\/\/www.verlag-doppelpunkt.at\/flachgauTV\/wp-content\/uploads\/2022\/03\/Malerin1-1024x576.jpg\" alt=\"\" class=\"wp-image-3943\" srcset=\"https:\/\/www.verlag-doppelpunkt.at\/flachgauTV\/wp-content\/uploads\/2022\/03\/Malerin1-1024x576.jpg 1024w, https:\/\/www.verlag-doppelpunkt.at\/flachgauTV\/wp-content\/uploads\/2022\/03\/Malerin1-300x169.jpg 300w, https:\/\/www.verlag-doppelpunkt.at\/flachgauTV\/wp-content\/uploads\/2022\/03\/Malerin1-768x432.jpg 768w, https:\/\/www.verlag-doppelpunkt.at\/flachgauTV\/wp-content\/uploads\/2022\/03\/Malerin1-1536x864.jpg 1536w, https:\/\/www.verlag-doppelpunkt.at\/flachgauTV\/wp-content\/uploads\/2022\/03\/Malerin1-730x411.jpg 730w, https:\/\/www.verlag-doppelpunkt.at\/flachgauTV\/wp-content\/uploads\/2022\/03\/Malerin1-435x245.jpg 435w, https:\/\/www.verlag-doppelpunkt.at\/flachgauTV\/wp-content\/uploads\/2022\/03\/Malerin1.jpg 1920w\" sizes=\"(max-width: 1024px) 100vw, 1024px\" \/><\/figure>\n\n\n\n<figure class=\"wp-block-image size-large\"><img loading=\"lazy\" decoding=\"async\" width=\"1024\" height=\"576\" src=\"https:\/\/www.verlag-doppelpunkt.at\/flachgauTV\/wp-content\/uploads\/2022\/03\/Malerin-1024x576.jpg\" alt=\"\" class=\"wp-image-3944\" srcset=\"https:\/\/www.verlag-doppelpunkt.at\/flachgauTV\/wp-content\/uploads\/2022\/03\/Malerin-1024x576.jpg 1024w, https:\/\/www.verlag-doppelpunkt.at\/flachgauTV\/wp-content\/uploads\/2022\/03\/Malerin-300x169.jpg 300w, https:\/\/www.verlag-doppelpunkt.at\/flachgauTV\/wp-content\/uploads\/2022\/03\/Malerin-768x432.jpg 768w, https:\/\/www.verlag-doppelpunkt.at\/flachgauTV\/wp-content\/uploads\/2022\/03\/Malerin-1536x864.jpg 1536w, https:\/\/www.verlag-doppelpunkt.at\/flachgauTV\/wp-content\/uploads\/2022\/03\/Malerin-730x411.jpg 730w, https:\/\/www.verlag-doppelpunkt.at\/flachgauTV\/wp-content\/uploads\/2022\/03\/Malerin-435x245.jpg 435w, https:\/\/www.verlag-doppelpunkt.at\/flachgauTV\/wp-content\/uploads\/2022\/03\/Malerin.jpg 1920w\" sizes=\"(max-width: 1024px) 100vw, 1024px\" \/><\/figure>\n","protected":false},"excerpt":{"rendered":"<p>F\u00fcr ihre allererste Bilderausstellung hat sich Anna Kreuzeder reichlich Zeit gelassen. Seit \u00fcber zehn Jahren ist die kreative Feldkirchnerin (bei Mattighofen) bereits der Energie der Farben verfallen. Am 19. M\u00e4rz [&hellip;]<\/p>\n","protected":false},"author":5,"featured_media":3945,"comment_status":"open","ping_status":"open","sticky":false,"template":"","format":"standard","meta":{"jetpack_post_was_ever_published":false,"_jetpack_newsletter_access":"","_jetpack_dont_email_post_to_subs":false,"_jetpack_newsletter_tier_id":0,"_jetpack_memberships_contains_paywalled_content":false,"_jetpack_memberships_contains_paid_content":false,"footnotes":"","jetpack_publicize_message":"","jetpack_publicize_feature_enabled":true,"jetpack_social_post_already_shared":true,"jetpack_social_options":{"image_generator_settings":{"template":"highway","enabled":false}},"_links_to":"","_links_to_target":""},"categories":[15],"tags":[],"jetpack_publicize_connections":[],"jetpack_featured_media_url":"https:\/\/www.verlag-doppelpunkt.at\/flachgauTV\/wp-content\/uploads\/2022\/03\/anna_kreuzeder.jpg","jetpack_sharing_enabled":true,"jetpack_shortlink":"https:\/\/wp.me\/paDzeQ-11A","_links":{"self":[{"href":"https:\/\/www.verlag-doppelpunkt.at\/flachgauTV\/wp-json\/wp\/v2\/posts\/3942"}],"collection":[{"href":"https:\/\/www.verlag-doppelpunkt.at\/flachgauTV\/wp-json\/wp\/v2\/posts"}],"about":[{"href":"https:\/\/www.verlag-doppelpunkt.at\/flachgauTV\/wp-json\/wp\/v2\/types\/post"}],"author":[{"embeddable":true,"href":"https:\/\/www.verlag-doppelpunkt.at\/flachgauTV\/wp-json\/wp\/v2\/users\/5"}],"replies":[{"embeddable":true,"href":"https:\/\/www.verlag-doppelpunkt.at\/flachgauTV\/wp-json\/wp\/v2\/comments?post=3942"}],"version-history":[{"count":1,"href":"https:\/\/www.verlag-doppelpunkt.at\/flachgauTV\/wp-json\/wp\/v2\/posts\/3942\/revisions"}],"predecessor-version":[{"id":3946,"href":"https:\/\/www.verlag-doppelpunkt.at\/flachgauTV\/wp-json\/wp\/v2\/posts\/3942\/revisions\/3946"}],"wp:featuredmedia":[{"embeddable":true,"href":"https:\/\/www.verlag-doppelpunkt.at\/flachgauTV\/wp-json\/wp\/v2\/media\/3945"}],"wp:attachment":[{"href":"https:\/\/www.verlag-doppelpunkt.at\/flachgauTV\/wp-json\/wp\/v2\/media?parent=3942"}],"wp:term":[{"taxonomy":"category","embeddable":true,"href":"https:\/\/www.verlag-doppelpunkt.at\/flachgauTV\/wp-json\/wp\/v2\/categories?post=3942"},{"taxonomy":"post_tag","embeddable":true,"href":"https:\/\/www.verlag-doppelpunkt.at\/flachgauTV\/wp-json\/wp\/v2\/tags?post=3942"}],"curies":[{"name":"wp","href":"https:\/\/api.w.org\/{rel}","templated":true}]}}