{"id":4132,"date":"2022-05-24T07:25:00","date_gmt":"2022-05-24T05:25:00","guid":{"rendered":"https:\/\/www.verlag-doppelpunkt.at\/flachgauTV\/?p=4132"},"modified":"2022-05-24T08:06:44","modified_gmt":"2022-05-24T06:06:44","slug":"volksschueler-lernen-gemeinde-einrichtungen-kennen","status":"publish","type":"post","link":"https:\/\/www.verlag-doppelpunkt.at\/flachgauTV\/volksschueler-lernen-gemeinde-einrichtungen-kennen\/","title":{"rendered":"Volkssch\u00fcler lernen Gemeinde-Einrichtungen kennen"},"content":{"rendered":"\n<p>In den Eugendorfer Volksschulen steht\nder Schwerpunkt \u201eMeine Gemeinde\u201c in der 3. Klasse am Lehrplan.\nSeit jeher besuchen die Kinder das Gemeindeamt. Um die Bandbreite des\nThemas jedoch deutlich zu machen, stellte die Marktgemeinde Eugendorf\ndas Projekt \u201eMein Eugendorf\u201c nun auf neue Beine: An zwei Tagen\nbesuchen die Drittkl\u00e4sslerinnen und Drittkl\u00e4ssler der drei\nEugendorfer Volksschulen die \u00d6ffentliche Bibliothek, das\nAltenwohnhaus, das Gemeindeamt, den Altstoffsammelhof und den Bauhof.\nSpielerisch lernen sie bei kurzweiligen F\u00fchrungen, Vortr\u00e4gen und\nMitmach-Stationen, welche Aufgaben die Gemeinde hat \u2013 abgefragt\nwird das neu gewonnene Wissen mit einem eigens gestalteten Quiz-Bogen\n\u2013 \u201eMein Eugendorf-Quiz\u201c. \n<\/p>\n\n\n\n<p>An dem Projekt \u201eMein Eugendorf\u201c,\ndas jedes Jahr in der dritten Klasse Volksschule am Lehrplan steht,\nbeteiligte sich die Gemeinde jeher mit einer F\u00fchrung durch das\nGemeindeamt. Um jedoch die vielen unterschiedlichen Aufgaben, die in\neiner Gemeinde zu bew\u00e4ltigen sind, aufzuzeigen, stellte die\nMarktgemeinde Eugendorf das Projekt von Gemeindeseite her nun auf\nneue Beine: An zwei Tagen besuchen die Klassen die Einrichtungen, in\ndenen sie hautnah erleben, was \u201eihre Gemeinde\u201c f\u00fcr sie und die\nB\u00fcrgerinnen und B\u00fcrger zu bieten hat. Mit kurzweiligen\nMitmach-Vortr\u00e4gen oder im Stationenbetrieb k\u00f6nnen sie kommunale\nAufgaben entdecken und erleben.<\/p>\n\n\n\n<p>\u201eIch finde es besonders wichtig, dass\nKinder ihre Heimatgemeinde kennen und wissen, welche Aufgaben die\nGemeinde hat. Deshalb ist es gro\u00dfartig, dass es diesen Schwerpunkt\nin unseren Volksschulen gibt. Wenn auch wir unseren Teil dazu\nbeitragen k\u00f6nnen, tun wir das sehr gerne! Die neue Aufmachung\nunseres Projekts \u201aMein Eugendorf\u2018 gef\u00e4llt mir sehr gut,\nbesonders der Quizbogen, den die Kinder bekommen. So besch\u00e4ftigen\nsie sich noch einmal ganz intensiv mit dem Thema und k\u00f6nnen\nfeststellen, wieviel sie schon \u00fcber ihre Gemeinde gelernt haben.\nGanz so leicht ist das Quiz allerdings nicht \u2013 da ist es auch f\u00fcr\nden B\u00fcrgermeister spannend, ob am Ende alles richtig ist\u201c,\nschmunzelt B\u00fcrgermeister Johann Strasser.<\/p>\n\n\n\n<p>Vizeb\u00fcrgermeister Robert Bimminger\nerg\u00e4nzt: \u201eAuch f\u00fcr uns im Gemeindeamt war es eine gro\u00dfe Freude,\ndass uns die Sch\u00fcler besucht haben und in den n\u00e4chsten Wochen auch\nnoch besuchen werden. Wir hoffen, mit diesem Projekt das Verst\u00e4ndnis\nf\u00fcr die Arbeit in der Gemeinde zu sch\u00e4rfen und\nEntscheidungsprozesse der Gemeindegremien darstellen zu k\u00f6nnen. Wir\nnehmen uns auch sehr gerne Zeit f\u00fcr Fragen der Kinder.\u201c<\/p>\n\n\n\n<p>Vom B\u00fccher-Casting in der \u00d6ffentlichen\nBibliothek bis zum Stationenbetrieb im Bauhof<\/p>\n\n\n\n<p>In der \u00d6ffentlichen Bibliothek\nEugendorf staunten die Kinder nicht schlecht, als ihnen Leiterin\nMaria Aigner das gr\u00f6\u00dfte, das kleinste und das dickste Buch aus der\nBibliothek zeigte. Beim Buch-Casting gewann bei der Volksschule\nSchwaighofen \u2013 die ersten, die im Rahmen dieses Projekts an der\nReihe waren \u2013 das Sachbuch \u201eEverest\u201c.<\/p>\n\n\n\n<p>Durch das Altenwohnhaus, das Haus St.\nMartin, f\u00fchrte Leiterin und 2. Vizeb\u00fcrgermeisterin Eveline\nBayrhamer und zeigte den Kindern die K\u00fcche und zu dieser Zeit\nleerstehende Zimmer, erkl\u00e4rte den Unterschied zwischen Altenwohn-\nund Krankenhaus, woher der Name kommt, wie viele Mitarbeiterinnen und\nMitarbeiter es gibt sowie Wesentliches zu den einzelnen Abteilungen.<\/p>\n\n\n\n<p>Im Gemeindeamt selbst waren die\njeweiligen Abteilungen bestens vorbereitet auf den Besuch der\nSch\u00fcler: Im Bauamt wurden die Kinder \u00fcber dessen Aufgaben\ninformiert und suchten ihr zu Hause sowohl am Fl\u00e4chenwidmungsplan\nals auch auf den Luftbildern. Im Meldeamt erfuhren die Kinder, warum\nman sich in der Gemeinde anmelden muss und wie man zu einem Reisepass\nkommt. Der Amtsleiter berichtete im Sitzungszimmer \u00fcber die\nZust\u00e4ndigkeiten der Gemeinde und der Feuerwehr, die Aufgaben des\nB\u00fcrgermeisters und die Wahlen. Im B\u00fcro f\u00fcr \u00d6ffentlichkeitsarbeit\nerfuhren sie, wie die Gemeindezeitung und andere Druckwerke\nentstehen. Dass die Planung f\u00fcr das \u201eEugendorfer Ferienerlebnis\u201c\nbeinahe ein ganzes Jahr dauert, \u00fcberraschte sie. Die Finanzabteilung\nerkl\u00e4rte, was ein Gemeindebudget ist und was es mit Buchhaltung auf\nsich hat. Wie die Mitarbeiter zu ihrem Geld kommen, erfuhren sie in\nder Personalabteilung. Der H\u00f6hepunkt war jedoch der Besuch des neuen\nSitzungszimmers mit B\u00fcrgermeister und Vizeb\u00fcrgermeister \u2013 allein\nder gro\u00dfe Tisch mit den Konturen Eugendorfs faszinierte die Kinder.<\/p>\n\n\n\n<p>Am zweiten Tag besuchten die Sch\u00fcler den Altstoffsammelhof und wissen nun, dass Pizzakartons nicht im Karton-Container entsorgt werden d\u00fcrfen, sondern zum Restm\u00fcll (zu Hause) bzw. in den Sperrm\u00fcll (am Altstoffsammelhof) geh\u00f6ren. Im Bauhof gab es anschlie\u00dfend einiges zu tun: Schrauben, h\u00e4mmern, Stromkreise schalten, Kresse ans\u00e4en, den Fuhrpark inspizieren und alle m\u00f6glichen Ger\u00e4te entdecken.<\/p>\n\n\n\n<figure class=\"wp-block-image size-large\"><img loading=\"lazy\" decoding=\"async\" width=\"1024\" height=\"589\" src=\"https:\/\/www.verlag-doppelpunkt.at\/flachgauTV\/wp-content\/uploads\/2022\/05\/Eugendorf1-1024x589.jpg\" alt=\"\" class=\"wp-image-4134\" srcset=\"https:\/\/www.verlag-doppelpunkt.at\/flachgauTV\/wp-content\/uploads\/2022\/05\/Eugendorf1-1024x589.jpg 1024w, https:\/\/www.verlag-doppelpunkt.at\/flachgauTV\/wp-content\/uploads\/2022\/05\/Eugendorf1-300x173.jpg 300w, https:\/\/www.verlag-doppelpunkt.at\/flachgauTV\/wp-content\/uploads\/2022\/05\/Eugendorf1-768x442.jpg 768w, https:\/\/www.verlag-doppelpunkt.at\/flachgauTV\/wp-content\/uploads\/2022\/05\/Eugendorf1-1536x884.jpg 1536w, https:\/\/www.verlag-doppelpunkt.at\/flachgauTV\/wp-content\/uploads\/2022\/05\/Eugendorf1-730x420.jpg 730w, https:\/\/www.verlag-doppelpunkt.at\/flachgauTV\/wp-content\/uploads\/2022\/05\/Eugendorf1-435x250.jpg 435w, https:\/\/www.verlag-doppelpunkt.at\/flachgauTV\/wp-content\/uploads\/2022\/05\/Eugendorf1.jpg 1920w\" sizes=\"(max-width: 1024px) 100vw, 1024px\" \/><figcaption>Die Volkssch\u00fcler zu Besuch bei B\u00fcrgermeister Johann Strasser.  Bilder: Gemeinde Neumarkt<\/figcaption><\/figure>\n","protected":false},"excerpt":{"rendered":"<p>In den Eugendorfer Volksschulen steht der Schwerpunkt \u201eMeine Gemeinde\u201c in der 3. Klasse am Lehrplan. Seit jeher besuchen die Kinder das Gemeindeamt. Um die Bandbreite des Themas jedoch deutlich zu [&hellip;]<\/p>\n","protected":false},"author":5,"featured_media":4133,"comment_status":"open","ping_status":"open","sticky":false,"template":"","format":"standard","meta":{"jetpack_post_was_ever_published":false,"_jetpack_newsletter_access":"","_jetpack_dont_email_post_to_subs":false,"_jetpack_newsletter_tier_id":0,"_jetpack_memberships_contains_paywalled_content":false,"_jetpack_memberships_contains_paid_content":false,"footnotes":"","jetpack_publicize_message":"","jetpack_publicize_feature_enabled":true,"jetpack_social_post_already_shared":true,"jetpack_social_options":{"image_generator_settings":{"template":"highway","enabled":false}},"_links_to":"","_links_to_target":""},"categories":[1],"tags":[],"jetpack_publicize_connections":[],"jetpack_featured_media_url":"https:\/\/www.verlag-doppelpunkt.at\/flachgauTV\/wp-content\/uploads\/2022\/05\/Gemeinde-eugendorf.jpg","jetpack_sharing_enabled":true,"jetpack_shortlink":"https:\/\/wp.me\/paDzeQ-14E","_links":{"self":[{"href":"https:\/\/www.verlag-doppelpunkt.at\/flachgauTV\/wp-json\/wp\/v2\/posts\/4132"}],"collection":[{"href":"https:\/\/www.verlag-doppelpunkt.at\/flachgauTV\/wp-json\/wp\/v2\/posts"}],"about":[{"href":"https:\/\/www.verlag-doppelpunkt.at\/flachgauTV\/wp-json\/wp\/v2\/types\/post"}],"author":[{"embeddable":true,"href":"https:\/\/www.verlag-doppelpunkt.at\/flachgauTV\/wp-json\/wp\/v2\/users\/5"}],"replies":[{"embeddable":true,"href":"https:\/\/www.verlag-doppelpunkt.at\/flachgauTV\/wp-json\/wp\/v2\/comments?post=4132"}],"version-history":[{"count":2,"href":"https:\/\/www.verlag-doppelpunkt.at\/flachgauTV\/wp-json\/wp\/v2\/posts\/4132\/revisions"}],"predecessor-version":[{"id":4136,"href":"https:\/\/www.verlag-doppelpunkt.at\/flachgauTV\/wp-json\/wp\/v2\/posts\/4132\/revisions\/4136"}],"wp:featuredmedia":[{"embeddable":true,"href":"https:\/\/www.verlag-doppelpunkt.at\/flachgauTV\/wp-json\/wp\/v2\/media\/4133"}],"wp:attachment":[{"href":"https:\/\/www.verlag-doppelpunkt.at\/flachgauTV\/wp-json\/wp\/v2\/media?parent=4132"}],"wp:term":[{"taxonomy":"category","embeddable":true,"href":"https:\/\/www.verlag-doppelpunkt.at\/flachgauTV\/wp-json\/wp\/v2\/categories?post=4132"},{"taxonomy":"post_tag","embeddable":true,"href":"https:\/\/www.verlag-doppelpunkt.at\/flachgauTV\/wp-json\/wp\/v2\/tags?post=4132"}],"curies":[{"name":"wp","href":"https:\/\/api.w.org\/{rel}","templated":true}]}}