{"id":4166,"date":"2022-05-25T09:31:58","date_gmt":"2022-05-25T07:31:58","guid":{"rendered":"https:\/\/www.verlag-doppelpunkt.at\/flachgauTV\/?p=4166"},"modified":"2022-05-25T09:32:01","modified_gmt":"2022-05-25T07:32:01","slug":"paedagogisches-zentrum-mondsee-erste-naturpark-schule","status":"publish","type":"post","link":"https:\/\/www.verlag-doppelpunkt.at\/flachgauTV\/paedagogisches-zentrum-mondsee-erste-naturpark-schule\/","title":{"rendered":"P\u00e4dagogisches Zentrum Mondsee erste Naturpark-Schule"},"content":{"rendered":"<p>Warum sind Honigbienen f\u00fcr eine reiche Apfelernte so wichtig? Welche Pflanzen wachsen auf unseren Wiesen? Und wie kann man den B\u00e4rlauch von der giftigen Herbstzeitlose unterscheiden? Die Natur- und Umweltbildung hat im Naturpark Bauernland einen hohen Stellenwert. Um Kindern in der Region die M\u00f6glichkeit zu geben, praktische Erfahrungen in der Natur zu sammeln wurde jetzt das P\u00e4dagogische Zentrum Mondsee als erste Naturpark-Schule des Naturpark Bauernland zertifiziert. Damit ist diese Schule \u00f6sterreichweit erst die zweite Allgemeine Sonderschule mit diesem Pr\u00e4dikat. Andreas Frixeder, Direktor des P\u00e4dagogischen Zentrums Mondsee, ist sich sicher: \u201eDer verst\u00e4rkte Zugang zur Natur und die Erlernung eines gesunden Umgangs mit ihr ist eine wunderbare Bereicherung f\u00fcr unsere Sch\u00fclerinnen und Schj\u00fcler, von der sie ihr ganzes Leben profitieren werden.\u201c<br \/>\nSchon kurz nach der Gr\u00fcndung des Naturpark Bauernland im vergangenen Sommer bem\u00fchte sich Direktor Frixeder um einen ersten Kontakt mit dem Vorstand des Naturparks. Wenige Monate sp\u00e4ter waren bereits alle n\u00f6tigen Kriterien zur Erlangung des Pr\u00e4dikats Naturpark-Schule erf\u00fcllt und die Urkunde konnte im Beisein der Obfrau des Naturparks Michaela Langer-Weninger sowie den B\u00fcrgermeistern des Mondseelandes von Claudia Kubelka vom Verband der Naturparke \u00d6sterreich \u00fcberreicht werden.<br \/>\nNaturpark-Obfrau Michaela Langer-Weninger zeigt sich zufrieden: \u201eWir sind sehr stolz und \u00fcberaus erfreut, dass wir die Zertifizierung unserer ersten Naturpark-Schule so schnell realisieren konnten. Dass wir unsere ersten Schritte im Bildungsbereich mit einer ganz besonderen Schule gehen d\u00fcrfen, macht sie f\u00fcr uns umso sch\u00f6ner. Sowohl die Kinder und Lehrer:innen des PZ Mondsee, als auch das Naturpark-Team sind sehr motiviert und freuen sich auf viele sch\u00f6ne und vor allem wichtige Erfahrungen, die wir gemeinsam machen d\u00fcrfen.\u201c<br \/>\nAngesto\u00dfen wurde auf dieses freudige Ereignis nat\u00fcrlich mit Fruchts\u00e4ften und Sirupen, die von Landwirt:innen aus der Naturpark-Region mit viel Liebe hergestellt wurden. Die musikalische Gestaltung der Feier wurde von den Kindern selbst \u00fcbernommen. Im Rahmen der Feier durften die Schulkinder noch ein M\u00fcllprojekt pr\u00e4sentieren, welches sie in den Wochen zuvor f\u00fcr den Aktionstag der \u00f6sterreichischen Naturparke erarbeitet hatten. Dieser steht in diesem Jahr unter dem Motto \u201eLandschaften voller Klimaf\u00fcchse\u201c.<\/p>\n<p>Im Bild: Landtagsabgeordneter Ing. Franz Graf (in Vertretung von Landeshauptmann-Stellvertreter Manfred Haimbuchner); Michaela Langer-Weninger (Obfrau Naturpark Bauernland); Andreas Frixeder (Direktor PZ Mondsee); Claudia Kubelka (Vizepr\u00e4sidentin des VN\u00d6 und B\u00fcrgermeisterin der Gemeinde Annaberg im Naturpark \u00d6tscher-Torm\u00e4uer) und Josef Wendtner (B\u00fcrgermeister von Mondsse).<\/p>\n","protected":false},"excerpt":{"rendered":"<p>Warum sind Honigbienen f\u00fcr eine reiche Apfelernte so wichtig? Welche Pflanzen wachsen auf unseren Wiesen? Und wie kann man den B\u00e4rlauch von der giftigen Herbstzeitlose unterscheiden? Die Natur- und Umweltbildung [&hellip;]<\/p>\n","protected":false},"author":5,"featured_media":4167,"comment_status":"open","ping_status":"open","sticky":false,"template":"","format":"standard","meta":{"jetpack_post_was_ever_published":false,"_jetpack_newsletter_access":"","_jetpack_dont_email_post_to_subs":false,"_jetpack_newsletter_tier_id":0,"_jetpack_memberships_contains_paywalled_content":false,"_jetpack_memberships_contains_paid_content":false,"footnotes":"","jetpack_publicize_message":"","jetpack_publicize_feature_enabled":true,"jetpack_social_post_already_shared":true,"jetpack_social_options":{"image_generator_settings":{"template":"highway","enabled":false}},"_links_to":"","_links_to_target":""},"categories":[1],"tags":[],"jetpack_publicize_connections":[],"jetpack_featured_media_url":"https:\/\/www.verlag-doppelpunkt.at\/flachgauTV\/wp-content\/uploads\/2022\/05\/Naturparkschule.jpg","jetpack_sharing_enabled":true,"jetpack_shortlink":"https:\/\/wp.me\/paDzeQ-15c","_links":{"self":[{"href":"https:\/\/www.verlag-doppelpunkt.at\/flachgauTV\/wp-json\/wp\/v2\/posts\/4166"}],"collection":[{"href":"https:\/\/www.verlag-doppelpunkt.at\/flachgauTV\/wp-json\/wp\/v2\/posts"}],"about":[{"href":"https:\/\/www.verlag-doppelpunkt.at\/flachgauTV\/wp-json\/wp\/v2\/types\/post"}],"author":[{"embeddable":true,"href":"https:\/\/www.verlag-doppelpunkt.at\/flachgauTV\/wp-json\/wp\/v2\/users\/5"}],"replies":[{"embeddable":true,"href":"https:\/\/www.verlag-doppelpunkt.at\/flachgauTV\/wp-json\/wp\/v2\/comments?post=4166"}],"version-history":[{"count":1,"href":"https:\/\/www.verlag-doppelpunkt.at\/flachgauTV\/wp-json\/wp\/v2\/posts\/4166\/revisions"}],"predecessor-version":[{"id":4168,"href":"https:\/\/www.verlag-doppelpunkt.at\/flachgauTV\/wp-json\/wp\/v2\/posts\/4166\/revisions\/4168"}],"wp:featuredmedia":[{"embeddable":true,"href":"https:\/\/www.verlag-doppelpunkt.at\/flachgauTV\/wp-json\/wp\/v2\/media\/4167"}],"wp:attachment":[{"href":"https:\/\/www.verlag-doppelpunkt.at\/flachgauTV\/wp-json\/wp\/v2\/media?parent=4166"}],"wp:term":[{"taxonomy":"category","embeddable":true,"href":"https:\/\/www.verlag-doppelpunkt.at\/flachgauTV\/wp-json\/wp\/v2\/categories?post=4166"},{"taxonomy":"post_tag","embeddable":true,"href":"https:\/\/www.verlag-doppelpunkt.at\/flachgauTV\/wp-json\/wp\/v2\/tags?post=4166"}],"curies":[{"name":"wp","href":"https:\/\/api.w.org\/{rel}","templated":true}]}}