{"id":4352,"date":"2022-11-28T08:12:00","date_gmt":"2022-11-28T07:12:00","guid":{"rendered":"https:\/\/www.verlag-doppelpunkt.at\/flachgauTV\/?p=4352"},"modified":"2022-11-28T08:39:58","modified_gmt":"2022-11-28T07:39:58","slug":"lylit-begeisterte-im-emailwerk","status":"publish","type":"post","link":"https:\/\/www.verlag-doppelpunkt.at\/flachgauTV\/lylit-begeisterte-im-emailwerk\/","title":{"rendered":"Lylit begeisterte im Emailwerk"},"content":{"rendered":"\n<p>Sie ist eine au\u00dfergew\u00f6hnliche S\u00e4nger, die das Publikum in ihren Bann zieht und mit ihrer Vielseitigkeit verzaubert. Au\u00dferdem ist Lylit so etwas wie Stammgast im Seekirchner Emailwerk. Jetzt war sie wieder in Seekirchen zu Gast und pr\u00e4sentierte ihr neues Programm, das so neu ist, dass es noch nicht einmal einen Tontr\u00e4ger davon gibt. Mehr \u00fcber dieses Konzert finden Sie auf <a href=\"https:\/\/www.kunstbox.at\/nachlese\/eine-vermessung-der-aussenwelt-mit-dem-inneren\/\">hier>>><\/a><\/p>\n\n\n\n<figure class=\"wp-block-gallery columns-0 is-cropped wp-block-gallery-1 is-layout-flex wp-block-gallery-is-layout-flex\"><ul class=\"blocks-gallery-grid\"><\/ul><\/figure>\n\n\n\n<figure class=\"wp-block-image size-large\"><img loading=\"lazy\" decoding=\"async\" width=\"800\" height=\"532\" src=\"https:\/\/www.verlag-doppelpunkt.at\/flachgauTV\/wp-content\/uploads\/2022\/11\/2022-11-19_01-Kunstbox-Lylit-1.jpg\" alt=\"\" class=\"wp-image-4364\" srcset=\"https:\/\/www.verlag-doppelpunkt.at\/flachgauTV\/wp-content\/uploads\/2022\/11\/2022-11-19_01-Kunstbox-Lylit-1.jpg 800w, https:\/\/www.verlag-doppelpunkt.at\/flachgauTV\/wp-content\/uploads\/2022\/11\/2022-11-19_01-Kunstbox-Lylit-1-300x200.jpg 300w, https:\/\/www.verlag-doppelpunkt.at\/flachgauTV\/wp-content\/uploads\/2022\/11\/2022-11-19_01-Kunstbox-Lylit-1-768x511.jpg 768w, https:\/\/www.verlag-doppelpunkt.at\/flachgauTV\/wp-content\/uploads\/2022\/11\/2022-11-19_01-Kunstbox-Lylit-1-730x485.jpg 730w, https:\/\/www.verlag-doppelpunkt.at\/flachgauTV\/wp-content\/uploads\/2022\/11\/2022-11-19_01-Kunstbox-Lylit-1-435x289.jpg 435w\" sizes=\"(max-width: 800px) 100vw, 800px\" \/><\/figure>\n\n\n\n<figure class=\"wp-block-image size-large\"><img loading=\"lazy\" decoding=\"async\" width=\"800\" height=\"532\" src=\"https:\/\/www.verlag-doppelpunkt.at\/flachgauTV\/wp-content\/uploads\/2022\/11\/2022-11-19_02-Kunstbox-Lylit-1.jpg\" alt=\"\" class=\"wp-image-4365\" srcset=\"https:\/\/www.verlag-doppelpunkt.at\/flachgauTV\/wp-content\/uploads\/2022\/11\/2022-11-19_02-Kunstbox-Lylit-1.jpg 800w, https:\/\/www.verlag-doppelpunkt.at\/flachgauTV\/wp-content\/uploads\/2022\/11\/2022-11-19_02-Kunstbox-Lylit-1-300x200.jpg 300w, https:\/\/www.verlag-doppelpunkt.at\/flachgauTV\/wp-content\/uploads\/2022\/11\/2022-11-19_02-Kunstbox-Lylit-1-768x511.jpg 768w, https:\/\/www.verlag-doppelpunkt.at\/flachgauTV\/wp-content\/uploads\/2022\/11\/2022-11-19_02-Kunstbox-Lylit-1-730x485.jpg 730w, https:\/\/www.verlag-doppelpunkt.at\/flachgauTV\/wp-content\/uploads\/2022\/11\/2022-11-19_02-Kunstbox-Lylit-1-435x289.jpg 435w\" sizes=\"(max-width: 800px) 100vw, 800px\" \/><\/figure>\n\n\n\n<figure class=\"wp-block-image size-large\"><img loading=\"lazy\" decoding=\"async\" width=\"800\" height=\"532\" src=\"https:\/\/www.verlag-doppelpunkt.at\/flachgauTV\/wp-content\/uploads\/2022\/11\/2022-11-19_03-Kunstbox-Lylit-1.jpg\" alt=\"\" class=\"wp-image-4366\" srcset=\"https:\/\/www.verlag-doppelpunkt.at\/flachgauTV\/wp-content\/uploads\/2022\/11\/2022-11-19_03-Kunstbox-Lylit-1.jpg 800w, https:\/\/www.verlag-doppelpunkt.at\/flachgauTV\/wp-content\/uploads\/2022\/11\/2022-11-19_03-Kunstbox-Lylit-1-300x200.jpg 300w, https:\/\/www.verlag-doppelpunkt.at\/flachgauTV\/wp-content\/uploads\/2022\/11\/2022-11-19_03-Kunstbox-Lylit-1-768x511.jpg 768w, https:\/\/www.verlag-doppelpunkt.at\/flachgauTV\/wp-content\/uploads\/2022\/11\/2022-11-19_03-Kunstbox-Lylit-1-730x485.jpg 730w, https:\/\/www.verlag-doppelpunkt.at\/flachgauTV\/wp-content\/uploads\/2022\/11\/2022-11-19_03-Kunstbox-Lylit-1-435x289.jpg 435w\" sizes=\"(max-width: 800px) 100vw, 800px\" \/><\/figure>\n\n\n\n<figure class=\"wp-block-image size-large\"><img loading=\"lazy\" decoding=\"async\" width=\"800\" height=\"532\" src=\"https:\/\/www.verlag-doppelpunkt.at\/flachgauTV\/wp-content\/uploads\/2022\/11\/2022-11-19_08-Kunstbox-Lylit-1.jpg\" alt=\"\" class=\"wp-image-4367\" srcset=\"https:\/\/www.verlag-doppelpunkt.at\/flachgauTV\/wp-content\/uploads\/2022\/11\/2022-11-19_08-Kunstbox-Lylit-1.jpg 800w, https:\/\/www.verlag-doppelpunkt.at\/flachgauTV\/wp-content\/uploads\/2022\/11\/2022-11-19_08-Kunstbox-Lylit-1-300x200.jpg 300w, https:\/\/www.verlag-doppelpunkt.at\/flachgauTV\/wp-content\/uploads\/2022\/11\/2022-11-19_08-Kunstbox-Lylit-1-768x511.jpg 768w, https:\/\/www.verlag-doppelpunkt.at\/flachgauTV\/wp-content\/uploads\/2022\/11\/2022-11-19_08-Kunstbox-Lylit-1-730x485.jpg 730w, https:\/\/www.verlag-doppelpunkt.at\/flachgauTV\/wp-content\/uploads\/2022\/11\/2022-11-19_08-Kunstbox-Lylit-1-435x289.jpg 435w\" sizes=\"(max-width: 800px) 100vw, 800px\" \/><figcaption>LYLIT, Pr\u00e4sentation des neuen Solo-Programms, mit den Background-S\u00e4ngerinnen Anja Om und Ricarda Oberneder in der Kunstbox Seekirchen am 19.11.2022  \nFoto und Copyright: Moser Albert, Fotograf, 5201 Seekirchen, Weinbergstiege 1, Tel.: 0043-676-7550526 mailto:albert.moser@sbg.at  www.moser.zenfolio.com<\/figcaption><\/figure>\n","protected":false},"excerpt":{"rendered":"<p>Sie ist eine au\u00dfergew\u00f6hnliche S\u00e4nger, die das Publikum in ihren Bann zieht und mit ihrer Vielseitigkeit verzaubert. Au\u00dferdem ist Lylit so etwas wie Stammgast im Seekirchner Emailwerk. Jetzt war sie [&hellip;]<\/p>\n","protected":false},"author":5,"featured_media":4353,"comment_status":"open","ping_status":"open","sticky":false,"template":"","format":"standard","meta":{"jetpack_post_was_ever_published":false,"_jetpack_newsletter_access":"","_jetpack_dont_email_post_to_subs":false,"_jetpack_newsletter_tier_id":0,"_jetpack_memberships_contains_paywalled_content":false,"_jetpack_memberships_contains_paid_content":false,"footnotes":"","jetpack_publicize_message":"","jetpack_publicize_feature_enabled":true,"jetpack_social_post_already_shared":true,"jetpack_social_options":{"image_generator_settings":{"template":"highway","enabled":false}},"_links_to":"","_links_to_target":""},"categories":[15],"tags":[],"jetpack_publicize_connections":[],"jetpack_featured_media_url":"https:\/\/www.verlag-doppelpunkt.at\/flachgauTV\/wp-content\/uploads\/2022\/11\/Titelbild.jpg","jetpack_sharing_enabled":true,"jetpack_shortlink":"https:\/\/wp.me\/paDzeQ-18c","_links":{"self":[{"href":"https:\/\/www.verlag-doppelpunkt.at\/flachgauTV\/wp-json\/wp\/v2\/posts\/4352"}],"collection":[{"href":"https:\/\/www.verlag-doppelpunkt.at\/flachgauTV\/wp-json\/wp\/v2\/posts"}],"about":[{"href":"https:\/\/www.verlag-doppelpunkt.at\/flachgauTV\/wp-json\/wp\/v2\/types\/post"}],"author":[{"embeddable":true,"href":"https:\/\/www.verlag-doppelpunkt.at\/flachgauTV\/wp-json\/wp\/v2\/users\/5"}],"replies":[{"embeddable":true,"href":"https:\/\/www.verlag-doppelpunkt.at\/flachgauTV\/wp-json\/wp\/v2\/comments?post=4352"}],"version-history":[{"count":3,"href":"https:\/\/www.verlag-doppelpunkt.at\/flachgauTV\/wp-json\/wp\/v2\/posts\/4352\/revisions"}],"predecessor-version":[{"id":4379,"href":"https:\/\/www.verlag-doppelpunkt.at\/flachgauTV\/wp-json\/wp\/v2\/posts\/4352\/revisions\/4379"}],"wp:featuredmedia":[{"embeddable":true,"href":"https:\/\/www.verlag-doppelpunkt.at\/flachgauTV\/wp-json\/wp\/v2\/media\/4353"}],"wp:attachment":[{"href":"https:\/\/www.verlag-doppelpunkt.at\/flachgauTV\/wp-json\/wp\/v2\/media?parent=4352"}],"wp:term":[{"taxonomy":"category","embeddable":true,"href":"https:\/\/www.verlag-doppelpunkt.at\/flachgauTV\/wp-json\/wp\/v2\/categories?post=4352"},{"taxonomy":"post_tag","embeddable":true,"href":"https:\/\/www.verlag-doppelpunkt.at\/flachgauTV\/wp-json\/wp\/v2\/tags?post=4352"}],"curies":[{"name":"wp","href":"https:\/\/api.w.org\/{rel}","templated":true}]}}