{"id":4369,"date":"2022-11-25T05:29:00","date_gmt":"2022-11-25T04:29:00","guid":{"rendered":"https:\/\/www.verlag-doppelpunkt.at\/flachgauTV\/?p=4369"},"modified":"2022-11-24T09:37:54","modified_gmt":"2022-11-24T08:37:54","slug":"die-7-seehamer","status":"publish","type":"post","link":"https:\/\/www.verlag-doppelpunkt.at\/flachgauTV\/die-7-seehamer\/","title":{"rendered":"Die 7 Seehamer &#8230;"},"content":{"rendered":"\n<p>\u2026 Diese Redewendung ist vielen Menschen im Trumer Seenland bekannt. Zumindest allen \u00c4lteren. Urkundlich erw\u00e4hnt ist die Floskel erstmals in der \u201eSalzburger Chronik f\u00fcr Stadt und Land<strong>\u201c <\/strong>am 17. Februar 1876. Und 7 SeehamerInnen waren es auch, welche das Team \u201eHistorisches Archiv Seeham\u201c<strong> <\/strong>ins Leben riefen, das mittlerweile 11 Engagierte umfasst und nun seine Arbeit auf der Website <a href=\"https:\/\/www.seeham-info.at\/kulturdorf\/2021\/index.html\">www.kulturdorf.at<\/a> online gestellt hat. Matthias Hemetsberger \u2013 ehemals B\u00fcrgermeister von Seeham \u2013 bereitete viele Geschichten aus dem \u201eHistorischen Archiv Seeham\u201c unter dem Titel \u201eSch\u00e4tze heben und bewahren\u201c auf, von den Anf\u00e4ngen des Tourismus\u00b4, der Schule, des Theaters etc. bis zum Hochadel in Seeham.<\/p>\n\n\n\n<p>Das Team baut auch eine Topothek auf, eine virtuelle Sammlung von Bildern, Karten, Video- und Audioaufzeichnungen mit genauer Verortung, Datierung und Verschlagwortung mit Schwerpunkt auf die Gemeinde Seeham. Lt. https:\/\/www.topothek.at\/de\/unsere-topotheken\/ gibt es im Land Salzburg 2 Topotheken, Mattsee und Seeham. Die Topothek ist ein Projekt von Allen und f\u00fcr Alle. Wer immer m\u00f6chte, kann Fotos, Dokumente und sonstige Objekte beisteuern. Selbstverst\u00e4ndlich werden alle diese Dinge nach dem Einscannen oder Fotografieren wieder zur\u00fcckgegeben, au\u00dfer sie werden dem Historischen Archiv Seeham ausdr\u00fccklich geschenkt. Aber nicht nur Papiere und Gegenst\u00e4nde, sondern auch Wissen und jede sonstige Mitarbeit ist gefragt.&nbsp;Die Arbeit selbst, die Eingabe und Pflege der Daten besorgt das Team \u201eHistorisches Archiv Seeham\u201c, das nat\u00fcrlich ehrenamtlich arbeitet.<\/p>\n","protected":false},"excerpt":{"rendered":"<p>\u2026 Diese Redewendung ist vielen Menschen im Trumer Seenland bekannt. Zumindest allen \u00c4lteren. Urkundlich erw\u00e4hnt ist die Floskel erstmals in der \u201eSalzburger Chronik f\u00fcr Stadt und Land\u201c am 17. Februar [&hellip;]<\/p>\n","protected":false},"author":5,"featured_media":4370,"comment_status":"open","ping_status":"open","sticky":false,"template":"","format":"standard","meta":{"jetpack_post_was_ever_published":false,"_jetpack_newsletter_access":"","_jetpack_dont_email_post_to_subs":false,"_jetpack_newsletter_tier_id":0,"_jetpack_memberships_contains_paywalled_content":false,"_jetpack_memberships_contains_paid_content":false,"footnotes":"","jetpack_publicize_message":"","jetpack_publicize_feature_enabled":true,"jetpack_social_post_already_shared":true,"jetpack_social_options":{"image_generator_settings":{"template":"highway","enabled":false}},"_links_to":"","_links_to_target":""},"categories":[15],"tags":[],"jetpack_publicize_connections":[],"jetpack_featured_media_url":"https:\/\/www.verlag-doppelpunkt.at\/flachgauTV\/wp-content\/uploads\/2022\/11\/historisches-Archiv-Seeham-1.jpg","jetpack_sharing_enabled":true,"jetpack_shortlink":"https:\/\/wp.me\/paDzeQ-18t","_links":{"self":[{"href":"https:\/\/www.verlag-doppelpunkt.at\/flachgauTV\/wp-json\/wp\/v2\/posts\/4369"}],"collection":[{"href":"https:\/\/www.verlag-doppelpunkt.at\/flachgauTV\/wp-json\/wp\/v2\/posts"}],"about":[{"href":"https:\/\/www.verlag-doppelpunkt.at\/flachgauTV\/wp-json\/wp\/v2\/types\/post"}],"author":[{"embeddable":true,"href":"https:\/\/www.verlag-doppelpunkt.at\/flachgauTV\/wp-json\/wp\/v2\/users\/5"}],"replies":[{"embeddable":true,"href":"https:\/\/www.verlag-doppelpunkt.at\/flachgauTV\/wp-json\/wp\/v2\/comments?post=4369"}],"version-history":[{"count":3,"href":"https:\/\/www.verlag-doppelpunkt.at\/flachgauTV\/wp-json\/wp\/v2\/posts\/4369\/revisions"}],"predecessor-version":[{"id":4373,"href":"https:\/\/www.verlag-doppelpunkt.at\/flachgauTV\/wp-json\/wp\/v2\/posts\/4369\/revisions\/4373"}],"wp:featuredmedia":[{"embeddable":true,"href":"https:\/\/www.verlag-doppelpunkt.at\/flachgauTV\/wp-json\/wp\/v2\/media\/4370"}],"wp:attachment":[{"href":"https:\/\/www.verlag-doppelpunkt.at\/flachgauTV\/wp-json\/wp\/v2\/media?parent=4369"}],"wp:term":[{"taxonomy":"category","embeddable":true,"href":"https:\/\/www.verlag-doppelpunkt.at\/flachgauTV\/wp-json\/wp\/v2\/categories?post=4369"},{"taxonomy":"post_tag","embeddable":true,"href":"https:\/\/www.verlag-doppelpunkt.at\/flachgauTV\/wp-json\/wp\/v2\/tags?post=4369"}],"curies":[{"name":"wp","href":"https:\/\/api.w.org\/{rel}","templated":true}]}}