{"id":4374,"date":"2022-11-26T06:47:00","date_gmt":"2022-11-26T05:47:00","guid":{"rendered":"https:\/\/www.verlag-doppelpunkt.at\/flachgauTV\/?p=4374"},"modified":"2022-11-25T08:34:30","modified_gmt":"2022-11-25T07:34:30","slug":"graefin-ordensfrau-befreierin","status":"publish","type":"post","link":"https:\/\/www.verlag-doppelpunkt.at\/flachgauTV\/graefin-ordensfrau-befreierin\/","title":{"rendered":"\u201eGr\u00e4fin \u2013 Ordensfrau \u2013 Befreierin\u201c"},"content":{"rendered":"\n<p>Maria Theresia Led\u00f3chowska \u2013 ein\nheute fast vergessenes Frauenleben voller Kontroversen und Konflikte:\nWer war die zierliche, zerbrechlich wirkende Frau, die ihr\nprivilegiertes Leben als adelige Hofdame hinter sich lie\u00df, um sich\nder Sklavenbefreiung zu widmen? Mit einer technisch hochmodernen\nDia-Schau reist Led\u00f3chowska um die Jahrhundertwende durch halb\nEuropa. Sie gr\u00fcndet den Orden der St. Petrus Claver Schwestern und\ndas Kloster Maria Sorg in Bergheim und wirbt in flammenden Reden f\u00fcr\ndie Unterst\u00fctzung der Missionen in afrikanischen L\u00e4ndern \u2013 und\ndas in einer Zeit, in der Frauen in ihrer privaten und \u00f6ffentlichen\nLebensf\u00fchrung einer ganzen F\u00fclle von Einschr\u00e4nkungen unterworfen\nwaren. Die Entr\u00fcstung \u00fcber eine Frau, die sich herausnimmt\n\u00f6ffentlich zu sprechen, erreicht ihren H\u00f6hepunkt, als sie\nbeschlie\u00dft, eine Druckerei zu gr\u00fcnden. Es braucht drei Anl\u00e4ufe,\nbis ihr die Drucker-Konzession erteilt wird und sofort l\u00e4uft der\nDruck der Schwestern auf Hochtouren. In ihren Schriften und Reden f\u00fcr\ndie Sklavenbefreiung kritisiert Led\u00f3chowska immer wieder das\nEindringen von Kolonialismus in traditionelle afrikanische L\u00e4nder.\nRegisseurin Gabriele Neudecker zeichnet das filmische Portrait einer\nau\u00dfergew\u00f6hnlichen Frau und ihrer Zeit. Zu sehen am 29. November um\n22.30 Uhr auf ORF2 in der Sendung \u201ekreuz &amp; quer\u201c.<\/p>\n\n\n\n<p>Im Bild oben Regisseurin Neudecker bei der Filmpr\u00e4sentation im Salzburger ORF-Studio.<\/p>\n\n\n\n<figure class=\"wp-block-image size-large\"><img loading=\"lazy\" decoding=\"async\" width=\"1024\" height=\"635\" src=\"https:\/\/www.verlag-doppelpunkt.at\/flachgauTV\/wp-content\/uploads\/2022\/11\/Nonnen-1024x635.jpg\" alt=\"\" class=\"wp-image-4376\" srcset=\"https:\/\/www.verlag-doppelpunkt.at\/flachgauTV\/wp-content\/uploads\/2022\/11\/Nonnen-1024x635.jpg 1024w, https:\/\/www.verlag-doppelpunkt.at\/flachgauTV\/wp-content\/uploads\/2022\/11\/Nonnen-300x186.jpg 300w, https:\/\/www.verlag-doppelpunkt.at\/flachgauTV\/wp-content\/uploads\/2022\/11\/Nonnen-768x476.jpg 768w, https:\/\/www.verlag-doppelpunkt.at\/flachgauTV\/wp-content\/uploads\/2022\/11\/Nonnen-1536x953.jpg 1536w, https:\/\/www.verlag-doppelpunkt.at\/flachgauTV\/wp-content\/uploads\/2022\/11\/Nonnen-730x453.jpg 730w, https:\/\/www.verlag-doppelpunkt.at\/flachgauTV\/wp-content\/uploads\/2022\/11\/Nonnen-435x270.jpg 435w, https:\/\/www.verlag-doppelpunkt.at\/flachgauTV\/wp-content\/uploads\/2022\/11\/Nonnen.jpg 1920w\" sizes=\"(max-width: 1024px) 100vw, 1024px\" \/><figcaption>ORF Salzburg Vorpr\u00e4sentation &#8222;Kreuz &amp; Quer Gr\u00e4fin-Ordensfrau-Befreierin&#8220; im Landesstudio mit Gabriele Neudecker mit den Schwestern von Maria Sorg in Bergheim bei Salzburg  Salzburg Foto: Neumayr\/Leopold 23.11.2022<\/figcaption><\/figure>\n","protected":false},"excerpt":{"rendered":"<p>Maria Theresia Led\u00f3chowska \u2013 ein heute fast vergessenes Frauenleben voller Kontroversen und Konflikte: Wer war die zierliche, zerbrechlich wirkende Frau, die ihr privilegiertes Leben als adelige Hofdame hinter sich lie\u00df, [&hellip;]<\/p>\n","protected":false},"author":5,"featured_media":4375,"comment_status":"open","ping_status":"open","sticky":false,"template":"","format":"standard","meta":{"jetpack_post_was_ever_published":false,"_jetpack_newsletter_access":"","_jetpack_dont_email_post_to_subs":false,"_jetpack_newsletter_tier_id":0,"_jetpack_memberships_contains_paywalled_content":false,"_jetpack_memberships_contains_paid_content":false,"footnotes":"","jetpack_publicize_message":"","jetpack_publicize_feature_enabled":true,"jetpack_social_post_already_shared":true,"jetpack_social_options":{"image_generator_settings":{"template":"highway","enabled":false}},"_links_to":"","_links_to_target":""},"categories":[15],"tags":[],"jetpack_publicize_connections":[],"jetpack_featured_media_url":"https:\/\/www.verlag-doppelpunkt.at\/flachgauTV\/wp-content\/uploads\/2022\/11\/Neudecker.jpg","jetpack_sharing_enabled":true,"jetpack_shortlink":"https:\/\/wp.me\/paDzeQ-18y","_links":{"self":[{"href":"https:\/\/www.verlag-doppelpunkt.at\/flachgauTV\/wp-json\/wp\/v2\/posts\/4374"}],"collection":[{"href":"https:\/\/www.verlag-doppelpunkt.at\/flachgauTV\/wp-json\/wp\/v2\/posts"}],"about":[{"href":"https:\/\/www.verlag-doppelpunkt.at\/flachgauTV\/wp-json\/wp\/v2\/types\/post"}],"author":[{"embeddable":true,"href":"https:\/\/www.verlag-doppelpunkt.at\/flachgauTV\/wp-json\/wp\/v2\/users\/5"}],"replies":[{"embeddable":true,"href":"https:\/\/www.verlag-doppelpunkt.at\/flachgauTV\/wp-json\/wp\/v2\/comments?post=4374"}],"version-history":[{"count":2,"href":"https:\/\/www.verlag-doppelpunkt.at\/flachgauTV\/wp-json\/wp\/v2\/posts\/4374\/revisions"}],"predecessor-version":[{"id":4378,"href":"https:\/\/www.verlag-doppelpunkt.at\/flachgauTV\/wp-json\/wp\/v2\/posts\/4374\/revisions\/4378"}],"wp:featuredmedia":[{"embeddable":true,"href":"https:\/\/www.verlag-doppelpunkt.at\/flachgauTV\/wp-json\/wp\/v2\/media\/4375"}],"wp:attachment":[{"href":"https:\/\/www.verlag-doppelpunkt.at\/flachgauTV\/wp-json\/wp\/v2\/media?parent=4374"}],"wp:term":[{"taxonomy":"category","embeddable":true,"href":"https:\/\/www.verlag-doppelpunkt.at\/flachgauTV\/wp-json\/wp\/v2\/categories?post=4374"},{"taxonomy":"post_tag","embeddable":true,"href":"https:\/\/www.verlag-doppelpunkt.at\/flachgauTV\/wp-json\/wp\/v2\/tags?post=4374"}],"curies":[{"name":"wp","href":"https:\/\/api.w.org\/{rel}","templated":true}]}}