{"id":4488,"date":"2023-01-10T05:43:00","date_gmt":"2023-01-10T04:43:00","guid":{"rendered":"https:\/\/www.verlag-doppelpunkt.at\/flachgauTV\/?p=4488"},"modified":"2023-01-09T11:44:53","modified_gmt":"2023-01-09T10:44:53","slug":"koestendorfer-landjugend-ist-aktivste-gruppe","status":"publish","type":"post","link":"https:\/\/www.verlag-doppelpunkt.at\/flachgauTV\/koestendorfer-landjugend-ist-aktivste-gruppe\/","title":{"rendered":"K\u00f6stendorfer Landjugend ist aktivste Gruppe"},"content":{"rendered":"<p>Knapp 1.200 Besucher, 40 Vereinsfahnen, zahlreiche Ehreng\u00e4ste und strahlende Sieger \u2013 das war der Tag der Landjugend Salzburg bei dem die Landjugendjugendgruppe K\u00f6stendorf zur aktivsten Ortsgruppe des vergangenen Jahres gek\u00fcrt wurde.<br \/>\nGegen 62 Ortsgruppen des Landes setzte sich die K\u00f6stendorfer beim heurigen Tag der Landjugend in Zell am See durch und wurden als aktivste Ortsgruppe des vergangenen Jahres ausgezeichnet. Gewidmet und \u00fcberreicht von Landeshauptmann Wilfried Haslauer nahm die Gruppenleitung Maria-Theresa Aigner und Lukas \u00dcbertsberger den Salzburger Landjugend Stier entgegen.<br \/>\nSoziales Engagement, Erfolge auf Landes- und Bundesebene sowie ehrenamtliche Projektarbeit sind Kriterien f\u00fcr die Auszeichnung zur aktivsten Ortsgruppe.  Zahlreiche Seminarteilnahmen und Funktion\u00e4rsweiterbildungen sowie eine gute \u00d6ffentlichkeitsarbeit flie\u00dfen in die Bewertung ein. Ebenso Silber auf Landesebene und Gold auf Bundesebene f\u00fcr das Projekt \u201eBrotliab\u201c und Gold f\u00fcr das Projekt \u201egedenken, erholen und danken \u2013 mit der Landjugend Kraft tanken\u201c gaben den Ausschlag zu Gunsten der Landjugend K\u00f6stendorf.<br \/>\n\u201eDer Salzburger Landjugend Stier verk\u00f6rpert wie viel Herz, Kraft und Optimismus die Jugend in die Gesellschaft investiert. Die Landjugend K\u00f6stendorf hat das auf eindrucksvolle Weise gezeigt und kann stolz darauf sein. Ich gratuliere allen Verantwortlichen und bedanke mich f\u00fcr ihren Einsatz in und \u00fcber die Gemeinde hinaus&#8220;, so Landeshauptmann Wilfried Haslauer bei der Verleihung.<br \/>\nDie Landesleitung Claudia Frauenschuh und Andreas Steiner gaben im Anschluss an die Ehrung die Richtung f\u00fcr 2023 vor. \u201eDas Jahresprogramm 2023 kommt in den n\u00e4chsten Wochen in die Haushalte der Landjugendmitglieder. Dieses beinhaltet viele neue Seminare, Workshops und Wettbewerbe. Auch im heurigen Jahr begleitet uns das Jahresschwerpunktthema \u201eDU.ICH.WIR \u2013 F\u00dcR EIN GEMEINSAMES MORGEN\u201c und l\u00e4dt zu vielen neuen Aktionen und Projekten ein\u201c, so die Landesleitung der Landjugend Salzburg.<\/p>\n","protected":false},"excerpt":{"rendered":"<p>Knapp 1.200 Besucher, 40 Vereinsfahnen, zahlreiche Ehreng\u00e4ste und strahlende Sieger \u2013 das war der Tag der Landjugend Salzburg bei dem die Landjugendjugendgruppe K\u00f6stendorf zur aktivsten Ortsgruppe des vergangenen Jahres gek\u00fcrt [&hellip;]<\/p>\n","protected":false},"author":5,"featured_media":4489,"comment_status":"open","ping_status":"open","sticky":false,"template":"","format":"standard","meta":{"jetpack_post_was_ever_published":false,"_jetpack_newsletter_access":"","_jetpack_dont_email_post_to_subs":false,"_jetpack_newsletter_tier_id":0,"_jetpack_memberships_contains_paywalled_content":false,"_jetpack_memberships_contains_paid_content":false,"footnotes":"","jetpack_publicize_message":"","jetpack_publicize_feature_enabled":true,"jetpack_social_post_already_shared":true,"jetpack_social_options":{"image_generator_settings":{"template":"highway","enabled":false}},"_links_to":"","_links_to_target":""},"categories":[1],"tags":[],"jetpack_publicize_connections":[],"jetpack_featured_media_url":"https:\/\/www.verlag-doppelpunkt.at\/flachgauTV\/wp-content\/uploads\/2023\/01\/Aktivste-Ortsgruppe-2022_Landjugend-K\u00f6stendorf-1.jpg","jetpack_sharing_enabled":true,"jetpack_shortlink":"https:\/\/wp.me\/paDzeQ-1ao","_links":{"self":[{"href":"https:\/\/www.verlag-doppelpunkt.at\/flachgauTV\/wp-json\/wp\/v2\/posts\/4488"}],"collection":[{"href":"https:\/\/www.verlag-doppelpunkt.at\/flachgauTV\/wp-json\/wp\/v2\/posts"}],"about":[{"href":"https:\/\/www.verlag-doppelpunkt.at\/flachgauTV\/wp-json\/wp\/v2\/types\/post"}],"author":[{"embeddable":true,"href":"https:\/\/www.verlag-doppelpunkt.at\/flachgauTV\/wp-json\/wp\/v2\/users\/5"}],"replies":[{"embeddable":true,"href":"https:\/\/www.verlag-doppelpunkt.at\/flachgauTV\/wp-json\/wp\/v2\/comments?post=4488"}],"version-history":[{"count":1,"href":"https:\/\/www.verlag-doppelpunkt.at\/flachgauTV\/wp-json\/wp\/v2\/posts\/4488\/revisions"}],"predecessor-version":[{"id":4490,"href":"https:\/\/www.verlag-doppelpunkt.at\/flachgauTV\/wp-json\/wp\/v2\/posts\/4488\/revisions\/4490"}],"wp:featuredmedia":[{"embeddable":true,"href":"https:\/\/www.verlag-doppelpunkt.at\/flachgauTV\/wp-json\/wp\/v2\/media\/4489"}],"wp:attachment":[{"href":"https:\/\/www.verlag-doppelpunkt.at\/flachgauTV\/wp-json\/wp\/v2\/media?parent=4488"}],"wp:term":[{"taxonomy":"category","embeddable":true,"href":"https:\/\/www.verlag-doppelpunkt.at\/flachgauTV\/wp-json\/wp\/v2\/categories?post=4488"},{"taxonomy":"post_tag","embeddable":true,"href":"https:\/\/www.verlag-doppelpunkt.at\/flachgauTV\/wp-json\/wp\/v2\/tags?post=4488"}],"curies":[{"name":"wp","href":"https:\/\/api.w.org\/{rel}","templated":true}]}}