{"id":4732,"date":"2023-02-18T06:46:00","date_gmt":"2023-02-18T05:46:00","guid":{"rendered":"https:\/\/www.verlag-doppelpunkt.at\/flachgauTV\/?p=4732"},"modified":"2023-02-17T11:47:57","modified_gmt":"2023-02-17T10:47:57","slug":"seniorenverbaende-waren-schon-immer-schwarz-oder-rot","status":"publish","type":"post","link":"https:\/\/www.verlag-doppelpunkt.at\/flachgauTV\/seniorenverbaende-waren-schon-immer-schwarz-oder-rot\/","title":{"rendered":"Seniorenverb\u00e4nde waren schon immer schwarz oder rot"},"content":{"rendered":"\n<p>Genaugenommen ist es ein unw\u00fcrdiges Gez\u00e4nk, das sich in den vergangenen Wochen um den Seniorenbund abgespielt hat. Das gipfelte dann sogar in der l\u00e4cherlichen Diskussion dar\u00fcber, ob der Seniorenbund \u00fcberhaupt eine \u00d6VP-Teilorganisation ist. Hintergrund dieser Debatte sind Corona-Hilfen, die der Seniorenbund in Millionenh\u00f6he kassiert hat. Zu unrecht, wie jetzt der Unabh\u00e4ngige Parteien-Transparenz-Senat entschieden. Aber die schwarzen Senioren wollen das Geld nicht zur\u00fcckzahlen.<\/p>\n\n\n\n<p>Der WOCHENKOMMENTAR von Rupert Lenzenweger<\/p>\n\n\n\n<figure class=\"wp-block-audio\"><audio controls src=\"https:\/\/www.verlag-doppelpunkt.at\/flachgauTV\/wp-content\/uploads\/2023\/02\/Wochenkommendar-18.-Februar-Wahlkampf.mp3\"><\/audio><\/figure>\n","protected":false},"excerpt":{"rendered":"<p>Genaugenommen ist es ein unw\u00fcrdiges Gez\u00e4nk, das sich in den vergangenen Wochen um den Seniorenbund abgespielt hat. Das gipfelte dann sogar in der l\u00e4cherlichen Diskussion dar\u00fcber, ob der Seniorenbund \u00fcberhaupt [&hellip;]<\/p>\n","protected":false},"author":5,"featured_media":4733,"comment_status":"open","ping_status":"open","sticky":false,"template":"","format":"standard","meta":{"jetpack_post_was_ever_published":false,"_jetpack_newsletter_access":"","_jetpack_dont_email_post_to_subs":false,"_jetpack_newsletter_tier_id":0,"_jetpack_memberships_contains_paywalled_content":false,"_jetpack_memberships_contains_paid_content":false,"footnotes":"","jetpack_publicize_message":"","jetpack_publicize_feature_enabled":true,"jetpack_social_post_already_shared":true,"jetpack_social_options":{"image_generator_settings":{"template":"highway","enabled":false}},"_links_to":"","_links_to_target":""},"categories":[51],"tags":[],"jetpack_publicize_connections":[],"jetpack_featured_media_url":"https:\/\/www.verlag-doppelpunkt.at\/flachgauTV\/wp-content\/uploads\/2023\/02\/Wochenkommentar-18.-Februar.jpg","jetpack_sharing_enabled":true,"jetpack_shortlink":"https:\/\/wp.me\/paDzeQ-1ek","_links":{"self":[{"href":"https:\/\/www.verlag-doppelpunkt.at\/flachgauTV\/wp-json\/wp\/v2\/posts\/4732"}],"collection":[{"href":"https:\/\/www.verlag-doppelpunkt.at\/flachgauTV\/wp-json\/wp\/v2\/posts"}],"about":[{"href":"https:\/\/www.verlag-doppelpunkt.at\/flachgauTV\/wp-json\/wp\/v2\/types\/post"}],"author":[{"embeddable":true,"href":"https:\/\/www.verlag-doppelpunkt.at\/flachgauTV\/wp-json\/wp\/v2\/users\/5"}],"replies":[{"embeddable":true,"href":"https:\/\/www.verlag-doppelpunkt.at\/flachgauTV\/wp-json\/wp\/v2\/comments?post=4732"}],"version-history":[{"count":2,"href":"https:\/\/www.verlag-doppelpunkt.at\/flachgauTV\/wp-json\/wp\/v2\/posts\/4732\/revisions"}],"predecessor-version":[{"id":4736,"href":"https:\/\/www.verlag-doppelpunkt.at\/flachgauTV\/wp-json\/wp\/v2\/posts\/4732\/revisions\/4736"}],"wp:featuredmedia":[{"embeddable":true,"href":"https:\/\/www.verlag-doppelpunkt.at\/flachgauTV\/wp-json\/wp\/v2\/media\/4733"}],"wp:attachment":[{"href":"https:\/\/www.verlag-doppelpunkt.at\/flachgauTV\/wp-json\/wp\/v2\/media?parent=4732"}],"wp:term":[{"taxonomy":"category","embeddable":true,"href":"https:\/\/www.verlag-doppelpunkt.at\/flachgauTV\/wp-json\/wp\/v2\/categories?post=4732"},{"taxonomy":"post_tag","embeddable":true,"href":"https:\/\/www.verlag-doppelpunkt.at\/flachgauTV\/wp-json\/wp\/v2\/tags?post=4732"}],"curies":[{"name":"wp","href":"https:\/\/api.w.org\/{rel}","templated":true}]}}