{"id":5091,"date":"2023-07-18T05:22:00","date_gmt":"2023-07-18T03:22:00","guid":{"rendered":"https:\/\/www.verlag-doppelpunkt.at\/flachgauTV\/?p=5091"},"modified":"2023-07-28T11:26:19","modified_gmt":"2023-07-28T09:26:19","slug":"5091-2","status":"publish","type":"post","link":"https:\/\/www.verlag-doppelpunkt.at\/flachgauTV\/5091-2\/","title":{"rendered":"Auf dem Triftweg durch die Almbachklamm"},"content":{"rendered":"\n<p>Obwohl die wenige Meter gro\u00dfe Lache nur kn\u00f6cheltief ist, ist das Wasser eiskalt. Schon nach wenigen Sekunden schmerzen die F\u00fcsse. Trotzdem steht ein halbes Dutzend Jugendlicher im Wasser und versucht einen Fisch zu fangen.  <\/p>\n\n\n\n<figure class=\"wp-block-audio\"><audio controls src=\"https:\/\/www.verlag-doppelpunkt.at\/flachgauTV\/wp-content\/uploads\/2023\/06\/Almkanal.mp3\"><\/audio><\/figure>\n\n\n\n<figure class=\"wp-block-image size-large\"><img loading=\"lazy\" decoding=\"async\" width=\"1024\" height=\"768\" src=\"https:\/\/www.verlag-doppelpunkt.at\/flachgauTV\/wp-content\/uploads\/2023\/06\/Almbachklamm-77-1024x768.jpg\" alt=\"\" class=\"wp-image-5094\" srcset=\"https:\/\/www.verlag-doppelpunkt.at\/flachgauTV\/wp-content\/uploads\/2023\/06\/Almbachklamm-77-1024x768.jpg 1024w, https:\/\/www.verlag-doppelpunkt.at\/flachgauTV\/wp-content\/uploads\/2023\/06\/Almbachklamm-77-300x225.jpg 300w, https:\/\/www.verlag-doppelpunkt.at\/flachgauTV\/wp-content\/uploads\/2023\/06\/Almbachklamm-77-768x576.jpg 768w, https:\/\/www.verlag-doppelpunkt.at\/flachgauTV\/wp-content\/uploads\/2023\/06\/Almbachklamm-77-1536x1152.jpg 1536w, https:\/\/www.verlag-doppelpunkt.at\/flachgauTV\/wp-content\/uploads\/2023\/06\/Almbachklamm-77-730x548.jpg 730w, https:\/\/www.verlag-doppelpunkt.at\/flachgauTV\/wp-content\/uploads\/2023\/06\/Almbachklamm-77-435x326.jpg 435w, https:\/\/www.verlag-doppelpunkt.at\/flachgauTV\/wp-content\/uploads\/2023\/06\/Almbachklamm-77-80x60.jpg 80w, https:\/\/www.verlag-doppelpunkt.at\/flachgauTV\/wp-content\/uploads\/2023\/06\/Almbachklamm-77.jpg 1920w\" sizes=\"(max-width: 1024px) 100vw, 1024px\" \/><figcaption>Idylle beim Sulzer Wasserfall.<\/figcaption><\/figure>\n\n\n\n<figure class=\"wp-block-image size-large\"><img loading=\"lazy\" decoding=\"async\" width=\"768\" height=\"1024\" src=\"https:\/\/www.verlag-doppelpunkt.at\/flachgauTV\/wp-content\/uploads\/2023\/06\/Almbachklamm-57-768x1024.jpg\" alt=\"\" class=\"wp-image-5095\" srcset=\"https:\/\/www.verlag-doppelpunkt.at\/flachgauTV\/wp-content\/uploads\/2023\/06\/Almbachklamm-57-768x1024.jpg 768w, https:\/\/www.verlag-doppelpunkt.at\/flachgauTV\/wp-content\/uploads\/2023\/06\/Almbachklamm-57-225x300.jpg 225w, https:\/\/www.verlag-doppelpunkt.at\/flachgauTV\/wp-content\/uploads\/2023\/06\/Almbachklamm-57-1152x1536.jpg 1152w, https:\/\/www.verlag-doppelpunkt.at\/flachgauTV\/wp-content\/uploads\/2023\/06\/Almbachklamm-57-1536x2048.jpg 1536w, https:\/\/www.verlag-doppelpunkt.at\/flachgauTV\/wp-content\/uploads\/2023\/06\/Almbachklamm-57-730x973.jpg 730w, https:\/\/www.verlag-doppelpunkt.at\/flachgauTV\/wp-content\/uploads\/2023\/06\/Almbachklamm-57-435x580.jpg 435w, https:\/\/www.verlag-doppelpunkt.at\/flachgauTV\/wp-content\/uploads\/2023\/06\/Almbachklamm-57.jpg 1920w\" sizes=\"(max-width: 768px) 100vw, 768px\" \/><figcaption>Sulzer Wasserfall<\/figcaption><\/figure>\n\n\n\n<figure class=\"wp-block-image size-large\"><img loading=\"lazy\" decoding=\"async\" width=\"1024\" height=\"768\" src=\"https:\/\/www.verlag-doppelpunkt.at\/flachgauTV\/wp-content\/uploads\/2023\/06\/Almbachklamm-40-1024x768.jpg\" alt=\"\" class=\"wp-image-5096\" srcset=\"https:\/\/www.verlag-doppelpunkt.at\/flachgauTV\/wp-content\/uploads\/2023\/06\/Almbachklamm-40-1024x768.jpg 1024w, https:\/\/www.verlag-doppelpunkt.at\/flachgauTV\/wp-content\/uploads\/2023\/06\/Almbachklamm-40-300x225.jpg 300w, https:\/\/www.verlag-doppelpunkt.at\/flachgauTV\/wp-content\/uploads\/2023\/06\/Almbachklamm-40-768x576.jpg 768w, https:\/\/www.verlag-doppelpunkt.at\/flachgauTV\/wp-content\/uploads\/2023\/06\/Almbachklamm-40-1536x1152.jpg 1536w, https:\/\/www.verlag-doppelpunkt.at\/flachgauTV\/wp-content\/uploads\/2023\/06\/Almbachklamm-40-2048x1536.jpg 2048w, https:\/\/www.verlag-doppelpunkt.at\/flachgauTV\/wp-content\/uploads\/2023\/06\/Almbachklamm-40-730x548.jpg 730w, https:\/\/www.verlag-doppelpunkt.at\/flachgauTV\/wp-content\/uploads\/2023\/06\/Almbachklamm-40-435x326.jpg 435w, https:\/\/www.verlag-doppelpunkt.at\/flachgauTV\/wp-content\/uploads\/2023\/06\/Almbachklamm-40-80x60.jpg 80w\" sizes=\"(max-width: 1024px) 100vw, 1024px\" \/><figcaption>Der ehemalige Triftweg ist heute ein beliebter Wanderweg durch die Klamm.<\/figcaption><\/figure>\n\n\n\n<figure class=\"wp-block-image size-large\"><img loading=\"lazy\" decoding=\"async\" width=\"1024\" height=\"768\" src=\"https:\/\/www.verlag-doppelpunkt.at\/flachgauTV\/wp-content\/uploads\/2023\/06\/Almbachklamm-24-1024x768.jpg\" alt=\"\" class=\"wp-image-5097\" srcset=\"https:\/\/www.verlag-doppelpunkt.at\/flachgauTV\/wp-content\/uploads\/2023\/06\/Almbachklamm-24-1024x768.jpg 1024w, https:\/\/www.verlag-doppelpunkt.at\/flachgauTV\/wp-content\/uploads\/2023\/06\/Almbachklamm-24-300x225.jpg 300w, https:\/\/www.verlag-doppelpunkt.at\/flachgauTV\/wp-content\/uploads\/2023\/06\/Almbachklamm-24-768x576.jpg 768w, https:\/\/www.verlag-doppelpunkt.at\/flachgauTV\/wp-content\/uploads\/2023\/06\/Almbachklamm-24-1536x1152.jpg 1536w, https:\/\/www.verlag-doppelpunkt.at\/flachgauTV\/wp-content\/uploads\/2023\/06\/Almbachklamm-24-730x548.jpg 730w, https:\/\/www.verlag-doppelpunkt.at\/flachgauTV\/wp-content\/uploads\/2023\/06\/Almbachklamm-24-435x326.jpg 435w, https:\/\/www.verlag-doppelpunkt.at\/flachgauTV\/wp-content\/uploads\/2023\/06\/Almbachklamm-24-80x60.jpg 80w, https:\/\/www.verlag-doppelpunkt.at\/flachgauTV\/wp-content\/uploads\/2023\/06\/Almbachklamm-24.jpg 1920w\" sizes=\"(max-width: 1024px) 100vw, 1024px\" \/><figcaption>Abseits der Br\u00fccken und Stiegen gibt es immer wieder imposante Fotomotive.<\/figcaption><\/figure>\n\n\n\n<figure class=\"wp-block-image size-large\"><img loading=\"lazy\" decoding=\"async\" width=\"1024\" height=\"768\" src=\"https:\/\/www.verlag-doppelpunkt.at\/flachgauTV\/wp-content\/uploads\/2023\/06\/Almbachklamm-6-1024x768.jpg\" alt=\"\" class=\"wp-image-5098\" srcset=\"https:\/\/www.verlag-doppelpunkt.at\/flachgauTV\/wp-content\/uploads\/2023\/06\/Almbachklamm-6-1024x768.jpg 1024w, https:\/\/www.verlag-doppelpunkt.at\/flachgauTV\/wp-content\/uploads\/2023\/06\/Almbachklamm-6-300x225.jpg 300w, https:\/\/www.verlag-doppelpunkt.at\/flachgauTV\/wp-content\/uploads\/2023\/06\/Almbachklamm-6-768x576.jpg 768w, https:\/\/www.verlag-doppelpunkt.at\/flachgauTV\/wp-content\/uploads\/2023\/06\/Almbachklamm-6-1536x1152.jpg 1536w, https:\/\/www.verlag-doppelpunkt.at\/flachgauTV\/wp-content\/uploads\/2023\/06\/Almbachklamm-6-730x548.jpg 730w, https:\/\/www.verlag-doppelpunkt.at\/flachgauTV\/wp-content\/uploads\/2023\/06\/Almbachklamm-6-435x326.jpg 435w, https:\/\/www.verlag-doppelpunkt.at\/flachgauTV\/wp-content\/uploads\/2023\/06\/Almbachklamm-6-80x60.jpg 80w, https:\/\/www.verlag-doppelpunkt.at\/flachgauTV\/wp-content\/uploads\/2023\/06\/Almbachklamm-6.jpg 1920w\" sizes=\"(max-width: 1024px) 100vw, 1024px\" \/><figcaption>In der letzten Kugelm\u00fchle Deutschlands werden die Kugeln als Andenken f\u00fcr die Klammbesucher hergestellt.<\/figcaption><\/figure>\n\n\n\n<figure class=\"wp-block-image size-large\"><img loading=\"lazy\" decoding=\"async\" width=\"1024\" height=\"768\" src=\"https:\/\/www.verlag-doppelpunkt.at\/flachgauTV\/wp-content\/uploads\/2023\/06\/Almbachklamm-3-1024x768.jpg\" alt=\"\" class=\"wp-image-5099\" srcset=\"https:\/\/www.verlag-doppelpunkt.at\/flachgauTV\/wp-content\/uploads\/2023\/06\/Almbachklamm-3-1024x768.jpg 1024w, https:\/\/www.verlag-doppelpunkt.at\/flachgauTV\/wp-content\/uploads\/2023\/06\/Almbachklamm-3-300x225.jpg 300w, https:\/\/www.verlag-doppelpunkt.at\/flachgauTV\/wp-content\/uploads\/2023\/06\/Almbachklamm-3-768x576.jpg 768w, https:\/\/www.verlag-doppelpunkt.at\/flachgauTV\/wp-content\/uploads\/2023\/06\/Almbachklamm-3-1536x1152.jpg 1536w, https:\/\/www.verlag-doppelpunkt.at\/flachgauTV\/wp-content\/uploads\/2023\/06\/Almbachklamm-3-730x548.jpg 730w, https:\/\/www.verlag-doppelpunkt.at\/flachgauTV\/wp-content\/uploads\/2023\/06\/Almbachklamm-3-435x326.jpg 435w, https:\/\/www.verlag-doppelpunkt.at\/flachgauTV\/wp-content\/uploads\/2023\/06\/Almbachklamm-3-80x60.jpg 80w, https:\/\/www.verlag-doppelpunkt.at\/flachgauTV\/wp-content\/uploads\/2023\/06\/Almbachklamm-3.jpg 1920w\" sizes=\"(max-width: 1024px) 100vw, 1024px\" \/><figcaption>Die Kugelm\u00fchle an der M\u00fcndung des Almbaches in die Berchtesgadner Ache.  <br>Alle Bilder: Rule<\/figcaption><\/figure>\n","protected":false},"excerpt":{"rendered":"<p>Obwohl die wenige Meter gro\u00dfe Lache nur kn\u00f6cheltief ist, ist das Wasser eiskalt. Schon nach wenigen Sekunden schmerzen die F\u00fcsse. Trotzdem steht ein halbes Dutzend Jugendlicher im Wasser und versucht [&hellip;]<\/p>\n","protected":false},"author":5,"featured_media":5092,"comment_status":"open","ping_status":"open","sticky":false,"template":"","format":"standard","meta":{"jetpack_post_was_ever_published":false,"_jetpack_newsletter_access":"","_jetpack_dont_email_post_to_subs":false,"_jetpack_newsletter_tier_id":0,"_jetpack_memberships_contains_paywalled_content":false,"_jetpack_memberships_contains_paid_content":false,"footnotes":"","jetpack_publicize_message":"","jetpack_publicize_feature_enabled":true,"jetpack_social_post_already_shared":true,"jetpack_social_options":{"image_generator_settings":{"template":"highway","enabled":false}},"_links_to":"","_links_to_target":""},"categories":[51],"tags":[],"jetpack_publicize_connections":[],"jetpack_featured_media_url":"https:\/\/www.verlag-doppelpunkt.at\/flachgauTV\/wp-content\/uploads\/2023\/06\/Strawanzer-Almbachklamm.jpg","jetpack_sharing_enabled":true,"jetpack_shortlink":"https:\/\/wp.me\/paDzeQ-1k7","_links":{"self":[{"href":"https:\/\/www.verlag-doppelpunkt.at\/flachgauTV\/wp-json\/wp\/v2\/posts\/5091"}],"collection":[{"href":"https:\/\/www.verlag-doppelpunkt.at\/flachgauTV\/wp-json\/wp\/v2\/posts"}],"about":[{"href":"https:\/\/www.verlag-doppelpunkt.at\/flachgauTV\/wp-json\/wp\/v2\/types\/post"}],"author":[{"embeddable":true,"href":"https:\/\/www.verlag-doppelpunkt.at\/flachgauTV\/wp-json\/wp\/v2\/users\/5"}],"replies":[{"embeddable":true,"href":"https:\/\/www.verlag-doppelpunkt.at\/flachgauTV\/wp-json\/wp\/v2\/comments?post=5091"}],"version-history":[{"count":3,"href":"https:\/\/www.verlag-doppelpunkt.at\/flachgauTV\/wp-json\/wp\/v2\/posts\/5091\/revisions"}],"predecessor-version":[{"id":5102,"href":"https:\/\/www.verlag-doppelpunkt.at\/flachgauTV\/wp-json\/wp\/v2\/posts\/5091\/revisions\/5102"}],"wp:featuredmedia":[{"embeddable":true,"href":"https:\/\/www.verlag-doppelpunkt.at\/flachgauTV\/wp-json\/wp\/v2\/media\/5092"}],"wp:attachment":[{"href":"https:\/\/www.verlag-doppelpunkt.at\/flachgauTV\/wp-json\/wp\/v2\/media?parent=5091"}],"wp:term":[{"taxonomy":"category","embeddable":true,"href":"https:\/\/www.verlag-doppelpunkt.at\/flachgauTV\/wp-json\/wp\/v2\/categories?post=5091"},{"taxonomy":"post_tag","embeddable":true,"href":"https:\/\/www.verlag-doppelpunkt.at\/flachgauTV\/wp-json\/wp\/v2\/tags?post=5091"}],"curies":[{"name":"wp","href":"https:\/\/api.w.org\/{rel}","templated":true}]}}