{"id":5108,"date":"2023-06-11T05:39:00","date_gmt":"2023-06-11T03:39:00","guid":{"rendered":"https:\/\/www.verlag-doppelpunkt.at\/flachgauTV\/?p=5108"},"modified":"2023-06-05T13:41:26","modified_gmt":"2023-06-05T11:41:26","slug":"meine-seife-leih-ich-gerne-meiner-frau","status":"publish","type":"post","link":"https:\/\/www.verlag-doppelpunkt.at\/flachgauTV\/meine-seife-leih-ich-gerne-meiner-frau\/","title":{"rendered":"Meine Seife leih\u00b4 ich gerne meiner Frau"},"content":{"rendered":"\n<p>Als ob die allgemeine Verteuerung nicht schon schlimm genug w\u00e4re, hat die Arbeiterkammer jetzt einen weiteren Skandal aufgedeckt: Frauen zahlen f\u00fcr die Morgenhygiene um ein Drittel mehr als M\u00e4nner. Und damit sind jetzt wohlgemerkt nicht jene Hygieneartikel gemeint, die M\u00e4nner aufgrund ihrer Anatomie halt gar nicht brauchen.<\/p>\n\n\n\n<p>Der WOCHENKOMMENTAR von Rupert Lenzenweger<\/p>\n\n\n\n<figure class=\"wp-block-audio\"><audio controls src=\"https:\/\/www.verlag-doppelpunkt.at\/flachgauTV\/wp-content\/uploads\/2023\/06\/Wochenkommentar-Hygiene.mp3\"><\/audio><\/figure>\n","protected":false},"excerpt":{"rendered":"<p>Als ob die allgemeine Verteuerung nicht schon schlimm genug w\u00e4re, hat die Arbeiterkammer jetzt einen weiteren Skandal aufgedeckt: Frauen zahlen f\u00fcr die Morgenhygiene um ein Drittel mehr als M\u00e4nner. Und [&hellip;]<\/p>\n","protected":false},"author":5,"featured_media":5109,"comment_status":"open","ping_status":"open","sticky":false,"template":"","format":"standard","meta":{"jetpack_post_was_ever_published":false,"_jetpack_newsletter_access":"","_jetpack_dont_email_post_to_subs":false,"_jetpack_newsletter_tier_id":0,"_jetpack_memberships_contains_paywalled_content":false,"_jetpack_memberships_contains_paid_content":false,"footnotes":"","jetpack_publicize_message":"","jetpack_publicize_feature_enabled":true,"jetpack_social_post_already_shared":true,"jetpack_social_options":{"image_generator_settings":{"template":"highway","enabled":false}},"_links_to":"","_links_to_target":""},"categories":[51],"tags":[],"jetpack_publicize_connections":[],"jetpack_featured_media_url":"https:\/\/www.verlag-doppelpunkt.at\/flachgauTV\/wp-content\/uploads\/2023\/06\/Wochenkommentar-11.-Juni.jpg","jetpack_sharing_enabled":true,"jetpack_shortlink":"https:\/\/wp.me\/paDzeQ-1ko","_links":{"self":[{"href":"https:\/\/www.verlag-doppelpunkt.at\/flachgauTV\/wp-json\/wp\/v2\/posts\/5108"}],"collection":[{"href":"https:\/\/www.verlag-doppelpunkt.at\/flachgauTV\/wp-json\/wp\/v2\/posts"}],"about":[{"href":"https:\/\/www.verlag-doppelpunkt.at\/flachgauTV\/wp-json\/wp\/v2\/types\/post"}],"author":[{"embeddable":true,"href":"https:\/\/www.verlag-doppelpunkt.at\/flachgauTV\/wp-json\/wp\/v2\/users\/5"}],"replies":[{"embeddable":true,"href":"https:\/\/www.verlag-doppelpunkt.at\/flachgauTV\/wp-json\/wp\/v2\/comments?post=5108"}],"version-history":[{"count":1,"href":"https:\/\/www.verlag-doppelpunkt.at\/flachgauTV\/wp-json\/wp\/v2\/posts\/5108\/revisions"}],"predecessor-version":[{"id":5111,"href":"https:\/\/www.verlag-doppelpunkt.at\/flachgauTV\/wp-json\/wp\/v2\/posts\/5108\/revisions\/5111"}],"wp:featuredmedia":[{"embeddable":true,"href":"https:\/\/www.verlag-doppelpunkt.at\/flachgauTV\/wp-json\/wp\/v2\/media\/5109"}],"wp:attachment":[{"href":"https:\/\/www.verlag-doppelpunkt.at\/flachgauTV\/wp-json\/wp\/v2\/media?parent=5108"}],"wp:term":[{"taxonomy":"category","embeddable":true,"href":"https:\/\/www.verlag-doppelpunkt.at\/flachgauTV\/wp-json\/wp\/v2\/categories?post=5108"},{"taxonomy":"post_tag","embeddable":true,"href":"https:\/\/www.verlag-doppelpunkt.at\/flachgauTV\/wp-json\/wp\/v2\/tags?post=5108"}],"curies":[{"name":"wp","href":"https:\/\/api.w.org\/{rel}","templated":true}]}}