{"id":5147,"date":"2026-04-30T06:22:00","date_gmt":"2026-04-30T04:22:00","guid":{"rendered":"https:\/\/www.verlag-doppelpunkt.at\/flachgauTV\/?p=5147"},"modified":"2026-04-28T09:39:06","modified_gmt":"2026-04-28T07:39:06","slug":"unerwartetes-nachtquartier-bei-frederic","status":"publish","type":"post","link":"https:\/\/www.verlag-doppelpunkt.at\/flachgauTV\/unerwartetes-nachtquartier-bei-frederic\/","title":{"rendered":"Unerwartetes Nachtquartier bei Frederic"},"content":{"rendered":"\n<p>Als ich die beiden zum ersten Mal gesehen habe, wirkte Frederic  ratlos, seine Frau aber eher schon verzweifelt. Kein Wunder, die beiden waren irgendwie in einer misslichen Lage. Sie haben versucht, eine kleine Pferdekutsche auf einen PKW-Anh\u00e4nger zu schieben. Jetzt stand die Kutsche zur H\u00e4lfte auf dem H\u00e4nger und bewegte sich keinen Zentimeter mehr nach vorne. Auslassen konnten Frederic und seine Frau nicht, sonst w\u00e4re die Kutsche wieder r\u00fcckw\u00e4rts vom H\u00e4nger gefallen. Gott sei dank kam ich. Ich zog an der Deichsel, schob hinten am Heck, drehte an den R\u00e4dern und schlie\u00dflich hatten wir die Kutsche auf dem H\u00e4nger. Frederic und seine Frau waren gl\u00fccklich und luden mich und meine Frau auf ein Glaserl ein. Und damit war der Nachmittag eigentlich gelaufen.<\/p>\n\n\n\n<p>Nur wenige Augenblicke vor meiner spontanen Hilfsaktion hatten wir unser Wohnmobil am Parkplatz vor der Kirche in Gueberschwihr geparkt. Das ist ein besonders entz\u00fcckender Ort im S\u00fcden der Weinstra\u00dfe durch das Elsass. Eigentlich wollten wir nur die Kirche ansehen, ein bisserl durch den Ort bummeln und dann nach Mulhous weiterfahren. Aber der Parkplatz vor der Kirche und direkt neben dem Tor zu Frederics Weingut wurde zu unserem Standort f\u00fcr die Nacht. Und das alles nur, weil uns Frederic und seine Frau nach der Hilfsaktion mit der Kutsche ein Glaserl angeboten hatten. Es blieb aber nicht bei einem. Auch nicht bei zwei. Muss ich noch mehr sagen? Irgendwann kam auch noch eine Jause dazu und schlie\u00dflich der gute Tipp von Frederic: \u201eDa wo ihr jetzt parkt, k\u00f6nnt ihr ruhig die ganze Nacht stehen bleiben.\u201c Damit lehnte ich auch die paar Runden Schnaps als Betthupferl nicht mehr ab \u2026  <\/p>\n\n\n\n<p>Die Els\u00e4sser Weinstra\u00dfe verl\u00e4uft in\nstrikter Nord-S\u00fcd-Richtung am Fu\u00df der Vogesen und damit am Westrand\nder Oberrheinebene. Damit bildet sie die s\u00fcdliche Fortsetzung der 18\nJahre l\u00e4nger ausgewiesenen Deutschen Weinstra\u00dfe. Die Rebh\u00e4nge mit\neiner Gesamtanbaufl\u00e4che von 14.500 Hektar liegen beiderseits der\nStra\u00dfe auf einem ein bis drei Kilometer breiten Streifen. \n<\/p>\n\n\n\n<p>Die etwa 170 Kilometer lange Strecke ist auf kleineren Landstra\u00dfen westlich und oberhalb der Autoroute A&nbsp;35 so gef\u00fchrt, dass sie 67 der 119 Els\u00e4sser Weinbaugemeinden und 49 der 51 als \u201eAlsace Grand Cru\u201c ausgewiesenen Rebfl\u00e4chen ber\u00fchrt. In den vergangenen Jahren hat sich die Els\u00e4sser Weinstra\u00dfe neben einem der wichtigsten Weinanbaugebiete Frankreichs auch zu einem wahren Tourismusmagneten entwickelt. So hat beispielsweise Riquewihr (Reichenweier), ein Ort mit komplett erhaltenem mittelalterlichem Stadtbild mit gut 1.000 Einwohnern, j\u00e4hrlich mehr als eine Million Touristen zu verkraften.  <\/p>\n\n\n\n<p>Geschichte des Tourismus<\/p>\n\n\n\n<p>Am 30. Mai 1953 wurde die Els\u00e4ssische\nWeinstra\u00dfe vom Tourismusverband mit zwei Autokonvois eingeweiht: Je\nein Konvoi startete vom Nordende des Els\u00e4sser Weinbaugebiets in\nMarlenheim sowie von dessen S\u00fcdende in Thann und fuhren einander\nentgegen. Unterwegs fanden mehrere Weinproben und touristische\nBesichtigungen statt. Trotz schlechten Wetters verbuchte die\nRegionalpresse die Veranstaltung als erfolgreichen Startschuss f\u00fcr\ndie Route des Vins d\u2019Alsace. \n<\/p>\n\n\n\n<p>Im Laufe der zweiten H\u00e4lfte des 20.\nJahrhunderts erfreute sich die Els\u00e4sser Weinstra\u00dfe bei verbesserter\nInfrastruktur und steigenden Besucherzahlen immer gr\u00f6\u00dferer\nBeliebtheit. Der Tourismusverband setzt in seiner Werbung inzwischen\nauf ein Konzept, das den Genuss von Wein und charakteristischer\nGastronomie (G\u00e4nseleberpastete, Zwiebelkuchen und Sauerkraut)\nverbinden soll mit einem Aufenthalt in gepflegten Ortschaften mit\npittoresken Fachwerkh\u00e4usern, der Besichtigung der umliegenden Burgen\nund Schl\u00f6sser, dem Besuch von Kunst- und Kulturmuseen.<\/p>\n\n\n\n<p>Beiderseits der Els\u00e4sser Weinstra\u00dfe\nwachsen im Wesentlichen sieben Rebsorten. Rund in Viertel davon ist\nder Riesling. Es folgt der Pinot Blanc, dessen Reben rund ein F\u00fcnftel\nder Fl\u00e4che bedecken. Rund 16 Prozent geh\u00f6ren dem Gew\u00fcrztraminer,\nzw\u00f6lf Prozent dem Pinot Gris und zehn Prozent dem Sylvaner und drei\nProzent Muscat. Der Pinot noir ist die einzige rote Rebsorte die hier\nangebaut wird und macht knapp zehn Prozent des Gesamtertrages aus.\nAuf rund sechs Prozent der Anbaufl\u00e4che machen die Weinbauern immer\nwieder Experimente mit anderen, vor allem seltenen und alten Sorten.<\/p>\n\n\n\n<p>In Colmar befindet sich das Maison des\nVins d\u2019Alsace, das eine Weinpr\u00fcfstelle und eine Weinbauschule f\u00fcr\nSeminare zur Vorbereitung auf \u00f6nologische Fachpr\u00fcfungen unterh\u00e4lt.\nHier befindet sich auch ein Dokumentationszentrum f\u00fcr Besucher mit\nDauerausstellung, Videopr\u00e4sentationen und Degustationsraum.<\/p>\n\n\n\n<p><em>Rupert Lenzenweger<\/em><\/p>\n\n\n\n<figure class=\"wp-block-image size-large\"><img loading=\"lazy\" decoding=\"async\" width=\"900\" height=\"675\" src=\"https:\/\/www.verlag-doppelpunkt.at\/flachgauTV\/wp-content\/uploads\/2023\/06\/Weinstra\u00dfe-2.jpg\" alt=\"\" class=\"wp-image-5149\" srcset=\"https:\/\/www.verlag-doppelpunkt.at\/flachgauTV\/wp-content\/uploads\/2023\/06\/Weinstra\u00dfe-2.jpg 900w, https:\/\/www.verlag-doppelpunkt.at\/flachgauTV\/wp-content\/uploads\/2023\/06\/Weinstra\u00dfe-2-300x225.jpg 300w, https:\/\/www.verlag-doppelpunkt.at\/flachgauTV\/wp-content\/uploads\/2023\/06\/Weinstra\u00dfe-2-768x576.jpg 768w, https:\/\/www.verlag-doppelpunkt.at\/flachgauTV\/wp-content\/uploads\/2023\/06\/Weinstra\u00dfe-2-730x548.jpg 730w, https:\/\/www.verlag-doppelpunkt.at\/flachgauTV\/wp-content\/uploads\/2023\/06\/Weinstra\u00dfe-2-435x326.jpg 435w, https:\/\/www.verlag-doppelpunkt.at\/flachgauTV\/wp-content\/uploads\/2023\/06\/Weinstra\u00dfe-2-80x60.jpg 80w\" sizes=\"(max-width: 900px) 100vw, 900px\" \/><figcaption>Mit vereinten Kr\u00e4ften: die Kutsche ist am Anh\u00e4nger.<\/figcaption><\/figure>\n\n\n\n<figure class=\"wp-block-image size-large\"><img loading=\"lazy\" decoding=\"async\" width=\"900\" height=\"675\" src=\"https:\/\/www.verlag-doppelpunkt.at\/flachgauTV\/wp-content\/uploads\/2023\/06\/Weinstra\u00dfe-4.jpg\" alt=\"\" class=\"wp-image-5150\" srcset=\"https:\/\/www.verlag-doppelpunkt.at\/flachgauTV\/wp-content\/uploads\/2023\/06\/Weinstra\u00dfe-4.jpg 900w, https:\/\/www.verlag-doppelpunkt.at\/flachgauTV\/wp-content\/uploads\/2023\/06\/Weinstra\u00dfe-4-300x225.jpg 300w, https:\/\/www.verlag-doppelpunkt.at\/flachgauTV\/wp-content\/uploads\/2023\/06\/Weinstra\u00dfe-4-768x576.jpg 768w, https:\/\/www.verlag-doppelpunkt.at\/flachgauTV\/wp-content\/uploads\/2023\/06\/Weinstra\u00dfe-4-730x548.jpg 730w, https:\/\/www.verlag-doppelpunkt.at\/flachgauTV\/wp-content\/uploads\/2023\/06\/Weinstra\u00dfe-4-435x326.jpg 435w, https:\/\/www.verlag-doppelpunkt.at\/flachgauTV\/wp-content\/uploads\/2023\/06\/Weinstra\u00dfe-4-80x60.jpg 80w\" sizes=\"(max-width: 900px) 100vw, 900px\" \/><figcaption>Hand auf\u00b4s Herz: Wer kann eine Einladung auf ein Glaserl in so einem Weingut ausschlagen?<\/figcaption><\/figure>\n\n\n\n<figure class=\"wp-block-image size-large\"><img loading=\"lazy\" decoding=\"async\" width=\"920\" height=\"690\" src=\"https:\/\/www.verlag-doppelpunkt.at\/flachgauTV\/wp-content\/uploads\/2023\/06\/Weinstra\u00dfe-1.jpg\" alt=\"\" class=\"wp-image-5151\" srcset=\"https:\/\/www.verlag-doppelpunkt.at\/flachgauTV\/wp-content\/uploads\/2023\/06\/Weinstra\u00dfe-1.jpg 920w, https:\/\/www.verlag-doppelpunkt.at\/flachgauTV\/wp-content\/uploads\/2023\/06\/Weinstra\u00dfe-1-300x225.jpg 300w, https:\/\/www.verlag-doppelpunkt.at\/flachgauTV\/wp-content\/uploads\/2023\/06\/Weinstra\u00dfe-1-768x576.jpg 768w, https:\/\/www.verlag-doppelpunkt.at\/flachgauTV\/wp-content\/uploads\/2023\/06\/Weinstra\u00dfe-1-730x548.jpg 730w, https:\/\/www.verlag-doppelpunkt.at\/flachgauTV\/wp-content\/uploads\/2023\/06\/Weinstra\u00dfe-1-435x326.jpg 435w, https:\/\/www.verlag-doppelpunkt.at\/flachgauTV\/wp-content\/uploads\/2023\/06\/Weinstra\u00dfe-1-80x60.jpg 80w\" sizes=\"(max-width: 920px) 100vw, 920px\" \/><figcaption>Eguisheim ist ein ganz entz\u00fcckendes St\u00e4dtchen an der Els\u00e4sser Weinstra\u00dfe.<\/figcaption><\/figure>\n\n\n\n<figure class=\"wp-block-image size-large\"><img loading=\"lazy\" decoding=\"async\" width=\"900\" height=\"675\" src=\"https:\/\/www.verlag-doppelpunkt.at\/flachgauTV\/wp-content\/uploads\/2023\/06\/Weinstra\u00dfe-3.jpg\" alt=\"\" class=\"wp-image-5152\" srcset=\"https:\/\/www.verlag-doppelpunkt.at\/flachgauTV\/wp-content\/uploads\/2023\/06\/Weinstra\u00dfe-3.jpg 900w, https:\/\/www.verlag-doppelpunkt.at\/flachgauTV\/wp-content\/uploads\/2023\/06\/Weinstra\u00dfe-3-300x225.jpg 300w, https:\/\/www.verlag-doppelpunkt.at\/flachgauTV\/wp-content\/uploads\/2023\/06\/Weinstra\u00dfe-3-768x576.jpg 768w, https:\/\/www.verlag-doppelpunkt.at\/flachgauTV\/wp-content\/uploads\/2023\/06\/Weinstra\u00dfe-3-730x548.jpg 730w, https:\/\/www.verlag-doppelpunkt.at\/flachgauTV\/wp-content\/uploads\/2023\/06\/Weinstra\u00dfe-3-435x326.jpg 435w, https:\/\/www.verlag-doppelpunkt.at\/flachgauTV\/wp-content\/uploads\/2023\/06\/Weinstra\u00dfe-3-80x60.jpg 80w\" sizes=\"(max-width: 900px) 100vw, 900px\" \/><figcaption>Weinreben so weit das Auge reicht. Hier bei Guebersschwihr, ganz in der N\u00e4he von Frederic und seiner Frau.   Alle Bilder: Rule<\/figcaption><\/figure>\n\n\n\n<figure class=\"wp-block-image size-large\"><img loading=\"lazy\" decoding=\"async\" width=\"900\" height=\"675\" src=\"https:\/\/www.verlag-doppelpunkt.at\/flachgauTV\/wp-content\/uploads\/2023\/06\/Weinstra\u00dfe-5.jpg\" alt=\"\" class=\"wp-image-5153\" srcset=\"https:\/\/www.verlag-doppelpunkt.at\/flachgauTV\/wp-content\/uploads\/2023\/06\/Weinstra\u00dfe-5.jpg 900w, https:\/\/www.verlag-doppelpunkt.at\/flachgauTV\/wp-content\/uploads\/2023\/06\/Weinstra\u00dfe-5-300x225.jpg 300w, https:\/\/www.verlag-doppelpunkt.at\/flachgauTV\/wp-content\/uploads\/2023\/06\/Weinstra\u00dfe-5-768x576.jpg 768w, https:\/\/www.verlag-doppelpunkt.at\/flachgauTV\/wp-content\/uploads\/2023\/06\/Weinstra\u00dfe-5-730x548.jpg 730w, https:\/\/www.verlag-doppelpunkt.at\/flachgauTV\/wp-content\/uploads\/2023\/06\/Weinstra\u00dfe-5-435x326.jpg 435w, https:\/\/www.verlag-doppelpunkt.at\/flachgauTV\/wp-content\/uploads\/2023\/06\/Weinstra\u00dfe-5-80x60.jpg 80w\" sizes=\"(max-width: 900px) 100vw, 900px\" \/><\/figure>\n","protected":false},"excerpt":{"rendered":"<p>Als ich die beiden zum ersten Mal gesehen habe, wirkte Frederic ratlos, seine Frau aber eher schon verzweifelt. Kein Wunder, die beiden waren irgendwie in einer misslichen Lage. Sie haben [&hellip;]<\/p>\n","protected":false},"author":5,"featured_media":5148,"comment_status":"open","ping_status":"open","sticky":false,"template":"","format":"standard","meta":{"jetpack_post_was_ever_published":false,"_jetpack_newsletter_access":"","_jetpack_dont_email_post_to_subs":false,"_jetpack_newsletter_tier_id":0,"_jetpack_memberships_contains_paywalled_content":false,"_jetpack_memberships_contains_paid_content":false,"footnotes":"","jetpack_publicize_message":"","jetpack_publicize_feature_enabled":true,"jetpack_social_post_already_shared":true,"jetpack_social_options":{"image_generator_settings":{"template":"highway","enabled":false}},"_links_to":"","_links_to_target":""},"categories":[9],"tags":[],"jetpack_publicize_connections":[],"jetpack_featured_media_url":"https:\/\/www.verlag-doppelpunkt.at\/flachgauTV\/wp-content\/uploads\/2023\/06\/Weinstra\u00dfe-6.jpg","jetpack_sharing_enabled":true,"jetpack_shortlink":"https:\/\/wp.me\/paDzeQ-1l1","_links":{"self":[{"href":"https:\/\/www.verlag-doppelpunkt.at\/flachgauTV\/wp-json\/wp\/v2\/posts\/5147"}],"collection":[{"href":"https:\/\/www.verlag-doppelpunkt.at\/flachgauTV\/wp-json\/wp\/v2\/posts"}],"about":[{"href":"https:\/\/www.verlag-doppelpunkt.at\/flachgauTV\/wp-json\/wp\/v2\/types\/post"}],"author":[{"embeddable":true,"href":"https:\/\/www.verlag-doppelpunkt.at\/flachgauTV\/wp-json\/wp\/v2\/users\/5"}],"replies":[{"embeddable":true,"href":"https:\/\/www.verlag-doppelpunkt.at\/flachgauTV\/wp-json\/wp\/v2\/comments?post=5147"}],"version-history":[{"count":5,"href":"https:\/\/www.verlag-doppelpunkt.at\/flachgauTV\/wp-json\/wp\/v2\/posts\/5147\/revisions"}],"predecessor-version":[{"id":5158,"href":"https:\/\/www.verlag-doppelpunkt.at\/flachgauTV\/wp-json\/wp\/v2\/posts\/5147\/revisions\/5158"}],"wp:featuredmedia":[{"embeddable":true,"href":"https:\/\/www.verlag-doppelpunkt.at\/flachgauTV\/wp-json\/wp\/v2\/media\/5148"}],"wp:attachment":[{"href":"https:\/\/www.verlag-doppelpunkt.at\/flachgauTV\/wp-json\/wp\/v2\/media?parent=5147"}],"wp:term":[{"taxonomy":"category","embeddable":true,"href":"https:\/\/www.verlag-doppelpunkt.at\/flachgauTV\/wp-json\/wp\/v2\/categories?post=5147"},{"taxonomy":"post_tag","embeddable":true,"href":"https:\/\/www.verlag-doppelpunkt.at\/flachgauTV\/wp-json\/wp\/v2\/tags?post=5147"}],"curies":[{"name":"wp","href":"https:\/\/api.w.org\/{rel}","templated":true}]}}