{"id":5546,"date":"2023-11-18T06:58:00","date_gmt":"2023-11-18T05:58:00","guid":{"rendered":"https:\/\/www.verlag-doppelpunkt.at\/flachgauTV\/?p=5546"},"modified":"2023-11-17T10:59:24","modified_gmt":"2023-11-17T09:59:24","slug":"generationenwechsel-in-faistenau","status":"publish","type":"post","link":"https:\/\/www.verlag-doppelpunkt.at\/flachgauTV\/generationenwechsel-in-faistenau\/","title":{"rendered":"Generationenwechsel in Faistenau"},"content":{"rendered":"<p>Mit einem einstimmigen Beschluss des \u00d6VP- Gemeindepr\u00e4sidiums Faistenau wurde Gemeinderat Gerald Klaushofer zum Spitzen- und B\u00fcrgermeisterkandidat der \u00d6VP-Faistenau gew\u00e4hlt. Gerald Klaushofer ist 47 Jahre alt, verheiratet und Vater von drei Kindern. Seine Freizeit widmet er dem Vereinswesen und dem Sport in der Natur.<br \/>\nAls diplomierter Wirtschaftsingenieur k\u00fcmmert er sich seit drei Perioden in der Gemeindevertretung hauptverantwortlich um die Themen Bau, Finanz und Umwelt auf. Sein pers\u00f6nliches Engagement rund um \u00d6kologie und Nachhaltigkeit bringt er aktiv als Vorsitzender des e5-Ausschuss ein.<br \/>\nDurch seine gro\u00dfe Erfahrung im Management und in der Kommunikation gestaltet er gerne an vorderster Front, greift Ideen auf und setzt die Projekte konsequent um.<br \/>\n\u201eUnser neues Feuerwehrhaus, die Kinderbetreuung in Holzbauweise, der Kunstrasen-Sportplatz und die Energie-Selbstversorgung der Gemeindegeb\u00e4ude sind nur einige Projekte, die Gerald Klaushofer in den vergangenen Jahren ma\u00dfgeblich mitgesteuert hat\u201c, berichtet B\u00fcrgermeister Josef W\u00f6rndl<br \/>\nDer neu gew\u00e4hlte Spitzenkandidat der \u00d6VP-Faistenau ist gerade dabei, sein Team f\u00fcr die Gemeindevertretungswahl zu formieren und die Listenbildung abzuschlie\u00dfen. Sein Ziel ist, dabei m\u00f6glichst alle Bev\u00f6lkerungsgruppen und Interessen abzubilden.<br \/>\n\u201eGemeinsam werden wir uns dann dem Votum der B\u00fcrger:innen stellen und im Wahlkampf mit unserem personellen Angebot und unseren Vorstellungen und Ideen f\u00fcr die Zukunft Faistenaus um das Vertrauen der W\u00e4hlerinnen und W\u00e4hler werben\u201c, so Klaushofer.<\/p>\n","protected":false},"excerpt":{"rendered":"<p>Mit einem einstimmigen Beschluss des \u00d6VP- Gemeindepr\u00e4sidiums Faistenau wurde Gemeinderat Gerald Klaushofer zum Spitzen- und B\u00fcrgermeisterkandidat der \u00d6VP-Faistenau gew\u00e4hlt. Gerald Klaushofer ist 47 Jahre alt, verheiratet und Vater von drei [&hellip;]<\/p>\n","protected":false},"author":5,"featured_media":5547,"comment_status":"open","ping_status":"open","sticky":false,"template":"","format":"standard","meta":{"jetpack_post_was_ever_published":false,"_jetpack_newsletter_access":"","_jetpack_dont_email_post_to_subs":false,"_jetpack_newsletter_tier_id":0,"_jetpack_memberships_contains_paywalled_content":false,"_jetpack_memberships_contains_paid_content":false,"footnotes":"","jetpack_publicize_message":"","jetpack_publicize_feature_enabled":true,"jetpack_social_post_already_shared":true,"jetpack_social_options":{"image_generator_settings":{"template":"highway","enabled":false}},"_links_to":"","_links_to_target":""},"categories":[14],"tags":[],"jetpack_publicize_connections":[],"jetpack_featured_media_url":"https:\/\/www.verlag-doppelpunkt.at\/flachgauTV\/wp-content\/uploads\/2023\/11\/B\u00fcrgermeister-Faistenau.jpg","jetpack_sharing_enabled":true,"jetpack_shortlink":"https:\/\/wp.me\/paDzeQ-1rs","_links":{"self":[{"href":"https:\/\/www.verlag-doppelpunkt.at\/flachgauTV\/wp-json\/wp\/v2\/posts\/5546"}],"collection":[{"href":"https:\/\/www.verlag-doppelpunkt.at\/flachgauTV\/wp-json\/wp\/v2\/posts"}],"about":[{"href":"https:\/\/www.verlag-doppelpunkt.at\/flachgauTV\/wp-json\/wp\/v2\/types\/post"}],"author":[{"embeddable":true,"href":"https:\/\/www.verlag-doppelpunkt.at\/flachgauTV\/wp-json\/wp\/v2\/users\/5"}],"replies":[{"embeddable":true,"href":"https:\/\/www.verlag-doppelpunkt.at\/flachgauTV\/wp-json\/wp\/v2\/comments?post=5546"}],"version-history":[{"count":1,"href":"https:\/\/www.verlag-doppelpunkt.at\/flachgauTV\/wp-json\/wp\/v2\/posts\/5546\/revisions"}],"predecessor-version":[{"id":5548,"href":"https:\/\/www.verlag-doppelpunkt.at\/flachgauTV\/wp-json\/wp\/v2\/posts\/5546\/revisions\/5548"}],"wp:featuredmedia":[{"embeddable":true,"href":"https:\/\/www.verlag-doppelpunkt.at\/flachgauTV\/wp-json\/wp\/v2\/media\/5547"}],"wp:attachment":[{"href":"https:\/\/www.verlag-doppelpunkt.at\/flachgauTV\/wp-json\/wp\/v2\/media?parent=5546"}],"wp:term":[{"taxonomy":"category","embeddable":true,"href":"https:\/\/www.verlag-doppelpunkt.at\/flachgauTV\/wp-json\/wp\/v2\/categories?post=5546"},{"taxonomy":"post_tag","embeddable":true,"href":"https:\/\/www.verlag-doppelpunkt.at\/flachgauTV\/wp-json\/wp\/v2\/tags?post=5546"}],"curies":[{"name":"wp","href":"https:\/\/api.w.org\/{rel}","templated":true}]}}