{"id":5550,"date":"2023-11-21T13:25:25","date_gmt":"2023-11-21T12:25:25","guid":{"rendered":"https:\/\/www.verlag-doppelpunkt.at\/flachgauTV\/?p=5550"},"modified":"2023-11-21T13:25:27","modified_gmt":"2023-11-21T12:25:27","slug":"krabbelstube-und-kindergarten-tiefgraben-eroeffnet","status":"publish","type":"post","link":"https:\/\/www.verlag-doppelpunkt.at\/flachgauTV\/krabbelstube-und-kindergarten-tiefgraben-eroeffnet\/","title":{"rendered":"Krabbelstube und Kindergarten Tiefgraben er\u00f6ffnet"},"content":{"rendered":"<p>Nach zweij\u00e4hriger Bauzeit wurden jetzt die neue Krabbelstube und der renovierte Kindergarten in Tiefgraben feierlich er\u00f6ffnet. Mehr als vier Millionen Euro hat dieses Projekt gekostet.<br \/>\nB\u00fcrgermeister Johann Dittlbacher sprach in seinen Er\u00f6ffnungsworten von der \u201esch\u00f6nsten Kinderbetreuungseinrichtung\u201c der Region. In sechs Kindergarten- und drei Krabbelgruppen werden 160 Kinder von 26 Mitarbeiterinnen und Mitarbeitern begleitet. Ein Gruppenraum in der Krabbelstube ist derzeit noch frei und steht als Reserve f\u00fcr die Zukunft zur Verf\u00fcgung. Im Hinblick auf den steigenden Betreuungsbedarf habe die Gemeinde bei der Planung vorausschauend gehandelt und im neuen Haus mehr R\u00e4umlichkeiten errichtet als urspr\u00fcnglich vorgesehen.<br \/>\nLandesr\u00e4tin Michaela Langer-Weninger verwies in ihrer Festansprache auf die Anstrengungen des Landes, Ober\u00f6sterreich zum Kinderland Nr. 1. zu machen. Sie erinnerte an den Beschluss, dass ab dem Jahr 2024\/25 f\u00fcr den Besuch in einer Krabbelstube bis 13 Uhr kein Elternbeitrag mehr eingehoben wird. Zudem wird \u00fcberlegt, die F\u00f6rders\u00e4tze f\u00fcr Gemeinden beim Bau von Kinderbetreuungseinrichtungen anzuheben. \u201eIch danke vor allem den P\u00e4dagoginnen und Assistenzkr\u00e4ften f\u00fcr ihren Einsatz\u201c, so die Landesr\u00e4tin.<br \/>\nPfarrer Mag. Reinhard Bell segnete das Haus. Die Kinder und ihre Betreuerinnen sowie eine Bl\u00e4sergruppe der Musikkapelle Tiefgraben gestalteten die Er\u00f6ffnung musikalisch. F\u00fcr das leibliche Wohl sorgten die Tiefgrabener B\u00e4uerinnen.<br \/>\nIm Bild: Landesr\u00e4tin Michaela Langer-Weninger und B\u00fcrgermeister Johann Dittlbacher assistieren dem kleinen Johannes Pfeffer beim Durchschneiden des Bandes. Bild: Daniel Ebner<\/p>\n","protected":false},"excerpt":{"rendered":"<p>Nach zweij\u00e4hriger Bauzeit wurden jetzt die neue Krabbelstube und der renovierte Kindergarten in Tiefgraben feierlich er\u00f6ffnet. Mehr als vier Millionen Euro hat dieses Projekt gekostet. B\u00fcrgermeister Johann Dittlbacher sprach in [&hellip;]<\/p>\n","protected":false},"author":5,"featured_media":5551,"comment_status":"open","ping_status":"open","sticky":false,"template":"","format":"standard","meta":{"jetpack_post_was_ever_published":false,"_jetpack_newsletter_access":"","_jetpack_dont_email_post_to_subs":false,"_jetpack_newsletter_tier_id":0,"_jetpack_memberships_contains_paywalled_content":false,"_jetpack_memberships_contains_paid_content":false,"footnotes":"","jetpack_publicize_message":"","jetpack_publicize_feature_enabled":true,"jetpack_social_post_already_shared":true,"jetpack_social_options":{"image_generator_settings":{"template":"highway","enabled":false}},"_links_to":"","_links_to_target":""},"categories":[1],"tags":[],"jetpack_publicize_connections":[],"jetpack_featured_media_url":"https:\/\/www.verlag-doppelpunkt.at\/flachgauTV\/wp-content\/uploads\/2023\/11\/Kindergarten-Tiefgraben.jpg","jetpack_sharing_enabled":true,"jetpack_shortlink":"https:\/\/wp.me\/paDzeQ-1rw","_links":{"self":[{"href":"https:\/\/www.verlag-doppelpunkt.at\/flachgauTV\/wp-json\/wp\/v2\/posts\/5550"}],"collection":[{"href":"https:\/\/www.verlag-doppelpunkt.at\/flachgauTV\/wp-json\/wp\/v2\/posts"}],"about":[{"href":"https:\/\/www.verlag-doppelpunkt.at\/flachgauTV\/wp-json\/wp\/v2\/types\/post"}],"author":[{"embeddable":true,"href":"https:\/\/www.verlag-doppelpunkt.at\/flachgauTV\/wp-json\/wp\/v2\/users\/5"}],"replies":[{"embeddable":true,"href":"https:\/\/www.verlag-doppelpunkt.at\/flachgauTV\/wp-json\/wp\/v2\/comments?post=5550"}],"version-history":[{"count":1,"href":"https:\/\/www.verlag-doppelpunkt.at\/flachgauTV\/wp-json\/wp\/v2\/posts\/5550\/revisions"}],"predecessor-version":[{"id":5552,"href":"https:\/\/www.verlag-doppelpunkt.at\/flachgauTV\/wp-json\/wp\/v2\/posts\/5550\/revisions\/5552"}],"wp:featuredmedia":[{"embeddable":true,"href":"https:\/\/www.verlag-doppelpunkt.at\/flachgauTV\/wp-json\/wp\/v2\/media\/5551"}],"wp:attachment":[{"href":"https:\/\/www.verlag-doppelpunkt.at\/flachgauTV\/wp-json\/wp\/v2\/media?parent=5550"}],"wp:term":[{"taxonomy":"category","embeddable":true,"href":"https:\/\/www.verlag-doppelpunkt.at\/flachgauTV\/wp-json\/wp\/v2\/categories?post=5550"},{"taxonomy":"post_tag","embeddable":true,"href":"https:\/\/www.verlag-doppelpunkt.at\/flachgauTV\/wp-json\/wp\/v2\/tags?post=5550"}],"curies":[{"name":"wp","href":"https:\/\/api.w.org\/{rel}","templated":true}]}}