{"id":5689,"date":"2024-01-25T08:26:28","date_gmt":"2024-01-25T07:26:28","guid":{"rendered":"https:\/\/www.verlag-doppelpunkt.at\/flachgauTV\/?p=5689"},"modified":"2024-01-25T08:26:32","modified_gmt":"2024-01-25T07:26:32","slug":"pilger-machen-rast-beim-lengauer-laden","status":"publish","type":"post","link":"https:\/\/www.verlag-doppelpunkt.at\/flachgauTV\/pilger-machen-rast-beim-lengauer-laden\/","title":{"rendered":"Pilger machen Rast beim Lengauer Laden"},"content":{"rendered":"<p>Die Pilger entlang des europ\u00e4ischen Pilgerweges Via Nova haben eine neue Labestation. Seit wenigen Tagen darf sich der Lengauer Laden \u00fcber die Auszeichnungen \u201epilgerfreundlich\u201c freuen.<br \/>Den Lengauer Laden gibt es seit 2017 im ehemaligen Geb\u00e4ude der Volksbank. Auf gut 120 Qaudrametern werden etwa 80 heimische und regionale Produkte samt Kaffee und Kuchen angeboten. Die Lebenshilfe betreibt das Gesch\u00e4ft mit acht Mitarbeitern. Unter anderem k\u00fcmmern sich Viktoria, Helga, Stefanie, Dominik vorbildlich um das Gesch\u00e4ft. Alle angebotenen Waren sind regional hergestellt: Neben Milch, Eier, Obst, Nudeln und allerlei Lebensmittel gibt es hier auch Lesungen und schon den einen oder anderen Stammtisch.<br \/>Via-Nova-Obmann Josef Guggenberger bedankt sich gemeinsam mit Berta Altendorfer f\u00fcr die vorbildliche Zusammenarbeit bei Leiterin Resi L\u00fcrzer, besonders aber auch bei Via Nova-Wegbeauftragten, Erika Pendelin, die \u00fcbrigens nach 19 Jahren eine Nachfolge sucht.<br \/>Die VIA NOVA f\u00fchrt neun Kilometer durch die Gemeinde Lengau, auf der Etappe von Munderfing nach Lochen bzw. Mattsee. Malerisch f\u00fchrt der Weg am s\u00fcdlichen Rand des Kobernau\u00dfenwaldes, vorbei an \u201eFl\u00f6rlplain\u201c mit Heimkehrerkapelle und dem Lengauer Laden. Die VIA NOVA ist in beiden Richtungen begehbar und gut beschildert. Die Etappen sind auf <a href=\"http:\/\/www.pilgerweg-vianova.eu\">www.pilgerweg-vianova.eu<\/a> downloadbar bzw. auch auf Karten und Wander-Apps eingetragen. Erfahren sie Neuigkeiten oder wagen Sie die Ausbildung zum Pilgerwegbegleiter ab April 2024: <a href=\"http:\/\/www.lvhs-niederalteich.de\">www.lvhs-niederalteich.de<\/a><\/p>\n<p>\u00a0<\/p>\n\n\n<figure class=\"wp-block-image size-large\"><img loading=\"lazy\" decoding=\"async\" width=\"1024\" height=\"576\" src=\"https:\/\/www.verlag-doppelpunkt.at\/flachgauTV\/wp-content\/uploads\/2024\/01\/Pilgerladen-1024x576.jpg\" alt=\"\" class=\"wp-image-5690\" srcset=\"https:\/\/www.verlag-doppelpunkt.at\/flachgauTV\/wp-content\/uploads\/2024\/01\/Pilgerladen-1024x576.jpg 1024w, https:\/\/www.verlag-doppelpunkt.at\/flachgauTV\/wp-content\/uploads\/2024\/01\/Pilgerladen-300x169.jpg 300w, https:\/\/www.verlag-doppelpunkt.at\/flachgauTV\/wp-content\/uploads\/2024\/01\/Pilgerladen-768x432.jpg 768w, https:\/\/www.verlag-doppelpunkt.at\/flachgauTV\/wp-content\/uploads\/2024\/01\/Pilgerladen-1536x864.jpg 1536w, https:\/\/www.verlag-doppelpunkt.at\/flachgauTV\/wp-content\/uploads\/2024\/01\/Pilgerladen-730x411.jpg 730w, https:\/\/www.verlag-doppelpunkt.at\/flachgauTV\/wp-content\/uploads\/2024\/01\/Pilgerladen-435x245.jpg 435w, https:\/\/www.verlag-doppelpunkt.at\/flachgauTV\/wp-content\/uploads\/2024\/01\/Pilgerladen.jpg 1920w\" sizes=\"(max-width: 1024px) 100vw, 1024px\" \/><figcaption>Auch den Pilgerstempel gibt es im Lengauer Laden.  Bilder: VIA NOVA<\/figcaption><\/figure>\n","protected":false},"excerpt":{"rendered":"<p>Die Pilger entlang des europ\u00e4ischen Pilgerweges Via Nova haben eine neue Labestation. Seit wenigen Tagen darf sich der Lengauer Laden \u00fcber die Auszeichnungen \u201epilgerfreundlich\u201c freuen.Den Lengauer Laden gibt es seit [&hellip;]<\/p>\n","protected":false},"author":5,"featured_media":5691,"comment_status":"open","ping_status":"open","sticky":false,"template":"","format":"standard","meta":{"jetpack_post_was_ever_published":false,"_jetpack_newsletter_access":"","_jetpack_dont_email_post_to_subs":false,"_jetpack_newsletter_tier_id":0,"_jetpack_memberships_contains_paywalled_content":false,"_jetpack_memberships_contains_paid_content":false,"footnotes":"","jetpack_publicize_message":"","jetpack_publicize_feature_enabled":true,"jetpack_social_post_already_shared":true,"jetpack_social_options":{"image_generator_settings":{"template":"highway","enabled":false}},"_links_to":"","_links_to_target":""},"categories":[1],"tags":[],"jetpack_publicize_connections":[],"jetpack_featured_media_url":"https:\/\/www.verlag-doppelpunkt.at\/flachgauTV\/wp-content\/uploads\/2024\/01\/Lengauer-Laden-Pilger1.jpg","jetpack_sharing_enabled":true,"jetpack_shortlink":"https:\/\/wp.me\/paDzeQ-1tL","_links":{"self":[{"href":"https:\/\/www.verlag-doppelpunkt.at\/flachgauTV\/wp-json\/wp\/v2\/posts\/5689"}],"collection":[{"href":"https:\/\/www.verlag-doppelpunkt.at\/flachgauTV\/wp-json\/wp\/v2\/posts"}],"about":[{"href":"https:\/\/www.verlag-doppelpunkt.at\/flachgauTV\/wp-json\/wp\/v2\/types\/post"}],"author":[{"embeddable":true,"href":"https:\/\/www.verlag-doppelpunkt.at\/flachgauTV\/wp-json\/wp\/v2\/users\/5"}],"replies":[{"embeddable":true,"href":"https:\/\/www.verlag-doppelpunkt.at\/flachgauTV\/wp-json\/wp\/v2\/comments?post=5689"}],"version-history":[{"count":1,"href":"https:\/\/www.verlag-doppelpunkt.at\/flachgauTV\/wp-json\/wp\/v2\/posts\/5689\/revisions"}],"predecessor-version":[{"id":5692,"href":"https:\/\/www.verlag-doppelpunkt.at\/flachgauTV\/wp-json\/wp\/v2\/posts\/5689\/revisions\/5692"}],"wp:featuredmedia":[{"embeddable":true,"href":"https:\/\/www.verlag-doppelpunkt.at\/flachgauTV\/wp-json\/wp\/v2\/media\/5691"}],"wp:attachment":[{"href":"https:\/\/www.verlag-doppelpunkt.at\/flachgauTV\/wp-json\/wp\/v2\/media?parent=5689"}],"wp:term":[{"taxonomy":"category","embeddable":true,"href":"https:\/\/www.verlag-doppelpunkt.at\/flachgauTV\/wp-json\/wp\/v2\/categories?post=5689"},{"taxonomy":"post_tag","embeddable":true,"href":"https:\/\/www.verlag-doppelpunkt.at\/flachgauTV\/wp-json\/wp\/v2\/tags?post=5689"}],"curies":[{"name":"wp","href":"https:\/\/api.w.org\/{rel}","templated":true}]}}