{"id":5698,"date":"2024-01-28T05:30:00","date_gmt":"2024-01-28T04:30:00","guid":{"rendered":"https:\/\/www.verlag-doppelpunkt.at\/flachgauTV\/?p=5698"},"modified":"2024-01-26T14:16:14","modified_gmt":"2024-01-26T13:16:14","slug":"wieso-ist-der-der-mensch-so-deppert","status":"publish","type":"post","link":"https:\/\/www.verlag-doppelpunkt.at\/flachgauTV\/wieso-ist-der-der-mensch-so-deppert\/","title":{"rendered":"Wieso ist der der Mensch so deppert?"},"content":{"rendered":"\n<p>Die richtigen Fragen zu stellen, hat\nGregor Seberg schon als Oberstleutnant Helmuth Nowak bei der SOKO\nDonau gelernt. Elf Jahre lang war er als Sonderermittler auf den\nFernsehschirmen in unseren Wohnzimmern zu Gast und hat sich so eine\n\u00f6sterreichweite Bekanntheit erspielt. Seit acht Jahren ist Seberg\njetzt als Kabarettist auf den Kleinkunstb\u00fchnen unterwegs. Fragen zu\nstellen hat er sich dabei nicht abgew\u00f6hnt.<\/p>\n\n\n\n<p>Auch den Abend im Obertrumer\nBierkabarett er\u00f6ffnete Seberg mit zwei Fragen an das Publikum. Wie\nhei\u00dft eigentlich der \u00f6sterreichische Landwirtschaftsminister?\nSchweigen im Saal und auch Seberg selbst blieb die Antwort schuldig.\nUnd dann die zweite Frage: Wieso ist eigentlich der Mensch so\ndeppert? Darauf wusste Seberg gen\u00fcgend Antworten und hat uns diese\ndann in Form eines \u00e4u\u00dferst vergn\u00fcglichen Abends mitgeteilt.<\/p>\n\n\n\n<p>Er spannte dabei den Bogen von seiner Gro\u00dfmutter, bei der er aufgewachsen ist, bis zu einem launigen Ober\u00f6sterreicher der maulfaul trotzdem alles sagt. Dazwischen immer wieder Pointen. Manchmal spitz, hin und wieder etwas tief oder mit einem Verz\u00f6gerungseffekt. So machte er H. C. Strache zum St. Rache oder kommt zu der Erkenntnis, dass man das Alter der Kinder an den Augenringen der Eltern erkennt.<\/p>\n\n\n\n<div class=\"wp-block-image\"><figure class=\"alignleft size-large is-resized\"><img loading=\"lazy\" decoding=\"async\" src=\"https:\/\/www.verlag-doppelpunkt.at\/flachgauTV\/wp-content\/uploads\/2024\/01\/Gregor-Seberg-4-894x1024.jpg\" alt=\"\" class=\"wp-image-5699\" width=\"205\" height=\"235\" srcset=\"https:\/\/www.verlag-doppelpunkt.at\/flachgauTV\/wp-content\/uploads\/2024\/01\/Gregor-Seberg-4-894x1024.jpg 894w, https:\/\/www.verlag-doppelpunkt.at\/flachgauTV\/wp-content\/uploads\/2024\/01\/Gregor-Seberg-4-262x300.jpg 262w, https:\/\/www.verlag-doppelpunkt.at\/flachgauTV\/wp-content\/uploads\/2024\/01\/Gregor-Seberg-4-768x880.jpg 768w, https:\/\/www.verlag-doppelpunkt.at\/flachgauTV\/wp-content\/uploads\/2024\/01\/Gregor-Seberg-4-1341x1536.jpg 1341w, https:\/\/www.verlag-doppelpunkt.at\/flachgauTV\/wp-content\/uploads\/2024\/01\/Gregor-Seberg-4-1788x2048.jpg 1788w, https:\/\/www.verlag-doppelpunkt.at\/flachgauTV\/wp-content\/uploads\/2024\/01\/Gregor-Seberg-4-730x836.jpg 730w, https:\/\/www.verlag-doppelpunkt.at\/flachgauTV\/wp-content\/uploads\/2024\/01\/Gregor-Seberg-4-435x498.jpg 435w, https:\/\/www.verlag-doppelpunkt.at\/flachgauTV\/wp-content\/uploads\/2024\/01\/Gregor-Seberg-4.jpg 1920w\" sizes=\"(max-width: 205px) 100vw, 205px\" \/><figcaption><em>Wortgewaltig und pointenreich pr\u00e4sentierte sich Gregor Seberg im Obertrumer Bierkabarett.  Bilder: Rule<\/em><\/figcaption><\/figure><\/div>\n\n\n\n<p>Gregor Seberg beherrscht den Wortwitz\nund braucht dazu wenig Beiwerk. Nur zweimal schl\u00fcpft er in ein\nKost\u00fcm um zum einen als \u00fcber 100-j\u00e4hriger Angler nach jungen\nM\u00e4dchen zu fischen. Als K\u00f6der verwendet er H\u00e4user und Geld. Und\nden zweiten Teil beginnt Seberg im Steirerjanker, den er aber wieder\nablegt, nachdem er ausf\u00fchrlich und h\u00f6chst komisch das gleich\nmehrfach eruptive Gef\u00fchl eines J\u00e4gers nach dem Schuss auf den\nHirschen beschreibt. In solchen Szenen gl\u00e4nzt Seberg nicht nur als\nbegnadeter Kabarettist sondern l\u00e4sst auch sein gro\u00dfes\nschauspielerisches Talent weithin sichtbar aufblitzen.<\/p>\n\n\n\n<p>Ach ja, und noch etwas: Kabarettisten bauen ja oft ganz gerne das Publikum in ihr Programm mit ein. Auch Seberg kann dieser Versuchung nicht widerstehen. Dieses Spiel wird aber nie peinlich oder gar beleidigend und kann f\u00fcr alle h\u00f6chst vergn\u00fcglich sein, wenn sich etwa eine schlagfertige Hamburgerin im Publikum findet, so wie das in Obertrum der Fall war.<\/p>\n\n\n\n<p><em>Rupert Lenzenweger -25. 1. 2024-<\/em><\/p>\n\n\n\n<p><\/p>\n\n\n\n<p>* * *<\/p>\n\n\n\n<p><\/p>\n\n\n\n<p><\/p>\n\n\n\n<p><strong>Das wei\u00df Wikipedia \u00fcber Gregor Seberg:<\/strong><\/p>\n\n\n\n<p><em>Gregor Seberg und seine \u00e4ltere Schwester sind in Graz bei ihrer Gro\u00dfmutter aufgewachsen. Mit 13 Jahren kamen Seberg und seine Schwester zu ihrer Mutter nach Wien. Nach der Matura studierte er einige Semester Germanistik und Theaterwissenschaft und wechselte dann auf das Konservatorium der Stadt Wien, Abteilung Schauspiel. Anschlie\u00dfend arbeitete er als freier Schauspieler, Regisseur und Autor. Zwei Jahre lang moderierte er die Sendung Talk Radio auf \u00d63. Seberg ist Mitbegr\u00fcnder der Theatergruppe \u201eAteatta\u201c, er spielte den Alex in der B\u00fchnenfassung von Uhrwerk Orange. Au\u00dferdem spielte er im Solost\u00fcck Sex, Drugs, Rock &amp; Roll sowie in Richard III., Onkel Wanja, Der Elefantenmensch (John Merrick), Der Widerspenstigen Z\u00e4hmung (Petrucchio), Die Drei von der Tankstelle (Kurt), Die Entf\u00fchrung aus dem Serail (Bassa Selim), Weh\u2019 dem, der l\u00fcgt (Leon) und Cyrano de Bergerac (Titelrolle).  Von 2006 bis 2017 verk\u00f6rperte er in der Fernsehserie SOKO Donau (SOKO Wien) den Oberstleutnant Helmuth Nowak. <\/em><\/p>\n","protected":false},"excerpt":{"rendered":"<p>Die richtigen Fragen zu stellen, hat Gregor Seberg schon als Oberstleutnant Helmuth Nowak bei der SOKO Donau gelernt. Elf Jahre lang war er als Sonderermittler auf den Fernsehschirmen in unseren [&hellip;]<\/p>\n","protected":false},"author":5,"featured_media":5700,"comment_status":"open","ping_status":"open","sticky":false,"template":"","format":"standard","meta":{"jetpack_post_was_ever_published":false,"_jetpack_newsletter_access":"","_jetpack_dont_email_post_to_subs":false,"_jetpack_newsletter_tier_id":0,"_jetpack_memberships_contains_paywalled_content":false,"_jetpack_memberships_contains_paid_content":false,"footnotes":"","jetpack_publicize_message":"","jetpack_publicize_feature_enabled":true,"jetpack_social_post_already_shared":true,"jetpack_social_options":{"image_generator_settings":{"template":"highway","enabled":false}},"_links_to":"","_links_to_target":""},"categories":[15],"tags":[],"jetpack_publicize_connections":[],"jetpack_featured_media_url":"https:\/\/www.verlag-doppelpunkt.at\/flachgauTV\/wp-content\/uploads\/2024\/01\/Seberg.jpg","jetpack_sharing_enabled":true,"jetpack_shortlink":"https:\/\/wp.me\/paDzeQ-1tU","_links":{"self":[{"href":"https:\/\/www.verlag-doppelpunkt.at\/flachgauTV\/wp-json\/wp\/v2\/posts\/5698"}],"collection":[{"href":"https:\/\/www.verlag-doppelpunkt.at\/flachgauTV\/wp-json\/wp\/v2\/posts"}],"about":[{"href":"https:\/\/www.verlag-doppelpunkt.at\/flachgauTV\/wp-json\/wp\/v2\/types\/post"}],"author":[{"embeddable":true,"href":"https:\/\/www.verlag-doppelpunkt.at\/flachgauTV\/wp-json\/wp\/v2\/users\/5"}],"replies":[{"embeddable":true,"href":"https:\/\/www.verlag-doppelpunkt.at\/flachgauTV\/wp-json\/wp\/v2\/comments?post=5698"}],"version-history":[{"count":7,"href":"https:\/\/www.verlag-doppelpunkt.at\/flachgauTV\/wp-json\/wp\/v2\/posts\/5698\/revisions"}],"predecessor-version":[{"id":5712,"href":"https:\/\/www.verlag-doppelpunkt.at\/flachgauTV\/wp-json\/wp\/v2\/posts\/5698\/revisions\/5712"}],"wp:featuredmedia":[{"embeddable":true,"href":"https:\/\/www.verlag-doppelpunkt.at\/flachgauTV\/wp-json\/wp\/v2\/media\/5700"}],"wp:attachment":[{"href":"https:\/\/www.verlag-doppelpunkt.at\/flachgauTV\/wp-json\/wp\/v2\/media?parent=5698"}],"wp:term":[{"taxonomy":"category","embeddable":true,"href":"https:\/\/www.verlag-doppelpunkt.at\/flachgauTV\/wp-json\/wp\/v2\/categories?post=5698"},{"taxonomy":"post_tag","embeddable":true,"href":"https:\/\/www.verlag-doppelpunkt.at\/flachgauTV\/wp-json\/wp\/v2\/tags?post=5698"}],"curies":[{"name":"wp","href":"https:\/\/api.w.org\/{rel}","templated":true}]}}