{"id":5708,"date":"2024-01-27T06:12:00","date_gmt":"2024-01-27T05:12:00","guid":{"rendered":"https:\/\/www.verlag-doppelpunkt.at\/flachgauTV\/?p=5708"},"modified":"2024-01-26T14:14:50","modified_gmt":"2024-01-26T13:14:50","slug":"oberndorf-vergab-auszeichnungen-an-verdiente-personen","status":"publish","type":"post","link":"https:\/\/www.verlag-doppelpunkt.at\/flachgauTV\/oberndorf-vergab-auszeichnungen-an-verdiente-personen\/","title":{"rendered":"Oberndorf vergab Auszeichnungen an verdiente Personen"},"content":{"rendered":"\n<p>Die Stadtgemeinde Oberndorf ehrt\nverdiente B\u00fcrgerinnen und B\u00fcrger in W\u00fcrdigung ihres Einsatzes und\nEngagement f\u00fcr die Stadt.<\/p>\n\n\n\n<p>\u201eDie Auszeichnungen haben auf der\neinen Seite einen materiellen Wert. Sie haben aber auf der anderen\nSeite vor allem einen ideellen Wert. Dieser ideelle Wert ist mit\nkeinem Geld der Welt aufzuwiegen. Es ist ein Wert, eine Auszeichnung,\nwelche den tiefen Respekt von der Stadtgemeinde den zu Ehrenden, die\nsich Jahrzehnte f\u00fcr unsere Stadtgemeinde engagiert und eingesetzt\nhaben, zeigt. Herzliche Gratulation allen geehrten W\u00fcrdentr\u00e4gern\u201c,\nso B\u00fcrgermeister Georg Djundja, anl\u00e4sslich seiner Ansprache beim\nfeierlichen Ehrungsfestakt in der Aula der Leopold-Kohr-Mittelschule\nin Oberndorf.<\/p>\n\n\n\n<p>Auf Beschluss der Gemeindevertretung\nwurden neun Personen feierlich geehrt, die sich in besonderer Weise\num die Stadtgemeinde verdient gemacht haben:<\/p>\n\n\n\n<p>Wappenmedaille in Silber:<\/p>\n\n\n\n<p>Erika Standl f\u00fcr ihre kulturelle\nArbeit, insbesondere f\u00fcr die Ausrichtung der j\u00e4hrlichen\nKunstausstellung, in den Jahren 1990-2019.<\/p>\n\n\n\n<p>Ehrenzeichen in Silber:<\/p>\n\n\n\n<p>Erich Schmiederer f\u00fcr seine\nlangj\u00e4hrige T\u00e4tigkeit als Funktion\u00e4r des Roten Kreuz Zug Oberndorf\nseit dem Jahre 1978.<\/p>\n\n\n\n<p>Das Ehrenzeichen in Gold:<\/p>\n\n\n\n<p>Dagmar H\u00e4usler f\u00fcr ihre Obfrauschaft\nder Goldhauben Oberndorf seit dem Jahre 2007. \n<\/p>\n\n\n\n<p>Peter Stadler f\u00fcr seine Obmannschaft\ndes Imkervereins Oberndorf G\u00f6ming seit dem Jahre 1992. \n<\/p>\n\n\n\n<p>Martin Neumeier f\u00fcr seine Obmannschaft\nder Stadtmusikkapelle Oberndorf seit dem Jahre 2002. \n<\/p>\n\n\n\n<p>Christian Margreiter f\u00fcr seine\nObmannschaft des Turnvereins Oberndorf seit dem Jahre 1995. \n<\/p>\n\n\n\n<p>Norbert Wallner f\u00fcr seine langj\u00e4hrige\nFunktion\u00e4rst\u00e4tigkeit f\u00fcr den Turnverein Oberndorf, insbesondere\nals Obmann des TVO Volleyball seit dem Jahre 2017. \n<\/p>\n\n\n\n<p>Mag. Bernard Stockinger f\u00fcr seine\nlangj\u00e4hrige Funktion\u00e4rst\u00e4tigkeit f\u00fcr die Pfadfindergruppe\nOberndorf, insbesondere f\u00fcr seine Obmannschaft seit dem Jahre 2015. \n<\/p>\n\n\n\n<p>Wolfgang Oberer f\u00fcr seine Obmannschaft\nder Sch\u00f6ffleutpass Oberndorf seit dem Jahre 1993. \n<\/p>\n\n\n\n<p>-25. 1. 2024-<\/p>\n\n\n\n<figure class=\"wp-block-image size-large\"><img loading=\"lazy\" decoding=\"async\" width=\"1024\" height=\"576\" src=\"https:\/\/www.verlag-doppelpunkt.at\/flachgauTV\/wp-content\/uploads\/2024\/01\/Ehrungsfestakt-Oberndorf-JAN2024-1024x576.jpg\" alt=\"\" class=\"wp-image-5709\" srcset=\"https:\/\/www.verlag-doppelpunkt.at\/flachgauTV\/wp-content\/uploads\/2024\/01\/Ehrungsfestakt-Oberndorf-JAN2024-1024x576.jpg 1024w, https:\/\/www.verlag-doppelpunkt.at\/flachgauTV\/wp-content\/uploads\/2024\/01\/Ehrungsfestakt-Oberndorf-JAN2024-300x169.jpg 300w, https:\/\/www.verlag-doppelpunkt.at\/flachgauTV\/wp-content\/uploads\/2024\/01\/Ehrungsfestakt-Oberndorf-JAN2024-768x432.jpg 768w, https:\/\/www.verlag-doppelpunkt.at\/flachgauTV\/wp-content\/uploads\/2024\/01\/Ehrungsfestakt-Oberndorf-JAN2024-1536x864.jpg 1536w, https:\/\/www.verlag-doppelpunkt.at\/flachgauTV\/wp-content\/uploads\/2024\/01\/Ehrungsfestakt-Oberndorf-JAN2024-730x411.jpg 730w, https:\/\/www.verlag-doppelpunkt.at\/flachgauTV\/wp-content\/uploads\/2024\/01\/Ehrungsfestakt-Oberndorf-JAN2024-435x245.jpg 435w, https:\/\/www.verlag-doppelpunkt.at\/flachgauTV\/wp-content\/uploads\/2024\/01\/Ehrungsfestakt-Oberndorf-JAN2024.jpg 1920w\" sizes=\"(max-width: 1024px) 100vw, 1024px\" \/><figcaption> <em>B\u00fcrgermeister Georg Djundja mit den geehrten Pers\u00f6nlichkeiten (Von links: Georg Djundja, Dagmar H\u00e4usler, Martin Neumeier, Bernard Stockinger, Erich Schmiederer, Erika Standl, Christian Margreiter, Norbert Wallner, Wolfgang Oberer, Peter Stadler).   Bild: Stadtgemeinde Oberndorf<\/em><br> <br> <\/figcaption><\/figure>\n","protected":false},"excerpt":{"rendered":"<p>Die Stadtgemeinde Oberndorf ehrt verdiente B\u00fcrgerinnen und B\u00fcrger in W\u00fcrdigung ihres Einsatzes und Engagement f\u00fcr die Stadt. \u201eDie Auszeichnungen haben auf der einen Seite einen materiellen Wert. Sie haben aber [&hellip;]<\/p>\n","protected":false},"author":5,"featured_media":5709,"comment_status":"open","ping_status":"open","sticky":false,"template":"","format":"standard","meta":{"jetpack_post_was_ever_published":false,"_jetpack_newsletter_access":"","_jetpack_dont_email_post_to_subs":false,"_jetpack_newsletter_tier_id":0,"_jetpack_memberships_contains_paywalled_content":false,"_jetpack_memberships_contains_paid_content":false,"footnotes":"","jetpack_publicize_message":"","jetpack_publicize_feature_enabled":true,"jetpack_social_post_already_shared":true,"jetpack_social_options":{"image_generator_settings":{"template":"highway","enabled":false}},"_links_to":"","_links_to_target":""},"categories":[1],"tags":[],"jetpack_publicize_connections":[],"jetpack_featured_media_url":"https:\/\/www.verlag-doppelpunkt.at\/flachgauTV\/wp-content\/uploads\/2024\/01\/Ehrungsfestakt-Oberndorf-JAN2024.jpg","jetpack_sharing_enabled":true,"jetpack_shortlink":"https:\/\/wp.me\/paDzeQ-1u4","_links":{"self":[{"href":"https:\/\/www.verlag-doppelpunkt.at\/flachgauTV\/wp-json\/wp\/v2\/posts\/5708"}],"collection":[{"href":"https:\/\/www.verlag-doppelpunkt.at\/flachgauTV\/wp-json\/wp\/v2\/posts"}],"about":[{"href":"https:\/\/www.verlag-doppelpunkt.at\/flachgauTV\/wp-json\/wp\/v2\/types\/post"}],"author":[{"embeddable":true,"href":"https:\/\/www.verlag-doppelpunkt.at\/flachgauTV\/wp-json\/wp\/v2\/users\/5"}],"replies":[{"embeddable":true,"href":"https:\/\/www.verlag-doppelpunkt.at\/flachgauTV\/wp-json\/wp\/v2\/comments?post=5708"}],"version-history":[{"count":2,"href":"https:\/\/www.verlag-doppelpunkt.at\/flachgauTV\/wp-json\/wp\/v2\/posts\/5708\/revisions"}],"predecessor-version":[{"id":5711,"href":"https:\/\/www.verlag-doppelpunkt.at\/flachgauTV\/wp-json\/wp\/v2\/posts\/5708\/revisions\/5711"}],"wp:featuredmedia":[{"embeddable":true,"href":"https:\/\/www.verlag-doppelpunkt.at\/flachgauTV\/wp-json\/wp\/v2\/media\/5709"}],"wp:attachment":[{"href":"https:\/\/www.verlag-doppelpunkt.at\/flachgauTV\/wp-json\/wp\/v2\/media?parent=5708"}],"wp:term":[{"taxonomy":"category","embeddable":true,"href":"https:\/\/www.verlag-doppelpunkt.at\/flachgauTV\/wp-json\/wp\/v2\/categories?post=5708"},{"taxonomy":"post_tag","embeddable":true,"href":"https:\/\/www.verlag-doppelpunkt.at\/flachgauTV\/wp-json\/wp\/v2\/tags?post=5708"}],"curies":[{"name":"wp","href":"https:\/\/api.w.org\/{rel}","templated":true}]}}