{"id":5757,"date":"2024-02-02T13:52:41","date_gmt":"2024-02-02T12:52:41","guid":{"rendered":"https:\/\/www.verlag-doppelpunkt.at\/flachgauTV\/?p=5757"},"modified":"2024-02-02T13:53:31","modified_gmt":"2024-02-02T12:53:31","slug":"neue-bildungswerkleiter-fuer-oberndorf","status":"publish","type":"post","link":"https:\/\/www.verlag-doppelpunkt.at\/flachgauTV\/neue-bildungswerkleiter-fuer-oberndorf\/","title":{"rendered":"Neue Bildungswerkleiter in Oberndorf"},"content":{"rendered":"\n<p>In einem feierlichen Rahmen wurde die\nneue Bildungswerkleitung f\u00fcr die Stadt Oberndorf bestellt: Ulrike\nPlatzer-M\u00fcller und Christian Platzer bilden das Leitungsduo. \n<\/p>\n\n\n\n<p>Ulrike Platzer-M\u00fcller ist Gr\u00fcnderin\nund Inhaberin der Lernhilfe Oberndorf. Christian Platzer ist\nBrigadier in Ruhe des \u00f6sterreichischen Bundesheeres. \n<\/p>\n\n\n\n<p>\u201eWir machen Bildung lebendig\u201c.\nUnter diesem Motto arbeitet das Salzburger Bildungswerk in den\nGemeinden f\u00fcr die B\u00fcrgerinnen und B\u00fcrger. Die Bildungswerkleiter,\nwelche ehrenamtlich in Planung, Konzeption und Organisation die\nArbeit des Bildungswerkes durchf\u00fchren, erarbeiten auch die\nSchwerpunkte der Bildungswerkarbeit. F\u00fcr Oberndorf werden diese\nSchwerpunkte in Form von Vortr\u00e4gen und Workshops hink\u00fcnftig auf\nsozial-, gesellschaftspolitischen und sicherheitsrelevanten Themen\nliegen. \n<\/p>\n\n\n\n<p>B\u00fcrgermeister Georg Djundja: \u201eIch danke dem neuen Bildungswerkleitungs-Team f\u00fcr die \u00dcbernahme dieser besonderen Aufgaben und w\u00fcnsche euch daf\u00fcr alles Gute!\u201c  -2. 2. 2024-<\/p>\n\n\n\n<p>Im Bild: B\u00fcrgermeister Georg Djundja,\nUlrike Platzer-M\u00fcller, Christian Platzer, Bezirksleiterin Christine\nWinkler, Wolfgang Hitsch vom Salzburger Bildungswerk.   Bild:\nStadtgemeinde Oberdorf<\/p>\n","protected":false},"excerpt":{"rendered":"<p>In einem feierlichen Rahmen wurde die neue Bildungswerkleitung f\u00fcr die Stadt Oberndorf bestellt: Ulrike Platzer-M\u00fcller und Christian Platzer bilden das Leitungsduo. Ulrike Platzer-M\u00fcller ist Gr\u00fcnderin und Inhaberin der Lernhilfe Oberndorf. [&hellip;]<\/p>\n","protected":false},"author":5,"featured_media":5758,"comment_status":"open","ping_status":"open","sticky":false,"template":"","format":"standard","meta":{"jetpack_post_was_ever_published":false,"_jetpack_newsletter_access":"","_jetpack_dont_email_post_to_subs":false,"_jetpack_newsletter_tier_id":0,"_jetpack_memberships_contains_paywalled_content":false,"_jetpack_memberships_contains_paid_content":false,"footnotes":"","jetpack_publicize_message":"","jetpack_publicize_feature_enabled":true,"jetpack_social_post_already_shared":true,"jetpack_social_options":{"image_generator_settings":{"template":"highway","enabled":false}},"_links_to":"","_links_to_target":""},"categories":[1],"tags":[],"jetpack_publicize_connections":[],"jetpack_featured_media_url":"https:\/\/www.verlag-doppelpunkt.at\/flachgauTV\/wp-content\/uploads\/2024\/02\/Bildungswerk-Obdf.jpg","jetpack_sharing_enabled":true,"jetpack_shortlink":"https:\/\/wp.me\/paDzeQ-1uR","_links":{"self":[{"href":"https:\/\/www.verlag-doppelpunkt.at\/flachgauTV\/wp-json\/wp\/v2\/posts\/5757"}],"collection":[{"href":"https:\/\/www.verlag-doppelpunkt.at\/flachgauTV\/wp-json\/wp\/v2\/posts"}],"about":[{"href":"https:\/\/www.verlag-doppelpunkt.at\/flachgauTV\/wp-json\/wp\/v2\/types\/post"}],"author":[{"embeddable":true,"href":"https:\/\/www.verlag-doppelpunkt.at\/flachgauTV\/wp-json\/wp\/v2\/users\/5"}],"replies":[{"embeddable":true,"href":"https:\/\/www.verlag-doppelpunkt.at\/flachgauTV\/wp-json\/wp\/v2\/comments?post=5757"}],"version-history":[{"count":2,"href":"https:\/\/www.verlag-doppelpunkt.at\/flachgauTV\/wp-json\/wp\/v2\/posts\/5757\/revisions"}],"predecessor-version":[{"id":5760,"href":"https:\/\/www.verlag-doppelpunkt.at\/flachgauTV\/wp-json\/wp\/v2\/posts\/5757\/revisions\/5760"}],"wp:featuredmedia":[{"embeddable":true,"href":"https:\/\/www.verlag-doppelpunkt.at\/flachgauTV\/wp-json\/wp\/v2\/media\/5758"}],"wp:attachment":[{"href":"https:\/\/www.verlag-doppelpunkt.at\/flachgauTV\/wp-json\/wp\/v2\/media?parent=5757"}],"wp:term":[{"taxonomy":"category","embeddable":true,"href":"https:\/\/www.verlag-doppelpunkt.at\/flachgauTV\/wp-json\/wp\/v2\/categories?post=5757"},{"taxonomy":"post_tag","embeddable":true,"href":"https:\/\/www.verlag-doppelpunkt.at\/flachgauTV\/wp-json\/wp\/v2\/tags?post=5757"}],"curies":[{"name":"wp","href":"https:\/\/api.w.org\/{rel}","templated":true}]}}