{"id":5763,"date":"2024-02-05T13:11:02","date_gmt":"2024-02-05T12:11:02","guid":{"rendered":"https:\/\/www.verlag-doppelpunkt.at\/flachgauTV\/?p=5763"},"modified":"2024-02-05T13:14:48","modified_gmt":"2024-02-05T12:14:48","slug":"die-ausserirdischen-san-da","status":"publish","type":"post","link":"https:\/\/www.verlag-doppelpunkt.at\/flachgauTV\/die-ausserirdischen-san-da\/","title":{"rendered":"Die Au\u00dferirdischen san da"},"content":{"rendered":"<p>In Neumarkt wird wieder Theater gespielt und ab 5. April steht neun Mal die Kom\u00f6die \u201edie Au\u00dferirdischen san da\u201c auf dem Programm. Ein Gendarm hat eines Nachts die Landung einer fliegenden Untertasse beobachtet. Doch niemand will seinem Bericht Glauben schenken, da er bekannt daf\u00fcr ist, gelegentlich \u00fcber den Durst zu trinken. Der einzige, der sich f\u00fcr die abenteuerliche Geschichte interessiert, ist ein Reporter. Doch bei der gemeinsamen Suche nach den Au\u00dferirdischen st\u00e4rken sich die beiden so oft mit Alkohol, dass sie bald \u00fcberall nur noch gr\u00fcne M\u00e4nnchen sehen und einmal ein deutsches Urlauberehepaar, das andere Mal eine resolute Krankenschwester f\u00fcr Marsmenschen halten. Da der Gendarm au\u00dfer den echten Au\u00dferirdischen schon alle m\u00f6glichen Leute grundlos verd\u00e4chtigt hat, glaubt ihm ohnehin keiner mehr, nicht einmal der Sensationsreporter.<br \/>Weitere Vorstellungen gibt es am 6., 10., 12., 13., 16., 18., 19. und 20. April um jeweils 20 Uhr im Gasthaus Gerbl auf dem Programm.\u00a0 Bilder: Rule und Stockfoto<\/p>\n<p>Mehr Infos und Kartenreservierung <a href=\"http:\/\/www.flachgau24.at\">hier&gt;&gt;<\/a><\/p>\n\n\n<p><a href=\"https:\/\/www.verlag-doppelpunkt.at\/bilderserien\/die-ausserirdischen-san-da\/\">Zur Bilderserie geht\u00b4s hier&gt;&gt;&gt;<\/a><\/p>\n","protected":false},"excerpt":{"rendered":"<p>In Neumarkt wird wieder Theater gespielt und ab 5. April steht neun Mal die Kom\u00f6die \u201edie Au\u00dferirdischen san da\u201c auf dem Programm. Ein Gendarm hat eines Nachts die Landung einer [&hellip;]<\/p>\n","protected":false},"author":5,"featured_media":5764,"comment_status":"open","ping_status":"open","sticky":false,"template":"","format":"standard","meta":{"jetpack_post_was_ever_published":false,"_jetpack_newsletter_access":"","_jetpack_dont_email_post_to_subs":false,"_jetpack_newsletter_tier_id":0,"_jetpack_memberships_contains_paywalled_content":false,"_jetpack_memberships_contains_paid_content":false,"footnotes":"","jetpack_publicize_message":"","jetpack_publicize_feature_enabled":true,"jetpack_social_post_already_shared":true,"jetpack_social_options":{"image_generator_settings":{"template":"highway","enabled":false}},"_links_to":"","_links_to_target":""},"categories":[15],"tags":[],"jetpack_publicize_connections":[],"jetpack_featured_media_url":"https:\/\/www.verlag-doppelpunkt.at\/flachgauTV\/wp-content\/uploads\/2024\/02\/Ufo-1-Kopie.jpg","jetpack_sharing_enabled":true,"jetpack_shortlink":"https:\/\/wp.me\/paDzeQ-1uX","_links":{"self":[{"href":"https:\/\/www.verlag-doppelpunkt.at\/flachgauTV\/wp-json\/wp\/v2\/posts\/5763"}],"collection":[{"href":"https:\/\/www.verlag-doppelpunkt.at\/flachgauTV\/wp-json\/wp\/v2\/posts"}],"about":[{"href":"https:\/\/www.verlag-doppelpunkt.at\/flachgauTV\/wp-json\/wp\/v2\/types\/post"}],"author":[{"embeddable":true,"href":"https:\/\/www.verlag-doppelpunkt.at\/flachgauTV\/wp-json\/wp\/v2\/users\/5"}],"replies":[{"embeddable":true,"href":"https:\/\/www.verlag-doppelpunkt.at\/flachgauTV\/wp-json\/wp\/v2\/comments?post=5763"}],"version-history":[{"count":3,"href":"https:\/\/www.verlag-doppelpunkt.at\/flachgauTV\/wp-json\/wp\/v2\/posts\/5763\/revisions"}],"predecessor-version":[{"id":5768,"href":"https:\/\/www.verlag-doppelpunkt.at\/flachgauTV\/wp-json\/wp\/v2\/posts\/5763\/revisions\/5768"}],"wp:featuredmedia":[{"embeddable":true,"href":"https:\/\/www.verlag-doppelpunkt.at\/flachgauTV\/wp-json\/wp\/v2\/media\/5764"}],"wp:attachment":[{"href":"https:\/\/www.verlag-doppelpunkt.at\/flachgauTV\/wp-json\/wp\/v2\/media?parent=5763"}],"wp:term":[{"taxonomy":"category","embeddable":true,"href":"https:\/\/www.verlag-doppelpunkt.at\/flachgauTV\/wp-json\/wp\/v2\/categories?post=5763"},{"taxonomy":"post_tag","embeddable":true,"href":"https:\/\/www.verlag-doppelpunkt.at\/flachgauTV\/wp-json\/wp\/v2\/tags?post=5763"}],"curies":[{"name":"wp","href":"https:\/\/api.w.org\/{rel}","templated":true}]}}